{"id":23694,"date":"2022-03-14T18:25:07","date_gmt":"2022-03-14T21:25:07","guid":{"rendered":"https:\/\/verdadeon.com.br\/portal\/?p=23694"},"modified":"2022-03-14T18:25:07","modified_gmt":"2022-03-14T21:25:07","slug":"vereadores-votam-verba-de-r-500-mil-para-nucleo-de-combate-a-violencia","status":"publish","type":"post","link":"https:\/\/verdadeon.com.br\/portal\/2022\/03\/14\/vereadores-votam-verba-de-r-500-mil-para-nucleo-de-combate-a-violencia\/","title":{"rendered":"Vereadores votam verba de R$ 500 mil para n\u00facleo de combate \u00e0 viol\u00eancia"},"content":{"rendered":"<h2>Proposta recebeu parecer favor\u00e1vel das Comiss\u00f5es Permanentes da Casa de Leis<\/h2>\n<p class=\"text-align-justify\">A C\u00e2mara Municipal de Franca vota nesta ter\u00e7a-feira (15), o projeto de lei que autoriza a abertura de cr\u00e9dito adicional no Or\u00e7amento Fiscal do ano de 2022, no valor de R$ 500 mil para a cria\u00e7\u00e3o do Programa de Prote\u00e7\u00e3o, Apoio e Defesa em Raz\u00e3o de Viol\u00eancia. O\u00a0tema foi apresentado aos vereadores na \u00faltima sess\u00e3o ordin\u00e1ria\u00a0pela presidente do Fundo Social de Solidariedade e primeira-dama do munic\u00edpio, Cinthya Milim Ferreira.<\/p>\n<p class=\"text-align-justify\">O Programa N\u00facleo Reconhecer ter\u00e1 o objetivo de estudar, esclarecer e criar possibilidades de acesso para minimizar os danos causados pelos v\u00e1rios tipos de viol\u00eancia, sexual, moral e ps\u00edquica. A nova unidade ir\u00e1 acolher, tratar e cuidar, al\u00e9m de vigiar toda a rede de servi\u00e7os oferecidos para verificar se o tratamento indicado est\u00e1 correto, envolvendo todas as \u00e1reas da Prefeitura.<\/p>\n<p class=\"text-align-justify\">O Executivo abrir\u00e1 chamamento p\u00fablico para contratar uma institui\u00e7\u00e3o, que ser\u00e1 respons\u00e1vel pela coordena\u00e7\u00e3o do servi\u00e7o. O n\u00facleo contar\u00e1 com uma equipe multidisciplinar, com psic\u00f3loga, assistente social, estrutura f\u00edsica, advogados para oferecer orienta\u00e7\u00f5es e assist\u00eancia jur\u00eddica, al\u00e9m do encaminhamento dos beneficiados para os servi\u00e7os oferecidos nas \u00e1reas da sa\u00fade, assist\u00eancia social e educa\u00e7\u00e3o, dentre outros.<\/p>\n<p class=\"text-align-justify\">Tamb\u00e9m ser\u00e1 votado o texto que autoriza a abertura de cr\u00e9ditos adicionais no Or\u00e7amento Fiscal, no valor total de R$ 3.120.317,00. O chefe do Executivo argumentou que os recursos ser\u00e3o destinados para o \u2018Servi\u00e7o de Acolhimento em Abrigo Institucional e Casa de Passagem, no valor de R$ 1.310.000,00;\u00a0 Servi\u00e7o de Prote\u00e7\u00e3o Social Especial de M\u00e9dia Complexidade &#8211; Abordagem Social, no valor de R$ 544.720,00 e Servi\u00e7o de Acolhimento Noturno e Diurno 24h, no valor de R$ 1.265.597,00\u2019.<\/p>\n<h4>Requerimento<\/h4>\n<p>Os parlamentares tamb\u00e9m debatem, o\u00a0Requerimento n\u00ba 69, de autoria do vereador Marcelo Tidy (REP), cobrando revitaliza\u00e7\u00e3o das quadras esportivas da Vila Europa, Rua Waldemar Vanini, quadras da Vila Imperador, na Rua Capit\u00e3o Urias Batista de Avelar, esquina com a Rua Orozimbo Campos Oliveira, quadra do Jardim Fl\u00f3rida, na Rua das Tulipas, esquina com a Rua dos Ger\u00e2nios. Jardim No\u00eamia, situado entre as Ruas Jos\u00e9 Ribeiro e Philipina Borges Val.<\/p>\n<p>O vereador argumentou que as quadras s\u00e3o antigas e precisam de reforma no piso e alambrados. &#8220;Os locais est\u00e3o esquecidos e carecem de manuten\u00e7\u00e3o por parte da administra\u00e7\u00e3o p\u00fablica&#8221;, argumentou.<\/p>\n","protected":false},"excerpt":{"rendered":"<p>Proposta recebeu parecer favor\u00e1vel das Comiss\u00f5es Permanentes da Casa de Leis A C\u00e2mara Municipal de Franca vota nesta ter\u00e7a-feira (15), o projeto de lei que autoriza<span class=\"excerpt-hellip\"> [\u2026]<\/span><\/p>\n","protected":false},"author":7,"featured_media":23498,"comment_status":"open","ping_status":"open","sticky":false,"template":"","format":"standard","meta":{"_jetpack_memberships_contains_paid_content":false,"footnotes":"","jetpack_publicize_message":"","jetpack_publicize_feature_enabled":true,"jetpack_social_post_already_shared":false,"jetpack_social_options":{"image_generator_settings":{"template":"highway","default_image_id":0,"enabled":false},"version":2}},"categories":[28,44],"tags":[],"class_list":["post-23694","post","type-post","status-publish","format-standard","has-post-thumbnail","hentry","category-cotidiano","category-noticias"],"yoast_head":"<!-- This site is optimized with the Yoast SEO plugin v25.6 - https:\/\/yoast.com\/wordpress\/plugins\/seo\/ -->\n<title>Vereadores votam verba de R$ 500 mil para n\u00facleo de combate \u00e0 viol\u00eancia - VerdadeOn<\/title>\n<meta name=\"robots\" content=\"index, follow, max-snippet:-1, max-image-preview:large, max-video-preview:-1\" \/>\n<link rel=\"canonical\" href=\"https:\/\/verdadeon.com.br\/portal\/2022\/03\/14\/vereadores-votam-verba-de-r-500-mil-para-nucleo-de-combate-a-violencia\/\" \/>\n<meta property=\"og:locale\" content=\"pt_BR\" \/>\n<meta property=\"og:type\" content=\"article\" \/>\n<meta property=\"og:title\" content=\"Vereadores votam verba de R$ 500 mil para n\u00facleo de combate \u00e0 viol\u00eancia - VerdadeOn\" \/>\n<meta property=\"og:description\" content=\"Proposta recebeu parecer favor\u00e1vel das Comiss\u00f5es Permanentes da Casa de Leis A C\u00e2mara Municipal de Franca vota nesta ter\u00e7a-feira (15), o projeto de lei que autoriza [\u2026]\" \/>\n<meta property=\"og:url\" content=\"https:\/\/verdadeon.com.br\/portal\/2022\/03\/14\/vereadores-votam-verba-de-r-500-mil-para-nucleo-de-combate-a-violencia\/\" \/>\n<meta property=\"og:site_name\" content=\"VerdadeOn\" \/>\n<meta property=\"article:published_time\" content=\"2022-03-14T21:25:07+00:00\" \/>\n<meta property=\"og:image\" content=\"https:\/\/verdadeon.com.br\/portal\/wp-content\/uploads\/2022\/03\/WhatsApp-Image-2022-03-04-at-14.51.13-e1646483581632.jpeg\" \/>\n\t<meta property=\"og:image:width\" content=\"1001\" \/>\n\t<meta property=\"og:image:height\" content=\"668\" \/>\n\t<meta property=\"og:image:type\" content=\"image\/jpeg\" \/>\n<meta name=\"author\" content=\"Fernando Lima\" \/>\n<meta name=\"twitter:card\" content=\"summary_large_image\" \/>\n<meta name=\"twitter:label1\" content=\"Escrito por\" \/>\n\t<meta name=\"twitter:data1\" content=\"Fernando Lima\" \/>\n\t<meta name=\"twitter:label2\" content=\"Est. tempo de leitura\" \/>\n\t<meta name=\"twitter:data2\" content=\"3 minutos\" \/>\n<script type=\"application\/ld+json\" class=\"yoast-schema-graph\">{\"@context\":\"https:\/\/schema.org\",\"@graph\":[{\"@type\":\"WebPage\",\"@id\":\"https:\/\/verdadeon.com.br\/portal\/2022\/03\/14\/vereadores-votam-verba-de-r-500-mil-para-nucleo-de-combate-a-violencia\/\",\"url\":\"https:\/\/verdadeon.com.br\/portal\/2022\/03\/14\/vereadores-votam-verba-de-r-500-mil-para-nucleo-de-combate-a-violencia\/\",\"name\":\"Vereadores votam verba de R$ 500 mil para n\u00facleo de combate \u00e0 viol\u00eancia - VerdadeOn\",\"isPartOf\":{\"@id\":\"https:\/\/verdadeon.com.br\/portal\/#website\"},\"primaryImageOfPage\":{\"@id\":\"https:\/\/verdadeon.com.br\/portal\/2022\/03\/14\/vereadores-votam-verba-de-r-500-mil-para-nucleo-de-combate-a-violencia\/#primaryimage\"},\"image\":{\"@id\":\"https:\/\/verdadeon.com.br\/portal\/2022\/03\/14\/vereadores-votam-verba-de-r-500-mil-para-nucleo-de-combate-a-violencia\/#primaryimage\"},\"thumbnailUrl\":\"https:\/\/i0.wp.com\/verdadeon.com.br\/portal\/wp-content\/uploads\/2022\/03\/WhatsApp-Image-2022-03-04-at-14.51.13-e1646483581632.jpeg?fit=1001%2C668&ssl=1\",\"datePublished\":\"2022-03-14T21:25:07+00:00\",\"author\":{\"@id\":\"https:\/\/verdadeon.com.br\/portal\/#\/schema\/person\/cc32be22b8e8599387c480bc83e1d11a\"},\"breadcrumb\":{\"@id\":\"https:\/\/verdadeon.com.br\/portal\/2022\/03\/14\/vereadores-votam-verba-de-r-500-mil-para-nucleo-de-combate-a-violencia\/#breadcrumb\"},\"inLanguage\":\"pt-BR\",\"potentialAction\":[{\"@type\":\"ReadAction\",\"target\":[\"https:\/\/verdadeon.com.br\/portal\/2022\/03\/14\/vereadores-votam-verba-de-r-500-mil-para-nucleo-de-combate-a-violencia\/\"]}]},{\"@type\":\"ImageObject\",\"inLanguage\":\"pt-BR\",\"@id\":\"https:\/\/verdadeon.com.br\/portal\/2022\/03\/14\/vereadores-votam-verba-de-r-500-mil-para-nucleo-de-combate-a-violencia\/#primaryimage\",\"url\":\"https:\/\/i0.wp.com\/verdadeon.com.br\/portal\/wp-content\/uploads\/2022\/03\/WhatsApp-Image-2022-03-04-at-14.51.13-e1646483581632.jpeg?fit=1001%2C668&ssl=1\",\"contentUrl\":\"https:\/\/i0.wp.com\/verdadeon.com.br\/portal\/wp-content\/uploads\/2022\/03\/WhatsApp-Image-2022-03-04-at-14.51.13-e1646483581632.jpeg?fit=1001%2C668&ssl=1\",\"width\":1001,\"height\":668,\"caption\":\"Foram debatidos e votados os temas que passaram por an\u00e1lise das comiss\u00f5es da Casa de Leis e ou propostas inclu\u00eddas em regime de urg\u00eancia | Foto: C\u00e2mara Municipal\"},{\"@type\":\"BreadcrumbList\",\"@id\":\"https:\/\/verdadeon.com.br\/portal\/2022\/03\/14\/vereadores-votam-verba-de-r-500-mil-para-nucleo-de-combate-a-violencia\/#breadcrumb\",\"itemListElement\":[{\"@type\":\"ListItem\",\"position\":1,\"name\":\"In\u00edcio\",\"item\":\"https:\/\/verdadeon.com.br\/portal\/\"},{\"@type\":\"ListItem\",\"position\":2,\"name\":\"Vereadores votam verba de R$ 500 mil para n\u00facleo de combate \u00e0 viol\u00eancia\"}]},{\"@type\":\"WebSite\",\"@id\":\"https:\/\/verdadeon.com.br\/portal\/#website\",\"url\":\"https:\/\/verdadeon.com.br\/portal\/\",\"name\":\"VerdadeOn\",\"description\":\"Not\u00edcias di\u00e1rias sobre Franca, Regi\u00e3o, Esporte, Cultura, Cotidiano, Colunas. Cobertura nos principais eventos da cidade \u00e9 aqui - Verdadeon Franca\",\"potentialAction\":[{\"@type\":\"SearchAction\",\"target\":{\"@type\":\"EntryPoint\",\"urlTemplate\":\"https:\/\/verdadeon.com.br\/portal\/?s={search_term_string}\"},\"query-input\":{\"@type\":\"PropertyValueSpecification\",\"valueRequired\":true,\"valueName\":\"search_term_string\"}}],\"inLanguage\":\"pt-BR\"},{\"@type\":\"Person\",\"@id\":\"https:\/\/verdadeon.com.br\/portal\/#\/schema\/person\/cc32be22b8e8599387c480bc83e1d11a\",\"name\":\"Fernando Lima\",\"image\":{\"@type\":\"ImageObject\",\"inLanguage\":\"pt-BR\",\"@id\":\"https:\/\/verdadeon.com.br\/portal\/#\/schema\/person\/image\/\",\"url\":\"https:\/\/secure.gravatar.com\/avatar\/df4c8e132080d2b3a4841d5d232045464e0eed11a1d6e43115ca0843d48768d3?s=96&d=mm&r=g\",\"contentUrl\":\"https:\/\/secure.gravatar.com\/avatar\/df4c8e132080d2b3a4841d5d232045464e0eed11a1d6e43115ca0843d48768d3?s=96&d=mm&r=g\",\"caption\":\"Fernando Lima\"},\"sameAs\":[\"http:\/\/verdadeon.com.br\/\"],\"url\":\"https:\/\/verdadeon.com.br\/portal\/author\/fernando-lima\/\"}]}<\/script>\n<!-- \/ Yoast SEO plugin. -->","yoast_head_json":{"title":"Vereadores votam verba de R$ 500 mil para n\u00facleo de combate \u00e0 viol\u00eancia - VerdadeOn","robots":{"index":"index","follow":"follow","max-snippet":"max-snippet:-1","max-image-preview":"max-image-preview:large","max-video-preview":"max-video-preview:-1"},"canonical":"https:\/\/verdadeon.com.br\/portal\/2022\/03\/14\/vereadores-votam-verba-de-r-500-mil-para-nucleo-de-combate-a-violencia\/","og_locale":"pt_BR","og_type":"article","og_title":"Vereadores votam verba de R$ 500 mil para n\u00facleo de combate \u00e0 viol\u00eancia - VerdadeOn","og_description":"Proposta recebeu parecer favor\u00e1vel das Comiss\u00f5es Permanentes da Casa de Leis A C\u00e2mara Municipal de Franca vota nesta ter\u00e7a-feira (15), o projeto de lei que autoriza [\u2026]","og_url":"https:\/\/verdadeon.com.br\/portal\/2022\/03\/14\/vereadores-votam-verba-de-r-500-mil-para-nucleo-de-combate-a-violencia\/","og_site_name":"VerdadeOn","article_published_time":"2022-03-14T21:25:07+00:00","og_image":[{"width":1001,"height":668,"url":"https:\/\/verdadeon.com.br\/portal\/wp-content\/uploads\/2022\/03\/WhatsApp-Image-2022-03-04-at-14.51.13-e1646483581632.jpeg","type":"image\/jpeg"}],"author":"Fernando Lima","twitter_card":"summary_large_image","twitter_misc":{"Escrito por":"Fernando Lima","Est. tempo de leitura":"3 minutos"},"schema":{"@context":"https:\/\/schema.org","@graph":[{"@type":"WebPage","@id":"https:\/\/verdadeon.com.br\/portal\/2022\/03\/14\/vereadores-votam-verba-de-r-500-mil-para-nucleo-de-combate-a-violencia\/","url":"https:\/\/verdadeon.com.br\/portal\/2022\/03\/14\/vereadores-votam-verba-de-r-500-mil-para-nucleo-de-combate-a-violencia\/","name":"Vereadores votam verba de R$ 500 mil para n\u00facleo de combate \u00e0 viol\u00eancia - VerdadeOn","isPartOf":{"@id":"https:\/\/verdadeon.com.br\/portal\/#website"},"primaryImageOfPage":{"@id":"https:\/\/verdadeon.com.br\/portal\/2022\/03\/14\/vereadores-votam-verba-de-r-500-mil-para-nucleo-de-combate-a-violencia\/#primaryimage"},"image":{"@id":"https:\/\/verdadeon.com.br\/portal\/2022\/03\/14\/vereadores-votam-verba-de-r-500-mil-para-nucleo-de-combate-a-violencia\/#primaryimage"},"thumbnailUrl":"https:\/\/i0.wp.com\/verdadeon.com.br\/portal\/wp-content\/uploads\/2022\/03\/WhatsApp-Image-2022-03-04-at-14.51.13-e1646483581632.jpeg?fit=1001%2C668&ssl=1","datePublished":"2022-03-14T21:25:07+00:00","author":{"@id":"https:\/\/verdadeon.com.br\/portal\/#\/schema\/person\/cc32be22b8e8599387c480bc83e1d11a"},"breadcrumb":{"@id":"https:\/\/verdadeon.com.br\/portal\/2022\/03\/14\/vereadores-votam-verba-de-r-500-mil-para-nucleo-de-combate-a-violencia\/#breadcrumb"},"inLanguage":"pt-BR","potentialAction":[{"@type":"ReadAction","target":["https:\/\/verdadeon.com.br\/portal\/2022\/03\/14\/vereadores-votam-verba-de-r-500-mil-para-nucleo-de-combate-a-violencia\/"]}]},{"@type":"ImageObject","inLanguage":"pt-BR","@id":"https:\/\/verdadeon.com.br\/portal\/2022\/03\/14\/vereadores-votam-verba-de-r-500-mil-para-nucleo-de-combate-a-violencia\/#primaryimage","url":"https:\/\/i0.wp.com\/verdadeon.com.br\/portal\/wp-content\/uploads\/2022\/03\/WhatsApp-Image-2022-03-04-at-14.51.13-e1646483581632.jpeg?fit=1001%2C668&ssl=1","contentUrl":"https:\/\/i0.wp.com\/verdadeon.com.br\/portal\/wp-content\/uploads\/2022\/03\/WhatsApp-Image-2022-03-04-at-14.51.13-e1646483581632.jpeg?fit=1001%2C668&ssl=1","width":1001,"height":668,"caption":"Foram debatidos e votados os temas que passaram por an\u00e1lise das comiss\u00f5es da Casa de Leis e ou propostas inclu\u00eddas em regime de urg\u00eancia | Foto: C\u00e2mara Municipal"},{"@type":"BreadcrumbList","@id":"https:\/\/verdadeon.com.br\/portal\/2022\/03\/14\/vereadores-votam-verba-de-r-500-mil-para-nucleo-de-combate-a-violencia\/#breadcrumb","itemListElement":[{"@type":"ListItem","position":1,"name":"In\u00edcio","item":"https:\/\/verdadeon.com.br\/portal\/"},{"@type":"ListItem","position":2,"name":"Vereadores votam verba de R$ 500 mil para n\u00facleo de combate \u00e0 viol\u00eancia"}]},{"@type":"WebSite","@id":"https:\/\/verdadeon.com.br\/portal\/#website","url":"https:\/\/verdadeon.com.br\/portal\/","name":"VerdadeOn","description":"Not\u00edcias di\u00e1rias sobre Franca, Regi\u00e3o, Esporte, Cultura, Cotidiano, Colunas. Cobertura nos principais eventos da cidade \u00e9 aqui - Verdadeon Franca","potentialAction":[{"@type":"SearchAction","target":{"@type":"EntryPoint","urlTemplate":"https:\/\/verdadeon.com.br\/portal\/?s={search_term_string}"},"query-input":{"@type":"PropertyValueSpecification","valueRequired":true,"valueName":"search_term_string"}}],"inLanguage":"pt-BR"},{"@type":"Person","@id":"https:\/\/verdadeon.com.br\/portal\/#\/schema\/person\/cc32be22b8e8599387c480bc83e1d11a","name":"Fernando Lima","image":{"@type":"ImageObject","inLanguage":"pt-BR","@id":"https:\/\/verdadeon.com.br\/portal\/#\/schema\/person\/image\/","url":"https:\/\/secure.gravatar.com\/avatar\/df4c8e132080d2b3a4841d5d232045464e0eed11a1d6e43115ca0843d48768d3?s=96&d=mm&r=g","contentUrl":"https:\/\/secure.gravatar.com\/avatar\/df4c8e132080d2b3a4841d5d232045464e0eed11a1d6e43115ca0843d48768d3?s=96&d=mm&r=g","caption":"Fernando Lima"},"sameAs":["http:\/\/verdadeon.com.br\/"],"url":"https:\/\/verdadeon.com.br\/portal\/author\/fernando-lima\/"}]}},"jetpack_publicize_connections":[],"jetpack_featured_media_url":"https:\/\/i0.wp.com\/verdadeon.com.br\/portal\/wp-content\/uploads\/2022\/03\/WhatsApp-Image-2022-03-04-at-14.51.13-e1646483581632.jpeg?fit=1001%2C668&ssl=1","jetpack_sharing_enabled":true,"_links":{"self":[{"href":"https:\/\/verdadeon.com.br\/portal\/wp-json\/wp\/v2\/posts\/23694","targetHints":{"allow":["GET"]}}],"collection":[{"href":"https:\/\/verdadeon.com.br\/portal\/wp-json\/wp\/v2\/posts"}],"about":[{"href":"https:\/\/verdadeon.com.br\/portal\/wp-json\/wp\/v2\/types\/post"}],"author":[{"embeddable":true,"href":"https:\/\/verdadeon.com.br\/portal\/wp-json\/wp\/v2\/users\/7"}],"replies":[{"embeddable":true,"href":"https:\/\/verdadeon.com.br\/portal\/wp-json\/wp\/v2\/comments?post=23694"}],"version-history":[{"count":2,"href":"https:\/\/verdadeon.com.br\/portal\/wp-json\/wp\/v2\/posts\/23694\/revisions"}],"predecessor-version":[{"id":23704,"href":"https:\/\/verdadeon.com.br\/portal\/wp-json\/wp\/v2\/posts\/23694\/revisions\/23704"}],"wp:featuredmedia":[{"embeddable":true,"href":"https:\/\/verdadeon.com.br\/portal\/wp-json\/wp\/v2\/media\/23498"}],"wp:attachment":[{"href":"https:\/\/verdadeon.com.br\/portal\/wp-json\/wp\/v2\/media?parent=23694"}],"wp:term":[{"taxonomy":"category","embeddable":true,"href":"https:\/\/verdadeon.com.br\/portal\/wp-json\/wp\/v2\/categories?post=23694"},{"taxonomy":"post_tag","embeddable":true,"href":"https:\/\/verdadeon.com.br\/portal\/wp-json\/wp\/v2\/tags?post=23694"}],"curies":[{"name":"wp","href":"https:\/\/api.w.org\/{rel}","templated":true}]}}