{"id":23679,"date":"2022-03-12T17:00:58","date_gmt":"2022-03-12T20:00:58","guid":{"rendered":"https:\/\/verdadeon.com.br\/portal\/?p=23679"},"modified":"2022-03-12T15:09:36","modified_gmt":"2022-03-12T18:09:36","slug":"a-sensacao-que-da-e-a-de-que-a-cidade-tornou-se-refem-desses-meninos","status":"publish","type":"post","link":"https:\/\/verdadeon.com.br\/portal\/2022\/03\/12\/a-sensacao-que-da-e-a-de-que-a-cidade-tornou-se-refem-desses-meninos\/","title":{"rendered":"&#8216;A sensa\u00e7\u00e3o que d\u00e1 \u00e9 a de que a cidade tornou-se ref\u00e9m desses meninos&#8217;"},"content":{"rendered":"<h2>Empres\u00e1rios, pedestres e motoristas, relataram constrangimento com limpadores de para-brisas em Franca<\/h2>\n<p>Fernando Lima<\/p>\n<p>A a\u00e7\u00e3o de adolescentes e jovens que limpam para-brisas de ve\u00edculos ainda gera inc\u00f4modo em Franca, n\u00e3o pelo trabalho, mas especialmente pela maneira com que eles abordam e intimidam as pessoas, principalmente mulheres e idosos.<\/p>\n<p>Nas \u00faltimas semanas o Verdade recebeu diversas reclama\u00e7\u00f5es sobre o assunto, e em uma apura\u00e7\u00e3o de dias, colheu relatos de pessoas que sofrem com o problema, que parece longe de ter um fim.<\/p>\n<p>\u201cEsse inc\u00f4modo vem principalmente pela falta de respeito e educa\u00e7\u00e3o deles. Eles n\u00e3o chegam para perguntar se voc\u00ea deseja que seja feito o servi\u00e7o de limpeza, simplesmente j\u00e1 jogam a \u00e1gua no teu vidro mesmo voc\u00ea falando que n\u00e3o quer, a\u00ed passam a te ofender. As ofensas s\u00e3o palavras muitas vezes de baixo cal\u00e3o, enfim, coisas que s\u00e3o insuport\u00e1veis\u201d, relatou o empres\u00e1rio Jo\u00e3o Batista de Lima, de 67 anos, que tem uma padaria na esquina de maior atua\u00e7\u00e3o dos limpadores, na avenida Major Nic\u00e1cio com a Presidente Vargas.<\/p>\n<p>Lima relatou ainda que uma senhora que \u00e9 cliente da padaria, sofreu ass\u00e9dio ao negar o servi\u00e7o. \u201cEla falou diversas vezes que n\u00e3o queria, ele j\u00e1 tinha jogado a \u00e1gua. Ent\u00e3o ele veio at\u00e9 a porta e jogou \u00e1gua nela. Eu tenho um outro relato de uma senhora que disse para que ele n\u00e3o limpasse o para-brisa porque ela n\u00e3o tinha dinheiro, e ele continuou insistindo e limpando. Na hora que foi cobrar, ele disse que ela poderia pagar o servi\u00e7o com um beijo na boca\u201d, contou.<\/p>\n<p>Toda a a\u00e7\u00e3o dos limpadores fez com que a clientela do empres\u00e1rio evitasse o local, prejudicando at\u00e9 mesmo o movimento da padaria, especialmente de mulheres e senhoras. Uma medida adotada por ele, foi colocar seguran\u00e7as saindo do estacionamento da empresa, at\u00e9 a porta da padaria, para evitar a abordagem desses jovens a clientes pedindo que eles comprem comida, o que tamb\u00e9m vira motivo de constrangimento quando \u00e9 negado.<\/p>\n<p>\u201cIsso sempre causa um desgaste, causa medo e d\u00e1 receio nas pessoas de irem \u00e0 padaria. Eu vejo muito em S\u00e3o Paulo, em muitas esquinas gente que limpa o para-brisa por uma, duas moedas, mas eles agem com educa\u00e7\u00e3o, chegam e perguntam, se voc\u00ea faz o sinal que n\u00e3o quer ele j\u00e1 passa reto. Agora os de Franca s\u00e3o audaciosos, sem educa\u00e7\u00e3o e batem boca. Eu j\u00e1 tive v\u00e1rios problemas, me ofenderam diversas vezes. J\u00e1 fizemos reclama\u00e7\u00e3o no Minist\u00e9rio P\u00fablico, na Pol\u00edcia Militar, na Pol\u00edcia Civil, na Secretaria de A\u00e7\u00e3o Social, j\u00e1 fiz reclama\u00e7\u00f5es junto ao pr\u00f3prio prefeito Alexandre Ferreira. Enfim, j\u00e1 fizemos tudo. A sensa\u00e7\u00e3o que d\u00e1 \u00e9 a de que a cidade tornou-se ref\u00e9m desses meninos\u201d.<\/p>\n<h4>V\u00e1rias experi\u00eancias<\/h4>\n<p>O advogado Paulo de Tarso Careta tamb\u00e9m se revolta com a situa\u00e7\u00e3o. Recentemente ao ser constrangido, fez uma postagem nas redes sociais e logo uma enxurrada de coment\u00e1rios trouxe relatos de quem tamb\u00e9m j\u00e1 sofreu com o mesmo problema.<\/p>\n<p>\u201cForam v\u00e1rias experi\u00eancias ruins com os lavadores de vidro. Eles abordam de uma maneira agressiva, insistente. N\u00e3o adianta voc\u00ea recusar, sinalizar que n\u00e3o quer, falar que n\u00e3o, que eles jogam o produto no seu vidro, e voc\u00ea \u00e9 obrigado a deixar ele limpar para n\u00e3o dificultar a vis\u00e3o\u201d.<\/p>\n<p>Paulo contou ainda que precisa passar diversas vezes ao dia pelo local, j\u00e1 que \u00e9 caminho para o trabalho, e na maioria das vezes se sente constrangido com as situa\u00e7\u00f5es envolvendo os jovens.<\/p>\n<p>\u201cEles est\u00e3o em um n\u00famero grande e claro voc\u00ea acaba ficando com receio. Eu me senti impotente, como quem n\u00e3o pode fazer nada. Se voc\u00ea brigar porque ele est\u00e1 colocando a m\u00e3o no seu carro, voc\u00ea corre o risco de apanhar, de estragarem seu carro, de riscar. A pol\u00edcia que \u00e9 a autoridade respons\u00e1vel pelo sossego alheio, que tem que agir e impedir isso. Prejudica e muito a cidade, a gente fica mal visto, parece cidade insegura e tudo mais. Mancham o nome da cidade, as autoridades, a prefeitura, podem ter alguma coisa social para fazer de treinamento para essas pessoas, de especializa\u00e7\u00e3o, seja l\u00e1 o que for, mas permitir que fiquem na rua constrangendo o cidad\u00e3o, isso n\u00e3o pode\u201d, desabafou.<\/p>\n<h4>Posicionamento<\/h4>\n<p>O Jornal Verdade cobrou um posicionamento da Secretaria de Seguran\u00e7a P\u00fablica (SSP), sobre o assunto. Confira a nota:<\/p>\n<p>\u201cAs for\u00e7as de seguran\u00e7a estaduais atuam de forma integrada e constante em toda a regi\u00e3o de Franca para reduzir todos os \u00edndices de crimes patrimoniais e ampliar a sensa\u00e7\u00e3o de seguran\u00e7a. A Pol\u00edcia Militar, por meio do CPI-3, analisa periodicamente as \u00e1reas com maior incid\u00eancia criminal para realizar opera\u00e7\u00f5es espec\u00edficas, como a Interior Mais Seguro e a Rodovia Mais Segura. Al\u00e9m disso, as a\u00e7\u00f5es de policiamento ostensivo, preventivo e de pol\u00edcia judici\u00e1ria foram intensificadas em todas as regi\u00f5es do interior, inclusive em Franca. Sobre as ocorr\u00eancias no endere\u00e7o citado, a Pol\u00edcia Civil registrou tr\u00eas boletins envolvendo menores de 18 anos, sendo todos eles encaminhados para aprecia\u00e7\u00e3o da Justi\u00e7a\u201d.<\/p>\n<p>J\u00e1 a Prefeitura de Franca afirmou que implantou o programa \u201cPrimeira Chance\u201d, que oferece curso de qualifica\u00e7\u00e3o e um bolsa mensal para atender os jovens.<\/p>\n","protected":false},"excerpt":{"rendered":"<p>Empres\u00e1rios, pedestres e motoristas, relataram constrangimento com limpadores de para-brisas em Franca Fernando Lima A a\u00e7\u00e3o de adolescentes e jovens que limpam para-brisas de ve\u00edculos ainda<span class=\"excerpt-hellip\"> [\u2026]<\/span><\/p>\n","protected":false},"author":7,"featured_media":23681,"comment_status":"open","ping_status":"open","sticky":false,"template":"","format":"standard","meta":{"_jetpack_memberships_contains_paid_content":false,"footnotes":"","jetpack_publicize_message":"","jetpack_publicize_feature_enabled":true,"jetpack_social_post_already_shared":false,"jetpack_social_options":{"image_generator_settings":{"template":"highway","default_image_id":0,"enabled":false},"version":2}},"categories":[28,81],"tags":[],"class_list":["post-23679","post","type-post","status-publish","format-standard","has-post-thumbnail","hentry","category-cotidiano","category-manchete"],"yoast_head":"<!-- This site is optimized with the Yoast SEO plugin v25.6 - https:\/\/yoast.com\/wordpress\/plugins\/seo\/ -->\n<title>&#039;A sensa\u00e7\u00e3o que d\u00e1 \u00e9 a de que a cidade tornou-se ref\u00e9m desses meninos&#039; - VerdadeOn<\/title>\n<meta name=\"robots\" content=\"index, follow, max-snippet:-1, max-image-preview:large, max-video-preview:-1\" \/>\n<link rel=\"canonical\" href=\"https:\/\/verdadeon.com.br\/portal\/2022\/03\/12\/a-sensacao-que-da-e-a-de-que-a-cidade-tornou-se-refem-desses-meninos\/\" \/>\n<meta property=\"og:locale\" content=\"pt_BR\" \/>\n<meta property=\"og:type\" content=\"article\" \/>\n<meta property=\"og:title\" content=\"&#039;A sensa\u00e7\u00e3o que d\u00e1 \u00e9 a de que a cidade tornou-se ref\u00e9m desses meninos&#039; - VerdadeOn\" \/>\n<meta property=\"og:description\" content=\"Empres\u00e1rios, pedestres e motoristas, relataram constrangimento com limpadores de para-brisas em Franca Fernando Lima A a\u00e7\u00e3o de adolescentes e jovens que limpam para-brisas de ve\u00edculos ainda [\u2026]\" \/>\n<meta property=\"og:url\" content=\"https:\/\/verdadeon.com.br\/portal\/2022\/03\/12\/a-sensacao-que-da-e-a-de-que-a-cidade-tornou-se-refem-desses-meninos\/\" \/>\n<meta property=\"og:site_name\" content=\"VerdadeOn\" \/>\n<meta property=\"article:published_time\" content=\"2022-03-12T20:00:58+00:00\" \/>\n<meta property=\"og:image\" content=\"https:\/\/verdadeon.com.br\/portal\/wp-content\/uploads\/2022\/03\/WhatsApp-Image-2022-03-12-at-15.07.09.jpeg\" \/>\n\t<meta property=\"og:image:width\" content=\"1000\" \/>\n\t<meta property=\"og:image:height\" content=\"670\" \/>\n\t<meta property=\"og:image:type\" content=\"image\/jpeg\" \/>\n<meta name=\"author\" content=\"Fernando Lima\" \/>\n<meta name=\"twitter:card\" content=\"summary_large_image\" \/>\n<meta name=\"twitter:label1\" content=\"Escrito por\" \/>\n\t<meta name=\"twitter:data1\" content=\"Fernando Lima\" \/>\n\t<meta name=\"twitter:label2\" content=\"Est. tempo de leitura\" \/>\n\t<meta name=\"twitter:data2\" content=\"5 minutos\" \/>\n<script type=\"application\/ld+json\" class=\"yoast-schema-graph\">{\"@context\":\"https:\/\/schema.org\",\"@graph\":[{\"@type\":\"WebPage\",\"@id\":\"https:\/\/verdadeon.com.br\/portal\/2022\/03\/12\/a-sensacao-que-da-e-a-de-que-a-cidade-tornou-se-refem-desses-meninos\/\",\"url\":\"https:\/\/verdadeon.com.br\/portal\/2022\/03\/12\/a-sensacao-que-da-e-a-de-que-a-cidade-tornou-se-refem-desses-meninos\/\",\"name\":\"'A sensa\u00e7\u00e3o que d\u00e1 \u00e9 a de que a cidade tornou-se ref\u00e9m desses meninos' - VerdadeOn\",\"isPartOf\":{\"@id\":\"https:\/\/verdadeon.com.br\/portal\/#website\"},\"primaryImageOfPage\":{\"@id\":\"https:\/\/verdadeon.com.br\/portal\/2022\/03\/12\/a-sensacao-que-da-e-a-de-que-a-cidade-tornou-se-refem-desses-meninos\/#primaryimage\"},\"image\":{\"@id\":\"https:\/\/verdadeon.com.br\/portal\/2022\/03\/12\/a-sensacao-que-da-e-a-de-que-a-cidade-tornou-se-refem-desses-meninos\/#primaryimage\"},\"thumbnailUrl\":\"https:\/\/i0.wp.com\/verdadeon.com.br\/portal\/wp-content\/uploads\/2022\/03\/WhatsApp-Image-2022-03-12-at-15.07.09.jpeg?fit=1000%2C670&ssl=1\",\"datePublished\":\"2022-03-12T20:00:58+00:00\",\"author\":{\"@id\":\"https:\/\/verdadeon.com.br\/portal\/#\/schema\/person\/cc32be22b8e8599387c480bc83e1d11a\"},\"breadcrumb\":{\"@id\":\"https:\/\/verdadeon.com.br\/portal\/2022\/03\/12\/a-sensacao-que-da-e-a-de-que-a-cidade-tornou-se-refem-desses-meninos\/#breadcrumb\"},\"inLanguage\":\"pt-BR\",\"potentialAction\":[{\"@type\":\"ReadAction\",\"target\":[\"https:\/\/verdadeon.com.br\/portal\/2022\/03\/12\/a-sensacao-que-da-e-a-de-que-a-cidade-tornou-se-refem-desses-meninos\/\"]}]},{\"@type\":\"ImageObject\",\"inLanguage\":\"pt-BR\",\"@id\":\"https:\/\/verdadeon.com.br\/portal\/2022\/03\/12\/a-sensacao-que-da-e-a-de-que-a-cidade-tornou-se-refem-desses-meninos\/#primaryimage\",\"url\":\"https:\/\/i0.wp.com\/verdadeon.com.br\/portal\/wp-content\/uploads\/2022\/03\/WhatsApp-Image-2022-03-12-at-15.07.09.jpeg?fit=1000%2C670&ssl=1\",\"contentUrl\":\"https:\/\/i0.wp.com\/verdadeon.com.br\/portal\/wp-content\/uploads\/2022\/03\/WhatsApp-Image-2022-03-12-at-15.07.09.jpeg?fit=1000%2C670&ssl=1\",\"width\":1000,\"height\":670,\"caption\":\"Principal local de atua\u00e7\u00e3o de menores e jovens \u00e9 no cruzamento das avenidas Major Nic\u00e1cio com a Presidente Vargas. Motoristas evitam o local por conta da situa\u00e7\u00e3o | Foto: Jornal Verdade\"},{\"@type\":\"BreadcrumbList\",\"@id\":\"https:\/\/verdadeon.com.br\/portal\/2022\/03\/12\/a-sensacao-que-da-e-a-de-que-a-cidade-tornou-se-refem-desses-meninos\/#breadcrumb\",\"itemListElement\":[{\"@type\":\"ListItem\",\"position\":1,\"name\":\"In\u00edcio\",\"item\":\"https:\/\/verdadeon.com.br\/portal\/\"},{\"@type\":\"ListItem\",\"position\":2,\"name\":\"&#8216;A sensa\u00e7\u00e3o que d\u00e1 \u00e9 a de que a cidade tornou-se ref\u00e9m desses meninos&#8217;\"}]},{\"@type\":\"WebSite\",\"@id\":\"https:\/\/verdadeon.com.br\/portal\/#website\",\"url\":\"https:\/\/verdadeon.com.br\/portal\/\",\"name\":\"VerdadeOn\",\"description\":\"Not\u00edcias di\u00e1rias sobre Franca, Regi\u00e3o, Esporte, Cultura, Cotidiano, Colunas. Cobertura nos principais eventos da cidade \u00e9 aqui - Verdadeon Franca\",\"potentialAction\":[{\"@type\":\"SearchAction\",\"target\":{\"@type\":\"EntryPoint\",\"urlTemplate\":\"https:\/\/verdadeon.com.br\/portal\/?s={search_term_string}\"},\"query-input\":{\"@type\":\"PropertyValueSpecification\",\"valueRequired\":true,\"valueName\":\"search_term_string\"}}],\"inLanguage\":\"pt-BR\"},{\"@type\":\"Person\",\"@id\":\"https:\/\/verdadeon.com.br\/portal\/#\/schema\/person\/cc32be22b8e8599387c480bc83e1d11a\",\"name\":\"Fernando Lima\",\"image\":{\"@type\":\"ImageObject\",\"inLanguage\":\"pt-BR\",\"@id\":\"https:\/\/verdadeon.com.br\/portal\/#\/schema\/person\/image\/\",\"url\":\"https:\/\/secure.gravatar.com\/avatar\/df4c8e132080d2b3a4841d5d232045464e0eed11a1d6e43115ca0843d48768d3?s=96&d=mm&r=g\",\"contentUrl\":\"https:\/\/secure.gravatar.com\/avatar\/df4c8e132080d2b3a4841d5d232045464e0eed11a1d6e43115ca0843d48768d3?s=96&d=mm&r=g\",\"caption\":\"Fernando Lima\"},\"sameAs\":[\"http:\/\/verdadeon.com.br\/\"],\"url\":\"https:\/\/verdadeon.com.br\/portal\/author\/fernando-lima\/\"}]}<\/script>\n<!-- \/ Yoast SEO plugin. -->","yoast_head_json":{"title":"'A sensa\u00e7\u00e3o que d\u00e1 \u00e9 a de que a cidade tornou-se ref\u00e9m desses meninos' - VerdadeOn","robots":{"index":"index","follow":"follow","max-snippet":"max-snippet:-1","max-image-preview":"max-image-preview:large","max-video-preview":"max-video-preview:-1"},"canonical":"https:\/\/verdadeon.com.br\/portal\/2022\/03\/12\/a-sensacao-que-da-e-a-de-que-a-cidade-tornou-se-refem-desses-meninos\/","og_locale":"pt_BR","og_type":"article","og_title":"'A sensa\u00e7\u00e3o que d\u00e1 \u00e9 a de que a cidade tornou-se ref\u00e9m desses meninos' - VerdadeOn","og_description":"Empres\u00e1rios, pedestres e motoristas, relataram constrangimento com limpadores de para-brisas em Franca Fernando Lima A a\u00e7\u00e3o de adolescentes e jovens que limpam para-brisas de ve\u00edculos ainda [\u2026]","og_url":"https:\/\/verdadeon.com.br\/portal\/2022\/03\/12\/a-sensacao-que-da-e-a-de-que-a-cidade-tornou-se-refem-desses-meninos\/","og_site_name":"VerdadeOn","article_published_time":"2022-03-12T20:00:58+00:00","og_image":[{"width":1000,"height":670,"url":"https:\/\/verdadeon.com.br\/portal\/wp-content\/uploads\/2022\/03\/WhatsApp-Image-2022-03-12-at-15.07.09.jpeg","type":"image\/jpeg"}],"author":"Fernando Lima","twitter_card":"summary_large_image","twitter_misc":{"Escrito por":"Fernando Lima","Est. tempo de leitura":"5 minutos"},"schema":{"@context":"https:\/\/schema.org","@graph":[{"@type":"WebPage","@id":"https:\/\/verdadeon.com.br\/portal\/2022\/03\/12\/a-sensacao-que-da-e-a-de-que-a-cidade-tornou-se-refem-desses-meninos\/","url":"https:\/\/verdadeon.com.br\/portal\/2022\/03\/12\/a-sensacao-que-da-e-a-de-que-a-cidade-tornou-se-refem-desses-meninos\/","name":"'A sensa\u00e7\u00e3o que d\u00e1 \u00e9 a de que a cidade tornou-se ref\u00e9m desses meninos' - VerdadeOn","isPartOf":{"@id":"https:\/\/verdadeon.com.br\/portal\/#website"},"primaryImageOfPage":{"@id":"https:\/\/verdadeon.com.br\/portal\/2022\/03\/12\/a-sensacao-que-da-e-a-de-que-a-cidade-tornou-se-refem-desses-meninos\/#primaryimage"},"image":{"@id":"https:\/\/verdadeon.com.br\/portal\/2022\/03\/12\/a-sensacao-que-da-e-a-de-que-a-cidade-tornou-se-refem-desses-meninos\/#primaryimage"},"thumbnailUrl":"https:\/\/i0.wp.com\/verdadeon.com.br\/portal\/wp-content\/uploads\/2022\/03\/WhatsApp-Image-2022-03-12-at-15.07.09.jpeg?fit=1000%2C670&ssl=1","datePublished":"2022-03-12T20:00:58+00:00","author":{"@id":"https:\/\/verdadeon.com.br\/portal\/#\/schema\/person\/cc32be22b8e8599387c480bc83e1d11a"},"breadcrumb":{"@id":"https:\/\/verdadeon.com.br\/portal\/2022\/03\/12\/a-sensacao-que-da-e-a-de-que-a-cidade-tornou-se-refem-desses-meninos\/#breadcrumb"},"inLanguage":"pt-BR","potentialAction":[{"@type":"ReadAction","target":["https:\/\/verdadeon.com.br\/portal\/2022\/03\/12\/a-sensacao-que-da-e-a-de-que-a-cidade-tornou-se-refem-desses-meninos\/"]}]},{"@type":"ImageObject","inLanguage":"pt-BR","@id":"https:\/\/verdadeon.com.br\/portal\/2022\/03\/12\/a-sensacao-que-da-e-a-de-que-a-cidade-tornou-se-refem-desses-meninos\/#primaryimage","url":"https:\/\/i0.wp.com\/verdadeon.com.br\/portal\/wp-content\/uploads\/2022\/03\/WhatsApp-Image-2022-03-12-at-15.07.09.jpeg?fit=1000%2C670&ssl=1","contentUrl":"https:\/\/i0.wp.com\/verdadeon.com.br\/portal\/wp-content\/uploads\/2022\/03\/WhatsApp-Image-2022-03-12-at-15.07.09.jpeg?fit=1000%2C670&ssl=1","width":1000,"height":670,"caption":"Principal local de atua\u00e7\u00e3o de menores e jovens \u00e9 no cruzamento das avenidas Major Nic\u00e1cio com a Presidente Vargas. Motoristas evitam o local por conta da situa\u00e7\u00e3o | Foto: Jornal Verdade"},{"@type":"BreadcrumbList","@id":"https:\/\/verdadeon.com.br\/portal\/2022\/03\/12\/a-sensacao-que-da-e-a-de-que-a-cidade-tornou-se-refem-desses-meninos\/#breadcrumb","itemListElement":[{"@type":"ListItem","position":1,"name":"In\u00edcio","item":"https:\/\/verdadeon.com.br\/portal\/"},{"@type":"ListItem","position":2,"name":"&#8216;A sensa\u00e7\u00e3o que d\u00e1 \u00e9 a de que a cidade tornou-se ref\u00e9m desses meninos&#8217;"}]},{"@type":"WebSite","@id":"https:\/\/verdadeon.com.br\/portal\/#website","url":"https:\/\/verdadeon.com.br\/portal\/","name":"VerdadeOn","description":"Not\u00edcias di\u00e1rias sobre Franca, Regi\u00e3o, Esporte, Cultura, Cotidiano, Colunas. Cobertura nos principais eventos da cidade \u00e9 aqui - Verdadeon Franca","potentialAction":[{"@type":"SearchAction","target":{"@type":"EntryPoint","urlTemplate":"https:\/\/verdadeon.com.br\/portal\/?s={search_term_string}"},"query-input":{"@type":"PropertyValueSpecification","valueRequired":true,"valueName":"search_term_string"}}],"inLanguage":"pt-BR"},{"@type":"Person","@id":"https:\/\/verdadeon.com.br\/portal\/#\/schema\/person\/cc32be22b8e8599387c480bc83e1d11a","name":"Fernando Lima","image":{"@type":"ImageObject","inLanguage":"pt-BR","@id":"https:\/\/verdadeon.com.br\/portal\/#\/schema\/person\/image\/","url":"https:\/\/secure.gravatar.com\/avatar\/df4c8e132080d2b3a4841d5d232045464e0eed11a1d6e43115ca0843d48768d3?s=96&d=mm&r=g","contentUrl":"https:\/\/secure.gravatar.com\/avatar\/df4c8e132080d2b3a4841d5d232045464e0eed11a1d6e43115ca0843d48768d3?s=96&d=mm&r=g","caption":"Fernando Lima"},"sameAs":["http:\/\/verdadeon.com.br\/"],"url":"https:\/\/verdadeon.com.br\/portal\/author\/fernando-lima\/"}]}},"jetpack_publicize_connections":[],"jetpack_featured_media_url":"https:\/\/i0.wp.com\/verdadeon.com.br\/portal\/wp-content\/uploads\/2022\/03\/WhatsApp-Image-2022-03-12-at-15.07.09.jpeg?fit=1000%2C670&ssl=1","jetpack_sharing_enabled":true,"_links":{"self":[{"href":"https:\/\/verdadeon.com.br\/portal\/wp-json\/wp\/v2\/posts\/23679","targetHints":{"allow":["GET"]}}],"collection":[{"href":"https:\/\/verdadeon.com.br\/portal\/wp-json\/wp\/v2\/posts"}],"about":[{"href":"https:\/\/verdadeon.com.br\/portal\/wp-json\/wp\/v2\/types\/post"}],"author":[{"embeddable":true,"href":"https:\/\/verdadeon.com.br\/portal\/wp-json\/wp\/v2\/users\/7"}],"replies":[{"embeddable":true,"href":"https:\/\/verdadeon.com.br\/portal\/wp-json\/wp\/v2\/comments?post=23679"}],"version-history":[{"count":1,"href":"https:\/\/verdadeon.com.br\/portal\/wp-json\/wp\/v2\/posts\/23679\/revisions"}],"predecessor-version":[{"id":23680,"href":"https:\/\/verdadeon.com.br\/portal\/wp-json\/wp\/v2\/posts\/23679\/revisions\/23680"}],"wp:featuredmedia":[{"embeddable":true,"href":"https:\/\/verdadeon.com.br\/portal\/wp-json\/wp\/v2\/media\/23681"}],"wp:attachment":[{"href":"https:\/\/verdadeon.com.br\/portal\/wp-json\/wp\/v2\/media?parent=23679"}],"wp:term":[{"taxonomy":"category","embeddable":true,"href":"https:\/\/verdadeon.com.br\/portal\/wp-json\/wp\/v2\/categories?post=23679"},{"taxonomy":"post_tag","embeddable":true,"href":"https:\/\/verdadeon.com.br\/portal\/wp-json\/wp\/v2\/tags?post=23679"}],"curies":[{"name":"wp","href":"https:\/\/api.w.org\/{rel}","templated":true}]}}