{"id":23677,"date":"2022-03-12T11:57:47","date_gmt":"2022-03-12T14:57:47","guid":{"rendered":"https:\/\/verdadeon.com.br\/portal\/?p=23677"},"modified":"2022-03-12T11:56:28","modified_gmt":"2022-03-12T14:56:28","slug":"cursinho-popular-para-vestibular-ainda-tem-vagas-abertas","status":"publish","type":"post","link":"https:\/\/verdadeon.com.br\/portal\/2022\/03\/12\/cursinho-popular-para-vestibular-ainda-tem-vagas-abertas\/","title":{"rendered":"&#8216;Cursinho Popular&#8217; para vestibular ainda tem vagas abertas"},"content":{"rendered":"<h2>Aulas s\u00e3o gratuitas e matr\u00edculas devem ser feitas na Escola Municipal &#8216;Nair Rocha&#8217;, no Jd. Integra\u00e7\u00e3o, onde o cursinho \u00e9 ministrado<\/h2>\n<p>&nbsp;<\/p>\n<p><span style=\"font-weight: 400;\">O projeto \u201cCursinho Popular\u201d, mantido pela Prefeitura de Franca, direcionado para oferecer oportunidades para estudantes de baixa renda, interessados em prestar vestibular, iniciou as aulas nesta semana, mas ainda tem vagas dispon\u00edveis.<\/span><\/p>\n<p><span style=\"font-weight: 400;\">Quem n\u00e3o conseguiu se inscrever e tem pretens\u00e3o de atualizar seus conhecimentos ainda tem chance de se matricular no projeto.<\/span><\/p>\n<p><span style=\"font-weight: 400;\">A oferta das vagas remanescentes \u00e9 devido ao baixo n\u00famero de matr\u00edculas recebidas e algumas desist\u00eancias no ato da matr\u00edcula. Os candidatos interessados em participar do projeto dever\u00e3o entrar em contato pelo telefone (16) 3711-9219, das 15h30 \u00e0s 20h, ou comparecerem \u00e0 sede da Escola Municipal \u201cNair Rocha\u201d\u2019, das 18h \u00e0s 21h, e iniciarem os estudos. \u00c9 necess\u00e1rio que a pessoa apresente o RG, CPF original e c\u00f3pia, 1 foto 3&#215;4 e a declara\u00e7\u00e3o de escolaridade.<\/span><\/p>\n<p><span style=\"font-weight: 400;\">A equipe de educadores \u00e9 composta por profissionais da Prefeitura, j\u00e1 habituados com conte\u00fados direcionados para os cursinhos, com o objetivo de atualizar, refor\u00e7ar e reciclar conhecimentos, de acordo com o conte\u00fado aplicado nas provas dos vestibulares em geral.\u00a0<\/span><\/p>\n<p><span style=\"font-weight: 400;\">As aulas do \u201cCursinho Popular\u201d s\u00e3o ministradas no hor\u00e1rio das 19h \u00e0s 22h30, na Escola Municipal \u201cNair Rocha\u201d (rua Padre Conrado, 1900, Jardim Integra\u00e7\u00e3o). O projeto \u00e9 tradicional na cidade e registra bons \u00edndices de aprova\u00e7\u00e3o em universidades.<\/span><\/p>\n","protected":false},"excerpt":{"rendered":"<p>Aulas s\u00e3o gratuitas e matr\u00edculas devem ser feitas na Escola Municipal &#8216;Nair Rocha&#8217;, no Jd. Integra\u00e7\u00e3o, onde o cursinho \u00e9 ministrado &nbsp; O projeto \u201cCursinho Popular\u201d,<span class=\"excerpt-hellip\"> [\u2026]<\/span><\/p>\n","protected":false},"author":10,"featured_media":22740,"comment_status":"open","ping_status":"open","sticky":false,"template":"","format":"standard","meta":{"_jetpack_memberships_contains_paid_content":false,"footnotes":"","jetpack_publicize_message":"","jetpack_publicize_feature_enabled":true,"jetpack_social_post_already_shared":false,"jetpack_social_options":{"image_generator_settings":{"template":"highway","default_image_id":0,"enabled":false},"version":2}},"categories":[28,44],"tags":[],"class_list":["post-23677","post","type-post","status-publish","format-standard","has-post-thumbnail","hentry","category-cotidiano","category-noticias"],"yoast_head":"<!-- This site is optimized with the Yoast SEO plugin v25.6 - https:\/\/yoast.com\/wordpress\/plugins\/seo\/ -->\n<title>&#039;Cursinho Popular&#039; para vestibular ainda tem vagas abertas - VerdadeOn<\/title>\n<meta name=\"robots\" content=\"index, follow, max-snippet:-1, max-image-preview:large, max-video-preview:-1\" \/>\n<link rel=\"canonical\" href=\"https:\/\/verdadeon.com.br\/portal\/2022\/03\/12\/cursinho-popular-para-vestibular-ainda-tem-vagas-abertas\/\" \/>\n<meta property=\"og:locale\" content=\"pt_BR\" \/>\n<meta property=\"og:type\" content=\"article\" \/>\n<meta property=\"og:title\" content=\"&#039;Cursinho Popular&#039; para vestibular ainda tem vagas abertas - VerdadeOn\" \/>\n<meta property=\"og:description\" content=\"Aulas s\u00e3o gratuitas e matr\u00edculas devem ser feitas na Escola Municipal &#8216;Nair Rocha&#8217;, no Jd. Integra\u00e7\u00e3o, onde o cursinho \u00e9 ministrado &nbsp; O projeto \u201cCursinho Popular\u201d, [\u2026]\" \/>\n<meta property=\"og:url\" content=\"https:\/\/verdadeon.com.br\/portal\/2022\/03\/12\/cursinho-popular-para-vestibular-ainda-tem-vagas-abertas\/\" \/>\n<meta property=\"og:site_name\" content=\"VerdadeOn\" \/>\n<meta property=\"article:published_time\" content=\"2022-03-12T14:57:47+00:00\" \/>\n<meta property=\"og:image\" content=\"https:\/\/verdadeon.com.br\/portal\/wp-content\/uploads\/2022\/01\/hand-with-pen-application-form.jpg\" \/>\n\t<meta property=\"og:image:width\" content=\"1000\" \/>\n\t<meta property=\"og:image:height\" content=\"670\" \/>\n\t<meta property=\"og:image:type\" content=\"image\/jpeg\" \/>\n<meta name=\"author\" content=\"Redacao VerdadeOn\" \/>\n<meta name=\"twitter:card\" content=\"summary_large_image\" \/>\n<meta name=\"twitter:label1\" content=\"Escrito por\" \/>\n\t<meta name=\"twitter:data1\" content=\"Redacao VerdadeOn\" \/>\n\t<meta name=\"twitter:label2\" content=\"Est. tempo de leitura\" \/>\n\t<meta name=\"twitter:data2\" content=\"2 minutos\" \/>\n<script type=\"application\/ld+json\" class=\"yoast-schema-graph\">{\"@context\":\"https:\/\/schema.org\",\"@graph\":[{\"@type\":\"WebPage\",\"@id\":\"https:\/\/verdadeon.com.br\/portal\/2022\/03\/12\/cursinho-popular-para-vestibular-ainda-tem-vagas-abertas\/\",\"url\":\"https:\/\/verdadeon.com.br\/portal\/2022\/03\/12\/cursinho-popular-para-vestibular-ainda-tem-vagas-abertas\/\",\"name\":\"'Cursinho Popular' para vestibular ainda tem vagas abertas - VerdadeOn\",\"isPartOf\":{\"@id\":\"https:\/\/verdadeon.com.br\/portal\/#website\"},\"primaryImageOfPage\":{\"@id\":\"https:\/\/verdadeon.com.br\/portal\/2022\/03\/12\/cursinho-popular-para-vestibular-ainda-tem-vagas-abertas\/#primaryimage\"},\"image\":{\"@id\":\"https:\/\/verdadeon.com.br\/portal\/2022\/03\/12\/cursinho-popular-para-vestibular-ainda-tem-vagas-abertas\/#primaryimage\"},\"thumbnailUrl\":\"https:\/\/i0.wp.com\/verdadeon.com.br\/portal\/wp-content\/uploads\/2022\/01\/hand-with-pen-application-form.jpg?fit=1000%2C670&ssl=1\",\"datePublished\":\"2022-03-12T14:57:47+00:00\",\"author\":{\"@id\":\"https:\/\/verdadeon.com.br\/portal\/#\/schema\/person\/a5060ad1e9ea3df545188fc93ce43d2f\"},\"breadcrumb\":{\"@id\":\"https:\/\/verdadeon.com.br\/portal\/2022\/03\/12\/cursinho-popular-para-vestibular-ainda-tem-vagas-abertas\/#breadcrumb\"},\"inLanguage\":\"pt-BR\",\"potentialAction\":[{\"@type\":\"ReadAction\",\"target\":[\"https:\/\/verdadeon.com.br\/portal\/2022\/03\/12\/cursinho-popular-para-vestibular-ainda-tem-vagas-abertas\/\"]}]},{\"@type\":\"ImageObject\",\"inLanguage\":\"pt-BR\",\"@id\":\"https:\/\/verdadeon.com.br\/portal\/2022\/03\/12\/cursinho-popular-para-vestibular-ainda-tem-vagas-abertas\/#primaryimage\",\"url\":\"https:\/\/i0.wp.com\/verdadeon.com.br\/portal\/wp-content\/uploads\/2022\/01\/hand-with-pen-application-form.jpg?fit=1000%2C670&ssl=1\",\"contentUrl\":\"https:\/\/i0.wp.com\/verdadeon.com.br\/portal\/wp-content\/uploads\/2022\/01\/hand-with-pen-application-form.jpg?fit=1000%2C670&ssl=1\",\"width\":1000,\"height\":670,\"caption\":\"Matr\u00edculas para Educa\u00e7\u00e3o de Jovens Adultos j\u00e1 pode ser realizada (\u00a9Divulga\u00e7\u00e3o)\"},{\"@type\":\"BreadcrumbList\",\"@id\":\"https:\/\/verdadeon.com.br\/portal\/2022\/03\/12\/cursinho-popular-para-vestibular-ainda-tem-vagas-abertas\/#breadcrumb\",\"itemListElement\":[{\"@type\":\"ListItem\",\"position\":1,\"name\":\"In\u00edcio\",\"item\":\"https:\/\/verdadeon.com.br\/portal\/\"},{\"@type\":\"ListItem\",\"position\":2,\"name\":\"&#8216;Cursinho Popular&#8217; para vestibular ainda tem vagas abertas\"}]},{\"@type\":\"WebSite\",\"@id\":\"https:\/\/verdadeon.com.br\/portal\/#website\",\"url\":\"https:\/\/verdadeon.com.br\/portal\/\",\"name\":\"VerdadeOn\",\"description\":\"Not\u00edcias di\u00e1rias sobre Franca, Regi\u00e3o, Esporte, Cultura, Cotidiano, Colunas. Cobertura nos principais eventos da cidade \u00e9 aqui - Verdadeon Franca\",\"potentialAction\":[{\"@type\":\"SearchAction\",\"target\":{\"@type\":\"EntryPoint\",\"urlTemplate\":\"https:\/\/verdadeon.com.br\/portal\/?s={search_term_string}\"},\"query-input\":{\"@type\":\"PropertyValueSpecification\",\"valueRequired\":true,\"valueName\":\"search_term_string\"}}],\"inLanguage\":\"pt-BR\"},{\"@type\":\"Person\",\"@id\":\"https:\/\/verdadeon.com.br\/portal\/#\/schema\/person\/a5060ad1e9ea3df545188fc93ce43d2f\",\"name\":\"Redacao VerdadeOn\",\"image\":{\"@type\":\"ImageObject\",\"inLanguage\":\"pt-BR\",\"@id\":\"https:\/\/verdadeon.com.br\/portal\/#\/schema\/person\/image\/\",\"url\":\"https:\/\/secure.gravatar.com\/avatar\/459a9613caaaf07f582c3d0841eea68bdd66f533e465e6ba8b9cb45619572cf4?s=96&d=mm&r=g\",\"contentUrl\":\"https:\/\/secure.gravatar.com\/avatar\/459a9613caaaf07f582c3d0841eea68bdd66f533e465e6ba8b9cb45619572cf4?s=96&d=mm&r=g\",\"caption\":\"Redacao VerdadeOn\"},\"url\":\"https:\/\/verdadeon.com.br\/portal\/author\/redacao\/\"}]}<\/script>\n<!-- \/ Yoast SEO plugin. -->","yoast_head_json":{"title":"'Cursinho Popular' para vestibular ainda tem vagas abertas - VerdadeOn","robots":{"index":"index","follow":"follow","max-snippet":"max-snippet:-1","max-image-preview":"max-image-preview:large","max-video-preview":"max-video-preview:-1"},"canonical":"https:\/\/verdadeon.com.br\/portal\/2022\/03\/12\/cursinho-popular-para-vestibular-ainda-tem-vagas-abertas\/","og_locale":"pt_BR","og_type":"article","og_title":"'Cursinho Popular' para vestibular ainda tem vagas abertas - VerdadeOn","og_description":"Aulas s\u00e3o gratuitas e matr\u00edculas devem ser feitas na Escola Municipal &#8216;Nair Rocha&#8217;, no Jd. Integra\u00e7\u00e3o, onde o cursinho \u00e9 ministrado &nbsp; O projeto \u201cCursinho Popular\u201d, [\u2026]","og_url":"https:\/\/verdadeon.com.br\/portal\/2022\/03\/12\/cursinho-popular-para-vestibular-ainda-tem-vagas-abertas\/","og_site_name":"VerdadeOn","article_published_time":"2022-03-12T14:57:47+00:00","og_image":[{"width":1000,"height":670,"url":"https:\/\/verdadeon.com.br\/portal\/wp-content\/uploads\/2022\/01\/hand-with-pen-application-form.jpg","type":"image\/jpeg"}],"author":"Redacao VerdadeOn","twitter_card":"summary_large_image","twitter_misc":{"Escrito por":"Redacao VerdadeOn","Est. tempo de leitura":"2 minutos"},"schema":{"@context":"https:\/\/schema.org","@graph":[{"@type":"WebPage","@id":"https:\/\/verdadeon.com.br\/portal\/2022\/03\/12\/cursinho-popular-para-vestibular-ainda-tem-vagas-abertas\/","url":"https:\/\/verdadeon.com.br\/portal\/2022\/03\/12\/cursinho-popular-para-vestibular-ainda-tem-vagas-abertas\/","name":"'Cursinho Popular' para vestibular ainda tem vagas abertas - VerdadeOn","isPartOf":{"@id":"https:\/\/verdadeon.com.br\/portal\/#website"},"primaryImageOfPage":{"@id":"https:\/\/verdadeon.com.br\/portal\/2022\/03\/12\/cursinho-popular-para-vestibular-ainda-tem-vagas-abertas\/#primaryimage"},"image":{"@id":"https:\/\/verdadeon.com.br\/portal\/2022\/03\/12\/cursinho-popular-para-vestibular-ainda-tem-vagas-abertas\/#primaryimage"},"thumbnailUrl":"https:\/\/i0.wp.com\/verdadeon.com.br\/portal\/wp-content\/uploads\/2022\/01\/hand-with-pen-application-form.jpg?fit=1000%2C670&ssl=1","datePublished":"2022-03-12T14:57:47+00:00","author":{"@id":"https:\/\/verdadeon.com.br\/portal\/#\/schema\/person\/a5060ad1e9ea3df545188fc93ce43d2f"},"breadcrumb":{"@id":"https:\/\/verdadeon.com.br\/portal\/2022\/03\/12\/cursinho-popular-para-vestibular-ainda-tem-vagas-abertas\/#breadcrumb"},"inLanguage":"pt-BR","potentialAction":[{"@type":"ReadAction","target":["https:\/\/verdadeon.com.br\/portal\/2022\/03\/12\/cursinho-popular-para-vestibular-ainda-tem-vagas-abertas\/"]}]},{"@type":"ImageObject","inLanguage":"pt-BR","@id":"https:\/\/verdadeon.com.br\/portal\/2022\/03\/12\/cursinho-popular-para-vestibular-ainda-tem-vagas-abertas\/#primaryimage","url":"https:\/\/i0.wp.com\/verdadeon.com.br\/portal\/wp-content\/uploads\/2022\/01\/hand-with-pen-application-form.jpg?fit=1000%2C670&ssl=1","contentUrl":"https:\/\/i0.wp.com\/verdadeon.com.br\/portal\/wp-content\/uploads\/2022\/01\/hand-with-pen-application-form.jpg?fit=1000%2C670&ssl=1","width":1000,"height":670,"caption":"Matr\u00edculas para Educa\u00e7\u00e3o de Jovens Adultos j\u00e1 pode ser realizada (\u00a9Divulga\u00e7\u00e3o)"},{"@type":"BreadcrumbList","@id":"https:\/\/verdadeon.com.br\/portal\/2022\/03\/12\/cursinho-popular-para-vestibular-ainda-tem-vagas-abertas\/#breadcrumb","itemListElement":[{"@type":"ListItem","position":1,"name":"In\u00edcio","item":"https:\/\/verdadeon.com.br\/portal\/"},{"@type":"ListItem","position":2,"name":"&#8216;Cursinho Popular&#8217; para vestibular ainda tem vagas abertas"}]},{"@type":"WebSite","@id":"https:\/\/verdadeon.com.br\/portal\/#website","url":"https:\/\/verdadeon.com.br\/portal\/","name":"VerdadeOn","description":"Not\u00edcias di\u00e1rias sobre Franca, Regi\u00e3o, Esporte, Cultura, Cotidiano, Colunas. Cobertura nos principais eventos da cidade \u00e9 aqui - Verdadeon Franca","potentialAction":[{"@type":"SearchAction","target":{"@type":"EntryPoint","urlTemplate":"https:\/\/verdadeon.com.br\/portal\/?s={search_term_string}"},"query-input":{"@type":"PropertyValueSpecification","valueRequired":true,"valueName":"search_term_string"}}],"inLanguage":"pt-BR"},{"@type":"Person","@id":"https:\/\/verdadeon.com.br\/portal\/#\/schema\/person\/a5060ad1e9ea3df545188fc93ce43d2f","name":"Redacao VerdadeOn","image":{"@type":"ImageObject","inLanguage":"pt-BR","@id":"https:\/\/verdadeon.com.br\/portal\/#\/schema\/person\/image\/","url":"https:\/\/secure.gravatar.com\/avatar\/459a9613caaaf07f582c3d0841eea68bdd66f533e465e6ba8b9cb45619572cf4?s=96&d=mm&r=g","contentUrl":"https:\/\/secure.gravatar.com\/avatar\/459a9613caaaf07f582c3d0841eea68bdd66f533e465e6ba8b9cb45619572cf4?s=96&d=mm&r=g","caption":"Redacao VerdadeOn"},"url":"https:\/\/verdadeon.com.br\/portal\/author\/redacao\/"}]}},"jetpack_publicize_connections":[],"jetpack_featured_media_url":"https:\/\/i0.wp.com\/verdadeon.com.br\/portal\/wp-content\/uploads\/2022\/01\/hand-with-pen-application-form.jpg?fit=1000%2C670&ssl=1","jetpack_sharing_enabled":true,"_links":{"self":[{"href":"https:\/\/verdadeon.com.br\/portal\/wp-json\/wp\/v2\/posts\/23677","targetHints":{"allow":["GET"]}}],"collection":[{"href":"https:\/\/verdadeon.com.br\/portal\/wp-json\/wp\/v2\/posts"}],"about":[{"href":"https:\/\/verdadeon.com.br\/portal\/wp-json\/wp\/v2\/types\/post"}],"author":[{"embeddable":true,"href":"https:\/\/verdadeon.com.br\/portal\/wp-json\/wp\/v2\/users\/10"}],"replies":[{"embeddable":true,"href":"https:\/\/verdadeon.com.br\/portal\/wp-json\/wp\/v2\/comments?post=23677"}],"version-history":[{"count":1,"href":"https:\/\/verdadeon.com.br\/portal\/wp-json\/wp\/v2\/posts\/23677\/revisions"}],"predecessor-version":[{"id":23678,"href":"https:\/\/verdadeon.com.br\/portal\/wp-json\/wp\/v2\/posts\/23677\/revisions\/23678"}],"wp:featuredmedia":[{"embeddable":true,"href":"https:\/\/verdadeon.com.br\/portal\/wp-json\/wp\/v2\/media\/22740"}],"wp:attachment":[{"href":"https:\/\/verdadeon.com.br\/portal\/wp-json\/wp\/v2\/media?parent=23677"}],"wp:term":[{"taxonomy":"category","embeddable":true,"href":"https:\/\/verdadeon.com.br\/portal\/wp-json\/wp\/v2\/categories?post=23677"},{"taxonomy":"post_tag","embeddable":true,"href":"https:\/\/verdadeon.com.br\/portal\/wp-json\/wp\/v2\/tags?post=23677"}],"curies":[{"name":"wp","href":"https:\/\/api.w.org\/{rel}","templated":true}]}}