{"id":23671,"date":"2022-03-12T11:37:19","date_gmt":"2022-03-12T14:37:19","guid":{"rendered":"https:\/\/verdadeon.com.br\/portal\/?p=23671"},"modified":"2022-03-12T11:36:17","modified_gmt":"2022-03-12T14:36:17","slug":"franca-shopping-comemora-dia-do-circo-com-oficinas-artisticas-gratuitas-para-criancas","status":"publish","type":"post","link":"https:\/\/verdadeon.com.br\/portal\/2022\/03\/12\/franca-shopping-comemora-dia-do-circo-com-oficinas-artisticas-gratuitas-para-criancas\/","title":{"rendered":"Franca Shopping comemora Dia do Circo com oficinas art\u00edsticas gratuitas para crian\u00e7as"},"content":{"rendered":"<h2><span style=\"font-weight: 400;\">Atividades s\u00e3o para crian\u00e7as de 4 a 12 anos e acontecem neste final de semana no Espa\u00e7o Brilhar; vagas s\u00e3o limitadas<\/span><\/h2>\n<p>&nbsp;<\/p>\n<p><span style=\"font-weight: 400;\">Dar asas \u00e0 imagina\u00e7\u00e3o, estimular a criatividade, a coordena\u00e7\u00e3o motora e a brincadeira. Esses s\u00e3o alguns dos objetivos das oficinas de cria\u00e7\u00e3o promovidas pelo Franca Shopping, em parceria com a Pindorama Espa\u00e7o de Arte e Recrea\u00e7\u00e3o, neste final de semana. As atividades acontecem no Espa\u00e7o Brilhar e s\u00e3o destinadas a crian\u00e7as entre 4 e 12 anos. A participa\u00e7\u00e3o \u00e9 gratuita.<\/span><\/p>\n<p><span style=\"font-weight: 400;\">Com o tema Boneco Trapezista, em homenagem ao Dia do Circo, celebrado em 27 de mar\u00e7o, a crian\u00e7ada aprender\u00e1 a produzir o pr\u00f3prio brinquedo de forma l\u00fadica e divertida. Com poucos materiais e orientada por um monitor, a atividade consiste em lixar, pintar e montar e tem dura\u00e7\u00e3o de 40 minutos.<\/span><\/p>\n<p><span style=\"font-weight: 400;\">Para participar n\u00e3o \u00e9 necess\u00e1rio fazer inscri\u00e7\u00e3o pr\u00e9via, mas as vagas s\u00e3o limitadas. S\u00e3o seis turmas ao dia, com 15 participantes cada. Todos devem seguir os protocolos sanit\u00e1rios de seguran\u00e7a e utilizar m\u00e1scara de prote\u00e7\u00e3o facial.<\/span><\/p>\n<p><span style=\"font-weight: 400;\">\u201cA partir de mar\u00e7o, as oficinas criativas ser\u00e3o mensais no Franca Shopping, sempre com uma tem\u00e1tica diferente. Queremos resgatar o verdadeiro significado de brincar por meio do fazer art\u00edstico e destacar que o centro de compras \u00e9, tamb\u00e9m, um espa\u00e7o de entretenimento e conviv\u00eancia entre as fam\u00edlias, al\u00e9m de um importante polo comercial para nossa cidade e regi\u00e3o\u201d, diz Ana Carolina Lima, coordenadora de marketing do empreendimento.<\/span><\/p>\n<h4><span style=\"font-weight: 400;\">Sobre o Franca Shopping<\/span><\/h4>\n<p><span style=\"font-weight: 400;\">Inaugurado em outubro de 1993, o Franca Shopping \u00e9 um centro de compras e entretenimento pioneiro no interior de S\u00e3o Paulo. Foi concebido como open mall e com um ic\u00f4nico lago interno. Sua localiza\u00e7\u00e3o \u00e9 privilegiada, de f\u00e1cil acesso pela Avenida Rio Amazonas e pela Rodovia C\u00e2ndido Portinari.<\/span><\/p>\n<p><span style=\"font-weight: 400;\">O empreendimento possui atualmente 97 opera\u00e7\u00f5es, entre elas seis lojas \u00e2ncoras (Magazine Luiza, Casas Bahia, Lojas Americanas, C&amp;A, Renner e Riachuelo), duas megalojas (Centauro e Marisa), completa Pra\u00e7a de Alimenta\u00e7\u00e3o, dois restaurantes e modernas salas de cinema, com imagem e som digital, sendo duas delas com exibi\u00e7\u00e3o de filmes em 3D.<\/span><\/p>\n<p>&nbsp;<\/p>\n","protected":false},"excerpt":{"rendered":"<p>Atividades s\u00e3o para crian\u00e7as de 4 a 12 anos e acontecem neste final de semana no Espa\u00e7o Brilhar; vagas s\u00e3o limitadas &nbsp; Dar asas \u00e0 imagina\u00e7\u00e3o,<span class=\"excerpt-hellip\"> [\u2026]<\/span><\/p>\n","protected":false},"author":10,"featured_media":23672,"comment_status":"open","ping_status":"open","sticky":false,"template":"","format":"standard","meta":{"_jetpack_memberships_contains_paid_content":false,"footnotes":"","jetpack_publicize_message":"","jetpack_publicize_feature_enabled":true,"jetpack_social_post_already_shared":false,"jetpack_social_options":{"image_generator_settings":{"template":"highway","default_image_id":0,"enabled":false},"version":2}},"categories":[28,44],"tags":[],"class_list":["post-23671","post","type-post","status-publish","format-standard","has-post-thumbnail","hentry","category-cotidiano","category-noticias"],"yoast_head":"<!-- This site is optimized with the Yoast SEO plugin v25.6 - https:\/\/yoast.com\/wordpress\/plugins\/seo\/ -->\n<title>Franca Shopping comemora Dia do Circo com oficinas art\u00edsticas gratuitas para crian\u00e7as - VerdadeOn<\/title>\n<meta name=\"robots\" content=\"index, follow, max-snippet:-1, max-image-preview:large, max-video-preview:-1\" \/>\n<link rel=\"canonical\" href=\"https:\/\/verdadeon.com.br\/portal\/2022\/03\/12\/franca-shopping-comemora-dia-do-circo-com-oficinas-artisticas-gratuitas-para-criancas\/\" \/>\n<meta property=\"og:locale\" content=\"pt_BR\" \/>\n<meta property=\"og:type\" content=\"article\" \/>\n<meta property=\"og:title\" content=\"Franca Shopping comemora Dia do Circo com oficinas art\u00edsticas gratuitas para crian\u00e7as - VerdadeOn\" \/>\n<meta property=\"og:description\" content=\"Atividades s\u00e3o para crian\u00e7as de 4 a 12 anos e acontecem neste final de semana no Espa\u00e7o Brilhar; vagas s\u00e3o limitadas &nbsp; Dar asas \u00e0 imagina\u00e7\u00e3o, [\u2026]\" \/>\n<meta property=\"og:url\" content=\"https:\/\/verdadeon.com.br\/portal\/2022\/03\/12\/franca-shopping-comemora-dia-do-circo-com-oficinas-artisticas-gratuitas-para-criancas\/\" \/>\n<meta property=\"og:site_name\" content=\"VerdadeOn\" \/>\n<meta property=\"article:published_time\" content=\"2022-03-12T14:37:19+00:00\" \/>\n<meta property=\"og:image\" content=\"https:\/\/verdadeon.com.br\/portal\/wp-content\/uploads\/2022\/03\/Oficina_Pindorama-1.jpg\" \/>\n\t<meta property=\"og:image:width\" content=\"2048\" \/>\n\t<meta property=\"og:image:height\" content=\"1367\" \/>\n\t<meta property=\"og:image:type\" content=\"image\/jpeg\" \/>\n<meta name=\"author\" content=\"Redacao VerdadeOn\" \/>\n<meta name=\"twitter:card\" content=\"summary_large_image\" \/>\n<meta name=\"twitter:label1\" content=\"Escrito por\" \/>\n\t<meta name=\"twitter:data1\" content=\"Redacao VerdadeOn\" \/>\n\t<meta name=\"twitter:label2\" content=\"Est. tempo de leitura\" \/>\n\t<meta name=\"twitter:data2\" content=\"2 minutos\" \/>\n<script type=\"application\/ld+json\" class=\"yoast-schema-graph\">{\"@context\":\"https:\/\/schema.org\",\"@graph\":[{\"@type\":\"WebPage\",\"@id\":\"https:\/\/verdadeon.com.br\/portal\/2022\/03\/12\/franca-shopping-comemora-dia-do-circo-com-oficinas-artisticas-gratuitas-para-criancas\/\",\"url\":\"https:\/\/verdadeon.com.br\/portal\/2022\/03\/12\/franca-shopping-comemora-dia-do-circo-com-oficinas-artisticas-gratuitas-para-criancas\/\",\"name\":\"Franca Shopping comemora Dia do Circo com oficinas art\u00edsticas gratuitas para crian\u00e7as - VerdadeOn\",\"isPartOf\":{\"@id\":\"https:\/\/verdadeon.com.br\/portal\/#website\"},\"primaryImageOfPage\":{\"@id\":\"https:\/\/verdadeon.com.br\/portal\/2022\/03\/12\/franca-shopping-comemora-dia-do-circo-com-oficinas-artisticas-gratuitas-para-criancas\/#primaryimage\"},\"image\":{\"@id\":\"https:\/\/verdadeon.com.br\/portal\/2022\/03\/12\/franca-shopping-comemora-dia-do-circo-com-oficinas-artisticas-gratuitas-para-criancas\/#primaryimage\"},\"thumbnailUrl\":\"https:\/\/i0.wp.com\/verdadeon.com.br\/portal\/wp-content\/uploads\/2022\/03\/Oficina_Pindorama-1.jpg?fit=2048%2C1367&ssl=1\",\"datePublished\":\"2022-03-12T14:37:19+00:00\",\"author\":{\"@id\":\"https:\/\/verdadeon.com.br\/portal\/#\/schema\/person\/a5060ad1e9ea3df545188fc93ce43d2f\"},\"breadcrumb\":{\"@id\":\"https:\/\/verdadeon.com.br\/portal\/2022\/03\/12\/franca-shopping-comemora-dia-do-circo-com-oficinas-artisticas-gratuitas-para-criancas\/#breadcrumb\"},\"inLanguage\":\"pt-BR\",\"potentialAction\":[{\"@type\":\"ReadAction\",\"target\":[\"https:\/\/verdadeon.com.br\/portal\/2022\/03\/12\/franca-shopping-comemora-dia-do-circo-com-oficinas-artisticas-gratuitas-para-criancas\/\"]}]},{\"@type\":\"ImageObject\",\"inLanguage\":\"pt-BR\",\"@id\":\"https:\/\/verdadeon.com.br\/portal\/2022\/03\/12\/franca-shopping-comemora-dia-do-circo-com-oficinas-artisticas-gratuitas-para-criancas\/#primaryimage\",\"url\":\"https:\/\/i0.wp.com\/verdadeon.com.br\/portal\/wp-content\/uploads\/2022\/03\/Oficina_Pindorama-1.jpg?fit=2048%2C1367&ssl=1\",\"contentUrl\":\"https:\/\/i0.wp.com\/verdadeon.com.br\/portal\/wp-content\/uploads\/2022\/03\/Oficina_Pindorama-1.jpg?fit=2048%2C1367&ssl=1\",\"width\":2048,\"height\":1367,\"caption\":\"Com o tema Boneco Trapezista, em homenagem ao Dia do Circo, as oficinas v\u00e3o ensinar as crian\u00e7as a confeccionarem o pr\u00f3prio brinquedo | Foto: Divulga\u00e7\u00e3o\"},{\"@type\":\"BreadcrumbList\",\"@id\":\"https:\/\/verdadeon.com.br\/portal\/2022\/03\/12\/franca-shopping-comemora-dia-do-circo-com-oficinas-artisticas-gratuitas-para-criancas\/#breadcrumb\",\"itemListElement\":[{\"@type\":\"ListItem\",\"position\":1,\"name\":\"In\u00edcio\",\"item\":\"https:\/\/verdadeon.com.br\/portal\/\"},{\"@type\":\"ListItem\",\"position\":2,\"name\":\"Franca Shopping comemora Dia do Circo com oficinas art\u00edsticas gratuitas para crian\u00e7as\"}]},{\"@type\":\"WebSite\",\"@id\":\"https:\/\/verdadeon.com.br\/portal\/#website\",\"url\":\"https:\/\/verdadeon.com.br\/portal\/\",\"name\":\"VerdadeOn\",\"description\":\"Not\u00edcias di\u00e1rias sobre Franca, Regi\u00e3o, Esporte, Cultura, Cotidiano, Colunas. Cobertura nos principais eventos da cidade \u00e9 aqui - Verdadeon Franca\",\"potentialAction\":[{\"@type\":\"SearchAction\",\"target\":{\"@type\":\"EntryPoint\",\"urlTemplate\":\"https:\/\/verdadeon.com.br\/portal\/?s={search_term_string}\"},\"query-input\":{\"@type\":\"PropertyValueSpecification\",\"valueRequired\":true,\"valueName\":\"search_term_string\"}}],\"inLanguage\":\"pt-BR\"},{\"@type\":\"Person\",\"@id\":\"https:\/\/verdadeon.com.br\/portal\/#\/schema\/person\/a5060ad1e9ea3df545188fc93ce43d2f\",\"name\":\"Redacao VerdadeOn\",\"image\":{\"@type\":\"ImageObject\",\"inLanguage\":\"pt-BR\",\"@id\":\"https:\/\/verdadeon.com.br\/portal\/#\/schema\/person\/image\/\",\"url\":\"https:\/\/secure.gravatar.com\/avatar\/459a9613caaaf07f582c3d0841eea68bdd66f533e465e6ba8b9cb45619572cf4?s=96&d=mm&r=g\",\"contentUrl\":\"https:\/\/secure.gravatar.com\/avatar\/459a9613caaaf07f582c3d0841eea68bdd66f533e465e6ba8b9cb45619572cf4?s=96&d=mm&r=g\",\"caption\":\"Redacao VerdadeOn\"},\"url\":\"https:\/\/verdadeon.com.br\/portal\/author\/redacao\/\"}]}<\/script>\n<!-- \/ Yoast SEO plugin. -->","yoast_head_json":{"title":"Franca Shopping comemora Dia do Circo com oficinas art\u00edsticas gratuitas para crian\u00e7as - VerdadeOn","robots":{"index":"index","follow":"follow","max-snippet":"max-snippet:-1","max-image-preview":"max-image-preview:large","max-video-preview":"max-video-preview:-1"},"canonical":"https:\/\/verdadeon.com.br\/portal\/2022\/03\/12\/franca-shopping-comemora-dia-do-circo-com-oficinas-artisticas-gratuitas-para-criancas\/","og_locale":"pt_BR","og_type":"article","og_title":"Franca Shopping comemora Dia do Circo com oficinas art\u00edsticas gratuitas para crian\u00e7as - VerdadeOn","og_description":"Atividades s\u00e3o para crian\u00e7as de 4 a 12 anos e acontecem neste final de semana no Espa\u00e7o Brilhar; vagas s\u00e3o limitadas &nbsp; Dar asas \u00e0 imagina\u00e7\u00e3o, [\u2026]","og_url":"https:\/\/verdadeon.com.br\/portal\/2022\/03\/12\/franca-shopping-comemora-dia-do-circo-com-oficinas-artisticas-gratuitas-para-criancas\/","og_site_name":"VerdadeOn","article_published_time":"2022-03-12T14:37:19+00:00","og_image":[{"width":2048,"height":1367,"url":"https:\/\/verdadeon.com.br\/portal\/wp-content\/uploads\/2022\/03\/Oficina_Pindorama-1.jpg","type":"image\/jpeg"}],"author":"Redacao VerdadeOn","twitter_card":"summary_large_image","twitter_misc":{"Escrito por":"Redacao VerdadeOn","Est. tempo de leitura":"2 minutos"},"schema":{"@context":"https:\/\/schema.org","@graph":[{"@type":"WebPage","@id":"https:\/\/verdadeon.com.br\/portal\/2022\/03\/12\/franca-shopping-comemora-dia-do-circo-com-oficinas-artisticas-gratuitas-para-criancas\/","url":"https:\/\/verdadeon.com.br\/portal\/2022\/03\/12\/franca-shopping-comemora-dia-do-circo-com-oficinas-artisticas-gratuitas-para-criancas\/","name":"Franca Shopping comemora Dia do Circo com oficinas art\u00edsticas gratuitas para crian\u00e7as - VerdadeOn","isPartOf":{"@id":"https:\/\/verdadeon.com.br\/portal\/#website"},"primaryImageOfPage":{"@id":"https:\/\/verdadeon.com.br\/portal\/2022\/03\/12\/franca-shopping-comemora-dia-do-circo-com-oficinas-artisticas-gratuitas-para-criancas\/#primaryimage"},"image":{"@id":"https:\/\/verdadeon.com.br\/portal\/2022\/03\/12\/franca-shopping-comemora-dia-do-circo-com-oficinas-artisticas-gratuitas-para-criancas\/#primaryimage"},"thumbnailUrl":"https:\/\/i0.wp.com\/verdadeon.com.br\/portal\/wp-content\/uploads\/2022\/03\/Oficina_Pindorama-1.jpg?fit=2048%2C1367&ssl=1","datePublished":"2022-03-12T14:37:19+00:00","author":{"@id":"https:\/\/verdadeon.com.br\/portal\/#\/schema\/person\/a5060ad1e9ea3df545188fc93ce43d2f"},"breadcrumb":{"@id":"https:\/\/verdadeon.com.br\/portal\/2022\/03\/12\/franca-shopping-comemora-dia-do-circo-com-oficinas-artisticas-gratuitas-para-criancas\/#breadcrumb"},"inLanguage":"pt-BR","potentialAction":[{"@type":"ReadAction","target":["https:\/\/verdadeon.com.br\/portal\/2022\/03\/12\/franca-shopping-comemora-dia-do-circo-com-oficinas-artisticas-gratuitas-para-criancas\/"]}]},{"@type":"ImageObject","inLanguage":"pt-BR","@id":"https:\/\/verdadeon.com.br\/portal\/2022\/03\/12\/franca-shopping-comemora-dia-do-circo-com-oficinas-artisticas-gratuitas-para-criancas\/#primaryimage","url":"https:\/\/i0.wp.com\/verdadeon.com.br\/portal\/wp-content\/uploads\/2022\/03\/Oficina_Pindorama-1.jpg?fit=2048%2C1367&ssl=1","contentUrl":"https:\/\/i0.wp.com\/verdadeon.com.br\/portal\/wp-content\/uploads\/2022\/03\/Oficina_Pindorama-1.jpg?fit=2048%2C1367&ssl=1","width":2048,"height":1367,"caption":"Com o tema Boneco Trapezista, em homenagem ao Dia do Circo, as oficinas v\u00e3o ensinar as crian\u00e7as a confeccionarem o pr\u00f3prio brinquedo | Foto: Divulga\u00e7\u00e3o"},{"@type":"BreadcrumbList","@id":"https:\/\/verdadeon.com.br\/portal\/2022\/03\/12\/franca-shopping-comemora-dia-do-circo-com-oficinas-artisticas-gratuitas-para-criancas\/#breadcrumb","itemListElement":[{"@type":"ListItem","position":1,"name":"In\u00edcio","item":"https:\/\/verdadeon.com.br\/portal\/"},{"@type":"ListItem","position":2,"name":"Franca Shopping comemora Dia do Circo com oficinas art\u00edsticas gratuitas para crian\u00e7as"}]},{"@type":"WebSite","@id":"https:\/\/verdadeon.com.br\/portal\/#website","url":"https:\/\/verdadeon.com.br\/portal\/","name":"VerdadeOn","description":"Not\u00edcias di\u00e1rias sobre Franca, Regi\u00e3o, Esporte, Cultura, Cotidiano, Colunas. Cobertura nos principais eventos da cidade \u00e9 aqui - Verdadeon Franca","potentialAction":[{"@type":"SearchAction","target":{"@type":"EntryPoint","urlTemplate":"https:\/\/verdadeon.com.br\/portal\/?s={search_term_string}"},"query-input":{"@type":"PropertyValueSpecification","valueRequired":true,"valueName":"search_term_string"}}],"inLanguage":"pt-BR"},{"@type":"Person","@id":"https:\/\/verdadeon.com.br\/portal\/#\/schema\/person\/a5060ad1e9ea3df545188fc93ce43d2f","name":"Redacao VerdadeOn","image":{"@type":"ImageObject","inLanguage":"pt-BR","@id":"https:\/\/verdadeon.com.br\/portal\/#\/schema\/person\/image\/","url":"https:\/\/secure.gravatar.com\/avatar\/459a9613caaaf07f582c3d0841eea68bdd66f533e465e6ba8b9cb45619572cf4?s=96&d=mm&r=g","contentUrl":"https:\/\/secure.gravatar.com\/avatar\/459a9613caaaf07f582c3d0841eea68bdd66f533e465e6ba8b9cb45619572cf4?s=96&d=mm&r=g","caption":"Redacao VerdadeOn"},"url":"https:\/\/verdadeon.com.br\/portal\/author\/redacao\/"}]}},"jetpack_publicize_connections":[],"jetpack_featured_media_url":"https:\/\/i0.wp.com\/verdadeon.com.br\/portal\/wp-content\/uploads\/2022\/03\/Oficina_Pindorama-1.jpg?fit=2048%2C1367&ssl=1","jetpack_sharing_enabled":true,"_links":{"self":[{"href":"https:\/\/verdadeon.com.br\/portal\/wp-json\/wp\/v2\/posts\/23671","targetHints":{"allow":["GET"]}}],"collection":[{"href":"https:\/\/verdadeon.com.br\/portal\/wp-json\/wp\/v2\/posts"}],"about":[{"href":"https:\/\/verdadeon.com.br\/portal\/wp-json\/wp\/v2\/types\/post"}],"author":[{"embeddable":true,"href":"https:\/\/verdadeon.com.br\/portal\/wp-json\/wp\/v2\/users\/10"}],"replies":[{"embeddable":true,"href":"https:\/\/verdadeon.com.br\/portal\/wp-json\/wp\/v2\/comments?post=23671"}],"version-history":[{"count":1,"href":"https:\/\/verdadeon.com.br\/portal\/wp-json\/wp\/v2\/posts\/23671\/revisions"}],"predecessor-version":[{"id":23673,"href":"https:\/\/verdadeon.com.br\/portal\/wp-json\/wp\/v2\/posts\/23671\/revisions\/23673"}],"wp:featuredmedia":[{"embeddable":true,"href":"https:\/\/verdadeon.com.br\/portal\/wp-json\/wp\/v2\/media\/23672"}],"wp:attachment":[{"href":"https:\/\/verdadeon.com.br\/portal\/wp-json\/wp\/v2\/media?parent=23671"}],"wp:term":[{"taxonomy":"category","embeddable":true,"href":"https:\/\/verdadeon.com.br\/portal\/wp-json\/wp\/v2\/categories?post=23671"},{"taxonomy":"post_tag","embeddable":true,"href":"https:\/\/verdadeon.com.br\/portal\/wp-json\/wp\/v2\/tags?post=23671"}],"curies":[{"name":"wp","href":"https:\/\/api.w.org\/{rel}","templated":true}]}}