{"id":23666,"date":"2022-03-12T16:00:12","date_gmt":"2022-03-12T19:00:12","guid":{"rendered":"https:\/\/verdadeon.com.br\/portal\/?p=23666"},"modified":"2022-03-12T10:55:40","modified_gmt":"2022-03-12T13:55:40","slug":"ministerio-da-justica-questiona-petrobras-sobre-alta-dos-combustiveis","status":"publish","type":"post","link":"https:\/\/verdadeon.com.br\/portal\/2022\/03\/12\/ministerio-da-justica-questiona-petrobras-sobre-alta-dos-combustiveis\/","title":{"rendered":"Minist\u00e9rio da Justi\u00e7a questiona Petrobras sobre alta dos combust\u00edveis"},"content":{"rendered":"<h2>A empresa deveria prestar informa\u00e7\u00f5es para compreens\u00e3o da din\u00e2mica dos mercados de combust\u00edveis<\/h2>\n<p>O Minist\u00e9rio da Justi\u00e7a pediu \u00e0 Petrobras esclarecimentos sobre o recente aumento de 18,8% nos pre\u00e7os da gasolina e de 24,9% do diesel. A notifica\u00e7\u00e3o foi feita nesta semana. A Secretaria Nacional do Consumidor (Senacon), vinculada ao minist\u00e9rio, foi a respons\u00e1vel pela notifica\u00e7\u00e3o.<img data-recalc-dims=\"1\" decoding=\"async\" src=\"https:\/\/i0.wp.com\/agenciabrasil.ebc.com.br\/ebc.png?w=1220&#038;ssl=1\" \/><img data-recalc-dims=\"1\" decoding=\"async\" src=\"https:\/\/i0.wp.com\/agenciabrasil.ebc.com.br\/ebc.gif?w=1220&#038;ssl=1\" \/><\/p>\n<p>Aumentos no pre\u00e7o dos combust\u00edveis j\u00e1 haviam motivado questionamentos do minist\u00e9rio \u00e0 estatal em outubro, mas. na ocasi\u00e3o, a Petrobras n\u00e3o ofereceu os esclarecimentos necess\u00e1rios.<br \/>\nA empresa deveria prestar informa\u00e7\u00f5es para compreens\u00e3o da din\u00e2mica dos mercados de combust\u00edveis, de modo a serem feitas sugest\u00f5es para seu aperfei\u00e7oamento com a perspectiva da prote\u00e7\u00e3o e defesa do consumidor.<\/p>\n<h4>Refinaria privada na Bahia<\/h4>\n<p>A Senacon tamb\u00e9m notificou a Acelen, empresa privada respons\u00e1vel pela Refinaria de Mataripe, em S\u00e3o Francisco do Conde, na Bahia. A Acelen tem prazo de dez dias para responder como o d\u00f3lar e as varia\u00e7\u00f5es do pre\u00e7o do barril de petr\u00f3leo no mercado internacional influenciam no valor dos combust\u00edveis.<br \/>\nO Minist\u00e9rio da Justi\u00e7a levou em considera\u00e7\u00e3o as recentes not\u00edcias sobre a eleva\u00e7\u00e3o de pre\u00e7os de combust\u00edveis produzidos pela Petrobras. A informa\u00e7\u00e3o era que os combust\u00edveis estariam custando 6,4% a mais do que o vendido pela Petrobras, elevando assim, o pre\u00e7o nas bombas.<\/p>\n<p>Fonte: Ag\u00eancia Brasil<\/p>\n","protected":false},"excerpt":{"rendered":"<p>A empresa deveria prestar informa\u00e7\u00f5es para compreens\u00e3o da din\u00e2mica dos mercados de combust\u00edveis O Minist\u00e9rio da Justi\u00e7a pediu \u00e0 Petrobras esclarecimentos sobre o recente aumento de<span class=\"excerpt-hellip\"> [\u2026]<\/span><\/p>\n","protected":false},"author":7,"featured_media":23667,"comment_status":"open","ping_status":"open","sticky":false,"template":"","format":"standard","meta":{"_jetpack_memberships_contains_paid_content":false,"footnotes":"","jetpack_publicize_message":"","jetpack_publicize_feature_enabled":true,"jetpack_social_post_already_shared":false,"jetpack_social_options":{"image_generator_settings":{"template":"highway","default_image_id":0,"enabled":false},"version":2}},"categories":[28,44],"tags":[],"class_list":["post-23666","post","type-post","status-publish","format-standard","has-post-thumbnail","hentry","category-cotidiano","category-noticias"],"yoast_head":"<!-- This site is optimized with the Yoast SEO plugin v25.6 - https:\/\/yoast.com\/wordpress\/plugins\/seo\/ -->\n<title>Minist\u00e9rio da Justi\u00e7a questiona Petrobras sobre alta dos combust\u00edveis - VerdadeOn<\/title>\n<meta name=\"robots\" content=\"index, follow, max-snippet:-1, max-image-preview:large, max-video-preview:-1\" \/>\n<link rel=\"canonical\" href=\"https:\/\/verdadeon.com.br\/portal\/2022\/03\/12\/ministerio-da-justica-questiona-petrobras-sobre-alta-dos-combustiveis\/\" \/>\n<meta property=\"og:locale\" content=\"pt_BR\" \/>\n<meta property=\"og:type\" content=\"article\" \/>\n<meta property=\"og:title\" content=\"Minist\u00e9rio da Justi\u00e7a questiona Petrobras sobre alta dos combust\u00edveis - VerdadeOn\" \/>\n<meta property=\"og:description\" content=\"A empresa deveria prestar informa\u00e7\u00f5es para compreens\u00e3o da din\u00e2mica dos mercados de combust\u00edveis O Minist\u00e9rio da Justi\u00e7a pediu \u00e0 Petrobras esclarecimentos sobre o recente aumento de [\u2026]\" \/>\n<meta property=\"og:url\" content=\"https:\/\/verdadeon.com.br\/portal\/2022\/03\/12\/ministerio-da-justica-questiona-petrobras-sobre-alta-dos-combustiveis\/\" \/>\n<meta property=\"og:site_name\" content=\"VerdadeOn\" \/>\n<meta property=\"article:published_time\" content=\"2022-03-12T19:00:12+00:00\" \/>\n<meta property=\"og:image\" content=\"https:\/\/verdadeon.com.br\/portal\/wp-content\/uploads\/2022\/03\/fiscalizacao-postos-de-combustivel_mcamgo_abr_150320211818-32.jpg\" \/>\n\t<meta property=\"og:image:width\" content=\"1170\" \/>\n\t<meta property=\"og:image:height\" content=\"700\" \/>\n\t<meta property=\"og:image:type\" content=\"image\/jpeg\" \/>\n<meta name=\"author\" content=\"Fernando Lima\" \/>\n<meta name=\"twitter:card\" content=\"summary_large_image\" \/>\n<meta name=\"twitter:label1\" content=\"Escrito por\" \/>\n\t<meta name=\"twitter:data1\" content=\"Fernando Lima\" \/>\n\t<meta name=\"twitter:label2\" content=\"Est. tempo de leitura\" \/>\n\t<meta name=\"twitter:data2\" content=\"2 minutos\" \/>\n<script type=\"application\/ld+json\" class=\"yoast-schema-graph\">{\"@context\":\"https:\/\/schema.org\",\"@graph\":[{\"@type\":\"WebPage\",\"@id\":\"https:\/\/verdadeon.com.br\/portal\/2022\/03\/12\/ministerio-da-justica-questiona-petrobras-sobre-alta-dos-combustiveis\/\",\"url\":\"https:\/\/verdadeon.com.br\/portal\/2022\/03\/12\/ministerio-da-justica-questiona-petrobras-sobre-alta-dos-combustiveis\/\",\"name\":\"Minist\u00e9rio da Justi\u00e7a questiona Petrobras sobre alta dos combust\u00edveis - VerdadeOn\",\"isPartOf\":{\"@id\":\"https:\/\/verdadeon.com.br\/portal\/#website\"},\"primaryImageOfPage\":{\"@id\":\"https:\/\/verdadeon.com.br\/portal\/2022\/03\/12\/ministerio-da-justica-questiona-petrobras-sobre-alta-dos-combustiveis\/#primaryimage\"},\"image\":{\"@id\":\"https:\/\/verdadeon.com.br\/portal\/2022\/03\/12\/ministerio-da-justica-questiona-petrobras-sobre-alta-dos-combustiveis\/#primaryimage\"},\"thumbnailUrl\":\"https:\/\/i0.wp.com\/verdadeon.com.br\/portal\/wp-content\/uploads\/2022\/03\/fiscalizacao-postos-de-combustivel_mcamgo_abr_150320211818-32.jpg?fit=1170%2C700&ssl=1\",\"datePublished\":\"2022-03-12T19:00:12+00:00\",\"author\":{\"@id\":\"https:\/\/verdadeon.com.br\/portal\/#\/schema\/person\/cc32be22b8e8599387c480bc83e1d11a\"},\"breadcrumb\":{\"@id\":\"https:\/\/verdadeon.com.br\/portal\/2022\/03\/12\/ministerio-da-justica-questiona-petrobras-sobre-alta-dos-combustiveis\/#breadcrumb\"},\"inLanguage\":\"pt-BR\",\"potentialAction\":[{\"@type\":\"ReadAction\",\"target\":[\"https:\/\/verdadeon.com.br\/portal\/2022\/03\/12\/ministerio-da-justica-questiona-petrobras-sobre-alta-dos-combustiveis\/\"]}]},{\"@type\":\"ImageObject\",\"inLanguage\":\"pt-BR\",\"@id\":\"https:\/\/verdadeon.com.br\/portal\/2022\/03\/12\/ministerio-da-justica-questiona-petrobras-sobre-alta-dos-combustiveis\/#primaryimage\",\"url\":\"https:\/\/i0.wp.com\/verdadeon.com.br\/portal\/wp-content\/uploads\/2022\/03\/fiscalizacao-postos-de-combustivel_mcamgo_abr_150320211818-32.jpg?fit=1170%2C700&ssl=1\",\"contentUrl\":\"https:\/\/i0.wp.com\/verdadeon.com.br\/portal\/wp-content\/uploads\/2022\/03\/fiscalizacao-postos-de-combustivel_mcamgo_abr_150320211818-32.jpg?fit=1170%2C700&ssl=1\",\"width\":1170,\"height\":700,\"caption\":\"Desde a \u00faltima quinta-feira postos de combust\u00edveis subiram os pre\u00e7os, em alguns lugares a gasolina j\u00e1 \u00e9 vendida a mais de oito reais | Foto: Ag\u00eancia Brasil\"},{\"@type\":\"BreadcrumbList\",\"@id\":\"https:\/\/verdadeon.com.br\/portal\/2022\/03\/12\/ministerio-da-justica-questiona-petrobras-sobre-alta-dos-combustiveis\/#breadcrumb\",\"itemListElement\":[{\"@type\":\"ListItem\",\"position\":1,\"name\":\"In\u00edcio\",\"item\":\"https:\/\/verdadeon.com.br\/portal\/\"},{\"@type\":\"ListItem\",\"position\":2,\"name\":\"Minist\u00e9rio da Justi\u00e7a questiona Petrobras sobre alta dos combust\u00edveis\"}]},{\"@type\":\"WebSite\",\"@id\":\"https:\/\/verdadeon.com.br\/portal\/#website\",\"url\":\"https:\/\/verdadeon.com.br\/portal\/\",\"name\":\"VerdadeOn\",\"description\":\"Not\u00edcias di\u00e1rias sobre Franca, Regi\u00e3o, Esporte, Cultura, Cotidiano, Colunas. Cobertura nos principais eventos da cidade \u00e9 aqui - Verdadeon Franca\",\"potentialAction\":[{\"@type\":\"SearchAction\",\"target\":{\"@type\":\"EntryPoint\",\"urlTemplate\":\"https:\/\/verdadeon.com.br\/portal\/?s={search_term_string}\"},\"query-input\":{\"@type\":\"PropertyValueSpecification\",\"valueRequired\":true,\"valueName\":\"search_term_string\"}}],\"inLanguage\":\"pt-BR\"},{\"@type\":\"Person\",\"@id\":\"https:\/\/verdadeon.com.br\/portal\/#\/schema\/person\/cc32be22b8e8599387c480bc83e1d11a\",\"name\":\"Fernando Lima\",\"image\":{\"@type\":\"ImageObject\",\"inLanguage\":\"pt-BR\",\"@id\":\"https:\/\/verdadeon.com.br\/portal\/#\/schema\/person\/image\/\",\"url\":\"https:\/\/secure.gravatar.com\/avatar\/df4c8e132080d2b3a4841d5d232045464e0eed11a1d6e43115ca0843d48768d3?s=96&d=mm&r=g\",\"contentUrl\":\"https:\/\/secure.gravatar.com\/avatar\/df4c8e132080d2b3a4841d5d232045464e0eed11a1d6e43115ca0843d48768d3?s=96&d=mm&r=g\",\"caption\":\"Fernando Lima\"},\"sameAs\":[\"http:\/\/verdadeon.com.br\/\"],\"url\":\"https:\/\/verdadeon.com.br\/portal\/author\/fernando-lima\/\"}]}<\/script>\n<!-- \/ Yoast SEO plugin. -->","yoast_head_json":{"title":"Minist\u00e9rio da Justi\u00e7a questiona Petrobras sobre alta dos combust\u00edveis - VerdadeOn","robots":{"index":"index","follow":"follow","max-snippet":"max-snippet:-1","max-image-preview":"max-image-preview:large","max-video-preview":"max-video-preview:-1"},"canonical":"https:\/\/verdadeon.com.br\/portal\/2022\/03\/12\/ministerio-da-justica-questiona-petrobras-sobre-alta-dos-combustiveis\/","og_locale":"pt_BR","og_type":"article","og_title":"Minist\u00e9rio da Justi\u00e7a questiona Petrobras sobre alta dos combust\u00edveis - VerdadeOn","og_description":"A empresa deveria prestar informa\u00e7\u00f5es para compreens\u00e3o da din\u00e2mica dos mercados de combust\u00edveis O Minist\u00e9rio da Justi\u00e7a pediu \u00e0 Petrobras esclarecimentos sobre o recente aumento de [\u2026]","og_url":"https:\/\/verdadeon.com.br\/portal\/2022\/03\/12\/ministerio-da-justica-questiona-petrobras-sobre-alta-dos-combustiveis\/","og_site_name":"VerdadeOn","article_published_time":"2022-03-12T19:00:12+00:00","og_image":[{"width":1170,"height":700,"url":"https:\/\/verdadeon.com.br\/portal\/wp-content\/uploads\/2022\/03\/fiscalizacao-postos-de-combustivel_mcamgo_abr_150320211818-32.jpg","type":"image\/jpeg"}],"author":"Fernando Lima","twitter_card":"summary_large_image","twitter_misc":{"Escrito por":"Fernando Lima","Est. tempo de leitura":"2 minutos"},"schema":{"@context":"https:\/\/schema.org","@graph":[{"@type":"WebPage","@id":"https:\/\/verdadeon.com.br\/portal\/2022\/03\/12\/ministerio-da-justica-questiona-petrobras-sobre-alta-dos-combustiveis\/","url":"https:\/\/verdadeon.com.br\/portal\/2022\/03\/12\/ministerio-da-justica-questiona-petrobras-sobre-alta-dos-combustiveis\/","name":"Minist\u00e9rio da Justi\u00e7a questiona Petrobras sobre alta dos combust\u00edveis - VerdadeOn","isPartOf":{"@id":"https:\/\/verdadeon.com.br\/portal\/#website"},"primaryImageOfPage":{"@id":"https:\/\/verdadeon.com.br\/portal\/2022\/03\/12\/ministerio-da-justica-questiona-petrobras-sobre-alta-dos-combustiveis\/#primaryimage"},"image":{"@id":"https:\/\/verdadeon.com.br\/portal\/2022\/03\/12\/ministerio-da-justica-questiona-petrobras-sobre-alta-dos-combustiveis\/#primaryimage"},"thumbnailUrl":"https:\/\/i0.wp.com\/verdadeon.com.br\/portal\/wp-content\/uploads\/2022\/03\/fiscalizacao-postos-de-combustivel_mcamgo_abr_150320211818-32.jpg?fit=1170%2C700&ssl=1","datePublished":"2022-03-12T19:00:12+00:00","author":{"@id":"https:\/\/verdadeon.com.br\/portal\/#\/schema\/person\/cc32be22b8e8599387c480bc83e1d11a"},"breadcrumb":{"@id":"https:\/\/verdadeon.com.br\/portal\/2022\/03\/12\/ministerio-da-justica-questiona-petrobras-sobre-alta-dos-combustiveis\/#breadcrumb"},"inLanguage":"pt-BR","potentialAction":[{"@type":"ReadAction","target":["https:\/\/verdadeon.com.br\/portal\/2022\/03\/12\/ministerio-da-justica-questiona-petrobras-sobre-alta-dos-combustiveis\/"]}]},{"@type":"ImageObject","inLanguage":"pt-BR","@id":"https:\/\/verdadeon.com.br\/portal\/2022\/03\/12\/ministerio-da-justica-questiona-petrobras-sobre-alta-dos-combustiveis\/#primaryimage","url":"https:\/\/i0.wp.com\/verdadeon.com.br\/portal\/wp-content\/uploads\/2022\/03\/fiscalizacao-postos-de-combustivel_mcamgo_abr_150320211818-32.jpg?fit=1170%2C700&ssl=1","contentUrl":"https:\/\/i0.wp.com\/verdadeon.com.br\/portal\/wp-content\/uploads\/2022\/03\/fiscalizacao-postos-de-combustivel_mcamgo_abr_150320211818-32.jpg?fit=1170%2C700&ssl=1","width":1170,"height":700,"caption":"Desde a \u00faltima quinta-feira postos de combust\u00edveis subiram os pre\u00e7os, em alguns lugares a gasolina j\u00e1 \u00e9 vendida a mais de oito reais | Foto: Ag\u00eancia Brasil"},{"@type":"BreadcrumbList","@id":"https:\/\/verdadeon.com.br\/portal\/2022\/03\/12\/ministerio-da-justica-questiona-petrobras-sobre-alta-dos-combustiveis\/#breadcrumb","itemListElement":[{"@type":"ListItem","position":1,"name":"In\u00edcio","item":"https:\/\/verdadeon.com.br\/portal\/"},{"@type":"ListItem","position":2,"name":"Minist\u00e9rio da Justi\u00e7a questiona Petrobras sobre alta dos combust\u00edveis"}]},{"@type":"WebSite","@id":"https:\/\/verdadeon.com.br\/portal\/#website","url":"https:\/\/verdadeon.com.br\/portal\/","name":"VerdadeOn","description":"Not\u00edcias di\u00e1rias sobre Franca, Regi\u00e3o, Esporte, Cultura, Cotidiano, Colunas. Cobertura nos principais eventos da cidade \u00e9 aqui - Verdadeon Franca","potentialAction":[{"@type":"SearchAction","target":{"@type":"EntryPoint","urlTemplate":"https:\/\/verdadeon.com.br\/portal\/?s={search_term_string}"},"query-input":{"@type":"PropertyValueSpecification","valueRequired":true,"valueName":"search_term_string"}}],"inLanguage":"pt-BR"},{"@type":"Person","@id":"https:\/\/verdadeon.com.br\/portal\/#\/schema\/person\/cc32be22b8e8599387c480bc83e1d11a","name":"Fernando Lima","image":{"@type":"ImageObject","inLanguage":"pt-BR","@id":"https:\/\/verdadeon.com.br\/portal\/#\/schema\/person\/image\/","url":"https:\/\/secure.gravatar.com\/avatar\/df4c8e132080d2b3a4841d5d232045464e0eed11a1d6e43115ca0843d48768d3?s=96&d=mm&r=g","contentUrl":"https:\/\/secure.gravatar.com\/avatar\/df4c8e132080d2b3a4841d5d232045464e0eed11a1d6e43115ca0843d48768d3?s=96&d=mm&r=g","caption":"Fernando Lima"},"sameAs":["http:\/\/verdadeon.com.br\/"],"url":"https:\/\/verdadeon.com.br\/portal\/author\/fernando-lima\/"}]}},"jetpack_publicize_connections":[],"jetpack_featured_media_url":"https:\/\/i0.wp.com\/verdadeon.com.br\/portal\/wp-content\/uploads\/2022\/03\/fiscalizacao-postos-de-combustivel_mcamgo_abr_150320211818-32.jpg?fit=1170%2C700&ssl=1","jetpack_sharing_enabled":true,"_links":{"self":[{"href":"https:\/\/verdadeon.com.br\/portal\/wp-json\/wp\/v2\/posts\/23666","targetHints":{"allow":["GET"]}}],"collection":[{"href":"https:\/\/verdadeon.com.br\/portal\/wp-json\/wp\/v2\/posts"}],"about":[{"href":"https:\/\/verdadeon.com.br\/portal\/wp-json\/wp\/v2\/types\/post"}],"author":[{"embeddable":true,"href":"https:\/\/verdadeon.com.br\/portal\/wp-json\/wp\/v2\/users\/7"}],"replies":[{"embeddable":true,"href":"https:\/\/verdadeon.com.br\/portal\/wp-json\/wp\/v2\/comments?post=23666"}],"version-history":[{"count":1,"href":"https:\/\/verdadeon.com.br\/portal\/wp-json\/wp\/v2\/posts\/23666\/revisions"}],"predecessor-version":[{"id":23668,"href":"https:\/\/verdadeon.com.br\/portal\/wp-json\/wp\/v2\/posts\/23666\/revisions\/23668"}],"wp:featuredmedia":[{"embeddable":true,"href":"https:\/\/verdadeon.com.br\/portal\/wp-json\/wp\/v2\/media\/23667"}],"wp:attachment":[{"href":"https:\/\/verdadeon.com.br\/portal\/wp-json\/wp\/v2\/media?parent=23666"}],"wp:term":[{"taxonomy":"category","embeddable":true,"href":"https:\/\/verdadeon.com.br\/portal\/wp-json\/wp\/v2\/categories?post=23666"},{"taxonomy":"post_tag","embeddable":true,"href":"https:\/\/verdadeon.com.br\/portal\/wp-json\/wp\/v2\/tags?post=23666"}],"curies":[{"name":"wp","href":"https:\/\/api.w.org\/{rel}","templated":true}]}}