{"id":23655,"date":"2022-03-11T13:00:05","date_gmt":"2022-03-11T16:00:05","guid":{"rendered":"https:\/\/verdadeon.com.br\/portal\/?p=23655"},"modified":"2022-03-11T19:56:52","modified_gmt":"2022-03-11T22:56:52","slug":"com-novidade-tite-convoca-selecao-para-reta-final-das-eliminatorias","status":"publish","type":"post","link":"https:\/\/verdadeon.com.br\/portal\/2022\/03\/11\/com-novidade-tite-convoca-selecao-para-reta-final-das-eliminatorias\/","title":{"rendered":"Com novidade, Tite convoca sele\u00e7\u00e3o para reta final das Eliminat\u00f3rias"},"content":{"rendered":"<div class=\"col-lg-12 mb-3\">\n<div class=\"row\">\n<h3 class=\"col-10 offset-1 animated fadeInDown dealy-900 display-8 display-md-8 alt-font font-italic my-1 text-center\">Martinelli, atacante do Arsenal, pode jogar contra Chile e Bol\u00edvia<\/h3>\n<\/div>\n<\/div>\n<div class=\"col-xl-7 offset-xl-1 col-lg-8 offset-lg-0 col-md-10 offset-md-1 mb-3\">\n<div class=\"post-item alt-font\">\n<div class=\"post-item-wrap\">\n<p>O t\u00e9cnico Tite convocou, nesta sexta-feira (11), a sele\u00e7\u00e3o brasileira para as \u00faltimas rodadas das Eliminat\u00f3rias Sul-Americanas para a Copa do Mundo do Catar. Os jogos ser\u00e3o contra Chile e Bol\u00edvia. O atacante Gabriel Martinelli, do Arsenal (Inglaterra), \u00e9 a principal novidade da lista, que re\u00fane 25 jogadores.<img data-recalc-dims=\"1\" decoding=\"async\" src=\"https:\/\/i0.wp.com\/agenciabrasil.ebc.com.br\/ebc.png?w=1220&#038;ssl=1\" \/><img data-recalc-dims=\"1\" decoding=\"async\" src=\"https:\/\/i0.wp.com\/agenciabrasil.ebc.com.br\/ebc.gif?w=1220&#038;ssl=1\" \/><\/p>\n<p>O jovem de 20 anos, revelado pelo Ituano e vendido ao futebol ingl\u00eas em 2018, pelo equivalente a R$ 30 milh\u00f5es, foi chamado pela primeira vez \u00e0 sele\u00e7\u00e3o principal. No ano passado, ele foi campe\u00e3o ol\u00edmpico nos Jogos de T\u00f3quio (Jap\u00e3o). O atacante foi eleito o melhor jogador do Arsenal nos dois \u00faltimos meses, em pr\u00eamio decidido por meio de enquete no site oficial do clube. O brasileiro foi titular em oito dos nove jogos da equipe em 2022.<\/p>\n<p>Al\u00e9m de Martinelli, a convoca\u00e7\u00e3o tem cinco caras novas em rela\u00e7\u00e3o \u00e0 de janeiro, para os jogos com Equador e Paraguai. Retornam os laterais Danilo e Guilherme Arana, o meia Arthur (que n\u00e3o era chamado h\u00e1 mais de um ano) e os atacantes Richarlison e Neymar. Este \u00faltimo perdeu as primeiras partidas do ano devido a uma les\u00e3o no tornozelo esquerdo. Os laterais Emerson Royal e Alex Sandro, o volante Gerson, o meia Everton Ribeiro e os atacantes Gabriel Jesus, Gabriel Barbosa e Matheus Cunha s\u00e3o as aus\u00eancias na compara\u00e7\u00e3o com a lista anterior.<\/p>\n<p>O duelo contra os chilenos ser\u00e1 no Maracan\u00e3, no Rio de Janeiro, \u00e0s 20h30 (hor\u00e1rio de Bras\u00edlia) do pr\u00f3ximo dia 24 de mar\u00e7o. Cinco dias depois, no mesmo hor\u00e1rio, os brasileiros visitam os bolivianos no est\u00e1dio Hernando Siles, na capital La Paz.<\/p>\n<p>Invicto, o Brasil lidera as eliminat\u00f3rias sul-americanas com 39 pontos, quatro \u00e0\u00a0frente da Argentina, segunda colocada. As duas sele\u00e7\u00f5es, inclusive, ainda precisam fazer o segundo jogo entre elas, que teve de ser suspenso, em setembro do ano passado, ap\u00f3s agentes da Ag\u00eancia Nacional de Vigil\u00e2ncia Sanit\u00e1ria (Anvisa) interromperem a partida na Neo Qu\u00edmica Arena, em S\u00e3o Paulo. Como n\u00e3o ter\u00e1 impacto na situa\u00e7\u00e3o das equipes, que est\u00e3o classificadas para a Copa, o confronto deve ocorrer em junho.<\/p>\n<h2>Os convocados<\/h2>\n<p><strong>Goleiros<\/strong>: Alisson (Liverpool-ING), Ederson (Manchester City-ING) e Weverton (Palmeiras).<\/p>\n<p><strong>Laterais<\/strong>: Dani Alves (Barcelona-ESP), Danilo (Juventus-ITA), Alex Telles (Manchester United-ING) e Guilherme Arana (Atl\u00e9tico-MG).<\/p>\n<p><strong>Zagueiros<\/strong>: Eder Milit\u00e3o (Real Madrid-ESP), Gabriel Magalh\u00e3es (Arsenal-ING), Marquinhos (Paris Saint-Germain-FRA) e Thiago Silva (Chelsea-ING).<\/p>\n<p><strong>Meias<\/strong>: Arthur (Juventus-ITA), Bruno Guimar\u00e3es (Newcastle United-ING), Casemiro (Real Madrid-ESP), Fabinho (Liverpool-ING), Fred (Manchester United-ING), Lucas Paquet\u00e1 (Lyon-FRA) e Phillipe Coutinho (Aston Villa-ING).<\/p>\n<p><strong>Atacantes<\/strong>: Antony (Ajax-HOL), Gabriel Martinelli (Arsenal-ING), Neymar (Paris Saint-Germain-FRA), Raphinha (Leeds United-ING), Richarlison (Everton-ING), Rodrygo e Vin\u00edcius J\u00fanior (ambos Real Madrid-ESP).<\/p>\n<\/div>\n<p>Agencia Brasil<\/p>\n<\/div>\n<\/div>\n","protected":false},"excerpt":{"rendered":"<p>Martinelli, atacante do Arsenal, pode jogar contra Chile e Bol\u00edvia O t\u00e9cnico Tite convocou, nesta sexta-feira (11), a sele\u00e7\u00e3o brasileira para as \u00faltimas rodadas das Eliminat\u00f3rias<span class=\"excerpt-hellip\"> [\u2026]<\/span><\/p>\n","protected":false},"author":4,"featured_media":23656,"comment_status":"open","ping_status":"open","sticky":false,"template":"","format":"standard","meta":{"_jetpack_memberships_contains_paid_content":false,"footnotes":"","jetpack_publicize_message":"","jetpack_publicize_feature_enabled":true,"jetpack_social_post_already_shared":false,"jetpack_social_options":{"image_generator_settings":{"template":"highway","default_image_id":0,"enabled":false},"version":2}},"categories":[28,44],"tags":[],"class_list":["post-23655","post","type-post","status-publish","format-standard","has-post-thumbnail","hentry","category-cotidiano","category-noticias"],"yoast_head":"<!-- This site is optimized with the Yoast SEO plugin v25.6 - https:\/\/yoast.com\/wordpress\/plugins\/seo\/ -->\n<title>Com novidade, Tite convoca sele\u00e7\u00e3o para reta final das Eliminat\u00f3rias - VerdadeOn<\/title>\n<meta name=\"robots\" content=\"index, follow, max-snippet:-1, max-image-preview:large, max-video-preview:-1\" \/>\n<link rel=\"canonical\" href=\"https:\/\/verdadeon.com.br\/portal\/2022\/03\/11\/com-novidade-tite-convoca-selecao-para-reta-final-das-eliminatorias\/\" \/>\n<meta property=\"og:locale\" content=\"pt_BR\" \/>\n<meta property=\"og:type\" content=\"article\" \/>\n<meta property=\"og:title\" content=\"Com novidade, Tite convoca sele\u00e7\u00e3o para reta final das Eliminat\u00f3rias - VerdadeOn\" \/>\n<meta property=\"og:description\" content=\"Martinelli, atacante do Arsenal, pode jogar contra Chile e Bol\u00edvia O t\u00e9cnico Tite convocou, nesta sexta-feira (11), a sele\u00e7\u00e3o brasileira para as \u00faltimas rodadas das Eliminat\u00f3rias [\u2026]\" \/>\n<meta property=\"og:url\" content=\"https:\/\/verdadeon.com.br\/portal\/2022\/03\/11\/com-novidade-tite-convoca-selecao-para-reta-final-das-eliminatorias\/\" \/>\n<meta property=\"og:site_name\" content=\"VerdadeOn\" \/>\n<meta property=\"article:published_time\" content=\"2022-03-11T16:00:05+00:00\" \/>\n<meta property=\"article:modified_time\" content=\"2022-03-11T22:56:52+00:00\" \/>\n<meta property=\"og:image\" content=\"https:\/\/verdadeon.com.br\/portal\/wp-content\/uploads\/2022\/03\/51930880607_6ce23c68f2_o.jpg\" \/>\n\t<meta property=\"og:image:width\" content=\"1000\" \/>\n\t<meta property=\"og:image:height\" content=\"670\" \/>\n\t<meta property=\"og:image:type\" content=\"image\/jpeg\" \/>\n<meta name=\"author\" content=\"Fernando Calixto\" \/>\n<meta name=\"twitter:card\" content=\"summary_large_image\" \/>\n<meta name=\"twitter:label1\" content=\"Escrito por\" \/>\n\t<meta name=\"twitter:data1\" content=\"Fernando Calixto\" \/>\n\t<meta name=\"twitter:label2\" content=\"Est. tempo de leitura\" \/>\n\t<meta name=\"twitter:data2\" content=\"3 minutos\" \/>\n<script type=\"application\/ld+json\" class=\"yoast-schema-graph\">{\"@context\":\"https:\/\/schema.org\",\"@graph\":[{\"@type\":\"WebPage\",\"@id\":\"https:\/\/verdadeon.com.br\/portal\/2022\/03\/11\/com-novidade-tite-convoca-selecao-para-reta-final-das-eliminatorias\/\",\"url\":\"https:\/\/verdadeon.com.br\/portal\/2022\/03\/11\/com-novidade-tite-convoca-selecao-para-reta-final-das-eliminatorias\/\",\"name\":\"Com novidade, Tite convoca sele\u00e7\u00e3o para reta final das Eliminat\u00f3rias - VerdadeOn\",\"isPartOf\":{\"@id\":\"https:\/\/verdadeon.com.br\/portal\/#website\"},\"primaryImageOfPage\":{\"@id\":\"https:\/\/verdadeon.com.br\/portal\/2022\/03\/11\/com-novidade-tite-convoca-selecao-para-reta-final-das-eliminatorias\/#primaryimage\"},\"image\":{\"@id\":\"https:\/\/verdadeon.com.br\/portal\/2022\/03\/11\/com-novidade-tite-convoca-selecao-para-reta-final-das-eliminatorias\/#primaryimage\"},\"thumbnailUrl\":\"https:\/\/i0.wp.com\/verdadeon.com.br\/portal\/wp-content\/uploads\/2022\/03\/51930880607_6ce23c68f2_o.jpg?fit=1000%2C670&ssl=1\",\"datePublished\":\"2022-03-11T16:00:05+00:00\",\"dateModified\":\"2022-03-11T22:56:52+00:00\",\"author\":{\"@id\":\"https:\/\/verdadeon.com.br\/portal\/#\/schema\/person\/8994718f49ee62ba5610471e29ca1f62\"},\"breadcrumb\":{\"@id\":\"https:\/\/verdadeon.com.br\/portal\/2022\/03\/11\/com-novidade-tite-convoca-selecao-para-reta-final-das-eliminatorias\/#breadcrumb\"},\"inLanguage\":\"pt-BR\",\"potentialAction\":[{\"@type\":\"ReadAction\",\"target\":[\"https:\/\/verdadeon.com.br\/portal\/2022\/03\/11\/com-novidade-tite-convoca-selecao-para-reta-final-das-eliminatorias\/\"]}]},{\"@type\":\"ImageObject\",\"inLanguage\":\"pt-BR\",\"@id\":\"https:\/\/verdadeon.com.br\/portal\/2022\/03\/11\/com-novidade-tite-convoca-selecao-para-reta-final-das-eliminatorias\/#primaryimage\",\"url\":\"https:\/\/i0.wp.com\/verdadeon.com.br\/portal\/wp-content\/uploads\/2022\/03\/51930880607_6ce23c68f2_o.jpg?fit=1000%2C670&ssl=1\",\"contentUrl\":\"https:\/\/i0.wp.com\/verdadeon.com.br\/portal\/wp-content\/uploads\/2022\/03\/51930880607_6ce23c68f2_o.jpg?fit=1000%2C670&ssl=1\",\"width\":1000,\"height\":670,\"caption\":\"O t\u00e9cnico Tite convocou convocou a Sele\u00e7\u00e3o Brasileira para os jogos ser\u00e3o disputados contra Chile e Bol\u00edvia\"},{\"@type\":\"BreadcrumbList\",\"@id\":\"https:\/\/verdadeon.com.br\/portal\/2022\/03\/11\/com-novidade-tite-convoca-selecao-para-reta-final-das-eliminatorias\/#breadcrumb\",\"itemListElement\":[{\"@type\":\"ListItem\",\"position\":1,\"name\":\"In\u00edcio\",\"item\":\"https:\/\/verdadeon.com.br\/portal\/\"},{\"@type\":\"ListItem\",\"position\":2,\"name\":\"Com novidade, Tite convoca sele\u00e7\u00e3o para reta final das Eliminat\u00f3rias\"}]},{\"@type\":\"WebSite\",\"@id\":\"https:\/\/verdadeon.com.br\/portal\/#website\",\"url\":\"https:\/\/verdadeon.com.br\/portal\/\",\"name\":\"VerdadeOn\",\"description\":\"Not\u00edcias di\u00e1rias sobre Franca, Regi\u00e3o, Esporte, Cultura, Cotidiano, Colunas. Cobertura nos principais eventos da cidade \u00e9 aqui - Verdadeon Franca\",\"potentialAction\":[{\"@type\":\"SearchAction\",\"target\":{\"@type\":\"EntryPoint\",\"urlTemplate\":\"https:\/\/verdadeon.com.br\/portal\/?s={search_term_string}\"},\"query-input\":{\"@type\":\"PropertyValueSpecification\",\"valueRequired\":true,\"valueName\":\"search_term_string\"}}],\"inLanguage\":\"pt-BR\"},{\"@type\":\"Person\",\"@id\":\"https:\/\/verdadeon.com.br\/portal\/#\/schema\/person\/8994718f49ee62ba5610471e29ca1f62\",\"name\":\"Fernando Calixto\",\"image\":{\"@type\":\"ImageObject\",\"inLanguage\":\"pt-BR\",\"@id\":\"https:\/\/verdadeon.com.br\/portal\/#\/schema\/person\/image\/\",\"url\":\"https:\/\/secure.gravatar.com\/avatar\/7578910c24966c0316c340f9dbd601e93ee9f9212e1033968b367af9306bd9fb?s=96&d=mm&r=g\",\"contentUrl\":\"https:\/\/secure.gravatar.com\/avatar\/7578910c24966c0316c340f9dbd601e93ee9f9212e1033968b367af9306bd9fb?s=96&d=mm&r=g\",\"caption\":\"Fernando Calixto\"},\"url\":\"https:\/\/verdadeon.com.br\/portal\/author\/fernando-calixto\/\"}]}<\/script>\n<!-- \/ Yoast SEO plugin. -->","yoast_head_json":{"title":"Com novidade, Tite convoca sele\u00e7\u00e3o para reta final das Eliminat\u00f3rias - VerdadeOn","robots":{"index":"index","follow":"follow","max-snippet":"max-snippet:-1","max-image-preview":"max-image-preview:large","max-video-preview":"max-video-preview:-1"},"canonical":"https:\/\/verdadeon.com.br\/portal\/2022\/03\/11\/com-novidade-tite-convoca-selecao-para-reta-final-das-eliminatorias\/","og_locale":"pt_BR","og_type":"article","og_title":"Com novidade, Tite convoca sele\u00e7\u00e3o para reta final das Eliminat\u00f3rias - VerdadeOn","og_description":"Martinelli, atacante do Arsenal, pode jogar contra Chile e Bol\u00edvia O t\u00e9cnico Tite convocou, nesta sexta-feira (11), a sele\u00e7\u00e3o brasileira para as \u00faltimas rodadas das Eliminat\u00f3rias [\u2026]","og_url":"https:\/\/verdadeon.com.br\/portal\/2022\/03\/11\/com-novidade-tite-convoca-selecao-para-reta-final-das-eliminatorias\/","og_site_name":"VerdadeOn","article_published_time":"2022-03-11T16:00:05+00:00","article_modified_time":"2022-03-11T22:56:52+00:00","og_image":[{"width":1000,"height":670,"url":"https:\/\/verdadeon.com.br\/portal\/wp-content\/uploads\/2022\/03\/51930880607_6ce23c68f2_o.jpg","type":"image\/jpeg"}],"author":"Fernando Calixto","twitter_card":"summary_large_image","twitter_misc":{"Escrito por":"Fernando Calixto","Est. tempo de leitura":"3 minutos"},"schema":{"@context":"https:\/\/schema.org","@graph":[{"@type":"WebPage","@id":"https:\/\/verdadeon.com.br\/portal\/2022\/03\/11\/com-novidade-tite-convoca-selecao-para-reta-final-das-eliminatorias\/","url":"https:\/\/verdadeon.com.br\/portal\/2022\/03\/11\/com-novidade-tite-convoca-selecao-para-reta-final-das-eliminatorias\/","name":"Com novidade, Tite convoca sele\u00e7\u00e3o para reta final das Eliminat\u00f3rias - VerdadeOn","isPartOf":{"@id":"https:\/\/verdadeon.com.br\/portal\/#website"},"primaryImageOfPage":{"@id":"https:\/\/verdadeon.com.br\/portal\/2022\/03\/11\/com-novidade-tite-convoca-selecao-para-reta-final-das-eliminatorias\/#primaryimage"},"image":{"@id":"https:\/\/verdadeon.com.br\/portal\/2022\/03\/11\/com-novidade-tite-convoca-selecao-para-reta-final-das-eliminatorias\/#primaryimage"},"thumbnailUrl":"https:\/\/i0.wp.com\/verdadeon.com.br\/portal\/wp-content\/uploads\/2022\/03\/51930880607_6ce23c68f2_o.jpg?fit=1000%2C670&ssl=1","datePublished":"2022-03-11T16:00:05+00:00","dateModified":"2022-03-11T22:56:52+00:00","author":{"@id":"https:\/\/verdadeon.com.br\/portal\/#\/schema\/person\/8994718f49ee62ba5610471e29ca1f62"},"breadcrumb":{"@id":"https:\/\/verdadeon.com.br\/portal\/2022\/03\/11\/com-novidade-tite-convoca-selecao-para-reta-final-das-eliminatorias\/#breadcrumb"},"inLanguage":"pt-BR","potentialAction":[{"@type":"ReadAction","target":["https:\/\/verdadeon.com.br\/portal\/2022\/03\/11\/com-novidade-tite-convoca-selecao-para-reta-final-das-eliminatorias\/"]}]},{"@type":"ImageObject","inLanguage":"pt-BR","@id":"https:\/\/verdadeon.com.br\/portal\/2022\/03\/11\/com-novidade-tite-convoca-selecao-para-reta-final-das-eliminatorias\/#primaryimage","url":"https:\/\/i0.wp.com\/verdadeon.com.br\/portal\/wp-content\/uploads\/2022\/03\/51930880607_6ce23c68f2_o.jpg?fit=1000%2C670&ssl=1","contentUrl":"https:\/\/i0.wp.com\/verdadeon.com.br\/portal\/wp-content\/uploads\/2022\/03\/51930880607_6ce23c68f2_o.jpg?fit=1000%2C670&ssl=1","width":1000,"height":670,"caption":"O t\u00e9cnico Tite convocou convocou a Sele\u00e7\u00e3o Brasileira para os jogos ser\u00e3o disputados contra Chile e Bol\u00edvia"},{"@type":"BreadcrumbList","@id":"https:\/\/verdadeon.com.br\/portal\/2022\/03\/11\/com-novidade-tite-convoca-selecao-para-reta-final-das-eliminatorias\/#breadcrumb","itemListElement":[{"@type":"ListItem","position":1,"name":"In\u00edcio","item":"https:\/\/verdadeon.com.br\/portal\/"},{"@type":"ListItem","position":2,"name":"Com novidade, Tite convoca sele\u00e7\u00e3o para reta final das Eliminat\u00f3rias"}]},{"@type":"WebSite","@id":"https:\/\/verdadeon.com.br\/portal\/#website","url":"https:\/\/verdadeon.com.br\/portal\/","name":"VerdadeOn","description":"Not\u00edcias di\u00e1rias sobre Franca, Regi\u00e3o, Esporte, Cultura, Cotidiano, Colunas. Cobertura nos principais eventos da cidade \u00e9 aqui - Verdadeon Franca","potentialAction":[{"@type":"SearchAction","target":{"@type":"EntryPoint","urlTemplate":"https:\/\/verdadeon.com.br\/portal\/?s={search_term_string}"},"query-input":{"@type":"PropertyValueSpecification","valueRequired":true,"valueName":"search_term_string"}}],"inLanguage":"pt-BR"},{"@type":"Person","@id":"https:\/\/verdadeon.com.br\/portal\/#\/schema\/person\/8994718f49ee62ba5610471e29ca1f62","name":"Fernando Calixto","image":{"@type":"ImageObject","inLanguage":"pt-BR","@id":"https:\/\/verdadeon.com.br\/portal\/#\/schema\/person\/image\/","url":"https:\/\/secure.gravatar.com\/avatar\/7578910c24966c0316c340f9dbd601e93ee9f9212e1033968b367af9306bd9fb?s=96&d=mm&r=g","contentUrl":"https:\/\/secure.gravatar.com\/avatar\/7578910c24966c0316c340f9dbd601e93ee9f9212e1033968b367af9306bd9fb?s=96&d=mm&r=g","caption":"Fernando Calixto"},"url":"https:\/\/verdadeon.com.br\/portal\/author\/fernando-calixto\/"}]}},"jetpack_publicize_connections":[],"jetpack_featured_media_url":"https:\/\/i0.wp.com\/verdadeon.com.br\/portal\/wp-content\/uploads\/2022\/03\/51930880607_6ce23c68f2_o.jpg?fit=1000%2C670&ssl=1","jetpack_sharing_enabled":true,"_links":{"self":[{"href":"https:\/\/verdadeon.com.br\/portal\/wp-json\/wp\/v2\/posts\/23655","targetHints":{"allow":["GET"]}}],"collection":[{"href":"https:\/\/verdadeon.com.br\/portal\/wp-json\/wp\/v2\/posts"}],"about":[{"href":"https:\/\/verdadeon.com.br\/portal\/wp-json\/wp\/v2\/types\/post"}],"author":[{"embeddable":true,"href":"https:\/\/verdadeon.com.br\/portal\/wp-json\/wp\/v2\/users\/4"}],"replies":[{"embeddable":true,"href":"https:\/\/verdadeon.com.br\/portal\/wp-json\/wp\/v2\/comments?post=23655"}],"version-history":[{"count":1,"href":"https:\/\/verdadeon.com.br\/portal\/wp-json\/wp\/v2\/posts\/23655\/revisions"}],"predecessor-version":[{"id":23657,"href":"https:\/\/verdadeon.com.br\/portal\/wp-json\/wp\/v2\/posts\/23655\/revisions\/23657"}],"wp:featuredmedia":[{"embeddable":true,"href":"https:\/\/verdadeon.com.br\/portal\/wp-json\/wp\/v2\/media\/23656"}],"wp:attachment":[{"href":"https:\/\/verdadeon.com.br\/portal\/wp-json\/wp\/v2\/media?parent=23655"}],"wp:term":[{"taxonomy":"category","embeddable":true,"href":"https:\/\/verdadeon.com.br\/portal\/wp-json\/wp\/v2\/categories?post=23655"},{"taxonomy":"post_tag","embeddable":true,"href":"https:\/\/verdadeon.com.br\/portal\/wp-json\/wp\/v2\/tags?post=23655"}],"curies":[{"name":"wp","href":"https:\/\/api.w.org\/{rel}","templated":true}]}}