{"id":23648,"date":"2022-03-11T19:13:54","date_gmt":"2022-03-11T22:13:54","guid":{"rendered":"https:\/\/verdadeon.com.br\/portal\/?p=23648"},"modified":"2022-03-11T19:13:54","modified_gmt":"2022-03-11T22:13:54","slug":"apos-tragedia-bombeiros-e-defesa-civil-alertam-para-o-perigo-das-aguas","status":"publish","type":"post","link":"https:\/\/verdadeon.com.br\/portal\/2022\/03\/11\/apos-tragedia-bombeiros-e-defesa-civil-alertam-para-o-perigo-das-aguas\/","title":{"rendered":"Ap\u00f3s trag\u00e9dia, Bombeiros e Defesa Civil alertam para o perigo das \u00e1guas"},"content":{"rendered":"<h2>Tr\u00eas jovens se afogaram em Cachoeira na zona rural de Nuporanga; buscas pela terceira v\u00edtima entram no sexto dia neste s\u00e1bado<\/h2>\n<p>&nbsp;<\/p>\n<p><span style=\"font-weight: 400;\">O afogamento que provocou a morte de pelo menos dois jovens de apenas 22 anos &#8211; um continua desaparecido &#8211; na Cachoeira dos Dourados em Nuporanga, na regi\u00e3o de Franca, no \u00faltimo domingo (6) reacendeu o alerta para o perigo de nadar em rios, represas, mar e at\u00e9 mesmo piscina.\u00a0<\/span><\/p>\n<p><span style=\"font-weight: 400;\">Em entrevista ao Verdade, a Capit\u00e3o Sandra Elaine de Andrade Bueno de Camargo, Comandante do 2\u00ba Sub Grupamento de Bombeiros de Franca, deu orienta\u00e7\u00f5es para a preven\u00e7\u00e3o de afogamentos.<\/span><\/p>\n<p><span style=\"font-weight: 400;\">Ela explica que em casa ou outros locais com piscina \u00e9 preciso tomar cuidado na hora de fazer uso, especialmente com crian\u00e7as. N\u00e3o se deve deixar brinquedos pr\u00f3ximos \u00e0 borda da piscina nem deixar a crian\u00e7a sozinha, mesmo com a boias, porque podem furar.\u00a0<\/span><\/p>\n<p><span style=\"font-weight: 400;\">Em rios e cachoeiras, \u00e9 preciso tomar cuidado porque \u00e9 uma \u00e1gua que n\u00e3o permite muita visibilidade e a pessoa pode achar que \u00e9 rasa e haver alguma depress\u00e3o da qual ela n\u00e3o consegue sair, ou alguma\u00a0 correnteza que na superf\u00edcie ela n\u00e3o consegue ver.<\/span><\/p>\n<p><span style=\"font-weight: 400;\">Tamb\u00e9m \u00e9 preciso respeitar as placas de sinaliza\u00e7\u00e3o e, nos locais onde indicam perigo, n\u00e3o entrar porque certamente v\u00e3o haver situa\u00e7\u00f5es que s\u00e3o desconhecidas e perigosas para as pessoas.<\/span><\/p>\n<p><span style=\"font-weight: 400;\">Se for fazer um passeio de barco ou lancha, deve usar sempre colete salva vidas. \u201cA \u00e1gua \u00e9 uma fonte de lazer, mas se for algo desconhecido, que n\u00e3o se tem um controle, pode se tornar um grande problema e \u00e0s vezes a gente perder vidas. Ent\u00e3o, o que orientamos \u00e9 sempre que for se fazer uma atividade envolvendo \u00e1gua, ter muito cuidado, as crian\u00e7as sempre estarem acompanhadas, os adultos, se n\u00e3o souberem nadar, n\u00e3o adentrar nas \u00e1guas\u201d, afirmou Capit\u00e3o Sandra.<\/span><\/p>\n<h4>Para prestar socorro<\/h4>\n<p><span style=\"font-weight: 400;\">Em caso de afogamento, se a pessoa n\u00e3o tem habilidade para salvamento aqu\u00e1tico, os Bombeiros orientam a n\u00e3o entrar na \u00e1gua para tentar salvar quem est\u00e1 se afogando, pois pode se tornar mais uma v\u00edtima. A orienta\u00e7\u00e3o \u00e9 lan\u00e7ar algum objeto para que a pessoa possa se agarrar e flutuar e acionar o socorro atrav\u00e9s do 193 ou pelo aplicativo do Corpo de Bombeiros.<\/span><\/p>\n<p><span style=\"font-weight: 400;\">A Defesa Civil do Estado de S\u00e3o Paulo tamb\u00e9m divulga recomenda\u00e7\u00f5es de como evitar afogamentos e como agir caso aconte\u00e7am. As equipes ressaltam que h\u00e1 riscos de se afogar em rios, lagos, piscinas, oceanos e at\u00e9 mesmo na banheira, ent\u00e3o \u00e9 preciso todo cuidado.<\/span><\/p>\n<h4><span style=\"font-weight: 400;\">Conhe\u00e7a as orienta\u00e7\u00f5es:<\/span><\/h4>\n<p><b>Fique alerta:<\/b><\/p>\n<p><span style=\"font-weight: 400;\">*N\u00e3o deixe beb\u00eas sozinhos no banho ou perto de qualquer \u00e1rea ou recipiente que contenha l\u00edquidos;<\/span><\/p>\n<p><span style=\"font-weight: 400;\">*Aten\u00e7\u00e3o \u00e0s crian\u00e7as: mantenha-as perto e estabele\u00e7a regras r\u00edgidas de seguran\u00e7a;<\/span><\/p>\n<p><span style=\"font-weight: 400;\">*Em praias, rios e represas, informe-se sobre a profundidade e o melhor local para banho;<\/span><\/p>\n<p><span style=\"font-weight: 400;\">*Em embarca\u00e7\u00f5es, use sempre colete salva-vidas;<\/span><\/p>\n<p><span style=\"font-weight: 400;\">*Evite entrar na \u00e1gua ap\u00f3s ingerir bebidas alco\u00f3licas;<\/span><\/p>\n<p><span style=\"font-weight: 400;\">*Evite nadar sozinho, em locais isolados e durante a noite;<\/span><\/p>\n<p><span style=\"font-weight: 400;\">*N\u00e3o nade contra a corrente, mas sim em diagonal. Caso n\u00e3o consiga sair, chame por ajuda.<\/span><\/p>\n<p><b>O que fazer durante:<\/b><\/p>\n<p><span style=\"font-weight: 400;\">*Se estiver se afogando, n\u00e3o lute contra a correnteza e nem entre em p\u00e2nico. Tente flutuar e pe\u00e7a por socorro imediatamente.<\/span><\/p>\n<p><span style=\"font-weight: 400;\">*Na presen\u00e7a de socorro, proceda exatamente como indicado pelo socorrista, de modo a facilitar o resgate.<\/span><\/p>\n<p><span style=\"font-weight: 400;\">*N\u00e3o tente entrar na \u00e1gua para salvar algu\u00e9m se houver risco para sua seguran\u00e7a. Chame um socorrista (193) e jogue algum material flutuante, enquanto aguarda os profissionais.<\/span><\/p>\n<h4>Jovens v\u00edtimas<\/h4>\n<p><span style=\"font-weight: 400;\">A semana come\u00e7ou com uma trag\u00e9dia na regi\u00e3o de Franca. No domingo (6), Jos\u00e9 Leomar e Wanderson Cruz, ambos de 22 anos, morreram ap\u00f3s se afogarem na Cachoeira dos Dourados, na zona rural de Nuporanga. Luan Rodrigues, de 18 anos, tamb\u00e9m se afogou, mas ap\u00f3s cinco dias de buscas no Rio Sapuca\u00ed ainda n\u00e3o foi encontrado pelos Bombeiros de Orl\u00e2ndia e volunt\u00e1rios.<\/span><\/p>\n<p><span style=\"font-weight: 400;\">Tudo teve in\u00edcio quando, por volta das 18h, Jos\u00e9 Leomar e um outro amigo &#8211; Matheus &#8211; come\u00e7aram a se afogar na cachoeira. Luan e Wanderson tentaram socorr\u00ea-los, Matheus conseguiu se salvar com ajuda de um jovem que estava no local, mas os outros tr\u00eas acabaram afundando e foram levados pela forte correnteza.\u00a0<\/span><\/p>\n<p><span style=\"font-weight: 400;\">Os Bombeiros chegaram a ir at\u00e9 a cachoeira ainda no domingo, mas por conta do grande volume e for\u00e7a das \u00e1guas no rio, come\u00e7aram as buscas pelas v\u00edtimas apenas na manh\u00e3 de segunda-feira (7). Os trabalhos dever\u00e3o ser retomados pelos Bombeiros \u00e0s 7h deste s\u00e1bado.<\/span><\/p>\n<p>&nbsp;<\/p>\n","protected":false},"excerpt":{"rendered":"<p>Tr\u00eas jovens se afogaram em Cachoeira na zona rural de Nuporanga; buscas pela terceira v\u00edtima entram no sexto dia neste s\u00e1bado &nbsp; O afogamento que provocou<span class=\"excerpt-hellip\"> [\u2026]<\/span><\/p>\n","protected":false},"author":12,"featured_media":23651,"comment_status":"open","ping_status":"open","sticky":false,"template":"","format":"standard","meta":{"_jetpack_memberships_contains_paid_content":false,"footnotes":"","jetpack_publicize_message":"","jetpack_publicize_feature_enabled":true,"jetpack_social_post_already_shared":false,"jetpack_social_options":{"image_generator_settings":{"template":"highway","default_image_id":0,"enabled":false},"version":2}},"categories":[28,81],"tags":[],"class_list":["post-23648","post","type-post","status-publish","format-standard","has-post-thumbnail","hentry","category-cotidiano","category-manchete"],"yoast_head":"<!-- This site is optimized with the Yoast SEO plugin v25.6 - https:\/\/yoast.com\/wordpress\/plugins\/seo\/ -->\n<title>Ap\u00f3s trag\u00e9dia, Bombeiros e Defesa Civil alertam para o perigo das \u00e1guas - VerdadeOn<\/title>\n<meta name=\"robots\" content=\"index, follow, max-snippet:-1, max-image-preview:large, max-video-preview:-1\" \/>\n<link rel=\"canonical\" href=\"https:\/\/verdadeon.com.br\/portal\/2022\/03\/11\/apos-tragedia-bombeiros-e-defesa-civil-alertam-para-o-perigo-das-aguas\/\" \/>\n<meta property=\"og:locale\" content=\"pt_BR\" \/>\n<meta property=\"og:type\" content=\"article\" \/>\n<meta property=\"og:title\" content=\"Ap\u00f3s trag\u00e9dia, Bombeiros e Defesa Civil alertam para o perigo das \u00e1guas - VerdadeOn\" \/>\n<meta property=\"og:description\" content=\"Tr\u00eas jovens se afogaram em Cachoeira na zona rural de Nuporanga; buscas pela terceira v\u00edtima entram no sexto dia neste s\u00e1bado &nbsp; O afogamento que provocou [\u2026]\" \/>\n<meta property=\"og:url\" content=\"https:\/\/verdadeon.com.br\/portal\/2022\/03\/11\/apos-tragedia-bombeiros-e-defesa-civil-alertam-para-o-perigo-das-aguas\/\" \/>\n<meta property=\"og:site_name\" content=\"VerdadeOn\" \/>\n<meta property=\"article:published_time\" content=\"2022-03-11T22:13:54+00:00\" \/>\n<meta property=\"og:image\" content=\"https:\/\/verdadeon.com.br\/portal\/wp-content\/uploads\/2022\/03\/WhatsApp-Image-2022-03-11-at-19.11.58.jpeg\" \/>\n\t<meta property=\"og:image:width\" content=\"1000\" \/>\n\t<meta property=\"og:image:height\" content=\"670\" \/>\n\t<meta property=\"og:image:type\" content=\"image\/jpeg\" \/>\n<meta name=\"author\" content=\"Nelise Luques\" \/>\n<meta name=\"twitter:card\" content=\"summary_large_image\" \/>\n<meta name=\"twitter:label1\" content=\"Escrito por\" \/>\n\t<meta name=\"twitter:data1\" content=\"Nelise Luques\" \/>\n\t<meta name=\"twitter:label2\" content=\"Est. tempo de leitura\" \/>\n\t<meta name=\"twitter:data2\" content=\"4 minutos\" \/>\n<script type=\"application\/ld+json\" class=\"yoast-schema-graph\">{\"@context\":\"https:\/\/schema.org\",\"@graph\":[{\"@type\":\"WebPage\",\"@id\":\"https:\/\/verdadeon.com.br\/portal\/2022\/03\/11\/apos-tragedia-bombeiros-e-defesa-civil-alertam-para-o-perigo-das-aguas\/\",\"url\":\"https:\/\/verdadeon.com.br\/portal\/2022\/03\/11\/apos-tragedia-bombeiros-e-defesa-civil-alertam-para-o-perigo-das-aguas\/\",\"name\":\"Ap\u00f3s trag\u00e9dia, Bombeiros e Defesa Civil alertam para o perigo das \u00e1guas - VerdadeOn\",\"isPartOf\":{\"@id\":\"https:\/\/verdadeon.com.br\/portal\/#website\"},\"primaryImageOfPage\":{\"@id\":\"https:\/\/verdadeon.com.br\/portal\/2022\/03\/11\/apos-tragedia-bombeiros-e-defesa-civil-alertam-para-o-perigo-das-aguas\/#primaryimage\"},\"image\":{\"@id\":\"https:\/\/verdadeon.com.br\/portal\/2022\/03\/11\/apos-tragedia-bombeiros-e-defesa-civil-alertam-para-o-perigo-das-aguas\/#primaryimage\"},\"thumbnailUrl\":\"https:\/\/i0.wp.com\/verdadeon.com.br\/portal\/wp-content\/uploads\/2022\/03\/WhatsApp-Image-2022-03-11-at-19.11.58.jpeg?fit=1000%2C670&ssl=1\",\"datePublished\":\"2022-03-11T22:13:54+00:00\",\"author\":{\"@id\":\"https:\/\/verdadeon.com.br\/portal\/#\/schema\/person\/8248726d36015c1916636fabb175d972\"},\"breadcrumb\":{\"@id\":\"https:\/\/verdadeon.com.br\/portal\/2022\/03\/11\/apos-tragedia-bombeiros-e-defesa-civil-alertam-para-o-perigo-das-aguas\/#breadcrumb\"},\"inLanguage\":\"pt-BR\",\"potentialAction\":[{\"@type\":\"ReadAction\",\"target\":[\"https:\/\/verdadeon.com.br\/portal\/2022\/03\/11\/apos-tragedia-bombeiros-e-defesa-civil-alertam-para-o-perigo-das-aguas\/\"]}]},{\"@type\":\"ImageObject\",\"inLanguage\":\"pt-BR\",\"@id\":\"https:\/\/verdadeon.com.br\/portal\/2022\/03\/11\/apos-tragedia-bombeiros-e-defesa-civil-alertam-para-o-perigo-das-aguas\/#primaryimage\",\"url\":\"https:\/\/i0.wp.com\/verdadeon.com.br\/portal\/wp-content\/uploads\/2022\/03\/WhatsApp-Image-2022-03-11-at-19.11.58.jpeg?fit=1000%2C670&ssl=1\",\"contentUrl\":\"https:\/\/i0.wp.com\/verdadeon.com.br\/portal\/wp-content\/uploads\/2022\/03\/WhatsApp-Image-2022-03-11-at-19.11.58.jpeg?fit=1000%2C670&ssl=1\",\"width\":1000,\"height\":670,\"caption\":\"Bombeiros alertam para respeitar placas de sinaliza\u00e7\u00e3o, como na Cachoeira dos Dourados, em Nuporanga, e evitar trag\u00e9dias | Foto: Fernando Lima \/ Jornal Verdade\"},{\"@type\":\"BreadcrumbList\",\"@id\":\"https:\/\/verdadeon.com.br\/portal\/2022\/03\/11\/apos-tragedia-bombeiros-e-defesa-civil-alertam-para-o-perigo-das-aguas\/#breadcrumb\",\"itemListElement\":[{\"@type\":\"ListItem\",\"position\":1,\"name\":\"In\u00edcio\",\"item\":\"https:\/\/verdadeon.com.br\/portal\/\"},{\"@type\":\"ListItem\",\"position\":2,\"name\":\"Ap\u00f3s trag\u00e9dia, Bombeiros e Defesa Civil alertam para o perigo das \u00e1guas\"}]},{\"@type\":\"WebSite\",\"@id\":\"https:\/\/verdadeon.com.br\/portal\/#website\",\"url\":\"https:\/\/verdadeon.com.br\/portal\/\",\"name\":\"VerdadeOn\",\"description\":\"Not\u00edcias di\u00e1rias sobre Franca, Regi\u00e3o, Esporte, Cultura, Cotidiano, Colunas. Cobertura nos principais eventos da cidade \u00e9 aqui - Verdadeon Franca\",\"potentialAction\":[{\"@type\":\"SearchAction\",\"target\":{\"@type\":\"EntryPoint\",\"urlTemplate\":\"https:\/\/verdadeon.com.br\/portal\/?s={search_term_string}\"},\"query-input\":{\"@type\":\"PropertyValueSpecification\",\"valueRequired\":true,\"valueName\":\"search_term_string\"}}],\"inLanguage\":\"pt-BR\"},{\"@type\":\"Person\",\"@id\":\"https:\/\/verdadeon.com.br\/portal\/#\/schema\/person\/8248726d36015c1916636fabb175d972\",\"name\":\"Nelise Luques\",\"image\":{\"@type\":\"ImageObject\",\"inLanguage\":\"pt-BR\",\"@id\":\"https:\/\/verdadeon.com.br\/portal\/#\/schema\/person\/image\/\",\"url\":\"https:\/\/secure.gravatar.com\/avatar\/29b2a17f5bcadeb827411b66f48ac13c3e0ecaf5906c0f5745ecc5d41c24eada?s=96&d=mm&r=g\",\"contentUrl\":\"https:\/\/secure.gravatar.com\/avatar\/29b2a17f5bcadeb827411b66f48ac13c3e0ecaf5906c0f5745ecc5d41c24eada?s=96&d=mm&r=g\",\"caption\":\"Nelise Luques\"},\"url\":\"https:\/\/verdadeon.com.br\/portal\/author\/verdade\/\"}]}<\/script>\n<!-- \/ Yoast SEO plugin. -->","yoast_head_json":{"title":"Ap\u00f3s trag\u00e9dia, Bombeiros e Defesa Civil alertam para o perigo das \u00e1guas - VerdadeOn","robots":{"index":"index","follow":"follow","max-snippet":"max-snippet:-1","max-image-preview":"max-image-preview:large","max-video-preview":"max-video-preview:-1"},"canonical":"https:\/\/verdadeon.com.br\/portal\/2022\/03\/11\/apos-tragedia-bombeiros-e-defesa-civil-alertam-para-o-perigo-das-aguas\/","og_locale":"pt_BR","og_type":"article","og_title":"Ap\u00f3s trag\u00e9dia, Bombeiros e Defesa Civil alertam para o perigo das \u00e1guas - VerdadeOn","og_description":"Tr\u00eas jovens se afogaram em Cachoeira na zona rural de Nuporanga; buscas pela terceira v\u00edtima entram no sexto dia neste s\u00e1bado &nbsp; O afogamento que provocou [\u2026]","og_url":"https:\/\/verdadeon.com.br\/portal\/2022\/03\/11\/apos-tragedia-bombeiros-e-defesa-civil-alertam-para-o-perigo-das-aguas\/","og_site_name":"VerdadeOn","article_published_time":"2022-03-11T22:13:54+00:00","og_image":[{"width":1000,"height":670,"url":"https:\/\/verdadeon.com.br\/portal\/wp-content\/uploads\/2022\/03\/WhatsApp-Image-2022-03-11-at-19.11.58.jpeg","type":"image\/jpeg"}],"author":"Nelise Luques","twitter_card":"summary_large_image","twitter_misc":{"Escrito por":"Nelise Luques","Est. tempo de leitura":"4 minutos"},"schema":{"@context":"https:\/\/schema.org","@graph":[{"@type":"WebPage","@id":"https:\/\/verdadeon.com.br\/portal\/2022\/03\/11\/apos-tragedia-bombeiros-e-defesa-civil-alertam-para-o-perigo-das-aguas\/","url":"https:\/\/verdadeon.com.br\/portal\/2022\/03\/11\/apos-tragedia-bombeiros-e-defesa-civil-alertam-para-o-perigo-das-aguas\/","name":"Ap\u00f3s trag\u00e9dia, Bombeiros e Defesa Civil alertam para o perigo das \u00e1guas - VerdadeOn","isPartOf":{"@id":"https:\/\/verdadeon.com.br\/portal\/#website"},"primaryImageOfPage":{"@id":"https:\/\/verdadeon.com.br\/portal\/2022\/03\/11\/apos-tragedia-bombeiros-e-defesa-civil-alertam-para-o-perigo-das-aguas\/#primaryimage"},"image":{"@id":"https:\/\/verdadeon.com.br\/portal\/2022\/03\/11\/apos-tragedia-bombeiros-e-defesa-civil-alertam-para-o-perigo-das-aguas\/#primaryimage"},"thumbnailUrl":"https:\/\/i0.wp.com\/verdadeon.com.br\/portal\/wp-content\/uploads\/2022\/03\/WhatsApp-Image-2022-03-11-at-19.11.58.jpeg?fit=1000%2C670&ssl=1","datePublished":"2022-03-11T22:13:54+00:00","author":{"@id":"https:\/\/verdadeon.com.br\/portal\/#\/schema\/person\/8248726d36015c1916636fabb175d972"},"breadcrumb":{"@id":"https:\/\/verdadeon.com.br\/portal\/2022\/03\/11\/apos-tragedia-bombeiros-e-defesa-civil-alertam-para-o-perigo-das-aguas\/#breadcrumb"},"inLanguage":"pt-BR","potentialAction":[{"@type":"ReadAction","target":["https:\/\/verdadeon.com.br\/portal\/2022\/03\/11\/apos-tragedia-bombeiros-e-defesa-civil-alertam-para-o-perigo-das-aguas\/"]}]},{"@type":"ImageObject","inLanguage":"pt-BR","@id":"https:\/\/verdadeon.com.br\/portal\/2022\/03\/11\/apos-tragedia-bombeiros-e-defesa-civil-alertam-para-o-perigo-das-aguas\/#primaryimage","url":"https:\/\/i0.wp.com\/verdadeon.com.br\/portal\/wp-content\/uploads\/2022\/03\/WhatsApp-Image-2022-03-11-at-19.11.58.jpeg?fit=1000%2C670&ssl=1","contentUrl":"https:\/\/i0.wp.com\/verdadeon.com.br\/portal\/wp-content\/uploads\/2022\/03\/WhatsApp-Image-2022-03-11-at-19.11.58.jpeg?fit=1000%2C670&ssl=1","width":1000,"height":670,"caption":"Bombeiros alertam para respeitar placas de sinaliza\u00e7\u00e3o, como na Cachoeira dos Dourados, em Nuporanga, e evitar trag\u00e9dias | Foto: Fernando Lima \/ Jornal Verdade"},{"@type":"BreadcrumbList","@id":"https:\/\/verdadeon.com.br\/portal\/2022\/03\/11\/apos-tragedia-bombeiros-e-defesa-civil-alertam-para-o-perigo-das-aguas\/#breadcrumb","itemListElement":[{"@type":"ListItem","position":1,"name":"In\u00edcio","item":"https:\/\/verdadeon.com.br\/portal\/"},{"@type":"ListItem","position":2,"name":"Ap\u00f3s trag\u00e9dia, Bombeiros e Defesa Civil alertam para o perigo das \u00e1guas"}]},{"@type":"WebSite","@id":"https:\/\/verdadeon.com.br\/portal\/#website","url":"https:\/\/verdadeon.com.br\/portal\/","name":"VerdadeOn","description":"Not\u00edcias di\u00e1rias sobre Franca, Regi\u00e3o, Esporte, Cultura, Cotidiano, Colunas. Cobertura nos principais eventos da cidade \u00e9 aqui - Verdadeon Franca","potentialAction":[{"@type":"SearchAction","target":{"@type":"EntryPoint","urlTemplate":"https:\/\/verdadeon.com.br\/portal\/?s={search_term_string}"},"query-input":{"@type":"PropertyValueSpecification","valueRequired":true,"valueName":"search_term_string"}}],"inLanguage":"pt-BR"},{"@type":"Person","@id":"https:\/\/verdadeon.com.br\/portal\/#\/schema\/person\/8248726d36015c1916636fabb175d972","name":"Nelise Luques","image":{"@type":"ImageObject","inLanguage":"pt-BR","@id":"https:\/\/verdadeon.com.br\/portal\/#\/schema\/person\/image\/","url":"https:\/\/secure.gravatar.com\/avatar\/29b2a17f5bcadeb827411b66f48ac13c3e0ecaf5906c0f5745ecc5d41c24eada?s=96&d=mm&r=g","contentUrl":"https:\/\/secure.gravatar.com\/avatar\/29b2a17f5bcadeb827411b66f48ac13c3e0ecaf5906c0f5745ecc5d41c24eada?s=96&d=mm&r=g","caption":"Nelise Luques"},"url":"https:\/\/verdadeon.com.br\/portal\/author\/verdade\/"}]}},"jetpack_publicize_connections":[],"jetpack_featured_media_url":"https:\/\/i0.wp.com\/verdadeon.com.br\/portal\/wp-content\/uploads\/2022\/03\/WhatsApp-Image-2022-03-11-at-19.11.58.jpeg?fit=1000%2C670&ssl=1","jetpack_sharing_enabled":true,"_links":{"self":[{"href":"https:\/\/verdadeon.com.br\/portal\/wp-json\/wp\/v2\/posts\/23648","targetHints":{"allow":["GET"]}}],"collection":[{"href":"https:\/\/verdadeon.com.br\/portal\/wp-json\/wp\/v2\/posts"}],"about":[{"href":"https:\/\/verdadeon.com.br\/portal\/wp-json\/wp\/v2\/types\/post"}],"author":[{"embeddable":true,"href":"https:\/\/verdadeon.com.br\/portal\/wp-json\/wp\/v2\/users\/12"}],"replies":[{"embeddable":true,"href":"https:\/\/verdadeon.com.br\/portal\/wp-json\/wp\/v2\/comments?post=23648"}],"version-history":[{"count":1,"href":"https:\/\/verdadeon.com.br\/portal\/wp-json\/wp\/v2\/posts\/23648\/revisions"}],"predecessor-version":[{"id":23652,"href":"https:\/\/verdadeon.com.br\/portal\/wp-json\/wp\/v2\/posts\/23648\/revisions\/23652"}],"wp:featuredmedia":[{"embeddable":true,"href":"https:\/\/verdadeon.com.br\/portal\/wp-json\/wp\/v2\/media\/23651"}],"wp:attachment":[{"href":"https:\/\/verdadeon.com.br\/portal\/wp-json\/wp\/v2\/media?parent=23648"}],"wp:term":[{"taxonomy":"category","embeddable":true,"href":"https:\/\/verdadeon.com.br\/portal\/wp-json\/wp\/v2\/categories?post=23648"},{"taxonomy":"post_tag","embeddable":true,"href":"https:\/\/verdadeon.com.br\/portal\/wp-json\/wp\/v2\/tags?post=23648"}],"curies":[{"name":"wp","href":"https:\/\/api.w.org\/{rel}","templated":true}]}}