{"id":23647,"date":"2022-03-11T19:04:23","date_gmt":"2022-03-11T22:04:23","guid":{"rendered":"https:\/\/verdadeon.com.br\/portal\/?p=23647"},"modified":"2022-03-11T19:04:23","modified_gmt":"2022-03-11T22:04:23","slug":"presidente-afirma-que-vai-sancionar-pl-da-cobranca-unica-de-icms-de-combustivel","status":"publish","type":"post","link":"https:\/\/verdadeon.com.br\/portal\/2022\/03\/11\/presidente-afirma-que-vai-sancionar-pl-da-cobranca-unica-de-icms-de-combustivel\/","title":{"rendered":"Presidente afirma que vai sancionar PL da cobran\u00e7a \u00fanica de ICMS de combust\u00edvel"},"content":{"rendered":"<h2>O texto foi aprovado na madrugada de sexta-feira pelo Senado e pela C\u00e2mara dos Deputados<\/h2>\n<p>O presidente Jair Bolsonaro disse que sancionar\u00e1 o projeto de lei (PL) que prev\u00ea a cobran\u00e7a em uma s\u00f3 vez do Imposto sobre Circula\u00e7\u00e3o de Mercadorias e Servi\u00e7os (ICMS) sobre combust\u00edveis, inclusive importados. O texto, aprovado na madrugada desta sexta-feira, na C\u00e2mara dos Deputados, e um pouco antes no Senado, prev\u00ea que a cobran\u00e7a seja feita com base em al\u00edquota fixa por volume comercializado e \u00fanica em todo o pa\u00eds.<br \/>\n&#8220;Quero cumprimentar o Senado e a C\u00e2mara dos Deputados pela aprova\u00e7\u00e3o que, na pr\u00e1tica, visa suavizar o aumento no \u00f3leo diesel no dia de ontem&#8221;, disse Bolsonaro, durante o lan\u00e7amento do Plano Nacional de Fertilizantes (PNF), referindo-se ao aumento no pre\u00e7o dos combust\u00edveis anunciado pela Petrobras.<br \/>\nBolsonaro citou o \u00f3leo diesel, que teve o maior percentual de aumento, e disse que, ap\u00f3s a san\u00e7\u00e3o do projeto de lei, o pre\u00e7o do produto deve cair nas bombas dos postos de gasolina. &#8220;No final das contas, o governo entra com aproximadamente R$ 0,30; os governadores, com R$ 0,30, e o contribuinte, com os outros R$ 0,30. Logo mais, terei sancionado o projeto, e o reajuste anunciado pela Petrobras no dia de ontem passa de R$ 0,90 para R$ 0,30 na bomba. Eu lamento apenas a Petrobras n\u00e3o ter esperado um dia a mais para realizar esse reajuste&#8221;, disse o presidente.<br \/>\nDurante a cerim\u00f4nia, Bolsonaro voltou a defender projeto de iniciativa do governo federal que autoriza a explora\u00e7\u00e3o de min\u00e9rio em terras ind\u00edgenas. A proposta, que foi sido defendida um pouco antes pelo ministro de Minas e Energia, Bento Albuquerque, teve requerimento para aprecia\u00e7\u00e3o em urg\u00eancia aprovado quarta-feira (9) na C\u00e2mara. \u201cAprovamos a urg\u00eancia desse projeto, e creio que, daqui a poucas semanas, ele ser\u00e1 votado e aprovado na C\u00e2mara e seguir\u00e1 para o Senado Federal. O clima se apresenta cada vez mais prop\u00edcio, porque esse projeto visa nos atender tamb\u00e9m em outras \u00e1reas como a gera\u00e7\u00e3o de energia h\u00eddrica&#8221;, afirmou o presidente.<img data-recalc-dims=\"1\" decoding=\"async\" src=\"https:\/\/i0.wp.com\/agenciabrasil.ebc.com.br\/ebc.png?w=1220&#038;ssl=1\" \/><\/p>\n<p>Fonte: Ag\u00eancia Brasil<\/p>\n","protected":false},"excerpt":{"rendered":"<p>O texto foi aprovado na madrugada de sexta-feira pelo Senado e pela C\u00e2mara dos Deputados O presidente Jair Bolsonaro disse que sancionar\u00e1 o projeto de lei<span class=\"excerpt-hellip\"> [\u2026]<\/span><\/p>\n","protected":false},"author":7,"featured_media":15706,"comment_status":"open","ping_status":"open","sticky":false,"template":"","format":"standard","meta":{"_jetpack_memberships_contains_paid_content":false,"footnotes":"","jetpack_publicize_message":"","jetpack_publicize_feature_enabled":true,"jetpack_social_post_already_shared":false,"jetpack_social_options":{"image_generator_settings":{"template":"highway","default_image_id":0,"enabled":false},"version":2}},"categories":[28,44],"tags":[],"class_list":["post-23647","post","type-post","status-publish","format-standard","has-post-thumbnail","hentry","category-cotidiano","category-noticias"],"yoast_head":"<!-- This site is optimized with the Yoast SEO plugin v25.6 - https:\/\/yoast.com\/wordpress\/plugins\/seo\/ -->\n<title>Presidente afirma que vai sancionar PL da cobran\u00e7a \u00fanica de ICMS de combust\u00edvel - VerdadeOn<\/title>\n<meta name=\"robots\" content=\"index, follow, max-snippet:-1, max-image-preview:large, max-video-preview:-1\" \/>\n<link rel=\"canonical\" href=\"https:\/\/verdadeon.com.br\/portal\/2022\/03\/11\/presidente-afirma-que-vai-sancionar-pl-da-cobranca-unica-de-icms-de-combustivel\/\" \/>\n<meta property=\"og:locale\" content=\"pt_BR\" \/>\n<meta property=\"og:type\" content=\"article\" \/>\n<meta property=\"og:title\" content=\"Presidente afirma que vai sancionar PL da cobran\u00e7a \u00fanica de ICMS de combust\u00edvel - VerdadeOn\" \/>\n<meta property=\"og:description\" content=\"O texto foi aprovado na madrugada de sexta-feira pelo Senado e pela C\u00e2mara dos Deputados O presidente Jair Bolsonaro disse que sancionar\u00e1 o projeto de lei [\u2026]\" \/>\n<meta property=\"og:url\" content=\"https:\/\/verdadeon.com.br\/portal\/2022\/03\/11\/presidente-afirma-que-vai-sancionar-pl-da-cobranca-unica-de-icms-de-combustivel\/\" \/>\n<meta property=\"og:site_name\" content=\"VerdadeOn\" \/>\n<meta property=\"article:published_time\" content=\"2022-03-11T22:04:23+00:00\" \/>\n<meta property=\"og:image\" content=\"https:\/\/verdadeon.com.br\/portal\/wp-content\/uploads\/2021\/03\/WhatsApp-Image-2021-03-31-at-15.55.50-1.jpeg\" \/>\n\t<meta property=\"og:image:width\" content=\"1000\" \/>\n\t<meta property=\"og:image:height\" content=\"670\" \/>\n\t<meta property=\"og:image:type\" content=\"image\/jpeg\" \/>\n<meta name=\"author\" content=\"Fernando Lima\" \/>\n<meta name=\"twitter:card\" content=\"summary_large_image\" \/>\n<meta name=\"twitter:label1\" content=\"Escrito por\" \/>\n\t<meta name=\"twitter:data1\" content=\"Fernando Lima\" \/>\n\t<meta name=\"twitter:label2\" content=\"Est. tempo de leitura\" \/>\n\t<meta name=\"twitter:data2\" content=\"3 minutos\" \/>\n<script type=\"application\/ld+json\" class=\"yoast-schema-graph\">{\"@context\":\"https:\/\/schema.org\",\"@graph\":[{\"@type\":\"WebPage\",\"@id\":\"https:\/\/verdadeon.com.br\/portal\/2022\/03\/11\/presidente-afirma-que-vai-sancionar-pl-da-cobranca-unica-de-icms-de-combustivel\/\",\"url\":\"https:\/\/verdadeon.com.br\/portal\/2022\/03\/11\/presidente-afirma-que-vai-sancionar-pl-da-cobranca-unica-de-icms-de-combustivel\/\",\"name\":\"Presidente afirma que vai sancionar PL da cobran\u00e7a \u00fanica de ICMS de combust\u00edvel - VerdadeOn\",\"isPartOf\":{\"@id\":\"https:\/\/verdadeon.com.br\/portal\/#website\"},\"primaryImageOfPage\":{\"@id\":\"https:\/\/verdadeon.com.br\/portal\/2022\/03\/11\/presidente-afirma-que-vai-sancionar-pl-da-cobranca-unica-de-icms-de-combustivel\/#primaryimage\"},\"image\":{\"@id\":\"https:\/\/verdadeon.com.br\/portal\/2022\/03\/11\/presidente-afirma-que-vai-sancionar-pl-da-cobranca-unica-de-icms-de-combustivel\/#primaryimage\"},\"thumbnailUrl\":\"https:\/\/i0.wp.com\/verdadeon.com.br\/portal\/wp-content\/uploads\/2021\/03\/WhatsApp-Image-2021-03-31-at-15.55.50-1.jpeg?fit=1000%2C670&ssl=1\",\"datePublished\":\"2022-03-11T22:04:23+00:00\",\"author\":{\"@id\":\"https:\/\/verdadeon.com.br\/portal\/#\/schema\/person\/cc32be22b8e8599387c480bc83e1d11a\"},\"breadcrumb\":{\"@id\":\"https:\/\/verdadeon.com.br\/portal\/2022\/03\/11\/presidente-afirma-que-vai-sancionar-pl-da-cobranca-unica-de-icms-de-combustivel\/#breadcrumb\"},\"inLanguage\":\"pt-BR\",\"potentialAction\":[{\"@type\":\"ReadAction\",\"target\":[\"https:\/\/verdadeon.com.br\/portal\/2022\/03\/11\/presidente-afirma-que-vai-sancionar-pl-da-cobranca-unica-de-icms-de-combustivel\/\"]}]},{\"@type\":\"ImageObject\",\"inLanguage\":\"pt-BR\",\"@id\":\"https:\/\/verdadeon.com.br\/portal\/2022\/03\/11\/presidente-afirma-que-vai-sancionar-pl-da-cobranca-unica-de-icms-de-combustivel\/#primaryimage\",\"url\":\"https:\/\/i0.wp.com\/verdadeon.com.br\/portal\/wp-content\/uploads\/2021\/03\/WhatsApp-Image-2021-03-31-at-15.55.50-1.jpeg?fit=1000%2C670&ssl=1\",\"contentUrl\":\"https:\/\/i0.wp.com\/verdadeon.com.br\/portal\/wp-content\/uploads\/2021\/03\/WhatsApp-Image-2021-03-31-at-15.55.50-1.jpeg?fit=1000%2C670&ssl=1\",\"width\":1000,\"height\":670,\"caption\":\"Durante cerim\u00f4nia, Bolsonaro voltou a defender projeto de iniciativa do governo federal que autoriza a explora\u00e7\u00e3o de min\u00e9rio em terras ind\u00edgenas | Foto: Ag\u00eancia Brasil\"},{\"@type\":\"BreadcrumbList\",\"@id\":\"https:\/\/verdadeon.com.br\/portal\/2022\/03\/11\/presidente-afirma-que-vai-sancionar-pl-da-cobranca-unica-de-icms-de-combustivel\/#breadcrumb\",\"itemListElement\":[{\"@type\":\"ListItem\",\"position\":1,\"name\":\"In\u00edcio\",\"item\":\"https:\/\/verdadeon.com.br\/portal\/\"},{\"@type\":\"ListItem\",\"position\":2,\"name\":\"Presidente afirma que vai sancionar PL da cobran\u00e7a \u00fanica de ICMS de combust\u00edvel\"}]},{\"@type\":\"WebSite\",\"@id\":\"https:\/\/verdadeon.com.br\/portal\/#website\",\"url\":\"https:\/\/verdadeon.com.br\/portal\/\",\"name\":\"VerdadeOn\",\"description\":\"Not\u00edcias di\u00e1rias sobre Franca, Regi\u00e3o, Esporte, Cultura, Cotidiano, Colunas. Cobertura nos principais eventos da cidade \u00e9 aqui - Verdadeon Franca\",\"potentialAction\":[{\"@type\":\"SearchAction\",\"target\":{\"@type\":\"EntryPoint\",\"urlTemplate\":\"https:\/\/verdadeon.com.br\/portal\/?s={search_term_string}\"},\"query-input\":{\"@type\":\"PropertyValueSpecification\",\"valueRequired\":true,\"valueName\":\"search_term_string\"}}],\"inLanguage\":\"pt-BR\"},{\"@type\":\"Person\",\"@id\":\"https:\/\/verdadeon.com.br\/portal\/#\/schema\/person\/cc32be22b8e8599387c480bc83e1d11a\",\"name\":\"Fernando Lima\",\"image\":{\"@type\":\"ImageObject\",\"inLanguage\":\"pt-BR\",\"@id\":\"https:\/\/verdadeon.com.br\/portal\/#\/schema\/person\/image\/\",\"url\":\"https:\/\/secure.gravatar.com\/avatar\/df4c8e132080d2b3a4841d5d232045464e0eed11a1d6e43115ca0843d48768d3?s=96&d=mm&r=g\",\"contentUrl\":\"https:\/\/secure.gravatar.com\/avatar\/df4c8e132080d2b3a4841d5d232045464e0eed11a1d6e43115ca0843d48768d3?s=96&d=mm&r=g\",\"caption\":\"Fernando Lima\"},\"sameAs\":[\"http:\/\/verdadeon.com.br\/\"],\"url\":\"https:\/\/verdadeon.com.br\/portal\/author\/fernando-lima\/\"}]}<\/script>\n<!-- \/ Yoast SEO plugin. -->","yoast_head_json":{"title":"Presidente afirma que vai sancionar PL da cobran\u00e7a \u00fanica de ICMS de combust\u00edvel - VerdadeOn","robots":{"index":"index","follow":"follow","max-snippet":"max-snippet:-1","max-image-preview":"max-image-preview:large","max-video-preview":"max-video-preview:-1"},"canonical":"https:\/\/verdadeon.com.br\/portal\/2022\/03\/11\/presidente-afirma-que-vai-sancionar-pl-da-cobranca-unica-de-icms-de-combustivel\/","og_locale":"pt_BR","og_type":"article","og_title":"Presidente afirma que vai sancionar PL da cobran\u00e7a \u00fanica de ICMS de combust\u00edvel - VerdadeOn","og_description":"O texto foi aprovado na madrugada de sexta-feira pelo Senado e pela C\u00e2mara dos Deputados O presidente Jair Bolsonaro disse que sancionar\u00e1 o projeto de lei [\u2026]","og_url":"https:\/\/verdadeon.com.br\/portal\/2022\/03\/11\/presidente-afirma-que-vai-sancionar-pl-da-cobranca-unica-de-icms-de-combustivel\/","og_site_name":"VerdadeOn","article_published_time":"2022-03-11T22:04:23+00:00","og_image":[{"width":1000,"height":670,"url":"https:\/\/verdadeon.com.br\/portal\/wp-content\/uploads\/2021\/03\/WhatsApp-Image-2021-03-31-at-15.55.50-1.jpeg","type":"image\/jpeg"}],"author":"Fernando Lima","twitter_card":"summary_large_image","twitter_misc":{"Escrito por":"Fernando Lima","Est. tempo de leitura":"3 minutos"},"schema":{"@context":"https:\/\/schema.org","@graph":[{"@type":"WebPage","@id":"https:\/\/verdadeon.com.br\/portal\/2022\/03\/11\/presidente-afirma-que-vai-sancionar-pl-da-cobranca-unica-de-icms-de-combustivel\/","url":"https:\/\/verdadeon.com.br\/portal\/2022\/03\/11\/presidente-afirma-que-vai-sancionar-pl-da-cobranca-unica-de-icms-de-combustivel\/","name":"Presidente afirma que vai sancionar PL da cobran\u00e7a \u00fanica de ICMS de combust\u00edvel - VerdadeOn","isPartOf":{"@id":"https:\/\/verdadeon.com.br\/portal\/#website"},"primaryImageOfPage":{"@id":"https:\/\/verdadeon.com.br\/portal\/2022\/03\/11\/presidente-afirma-que-vai-sancionar-pl-da-cobranca-unica-de-icms-de-combustivel\/#primaryimage"},"image":{"@id":"https:\/\/verdadeon.com.br\/portal\/2022\/03\/11\/presidente-afirma-que-vai-sancionar-pl-da-cobranca-unica-de-icms-de-combustivel\/#primaryimage"},"thumbnailUrl":"https:\/\/i0.wp.com\/verdadeon.com.br\/portal\/wp-content\/uploads\/2021\/03\/WhatsApp-Image-2021-03-31-at-15.55.50-1.jpeg?fit=1000%2C670&ssl=1","datePublished":"2022-03-11T22:04:23+00:00","author":{"@id":"https:\/\/verdadeon.com.br\/portal\/#\/schema\/person\/cc32be22b8e8599387c480bc83e1d11a"},"breadcrumb":{"@id":"https:\/\/verdadeon.com.br\/portal\/2022\/03\/11\/presidente-afirma-que-vai-sancionar-pl-da-cobranca-unica-de-icms-de-combustivel\/#breadcrumb"},"inLanguage":"pt-BR","potentialAction":[{"@type":"ReadAction","target":["https:\/\/verdadeon.com.br\/portal\/2022\/03\/11\/presidente-afirma-que-vai-sancionar-pl-da-cobranca-unica-de-icms-de-combustivel\/"]}]},{"@type":"ImageObject","inLanguage":"pt-BR","@id":"https:\/\/verdadeon.com.br\/portal\/2022\/03\/11\/presidente-afirma-que-vai-sancionar-pl-da-cobranca-unica-de-icms-de-combustivel\/#primaryimage","url":"https:\/\/i0.wp.com\/verdadeon.com.br\/portal\/wp-content\/uploads\/2021\/03\/WhatsApp-Image-2021-03-31-at-15.55.50-1.jpeg?fit=1000%2C670&ssl=1","contentUrl":"https:\/\/i0.wp.com\/verdadeon.com.br\/portal\/wp-content\/uploads\/2021\/03\/WhatsApp-Image-2021-03-31-at-15.55.50-1.jpeg?fit=1000%2C670&ssl=1","width":1000,"height":670,"caption":"Durante cerim\u00f4nia, Bolsonaro voltou a defender projeto de iniciativa do governo federal que autoriza a explora\u00e7\u00e3o de min\u00e9rio em terras ind\u00edgenas | Foto: Ag\u00eancia Brasil"},{"@type":"BreadcrumbList","@id":"https:\/\/verdadeon.com.br\/portal\/2022\/03\/11\/presidente-afirma-que-vai-sancionar-pl-da-cobranca-unica-de-icms-de-combustivel\/#breadcrumb","itemListElement":[{"@type":"ListItem","position":1,"name":"In\u00edcio","item":"https:\/\/verdadeon.com.br\/portal\/"},{"@type":"ListItem","position":2,"name":"Presidente afirma que vai sancionar PL da cobran\u00e7a \u00fanica de ICMS de combust\u00edvel"}]},{"@type":"WebSite","@id":"https:\/\/verdadeon.com.br\/portal\/#website","url":"https:\/\/verdadeon.com.br\/portal\/","name":"VerdadeOn","description":"Not\u00edcias di\u00e1rias sobre Franca, Regi\u00e3o, Esporte, Cultura, Cotidiano, Colunas. Cobertura nos principais eventos da cidade \u00e9 aqui - Verdadeon Franca","potentialAction":[{"@type":"SearchAction","target":{"@type":"EntryPoint","urlTemplate":"https:\/\/verdadeon.com.br\/portal\/?s={search_term_string}"},"query-input":{"@type":"PropertyValueSpecification","valueRequired":true,"valueName":"search_term_string"}}],"inLanguage":"pt-BR"},{"@type":"Person","@id":"https:\/\/verdadeon.com.br\/portal\/#\/schema\/person\/cc32be22b8e8599387c480bc83e1d11a","name":"Fernando Lima","image":{"@type":"ImageObject","inLanguage":"pt-BR","@id":"https:\/\/verdadeon.com.br\/portal\/#\/schema\/person\/image\/","url":"https:\/\/secure.gravatar.com\/avatar\/df4c8e132080d2b3a4841d5d232045464e0eed11a1d6e43115ca0843d48768d3?s=96&d=mm&r=g","contentUrl":"https:\/\/secure.gravatar.com\/avatar\/df4c8e132080d2b3a4841d5d232045464e0eed11a1d6e43115ca0843d48768d3?s=96&d=mm&r=g","caption":"Fernando Lima"},"sameAs":["http:\/\/verdadeon.com.br\/"],"url":"https:\/\/verdadeon.com.br\/portal\/author\/fernando-lima\/"}]}},"jetpack_publicize_connections":[],"jetpack_featured_media_url":"https:\/\/i0.wp.com\/verdadeon.com.br\/portal\/wp-content\/uploads\/2021\/03\/WhatsApp-Image-2021-03-31-at-15.55.50-1.jpeg?fit=1000%2C670&ssl=1","jetpack_sharing_enabled":true,"_links":{"self":[{"href":"https:\/\/verdadeon.com.br\/portal\/wp-json\/wp\/v2\/posts\/23647","targetHints":{"allow":["GET"]}}],"collection":[{"href":"https:\/\/verdadeon.com.br\/portal\/wp-json\/wp\/v2\/posts"}],"about":[{"href":"https:\/\/verdadeon.com.br\/portal\/wp-json\/wp\/v2\/types\/post"}],"author":[{"embeddable":true,"href":"https:\/\/verdadeon.com.br\/portal\/wp-json\/wp\/v2\/users\/7"}],"replies":[{"embeddable":true,"href":"https:\/\/verdadeon.com.br\/portal\/wp-json\/wp\/v2\/comments?post=23647"}],"version-history":[{"count":1,"href":"https:\/\/verdadeon.com.br\/portal\/wp-json\/wp\/v2\/posts\/23647\/revisions"}],"predecessor-version":[{"id":23649,"href":"https:\/\/verdadeon.com.br\/portal\/wp-json\/wp\/v2\/posts\/23647\/revisions\/23649"}],"wp:featuredmedia":[{"embeddable":true,"href":"https:\/\/verdadeon.com.br\/portal\/wp-json\/wp\/v2\/media\/15706"}],"wp:attachment":[{"href":"https:\/\/verdadeon.com.br\/portal\/wp-json\/wp\/v2\/media?parent=23647"}],"wp:term":[{"taxonomy":"category","embeddable":true,"href":"https:\/\/verdadeon.com.br\/portal\/wp-json\/wp\/v2\/categories?post=23647"},{"taxonomy":"post_tag","embeddable":true,"href":"https:\/\/verdadeon.com.br\/portal\/wp-json\/wp\/v2\/tags?post=23647"}],"curies":[{"name":"wp","href":"https:\/\/api.w.org\/{rel}","templated":true}]}}