{"id":23643,"date":"2022-03-11T18:52:14","date_gmt":"2022-03-11T21:52:14","guid":{"rendered":"https:\/\/verdadeon.com.br\/portal\/?p=23643"},"modified":"2022-03-11T18:52:14","modified_gmt":"2022-03-11T21:52:14","slug":"homem-e-preso-por-trafico-de-drogas-maconha-e-pedras-de-crack-foram-apreendidas","status":"publish","type":"post","link":"https:\/\/verdadeon.com.br\/portal\/2022\/03\/11\/homem-e-preso-por-trafico-de-drogas-maconha-e-pedras-de-crack-foram-apreendidas\/","title":{"rendered":"Homem \u00e9 preso por tr\u00e1fico de drogas, maconha e pedras de crack foram apreendidas"},"content":{"rendered":"<h2>Policiais chegaram at\u00e9 ele ap\u00f3s den\u00fancias, drogas ficavam escondidas em dois endere\u00e7os<\/h2>\n<p>Um homem de 27 anos foi preso por tr\u00e1fico de drogas em Cristais Paulista, na regi\u00e3o de Franca nesta sexta-feira (11). De acordo com o delegado Alan Bazalha, a delegacia chegou at\u00e9 ele atrav\u00e9s de uma fonte segura, que o homem estava comercializando drogas e que elas ficavam guardadas em duas resid\u00eancias.<\/p>\n<p>&#8220;Diante de tais fatos, Policiais Civis realizaram monitoramento do local, separadamente, em dias e hor\u00e1rios alternados, onde observaram que em ambos os locais constataram movimenta\u00e7\u00e3o t\u00edpica de tr\u00e1fico de drogas, onde \u00e9 frequente a movimenta\u00e7\u00e3o de pessoas nitidamente usu\u00e1rias de drogas&#8221;, informou a delegacia, que constatou ainda que essas pessoas faziam contato com o suspeito e rapidamente deixavam o local, corroborando com a den\u00fancia.<\/p>\n<p>Diante isso, os Policiais Civis deram cumprimento ao mandado de busca e apreens\u00e3o e abordaram o suspeito no primeiro im\u00f3vel. No endere\u00e7o os policiais localizaram no quarto do investigado, cerca de R$ 305 em notas e R$ 55 em moedas; al\u00e9m de um rolo de pl\u00e1stico filme; diversos pequenos sacos pl\u00e1sticos do tipo sacol\u00e9; uma por\u00e7\u00e3o de subst\u00e2ncias esverdeada e ressequida aparentando ser maconha e pedras maiores de subst\u00e2ncias amarelada aparentando ser crack. .<\/p>\n<p>Com a localiza\u00e7\u00e3o das drogas, o suspeito confessou o tr\u00e1fico e informou que no segundo endere\u00e7o havia mais entorpecentes. Chegando no local foram localizadas pedras menores da mesma subst\u00e2ncia amarelada. O homem foi levado para a delegacia onde foi ouvido e ap\u00f3s recolhido ao Sistema Prisional de Franca.<\/p>\n<h4>Incinera\u00e7\u00e3o<\/h4>\n<p>Ainda nesta sexta-feira (11), a Delegacia de Investiga\u00e7\u00f5es Sobre Entorpecentes (DISE), fez a incinera\u00e7\u00e3o de mais de 258 kg de drogas, entre maconha, coca\u00edna, crack e outros. O servi\u00e7o foi feito em uma caldeira de uma f\u00e1brica de latic\u00ednios de Patroc\u00ednio Paulista.<\/p>\n<p>Al\u00e9m de drogas apreendidas em Franca, foram incineradas cerca de 70 kg aproximadamente de cidades da regi\u00e3o.<\/p>\n","protected":false},"excerpt":{"rendered":"<p>Policiais chegaram at\u00e9 ele ap\u00f3s den\u00fancias, drogas ficavam escondidas em dois endere\u00e7os Um homem de 27 anos foi preso por tr\u00e1fico de drogas em Cristais Paulista,<span class=\"excerpt-hellip\"> [\u2026]<\/span><\/p>\n","protected":false},"author":7,"featured_media":23645,"comment_status":"open","ping_status":"open","sticky":false,"template":"","format":"standard","meta":{"_jetpack_memberships_contains_paid_content":false,"footnotes":"","jetpack_publicize_message":"","jetpack_publicize_feature_enabled":true,"jetpack_social_post_already_shared":false,"jetpack_social_options":{"image_generator_settings":{"template":"highway","default_image_id":0,"enabled":false},"version":2}},"categories":[28,44],"tags":[],"class_list":["post-23643","post","type-post","status-publish","format-standard","has-post-thumbnail","hentry","category-cotidiano","category-noticias"],"yoast_head":"<!-- This site is optimized with the Yoast SEO plugin v25.6 - https:\/\/yoast.com\/wordpress\/plugins\/seo\/ -->\n<title>Homem \u00e9 preso por tr\u00e1fico de drogas, maconha e pedras de crack foram apreendidas - VerdadeOn<\/title>\n<meta name=\"robots\" content=\"index, follow, max-snippet:-1, max-image-preview:large, max-video-preview:-1\" \/>\n<link rel=\"canonical\" href=\"https:\/\/verdadeon.com.br\/portal\/2022\/03\/11\/homem-e-preso-por-trafico-de-drogas-maconha-e-pedras-de-crack-foram-apreendidas\/\" \/>\n<meta property=\"og:locale\" content=\"pt_BR\" \/>\n<meta property=\"og:type\" content=\"article\" \/>\n<meta property=\"og:title\" content=\"Homem \u00e9 preso por tr\u00e1fico de drogas, maconha e pedras de crack foram apreendidas - VerdadeOn\" \/>\n<meta property=\"og:description\" content=\"Policiais chegaram at\u00e9 ele ap\u00f3s den\u00fancias, drogas ficavam escondidas em dois endere\u00e7os Um homem de 27 anos foi preso por tr\u00e1fico de drogas em Cristais Paulista, [\u2026]\" \/>\n<meta property=\"og:url\" content=\"https:\/\/verdadeon.com.br\/portal\/2022\/03\/11\/homem-e-preso-por-trafico-de-drogas-maconha-e-pedras-de-crack-foram-apreendidas\/\" \/>\n<meta property=\"og:site_name\" content=\"VerdadeOn\" \/>\n<meta property=\"article:published_time\" content=\"2022-03-11T21:52:14+00:00\" \/>\n<meta property=\"og:image\" content=\"https:\/\/verdadeon.com.br\/portal\/wp-content\/uploads\/2022\/03\/WhatsApp-Image-2022-03-11-at-17.36.03-e1647035455635.jpeg\" \/>\n\t<meta property=\"og:image:width\" content=\"1000\" \/>\n\t<meta property=\"og:image:height\" content=\"672\" \/>\n\t<meta property=\"og:image:type\" content=\"image\/jpeg\" \/>\n<meta name=\"author\" content=\"Fernando Lima\" \/>\n<meta name=\"twitter:card\" content=\"summary_large_image\" \/>\n<meta name=\"twitter:label1\" content=\"Escrito por\" \/>\n\t<meta name=\"twitter:data1\" content=\"Fernando Lima\" \/>\n\t<meta name=\"twitter:label2\" content=\"Est. tempo de leitura\" \/>\n\t<meta name=\"twitter:data2\" content=\"2 minutos\" \/>\n<script type=\"application\/ld+json\" class=\"yoast-schema-graph\">{\"@context\":\"https:\/\/schema.org\",\"@graph\":[{\"@type\":\"WebPage\",\"@id\":\"https:\/\/verdadeon.com.br\/portal\/2022\/03\/11\/homem-e-preso-por-trafico-de-drogas-maconha-e-pedras-de-crack-foram-apreendidas\/\",\"url\":\"https:\/\/verdadeon.com.br\/portal\/2022\/03\/11\/homem-e-preso-por-trafico-de-drogas-maconha-e-pedras-de-crack-foram-apreendidas\/\",\"name\":\"Homem \u00e9 preso por tr\u00e1fico de drogas, maconha e pedras de crack foram apreendidas - VerdadeOn\",\"isPartOf\":{\"@id\":\"https:\/\/verdadeon.com.br\/portal\/#website\"},\"primaryImageOfPage\":{\"@id\":\"https:\/\/verdadeon.com.br\/portal\/2022\/03\/11\/homem-e-preso-por-trafico-de-drogas-maconha-e-pedras-de-crack-foram-apreendidas\/#primaryimage\"},\"image\":{\"@id\":\"https:\/\/verdadeon.com.br\/portal\/2022\/03\/11\/homem-e-preso-por-trafico-de-drogas-maconha-e-pedras-de-crack-foram-apreendidas\/#primaryimage\"},\"thumbnailUrl\":\"https:\/\/i0.wp.com\/verdadeon.com.br\/portal\/wp-content\/uploads\/2022\/03\/WhatsApp-Image-2022-03-11-at-17.36.03-e1647035455635.jpeg?fit=1000%2C672&ssl=1\",\"datePublished\":\"2022-03-11T21:52:14+00:00\",\"author\":{\"@id\":\"https:\/\/verdadeon.com.br\/portal\/#\/schema\/person\/cc32be22b8e8599387c480bc83e1d11a\"},\"breadcrumb\":{\"@id\":\"https:\/\/verdadeon.com.br\/portal\/2022\/03\/11\/homem-e-preso-por-trafico-de-drogas-maconha-e-pedras-de-crack-foram-apreendidas\/#breadcrumb\"},\"inLanguage\":\"pt-BR\",\"potentialAction\":[{\"@type\":\"ReadAction\",\"target\":[\"https:\/\/verdadeon.com.br\/portal\/2022\/03\/11\/homem-e-preso-por-trafico-de-drogas-maconha-e-pedras-de-crack-foram-apreendidas\/\"]}]},{\"@type\":\"ImageObject\",\"inLanguage\":\"pt-BR\",\"@id\":\"https:\/\/verdadeon.com.br\/portal\/2022\/03\/11\/homem-e-preso-por-trafico-de-drogas-maconha-e-pedras-de-crack-foram-apreendidas\/#primaryimage\",\"url\":\"https:\/\/i0.wp.com\/verdadeon.com.br\/portal\/wp-content\/uploads\/2022\/03\/WhatsApp-Image-2022-03-11-at-17.36.03-e1647035455635.jpeg?fit=1000%2C672&ssl=1\",\"contentUrl\":\"https:\/\/i0.wp.com\/verdadeon.com.br\/portal\/wp-content\/uploads\/2022\/03\/WhatsApp-Image-2022-03-11-at-17.36.03-e1647035455635.jpeg?fit=1000%2C672&ssl=1\",\"width\":1000,\"height\":672,\"caption\":\"Drogas, dinheiro e materiais para o tr\u00e1fico estavam escondidas em dois endere\u00e7os diferentes de Cristais Paulista | Foto: DISE\"},{\"@type\":\"BreadcrumbList\",\"@id\":\"https:\/\/verdadeon.com.br\/portal\/2022\/03\/11\/homem-e-preso-por-trafico-de-drogas-maconha-e-pedras-de-crack-foram-apreendidas\/#breadcrumb\",\"itemListElement\":[{\"@type\":\"ListItem\",\"position\":1,\"name\":\"In\u00edcio\",\"item\":\"https:\/\/verdadeon.com.br\/portal\/\"},{\"@type\":\"ListItem\",\"position\":2,\"name\":\"Homem \u00e9 preso por tr\u00e1fico de drogas, maconha e pedras de crack foram apreendidas\"}]},{\"@type\":\"WebSite\",\"@id\":\"https:\/\/verdadeon.com.br\/portal\/#website\",\"url\":\"https:\/\/verdadeon.com.br\/portal\/\",\"name\":\"VerdadeOn\",\"description\":\"Not\u00edcias di\u00e1rias sobre Franca, Regi\u00e3o, Esporte, Cultura, Cotidiano, Colunas. Cobertura nos principais eventos da cidade \u00e9 aqui - Verdadeon Franca\",\"potentialAction\":[{\"@type\":\"SearchAction\",\"target\":{\"@type\":\"EntryPoint\",\"urlTemplate\":\"https:\/\/verdadeon.com.br\/portal\/?s={search_term_string}\"},\"query-input\":{\"@type\":\"PropertyValueSpecification\",\"valueRequired\":true,\"valueName\":\"search_term_string\"}}],\"inLanguage\":\"pt-BR\"},{\"@type\":\"Person\",\"@id\":\"https:\/\/verdadeon.com.br\/portal\/#\/schema\/person\/cc32be22b8e8599387c480bc83e1d11a\",\"name\":\"Fernando Lima\",\"image\":{\"@type\":\"ImageObject\",\"inLanguage\":\"pt-BR\",\"@id\":\"https:\/\/verdadeon.com.br\/portal\/#\/schema\/person\/image\/\",\"url\":\"https:\/\/secure.gravatar.com\/avatar\/df4c8e132080d2b3a4841d5d232045464e0eed11a1d6e43115ca0843d48768d3?s=96&d=mm&r=g\",\"contentUrl\":\"https:\/\/secure.gravatar.com\/avatar\/df4c8e132080d2b3a4841d5d232045464e0eed11a1d6e43115ca0843d48768d3?s=96&d=mm&r=g\",\"caption\":\"Fernando Lima\"},\"sameAs\":[\"http:\/\/verdadeon.com.br\/\"],\"url\":\"https:\/\/verdadeon.com.br\/portal\/author\/fernando-lima\/\"}]}<\/script>\n<!-- \/ Yoast SEO plugin. -->","yoast_head_json":{"title":"Homem \u00e9 preso por tr\u00e1fico de drogas, maconha e pedras de crack foram apreendidas - VerdadeOn","robots":{"index":"index","follow":"follow","max-snippet":"max-snippet:-1","max-image-preview":"max-image-preview:large","max-video-preview":"max-video-preview:-1"},"canonical":"https:\/\/verdadeon.com.br\/portal\/2022\/03\/11\/homem-e-preso-por-trafico-de-drogas-maconha-e-pedras-de-crack-foram-apreendidas\/","og_locale":"pt_BR","og_type":"article","og_title":"Homem \u00e9 preso por tr\u00e1fico de drogas, maconha e pedras de crack foram apreendidas - VerdadeOn","og_description":"Policiais chegaram at\u00e9 ele ap\u00f3s den\u00fancias, drogas ficavam escondidas em dois endere\u00e7os Um homem de 27 anos foi preso por tr\u00e1fico de drogas em Cristais Paulista, [\u2026]","og_url":"https:\/\/verdadeon.com.br\/portal\/2022\/03\/11\/homem-e-preso-por-trafico-de-drogas-maconha-e-pedras-de-crack-foram-apreendidas\/","og_site_name":"VerdadeOn","article_published_time":"2022-03-11T21:52:14+00:00","og_image":[{"width":1000,"height":672,"url":"https:\/\/verdadeon.com.br\/portal\/wp-content\/uploads\/2022\/03\/WhatsApp-Image-2022-03-11-at-17.36.03-e1647035455635.jpeg","type":"image\/jpeg"}],"author":"Fernando Lima","twitter_card":"summary_large_image","twitter_misc":{"Escrito por":"Fernando Lima","Est. tempo de leitura":"2 minutos"},"schema":{"@context":"https:\/\/schema.org","@graph":[{"@type":"WebPage","@id":"https:\/\/verdadeon.com.br\/portal\/2022\/03\/11\/homem-e-preso-por-trafico-de-drogas-maconha-e-pedras-de-crack-foram-apreendidas\/","url":"https:\/\/verdadeon.com.br\/portal\/2022\/03\/11\/homem-e-preso-por-trafico-de-drogas-maconha-e-pedras-de-crack-foram-apreendidas\/","name":"Homem \u00e9 preso por tr\u00e1fico de drogas, maconha e pedras de crack foram apreendidas - VerdadeOn","isPartOf":{"@id":"https:\/\/verdadeon.com.br\/portal\/#website"},"primaryImageOfPage":{"@id":"https:\/\/verdadeon.com.br\/portal\/2022\/03\/11\/homem-e-preso-por-trafico-de-drogas-maconha-e-pedras-de-crack-foram-apreendidas\/#primaryimage"},"image":{"@id":"https:\/\/verdadeon.com.br\/portal\/2022\/03\/11\/homem-e-preso-por-trafico-de-drogas-maconha-e-pedras-de-crack-foram-apreendidas\/#primaryimage"},"thumbnailUrl":"https:\/\/i0.wp.com\/verdadeon.com.br\/portal\/wp-content\/uploads\/2022\/03\/WhatsApp-Image-2022-03-11-at-17.36.03-e1647035455635.jpeg?fit=1000%2C672&ssl=1","datePublished":"2022-03-11T21:52:14+00:00","author":{"@id":"https:\/\/verdadeon.com.br\/portal\/#\/schema\/person\/cc32be22b8e8599387c480bc83e1d11a"},"breadcrumb":{"@id":"https:\/\/verdadeon.com.br\/portal\/2022\/03\/11\/homem-e-preso-por-trafico-de-drogas-maconha-e-pedras-de-crack-foram-apreendidas\/#breadcrumb"},"inLanguage":"pt-BR","potentialAction":[{"@type":"ReadAction","target":["https:\/\/verdadeon.com.br\/portal\/2022\/03\/11\/homem-e-preso-por-trafico-de-drogas-maconha-e-pedras-de-crack-foram-apreendidas\/"]}]},{"@type":"ImageObject","inLanguage":"pt-BR","@id":"https:\/\/verdadeon.com.br\/portal\/2022\/03\/11\/homem-e-preso-por-trafico-de-drogas-maconha-e-pedras-de-crack-foram-apreendidas\/#primaryimage","url":"https:\/\/i0.wp.com\/verdadeon.com.br\/portal\/wp-content\/uploads\/2022\/03\/WhatsApp-Image-2022-03-11-at-17.36.03-e1647035455635.jpeg?fit=1000%2C672&ssl=1","contentUrl":"https:\/\/i0.wp.com\/verdadeon.com.br\/portal\/wp-content\/uploads\/2022\/03\/WhatsApp-Image-2022-03-11-at-17.36.03-e1647035455635.jpeg?fit=1000%2C672&ssl=1","width":1000,"height":672,"caption":"Drogas, dinheiro e materiais para o tr\u00e1fico estavam escondidas em dois endere\u00e7os diferentes de Cristais Paulista | Foto: DISE"},{"@type":"BreadcrumbList","@id":"https:\/\/verdadeon.com.br\/portal\/2022\/03\/11\/homem-e-preso-por-trafico-de-drogas-maconha-e-pedras-de-crack-foram-apreendidas\/#breadcrumb","itemListElement":[{"@type":"ListItem","position":1,"name":"In\u00edcio","item":"https:\/\/verdadeon.com.br\/portal\/"},{"@type":"ListItem","position":2,"name":"Homem \u00e9 preso por tr\u00e1fico de drogas, maconha e pedras de crack foram apreendidas"}]},{"@type":"WebSite","@id":"https:\/\/verdadeon.com.br\/portal\/#website","url":"https:\/\/verdadeon.com.br\/portal\/","name":"VerdadeOn","description":"Not\u00edcias di\u00e1rias sobre Franca, Regi\u00e3o, Esporte, Cultura, Cotidiano, Colunas. Cobertura nos principais eventos da cidade \u00e9 aqui - Verdadeon Franca","potentialAction":[{"@type":"SearchAction","target":{"@type":"EntryPoint","urlTemplate":"https:\/\/verdadeon.com.br\/portal\/?s={search_term_string}"},"query-input":{"@type":"PropertyValueSpecification","valueRequired":true,"valueName":"search_term_string"}}],"inLanguage":"pt-BR"},{"@type":"Person","@id":"https:\/\/verdadeon.com.br\/portal\/#\/schema\/person\/cc32be22b8e8599387c480bc83e1d11a","name":"Fernando Lima","image":{"@type":"ImageObject","inLanguage":"pt-BR","@id":"https:\/\/verdadeon.com.br\/portal\/#\/schema\/person\/image\/","url":"https:\/\/secure.gravatar.com\/avatar\/df4c8e132080d2b3a4841d5d232045464e0eed11a1d6e43115ca0843d48768d3?s=96&d=mm&r=g","contentUrl":"https:\/\/secure.gravatar.com\/avatar\/df4c8e132080d2b3a4841d5d232045464e0eed11a1d6e43115ca0843d48768d3?s=96&d=mm&r=g","caption":"Fernando Lima"},"sameAs":["http:\/\/verdadeon.com.br\/"],"url":"https:\/\/verdadeon.com.br\/portal\/author\/fernando-lima\/"}]}},"jetpack_publicize_connections":[],"jetpack_featured_media_url":"https:\/\/i0.wp.com\/verdadeon.com.br\/portal\/wp-content\/uploads\/2022\/03\/WhatsApp-Image-2022-03-11-at-17.36.03-e1647035455635.jpeg?fit=1000%2C672&ssl=1","jetpack_sharing_enabled":true,"_links":{"self":[{"href":"https:\/\/verdadeon.com.br\/portal\/wp-json\/wp\/v2\/posts\/23643","targetHints":{"allow":["GET"]}}],"collection":[{"href":"https:\/\/verdadeon.com.br\/portal\/wp-json\/wp\/v2\/posts"}],"about":[{"href":"https:\/\/verdadeon.com.br\/portal\/wp-json\/wp\/v2\/types\/post"}],"author":[{"embeddable":true,"href":"https:\/\/verdadeon.com.br\/portal\/wp-json\/wp\/v2\/users\/7"}],"replies":[{"embeddable":true,"href":"https:\/\/verdadeon.com.br\/portal\/wp-json\/wp\/v2\/comments?post=23643"}],"version-history":[{"count":1,"href":"https:\/\/verdadeon.com.br\/portal\/wp-json\/wp\/v2\/posts\/23643\/revisions"}],"predecessor-version":[{"id":23646,"href":"https:\/\/verdadeon.com.br\/portal\/wp-json\/wp\/v2\/posts\/23643\/revisions\/23646"}],"wp:featuredmedia":[{"embeddable":true,"href":"https:\/\/verdadeon.com.br\/portal\/wp-json\/wp\/v2\/media\/23645"}],"wp:attachment":[{"href":"https:\/\/verdadeon.com.br\/portal\/wp-json\/wp\/v2\/media?parent=23643"}],"wp:term":[{"taxonomy":"category","embeddable":true,"href":"https:\/\/verdadeon.com.br\/portal\/wp-json\/wp\/v2\/categories?post=23643"},{"taxonomy":"post_tag","embeddable":true,"href":"https:\/\/verdadeon.com.br\/portal\/wp-json\/wp\/v2\/tags?post=23643"}],"curies":[{"name":"wp","href":"https:\/\/api.w.org\/{rel}","templated":true}]}}