{"id":23636,"date":"2022-03-11T17:43:41","date_gmt":"2022-03-11T20:43:41","guid":{"rendered":"https:\/\/verdadeon.com.br\/portal\/?p=23636"},"modified":"2022-03-11T18:01:45","modified_gmt":"2022-03-11T21:01:45","slug":"cao-black-recebe-alta-e-comeca-nova-etapa-de-recuperacao","status":"publish","type":"post","link":"https:\/\/verdadeon.com.br\/portal\/2022\/03\/11\/cao-black-recebe-alta-e-comeca-nova-etapa-de-recuperacao\/","title":{"rendered":"C\u00e3o Black recebe alta e come\u00e7a nova etapa de recupera\u00e7\u00e3o"},"content":{"rendered":"<h2>Cachorro foi espancado com chutes e pauladas pelos tutores em fevereiro, ele precisou passar por cirurgia<\/h2>\n<p>O c\u00e3o Balck que foi agredido pelos donos no dia 21 de fevereiro, deixou a cl\u00ednica onde passou por cirurgia e primeira etapa de recupera\u00e7\u00e3o. Agora ele foi levado para um local reservado sob os cuidados da Prefeitura de Gua\u00edra, que preferiu n\u00e3o divulgar para garantir a seguran\u00e7a do animal e uma recupera\u00e7\u00e3o mais r\u00e1pida.<\/p>\n<p>A veterin\u00e1ria da Prefeitura, Marina Vicente Trist\u00e3o, chefe do setor de Zoonoses e Bem Estar Animal, explicou que Black est\u00e1 se acostumando aos poucos com o tratamento e \u00e9 preciso evitar estresse, que poderia ser provocado pela presen\u00e7a de curiosos. \u201cAssim, essa nova etapa dos cuidados ser\u00e1 mais eficiente\u201d, disse a veterin\u00e1ria.<\/p>\n<p>A veterin\u00e1ria explicou tamb\u00e9m que o destino do c\u00e3o vai ser definido nas pr\u00f3ximas semanas. \u201cHoje os cuidados que tomamos no sentido de n\u00e3o haver visitas \u00e9 porque ele n\u00e3o pode fazer o esfor\u00e7o de latir porque se recupera da mand\u00edbula fraturada. H\u00e1 o risco de ele estranhar as pessoas e se irritar\u201d, explicou.<\/p>\n<p>A tutela judicial prossegue enquanto v\u00e1rias pessoas se apresentam para adotar o Black, mas, isso s\u00f3 ser\u00e1 decidido depois que o Juiz der a senten\u00e7a sobre a agress\u00e3o. Enquanto isso, o cachorro continua sob a responsabilidade da Prefeitura de Gua\u00edra.<\/p>\n<h4>O crime<\/h4>\n<p>No \u00faltimo dia 21 de fevereiro,\u00a0 pai e filho foram filmados agredindo o cachorro, ele foi atingido por v\u00e1rios chutes e desmaiou quando recebeu uma paulada na cabe\u00e7a. Os agressores ainda arrastam o animal para fora de um posto de combust\u00edveis, onde o crime aconteceu.<\/p>\n<p>Na delegacia eles disseram que o c\u00e3o havia avan\u00e7ado em outras pessoas e que mordeu outros cachorros na zona rural. Eles foram levados para a delegacia e depois recolhidos ao sistema prisional do Estado.<\/p>\n<p>No in\u00edcio de mar\u00e7o a Justi\u00e7a acatou um pedido da defesa e liberou os agressores, que v\u00e3o responder pelo crime em liberdade.<\/p>\n","protected":false},"excerpt":{"rendered":"<p>Cachorro foi espancado com chutes e pauladas pelos tutores em fevereiro, ele precisou passar por cirurgia O c\u00e3o Balck que foi agredido pelos donos no dia<span class=\"excerpt-hellip\"> [\u2026]<\/span><\/p>\n","protected":false},"author":7,"featured_media":23642,"comment_status":"open","ping_status":"open","sticky":false,"template":"","format":"standard","meta":{"_jetpack_memberships_contains_paid_content":false,"footnotes":"","jetpack_publicize_message":"","jetpack_publicize_feature_enabled":true,"jetpack_social_post_already_shared":false,"jetpack_social_options":{"image_generator_settings":{"template":"highway","default_image_id":0,"enabled":false},"version":2}},"categories":[28,81],"tags":[],"class_list":["post-23636","post","type-post","status-publish","format-standard","has-post-thumbnail","hentry","category-cotidiano","category-manchete"],"yoast_head":"<!-- This site is optimized with the Yoast SEO plugin v25.6 - https:\/\/yoast.com\/wordpress\/plugins\/seo\/ -->\n<title>C\u00e3o Black recebe alta e come\u00e7a nova etapa de recupera\u00e7\u00e3o - VerdadeOn<\/title>\n<meta name=\"robots\" content=\"index, follow, max-snippet:-1, max-image-preview:large, max-video-preview:-1\" \/>\n<link rel=\"canonical\" href=\"https:\/\/verdadeon.com.br\/portal\/2022\/03\/11\/cao-black-recebe-alta-e-comeca-nova-etapa-de-recuperacao\/\" \/>\n<meta property=\"og:locale\" content=\"pt_BR\" \/>\n<meta property=\"og:type\" content=\"article\" \/>\n<meta property=\"og:title\" content=\"C\u00e3o Black recebe alta e come\u00e7a nova etapa de recupera\u00e7\u00e3o - VerdadeOn\" \/>\n<meta property=\"og:description\" content=\"Cachorro foi espancado com chutes e pauladas pelos tutores em fevereiro, ele precisou passar por cirurgia O c\u00e3o Balck que foi agredido pelos donos no dia [\u2026]\" \/>\n<meta property=\"og:url\" content=\"https:\/\/verdadeon.com.br\/portal\/2022\/03\/11\/cao-black-recebe-alta-e-comeca-nova-etapa-de-recuperacao\/\" \/>\n<meta property=\"og:site_name\" content=\"VerdadeOn\" \/>\n<meta property=\"article:published_time\" content=\"2022-03-11T20:43:41+00:00\" \/>\n<meta property=\"article:modified_time\" content=\"2022-03-11T21:01:45+00:00\" \/>\n<meta property=\"og:image\" content=\"https:\/\/verdadeon.com.br\/portal\/wp-content\/uploads\/2022\/03\/WhatsApp-Image-2022-03-11-at-17.58.24.jpeg\" \/>\n\t<meta property=\"og:image:width\" content=\"1000\" \/>\n\t<meta property=\"og:image:height\" content=\"670\" \/>\n\t<meta property=\"og:image:type\" content=\"image\/jpeg\" \/>\n<meta name=\"author\" content=\"Fernando Lima\" \/>\n<meta name=\"twitter:card\" content=\"summary_large_image\" \/>\n<meta name=\"twitter:label1\" content=\"Escrito por\" \/>\n\t<meta name=\"twitter:data1\" content=\"Fernando Lima\" \/>\n\t<meta name=\"twitter:label2\" content=\"Est. tempo de leitura\" \/>\n\t<meta name=\"twitter:data2\" content=\"2 minutos\" \/>\n<script type=\"application\/ld+json\" class=\"yoast-schema-graph\">{\"@context\":\"https:\/\/schema.org\",\"@graph\":[{\"@type\":\"WebPage\",\"@id\":\"https:\/\/verdadeon.com.br\/portal\/2022\/03\/11\/cao-black-recebe-alta-e-comeca-nova-etapa-de-recuperacao\/\",\"url\":\"https:\/\/verdadeon.com.br\/portal\/2022\/03\/11\/cao-black-recebe-alta-e-comeca-nova-etapa-de-recuperacao\/\",\"name\":\"C\u00e3o Black recebe alta e come\u00e7a nova etapa de recupera\u00e7\u00e3o - VerdadeOn\",\"isPartOf\":{\"@id\":\"https:\/\/verdadeon.com.br\/portal\/#website\"},\"primaryImageOfPage\":{\"@id\":\"https:\/\/verdadeon.com.br\/portal\/2022\/03\/11\/cao-black-recebe-alta-e-comeca-nova-etapa-de-recuperacao\/#primaryimage\"},\"image\":{\"@id\":\"https:\/\/verdadeon.com.br\/portal\/2022\/03\/11\/cao-black-recebe-alta-e-comeca-nova-etapa-de-recuperacao\/#primaryimage\"},\"thumbnailUrl\":\"https:\/\/i0.wp.com\/verdadeon.com.br\/portal\/wp-content\/uploads\/2022\/03\/WhatsApp-Image-2022-03-11-at-17.58.24.jpeg?fit=1000%2C670&ssl=1\",\"datePublished\":\"2022-03-11T20:43:41+00:00\",\"dateModified\":\"2022-03-11T21:01:45+00:00\",\"author\":{\"@id\":\"https:\/\/verdadeon.com.br\/portal\/#\/schema\/person\/cc32be22b8e8599387c480bc83e1d11a\"},\"breadcrumb\":{\"@id\":\"https:\/\/verdadeon.com.br\/portal\/2022\/03\/11\/cao-black-recebe-alta-e-comeca-nova-etapa-de-recuperacao\/#breadcrumb\"},\"inLanguage\":\"pt-BR\",\"potentialAction\":[{\"@type\":\"ReadAction\",\"target\":[\"https:\/\/verdadeon.com.br\/portal\/2022\/03\/11\/cao-black-recebe-alta-e-comeca-nova-etapa-de-recuperacao\/\"]}]},{\"@type\":\"ImageObject\",\"inLanguage\":\"pt-BR\",\"@id\":\"https:\/\/verdadeon.com.br\/portal\/2022\/03\/11\/cao-black-recebe-alta-e-comeca-nova-etapa-de-recuperacao\/#primaryimage\",\"url\":\"https:\/\/i0.wp.com\/verdadeon.com.br\/portal\/wp-content\/uploads\/2022\/03\/WhatsApp-Image-2022-03-11-at-17.58.24.jpeg?fit=1000%2C670&ssl=1\",\"contentUrl\":\"https:\/\/i0.wp.com\/verdadeon.com.br\/portal\/wp-content\/uploads\/2022\/03\/WhatsApp-Image-2022-03-11-at-17.58.24.jpeg?fit=1000%2C670&ssl=1\",\"width\":1000,\"height\":670,\"caption\":\"Black est\u00e1 sob os cuidados da Prefeitura de Gua\u00edra em local n\u00e3o divulgado, por quest\u00f5es de seguran\u00e7a | Foto: Prefeitura de Gua\u00edra\"},{\"@type\":\"BreadcrumbList\",\"@id\":\"https:\/\/verdadeon.com.br\/portal\/2022\/03\/11\/cao-black-recebe-alta-e-comeca-nova-etapa-de-recuperacao\/#breadcrumb\",\"itemListElement\":[{\"@type\":\"ListItem\",\"position\":1,\"name\":\"In\u00edcio\",\"item\":\"https:\/\/verdadeon.com.br\/portal\/\"},{\"@type\":\"ListItem\",\"position\":2,\"name\":\"C\u00e3o Black recebe alta e come\u00e7a nova etapa de recupera\u00e7\u00e3o\"}]},{\"@type\":\"WebSite\",\"@id\":\"https:\/\/verdadeon.com.br\/portal\/#website\",\"url\":\"https:\/\/verdadeon.com.br\/portal\/\",\"name\":\"VerdadeOn\",\"description\":\"Not\u00edcias di\u00e1rias sobre Franca, Regi\u00e3o, Esporte, Cultura, Cotidiano, Colunas. Cobertura nos principais eventos da cidade \u00e9 aqui - Verdadeon Franca\",\"potentialAction\":[{\"@type\":\"SearchAction\",\"target\":{\"@type\":\"EntryPoint\",\"urlTemplate\":\"https:\/\/verdadeon.com.br\/portal\/?s={search_term_string}\"},\"query-input\":{\"@type\":\"PropertyValueSpecification\",\"valueRequired\":true,\"valueName\":\"search_term_string\"}}],\"inLanguage\":\"pt-BR\"},{\"@type\":\"Person\",\"@id\":\"https:\/\/verdadeon.com.br\/portal\/#\/schema\/person\/cc32be22b8e8599387c480bc83e1d11a\",\"name\":\"Fernando Lima\",\"image\":{\"@type\":\"ImageObject\",\"inLanguage\":\"pt-BR\",\"@id\":\"https:\/\/verdadeon.com.br\/portal\/#\/schema\/person\/image\/\",\"url\":\"https:\/\/secure.gravatar.com\/avatar\/df4c8e132080d2b3a4841d5d232045464e0eed11a1d6e43115ca0843d48768d3?s=96&d=mm&r=g\",\"contentUrl\":\"https:\/\/secure.gravatar.com\/avatar\/df4c8e132080d2b3a4841d5d232045464e0eed11a1d6e43115ca0843d48768d3?s=96&d=mm&r=g\",\"caption\":\"Fernando Lima\"},\"sameAs\":[\"http:\/\/verdadeon.com.br\/\"],\"url\":\"https:\/\/verdadeon.com.br\/portal\/author\/fernando-lima\/\"}]}<\/script>\n<!-- \/ Yoast SEO plugin. -->","yoast_head_json":{"title":"C\u00e3o Black recebe alta e come\u00e7a nova etapa de recupera\u00e7\u00e3o - VerdadeOn","robots":{"index":"index","follow":"follow","max-snippet":"max-snippet:-1","max-image-preview":"max-image-preview:large","max-video-preview":"max-video-preview:-1"},"canonical":"https:\/\/verdadeon.com.br\/portal\/2022\/03\/11\/cao-black-recebe-alta-e-comeca-nova-etapa-de-recuperacao\/","og_locale":"pt_BR","og_type":"article","og_title":"C\u00e3o Black recebe alta e come\u00e7a nova etapa de recupera\u00e7\u00e3o - VerdadeOn","og_description":"Cachorro foi espancado com chutes e pauladas pelos tutores em fevereiro, ele precisou passar por cirurgia O c\u00e3o Balck que foi agredido pelos donos no dia [\u2026]","og_url":"https:\/\/verdadeon.com.br\/portal\/2022\/03\/11\/cao-black-recebe-alta-e-comeca-nova-etapa-de-recuperacao\/","og_site_name":"VerdadeOn","article_published_time":"2022-03-11T20:43:41+00:00","article_modified_time":"2022-03-11T21:01:45+00:00","og_image":[{"width":1000,"height":670,"url":"https:\/\/verdadeon.com.br\/portal\/wp-content\/uploads\/2022\/03\/WhatsApp-Image-2022-03-11-at-17.58.24.jpeg","type":"image\/jpeg"}],"author":"Fernando Lima","twitter_card":"summary_large_image","twitter_misc":{"Escrito por":"Fernando Lima","Est. tempo de leitura":"2 minutos"},"schema":{"@context":"https:\/\/schema.org","@graph":[{"@type":"WebPage","@id":"https:\/\/verdadeon.com.br\/portal\/2022\/03\/11\/cao-black-recebe-alta-e-comeca-nova-etapa-de-recuperacao\/","url":"https:\/\/verdadeon.com.br\/portal\/2022\/03\/11\/cao-black-recebe-alta-e-comeca-nova-etapa-de-recuperacao\/","name":"C\u00e3o Black recebe alta e come\u00e7a nova etapa de recupera\u00e7\u00e3o - VerdadeOn","isPartOf":{"@id":"https:\/\/verdadeon.com.br\/portal\/#website"},"primaryImageOfPage":{"@id":"https:\/\/verdadeon.com.br\/portal\/2022\/03\/11\/cao-black-recebe-alta-e-comeca-nova-etapa-de-recuperacao\/#primaryimage"},"image":{"@id":"https:\/\/verdadeon.com.br\/portal\/2022\/03\/11\/cao-black-recebe-alta-e-comeca-nova-etapa-de-recuperacao\/#primaryimage"},"thumbnailUrl":"https:\/\/i0.wp.com\/verdadeon.com.br\/portal\/wp-content\/uploads\/2022\/03\/WhatsApp-Image-2022-03-11-at-17.58.24.jpeg?fit=1000%2C670&ssl=1","datePublished":"2022-03-11T20:43:41+00:00","dateModified":"2022-03-11T21:01:45+00:00","author":{"@id":"https:\/\/verdadeon.com.br\/portal\/#\/schema\/person\/cc32be22b8e8599387c480bc83e1d11a"},"breadcrumb":{"@id":"https:\/\/verdadeon.com.br\/portal\/2022\/03\/11\/cao-black-recebe-alta-e-comeca-nova-etapa-de-recuperacao\/#breadcrumb"},"inLanguage":"pt-BR","potentialAction":[{"@type":"ReadAction","target":["https:\/\/verdadeon.com.br\/portal\/2022\/03\/11\/cao-black-recebe-alta-e-comeca-nova-etapa-de-recuperacao\/"]}]},{"@type":"ImageObject","inLanguage":"pt-BR","@id":"https:\/\/verdadeon.com.br\/portal\/2022\/03\/11\/cao-black-recebe-alta-e-comeca-nova-etapa-de-recuperacao\/#primaryimage","url":"https:\/\/i0.wp.com\/verdadeon.com.br\/portal\/wp-content\/uploads\/2022\/03\/WhatsApp-Image-2022-03-11-at-17.58.24.jpeg?fit=1000%2C670&ssl=1","contentUrl":"https:\/\/i0.wp.com\/verdadeon.com.br\/portal\/wp-content\/uploads\/2022\/03\/WhatsApp-Image-2022-03-11-at-17.58.24.jpeg?fit=1000%2C670&ssl=1","width":1000,"height":670,"caption":"Black est\u00e1 sob os cuidados da Prefeitura de Gua\u00edra em local n\u00e3o divulgado, por quest\u00f5es de seguran\u00e7a | Foto: Prefeitura de Gua\u00edra"},{"@type":"BreadcrumbList","@id":"https:\/\/verdadeon.com.br\/portal\/2022\/03\/11\/cao-black-recebe-alta-e-comeca-nova-etapa-de-recuperacao\/#breadcrumb","itemListElement":[{"@type":"ListItem","position":1,"name":"In\u00edcio","item":"https:\/\/verdadeon.com.br\/portal\/"},{"@type":"ListItem","position":2,"name":"C\u00e3o Black recebe alta e come\u00e7a nova etapa de recupera\u00e7\u00e3o"}]},{"@type":"WebSite","@id":"https:\/\/verdadeon.com.br\/portal\/#website","url":"https:\/\/verdadeon.com.br\/portal\/","name":"VerdadeOn","description":"Not\u00edcias di\u00e1rias sobre Franca, Regi\u00e3o, Esporte, Cultura, Cotidiano, Colunas. Cobertura nos principais eventos da cidade \u00e9 aqui - Verdadeon Franca","potentialAction":[{"@type":"SearchAction","target":{"@type":"EntryPoint","urlTemplate":"https:\/\/verdadeon.com.br\/portal\/?s={search_term_string}"},"query-input":{"@type":"PropertyValueSpecification","valueRequired":true,"valueName":"search_term_string"}}],"inLanguage":"pt-BR"},{"@type":"Person","@id":"https:\/\/verdadeon.com.br\/portal\/#\/schema\/person\/cc32be22b8e8599387c480bc83e1d11a","name":"Fernando Lima","image":{"@type":"ImageObject","inLanguage":"pt-BR","@id":"https:\/\/verdadeon.com.br\/portal\/#\/schema\/person\/image\/","url":"https:\/\/secure.gravatar.com\/avatar\/df4c8e132080d2b3a4841d5d232045464e0eed11a1d6e43115ca0843d48768d3?s=96&d=mm&r=g","contentUrl":"https:\/\/secure.gravatar.com\/avatar\/df4c8e132080d2b3a4841d5d232045464e0eed11a1d6e43115ca0843d48768d3?s=96&d=mm&r=g","caption":"Fernando Lima"},"sameAs":["http:\/\/verdadeon.com.br\/"],"url":"https:\/\/verdadeon.com.br\/portal\/author\/fernando-lima\/"}]}},"jetpack_publicize_connections":[],"jetpack_featured_media_url":"https:\/\/i0.wp.com\/verdadeon.com.br\/portal\/wp-content\/uploads\/2022\/03\/WhatsApp-Image-2022-03-11-at-17.58.24.jpeg?fit=1000%2C670&ssl=1","jetpack_sharing_enabled":true,"_links":{"self":[{"href":"https:\/\/verdadeon.com.br\/portal\/wp-json\/wp\/v2\/posts\/23636","targetHints":{"allow":["GET"]}}],"collection":[{"href":"https:\/\/verdadeon.com.br\/portal\/wp-json\/wp\/v2\/posts"}],"about":[{"href":"https:\/\/verdadeon.com.br\/portal\/wp-json\/wp\/v2\/types\/post"}],"author":[{"embeddable":true,"href":"https:\/\/verdadeon.com.br\/portal\/wp-json\/wp\/v2\/users\/7"}],"replies":[{"embeddable":true,"href":"https:\/\/verdadeon.com.br\/portal\/wp-json\/wp\/v2\/comments?post=23636"}],"version-history":[{"count":1,"href":"https:\/\/verdadeon.com.br\/portal\/wp-json\/wp\/v2\/posts\/23636\/revisions"}],"predecessor-version":[{"id":23639,"href":"https:\/\/verdadeon.com.br\/portal\/wp-json\/wp\/v2\/posts\/23636\/revisions\/23639"}],"wp:featuredmedia":[{"embeddable":true,"href":"https:\/\/verdadeon.com.br\/portal\/wp-json\/wp\/v2\/media\/23642"}],"wp:attachment":[{"href":"https:\/\/verdadeon.com.br\/portal\/wp-json\/wp\/v2\/media?parent=23636"}],"wp:term":[{"taxonomy":"category","embeddable":true,"href":"https:\/\/verdadeon.com.br\/portal\/wp-json\/wp\/v2\/categories?post=23636"},{"taxonomy":"post_tag","embeddable":true,"href":"https:\/\/verdadeon.com.br\/portal\/wp-json\/wp\/v2\/tags?post=23636"}],"curies":[{"name":"wp","href":"https:\/\/api.w.org\/{rel}","templated":true}]}}