{"id":23625,"date":"2022-03-13T09:00:31","date_gmt":"2022-03-13T12:00:31","guid":{"rendered":"https:\/\/verdadeon.com.br\/portal\/?p=23625"},"modified":"2022-03-10T18:14:29","modified_gmt":"2022-03-10T21:14:29","slug":"decidi-muito-cedo-o-meu-desejo-em-atuar-na-area-da-saude-diz-waleria-mascarenhas","status":"publish","type":"post","link":"https:\/\/verdadeon.com.br\/portal\/2022\/03\/13\/decidi-muito-cedo-o-meu-desejo-em-atuar-na-area-da-saude-diz-waleria-mascarenhas\/","title":{"rendered":"&#8216;Decidi muito cedo o meu desejo em atuar na \u00e1rea da sa\u00fade&#8217;, diz Wal\u00e9ria Mascarenhas"},"content":{"rendered":"<p>O Jornal Verdade segue com entrevistas especiais pelo m\u00eas da Mulher, e nesta edi\u00e7\u00e3o a nossa convidada \u00e9 a secret\u00e1ria de Sa\u00fade de Franca, Wal\u00e9ria Souza de Mascarenhas. Ela assumiu o cargo em 2022, ap\u00f3s o pedido de exonera\u00e7\u00e3o feito pelo ent\u00e3o secret\u00e1rio Lucas Souza.<\/p>\n<p>Aos 43 anos, ela \u00e9 graduada em Enfermagem e Obstetr\u00edcia, al\u00e9m de ser p\u00f3s graduada em Administra\u00e7\u00e3o Hospitalar e em Doc\u00eancia do Ensino Superior. Na entrevista a secret\u00e1ria conta como iniciou os trabalhos na \u00e1rea de sa\u00fade, al\u00e9m dos desafios que enfrenta no dia a dia no comando da Sa\u00fade de Franca.<\/p>\n<h4>Confira:<\/h4>\n<p><strong>Jornal Verdade-<\/strong> Sempre teve o desejo de atuar na \u00e1rea da sa\u00fade?<\/p>\n<p><strong>Wal\u00e9ria Mascarenhas-<\/strong> Entendo que o objetivo do profissional na \u00e1rea de atua\u00e7\u00e3o\u00a0deve levar em considera\u00e7\u00e3o o seu perfil e, consequentemente, suas expectativas com o futuro emprego, baseado nisso, decidi muito cedo o meu desejo em atuar na \u00e1rea da sa\u00fade.<\/p>\n<p>&nbsp;<\/p>\n<p><strong>J.V.-<\/strong> Como foi a sua caminhada at\u00e9 chegar ao cargo de secret\u00e1ria de Sa\u00fade de Franca?<\/p>\n<p><strong>W.M.-<\/strong> Atuando na \u00e1rea da Sa\u00fade desde 2001, em v\u00e1rias empresas, p\u00fablicas e privadas, tive a grande oportunidade e a grata satisfa\u00e7\u00e3o de poder participar de diversas reuni\u00f5es com Secret\u00e1rios Municipais de Sa\u00fade de Franca e Regi\u00e3o, o que me trouxe conhecimentos \u00edmpares e uma ampla experi\u00eancia na \u00e1rea. No meu dia a dia, sempre tentei apresentar solu\u00e7\u00f5es criativas e inovadoras, assim, em 07\/2015, fui convidada pelo Senhor Alexandre Ferreira, prefeito, a ocupar o cargo de Coordenadora de Aten\u00e7\u00e3o B\u00e1sica, cargo este que permaneci at\u00e9 07\/2016, retornando, por raz\u00f5es de ordem pessoal, a empresa privada. Em 2021, fui novamente convidada pelo prefeito Alexandre Ferreira, para assumir o cargo de Diretora do Departamento de M\u00e9dia e Alta Densidade Tecnol\u00f3gica, ocasi\u00e3o em que, tive a grata oportunidade de trabalhar com o Lucas Souza, ent\u00e3o Secret\u00e1rio Municipal de Sa\u00fade, que, por motivo de ordem pessoal, solicitou exonera\u00e7\u00e3o do cargo e fez a minha indica\u00e7\u00e3o ao Prefeito para ocupar o cargo de Secret\u00e1ria Municipal de Sa\u00fade.<\/p>\n<p>&nbsp;<\/p>\n<p><strong>J.V.-<\/strong> O que destacaria da sua atua\u00e7\u00e3o at\u00e9 o momento?<\/p>\n<p><strong>W.M.-<\/strong> Eu destacaria minha habilidade em manter o equil\u00edbrio emocional, j\u00e1 que \u00e9 uma pasta que diuturnamente lida com situa\u00e7\u00f5es de vulnerabilidade e, desta forma, tra\u00e7ar diretrizes que contribuam para a celeridade nas a\u00e7\u00f5es da Secretaria de Sa\u00fade, para que os servi\u00e7os prestados pela rede p\u00fablica sejam ofertados aos mun\u00edcipes com a melhor qualidade e humaniza\u00e7\u00e3o poss\u00edvel.<\/p>\n<p>&nbsp;<\/p>\n<p><strong>J.V.-<\/strong> Qual o maior desafio do cargo?<\/p>\n<p><strong>W.M.-<\/strong> Estar ocupando o cargo de Secret\u00e1ria Municipal de Sa\u00fade por si s\u00f3 j\u00e1 \u00e9 um grande desafio, mas eu digo que no momento o maior desafio \u00e9 conciliar os nossos t\u00e3o sonhados objetivos de atua\u00e7\u00e3o com o atual cen\u00e1rio da pandemia COVID-19, quebrando barreiras dia a dia, sabendo que o primeiro passo \u00e9 sempre o mais dif\u00edcil, mas justamente o mais importante.<\/p>\n<p>&nbsp;<\/p>\n<p><strong>J.V.-<\/strong> J\u00e1 sentiu alguma dificuldade no trabalho por ser mulher?<\/p>\n<p><strong>W.M.-<\/strong> \u00a0Em hip\u00f3tese alguma, muito bem acolhida pelos mun\u00edcipes, equipe de trabalho, Chefias, Secret\u00e1rios Municipais e pelo Prefeito, pois tenho pleno conhecimento que, independentemente do fato de ser mulher, a raz\u00e3o da escolha para o cargo se deu pelo fato da minha atua\u00e7\u00e3o no trabalho, e estou me desempenhando ao m\u00e1ximo para superar as expectativas que me foram depositadas, em um processo de busca de um resultado verdadeiramente valioso.<\/p>\n<p>&nbsp;<\/p>\n<p><strong>J.V.-<\/strong> Para voc\u00ea qual a import\u00e2ncia do Dia Internacional da Mulher?<\/p>\n<p><strong>W.M.-<\/strong> Esta data homenageia as mulheres de todo o mundo e simboliza a hist\u00f3ria de supera\u00e7\u00e3o, dedica\u00e7\u00e3o e luta por direitos no decorrer da hist\u00f3ria.<\/p>\n<p>&nbsp;<\/p>\n<p><strong>J.V.-<\/strong> O seu cargo exige muita dedica\u00e7\u00e3o, ainda mais por conta da pandemia. Como administrar a vida pessoal em contraste com o trabalho?<\/p>\n<p><strong>W.M.-<\/strong> Os gregos diziam que as mulheres tinham algo que eles invejavam: Ast\u00facia, ent\u00e3o conciliar a vida pessoal em contraste com o trabalho \u00e9 pensar que devemos trabalhar por uma causa e n\u00e3o por aplausos ou sucesso, desta forma, conseguimos ser profissional e administrar a vida pessoal de forma equilibrada<\/p>\n<p>&nbsp;<\/p>\n<p><strong>J.V.-<\/strong> Que avan\u00e7os e necessidades, na sua opini\u00e3o, ainda s\u00e3o importantes de serem conquistados pelas e para as mulheres?<\/p>\n<p><strong>W.M.-<\/strong> Penso que no decorrer do tempo, n\u00f3s, mulheres guerreiras, j\u00e1 conseguimos um universo importante de conquistas, agora cabe a cada uma de n\u00f3s se valer destas conquistas e jamais retroceder com estes avan\u00e7os.<\/p>\n<p>&nbsp;<\/p>\n<p><strong>J.V.-<\/strong> Qual mensagem a senhora gostaria de deixar para as mulheres neste m\u00eas de mar\u00e7o que \u00e9 voltado para elas?<\/p>\n<p><strong>W.M.-<\/strong> Infinitas s\u00e3o as mensagens que gostaria de deixar as mulheres neste m\u00eas de mar\u00e7o, mas teria que descrever p\u00e1ginas e p\u00e1ginas, ent\u00e3o, me restrinjo em uma s\u00f3: Que n\u00e3o somente nesta data, mas que todos os dias, as mulheres sejam reconhecidas e amadas.<\/p>\n","protected":false},"excerpt":{"rendered":"<p>O Jornal Verdade segue com entrevistas especiais pelo m\u00eas da Mulher, e nesta edi\u00e7\u00e3o a nossa convidada \u00e9 a secret\u00e1ria de Sa\u00fade de Franca, Wal\u00e9ria Souza<span class=\"excerpt-hellip\"> [\u2026]<\/span><\/p>\n","protected":false},"author":7,"featured_media":23626,"comment_status":"open","ping_status":"open","sticky":false,"template":"","format":"standard","meta":{"_jetpack_memberships_contains_paid_content":false,"footnotes":"","jetpack_publicize_message":"","jetpack_publicize_feature_enabled":true,"jetpack_social_post_already_shared":false,"jetpack_social_options":{"image_generator_settings":{"template":"highway","default_image_id":0,"enabled":false},"version":2}},"categories":[28,81],"tags":[],"class_list":["post-23625","post","type-post","status-publish","format-standard","has-post-thumbnail","hentry","category-cotidiano","category-manchete"],"yoast_head":"<!-- This site is optimized with the Yoast SEO plugin v25.6 - https:\/\/yoast.com\/wordpress\/plugins\/seo\/ -->\n<title>&#039;Decidi muito cedo o meu desejo em atuar na \u00e1rea da sa\u00fade&#039;, diz Wal\u00e9ria Mascarenhas - VerdadeOn<\/title>\n<meta name=\"robots\" content=\"index, follow, max-snippet:-1, max-image-preview:large, max-video-preview:-1\" \/>\n<link rel=\"canonical\" href=\"https:\/\/verdadeon.com.br\/portal\/2022\/03\/13\/decidi-muito-cedo-o-meu-desejo-em-atuar-na-area-da-saude-diz-waleria-mascarenhas\/\" \/>\n<meta property=\"og:locale\" content=\"pt_BR\" \/>\n<meta property=\"og:type\" content=\"article\" \/>\n<meta property=\"og:title\" content=\"&#039;Decidi muito cedo o meu desejo em atuar na \u00e1rea da sa\u00fade&#039;, diz Wal\u00e9ria Mascarenhas - VerdadeOn\" \/>\n<meta property=\"og:description\" content=\"O Jornal Verdade segue com entrevistas especiais pelo m\u00eas da Mulher, e nesta edi\u00e7\u00e3o a nossa convidada \u00e9 a secret\u00e1ria de Sa\u00fade de Franca, Wal\u00e9ria Souza [\u2026]\" \/>\n<meta property=\"og:url\" content=\"https:\/\/verdadeon.com.br\/portal\/2022\/03\/13\/decidi-muito-cedo-o-meu-desejo-em-atuar-na-area-da-saude-diz-waleria-mascarenhas\/\" \/>\n<meta property=\"og:site_name\" content=\"VerdadeOn\" \/>\n<meta property=\"article:published_time\" content=\"2022-03-13T12:00:31+00:00\" \/>\n<meta property=\"og:image\" content=\"https:\/\/verdadeon.com.br\/portal\/wp-content\/uploads\/2022\/03\/WhatsApp-Image-2022-03-08-at-10.25.30.jpeg\" \/>\n\t<meta property=\"og:image:width\" content=\"1280\" \/>\n\t<meta property=\"og:image:height\" content=\"853\" \/>\n\t<meta property=\"og:image:type\" content=\"image\/jpeg\" \/>\n<meta name=\"author\" content=\"Fernando Lima\" \/>\n<meta name=\"twitter:card\" content=\"summary_large_image\" \/>\n<meta name=\"twitter:label1\" content=\"Escrito por\" \/>\n\t<meta name=\"twitter:data1\" content=\"Fernando Lima\" \/>\n\t<meta name=\"twitter:label2\" content=\"Est. tempo de leitura\" \/>\n\t<meta name=\"twitter:data2\" content=\"5 minutos\" \/>\n<script type=\"application\/ld+json\" class=\"yoast-schema-graph\">{\"@context\":\"https:\/\/schema.org\",\"@graph\":[{\"@type\":\"WebPage\",\"@id\":\"https:\/\/verdadeon.com.br\/portal\/2022\/03\/13\/decidi-muito-cedo-o-meu-desejo-em-atuar-na-area-da-saude-diz-waleria-mascarenhas\/\",\"url\":\"https:\/\/verdadeon.com.br\/portal\/2022\/03\/13\/decidi-muito-cedo-o-meu-desejo-em-atuar-na-area-da-saude-diz-waleria-mascarenhas\/\",\"name\":\"'Decidi muito cedo o meu desejo em atuar na \u00e1rea da sa\u00fade', diz Wal\u00e9ria Mascarenhas - VerdadeOn\",\"isPartOf\":{\"@id\":\"https:\/\/verdadeon.com.br\/portal\/#website\"},\"primaryImageOfPage\":{\"@id\":\"https:\/\/verdadeon.com.br\/portal\/2022\/03\/13\/decidi-muito-cedo-o-meu-desejo-em-atuar-na-area-da-saude-diz-waleria-mascarenhas\/#primaryimage\"},\"image\":{\"@id\":\"https:\/\/verdadeon.com.br\/portal\/2022\/03\/13\/decidi-muito-cedo-o-meu-desejo-em-atuar-na-area-da-saude-diz-waleria-mascarenhas\/#primaryimage\"},\"thumbnailUrl\":\"https:\/\/i0.wp.com\/verdadeon.com.br\/portal\/wp-content\/uploads\/2022\/03\/WhatsApp-Image-2022-03-08-at-10.25.30.jpeg?fit=1280%2C853&ssl=1\",\"datePublished\":\"2022-03-13T12:00:31+00:00\",\"author\":{\"@id\":\"https:\/\/verdadeon.com.br\/portal\/#\/schema\/person\/cc32be22b8e8599387c480bc83e1d11a\"},\"breadcrumb\":{\"@id\":\"https:\/\/verdadeon.com.br\/portal\/2022\/03\/13\/decidi-muito-cedo-o-meu-desejo-em-atuar-na-area-da-saude-diz-waleria-mascarenhas\/#breadcrumb\"},\"inLanguage\":\"pt-BR\",\"potentialAction\":[{\"@type\":\"ReadAction\",\"target\":[\"https:\/\/verdadeon.com.br\/portal\/2022\/03\/13\/decidi-muito-cedo-o-meu-desejo-em-atuar-na-area-da-saude-diz-waleria-mascarenhas\/\"]}]},{\"@type\":\"ImageObject\",\"inLanguage\":\"pt-BR\",\"@id\":\"https:\/\/verdadeon.com.br\/portal\/2022\/03\/13\/decidi-muito-cedo-o-meu-desejo-em-atuar-na-area-da-saude-diz-waleria-mascarenhas\/#primaryimage\",\"url\":\"https:\/\/i0.wp.com\/verdadeon.com.br\/portal\/wp-content\/uploads\/2022\/03\/WhatsApp-Image-2022-03-08-at-10.25.30.jpeg?fit=1280%2C853&ssl=1\",\"contentUrl\":\"https:\/\/i0.wp.com\/verdadeon.com.br\/portal\/wp-content\/uploads\/2022\/03\/WhatsApp-Image-2022-03-08-at-10.25.30.jpeg?fit=1280%2C853&ssl=1\",\"width\":1280,\"height\":853,\"caption\":\"Wal\u00e9ria Mascarenhas comanda a secretaria de Sa\u00fade de Franca, desde fevereiro deste ano. A profissional tem ampla experi\u00eancia na \u00e1rea | Foto: Divulga\u00e7\u00e3o\"},{\"@type\":\"BreadcrumbList\",\"@id\":\"https:\/\/verdadeon.com.br\/portal\/2022\/03\/13\/decidi-muito-cedo-o-meu-desejo-em-atuar-na-area-da-saude-diz-waleria-mascarenhas\/#breadcrumb\",\"itemListElement\":[{\"@type\":\"ListItem\",\"position\":1,\"name\":\"In\u00edcio\",\"item\":\"https:\/\/verdadeon.com.br\/portal\/\"},{\"@type\":\"ListItem\",\"position\":2,\"name\":\"&#8216;Decidi muito cedo o meu desejo em atuar na \u00e1rea da sa\u00fade&#8217;, diz Wal\u00e9ria Mascarenhas\"}]},{\"@type\":\"WebSite\",\"@id\":\"https:\/\/verdadeon.com.br\/portal\/#website\",\"url\":\"https:\/\/verdadeon.com.br\/portal\/\",\"name\":\"VerdadeOn\",\"description\":\"Not\u00edcias di\u00e1rias sobre Franca, Regi\u00e3o, Esporte, Cultura, Cotidiano, Colunas. Cobertura nos principais eventos da cidade \u00e9 aqui - Verdadeon Franca\",\"potentialAction\":[{\"@type\":\"SearchAction\",\"target\":{\"@type\":\"EntryPoint\",\"urlTemplate\":\"https:\/\/verdadeon.com.br\/portal\/?s={search_term_string}\"},\"query-input\":{\"@type\":\"PropertyValueSpecification\",\"valueRequired\":true,\"valueName\":\"search_term_string\"}}],\"inLanguage\":\"pt-BR\"},{\"@type\":\"Person\",\"@id\":\"https:\/\/verdadeon.com.br\/portal\/#\/schema\/person\/cc32be22b8e8599387c480bc83e1d11a\",\"name\":\"Fernando Lima\",\"image\":{\"@type\":\"ImageObject\",\"inLanguage\":\"pt-BR\",\"@id\":\"https:\/\/verdadeon.com.br\/portal\/#\/schema\/person\/image\/\",\"url\":\"https:\/\/secure.gravatar.com\/avatar\/df4c8e132080d2b3a4841d5d232045464e0eed11a1d6e43115ca0843d48768d3?s=96&d=mm&r=g\",\"contentUrl\":\"https:\/\/secure.gravatar.com\/avatar\/df4c8e132080d2b3a4841d5d232045464e0eed11a1d6e43115ca0843d48768d3?s=96&d=mm&r=g\",\"caption\":\"Fernando Lima\"},\"sameAs\":[\"http:\/\/verdadeon.com.br\/\"],\"url\":\"https:\/\/verdadeon.com.br\/portal\/author\/fernando-lima\/\"}]}<\/script>\n<!-- \/ Yoast SEO plugin. -->","yoast_head_json":{"title":"'Decidi muito cedo o meu desejo em atuar na \u00e1rea da sa\u00fade', diz Wal\u00e9ria Mascarenhas - VerdadeOn","robots":{"index":"index","follow":"follow","max-snippet":"max-snippet:-1","max-image-preview":"max-image-preview:large","max-video-preview":"max-video-preview:-1"},"canonical":"https:\/\/verdadeon.com.br\/portal\/2022\/03\/13\/decidi-muito-cedo-o-meu-desejo-em-atuar-na-area-da-saude-diz-waleria-mascarenhas\/","og_locale":"pt_BR","og_type":"article","og_title":"'Decidi muito cedo o meu desejo em atuar na \u00e1rea da sa\u00fade', diz Wal\u00e9ria Mascarenhas - VerdadeOn","og_description":"O Jornal Verdade segue com entrevistas especiais pelo m\u00eas da Mulher, e nesta edi\u00e7\u00e3o a nossa convidada \u00e9 a secret\u00e1ria de Sa\u00fade de Franca, Wal\u00e9ria Souza [\u2026]","og_url":"https:\/\/verdadeon.com.br\/portal\/2022\/03\/13\/decidi-muito-cedo-o-meu-desejo-em-atuar-na-area-da-saude-diz-waleria-mascarenhas\/","og_site_name":"VerdadeOn","article_published_time":"2022-03-13T12:00:31+00:00","og_image":[{"width":1280,"height":853,"url":"https:\/\/verdadeon.com.br\/portal\/wp-content\/uploads\/2022\/03\/WhatsApp-Image-2022-03-08-at-10.25.30.jpeg","type":"image\/jpeg"}],"author":"Fernando Lima","twitter_card":"summary_large_image","twitter_misc":{"Escrito por":"Fernando Lima","Est. tempo de leitura":"5 minutos"},"schema":{"@context":"https:\/\/schema.org","@graph":[{"@type":"WebPage","@id":"https:\/\/verdadeon.com.br\/portal\/2022\/03\/13\/decidi-muito-cedo-o-meu-desejo-em-atuar-na-area-da-saude-diz-waleria-mascarenhas\/","url":"https:\/\/verdadeon.com.br\/portal\/2022\/03\/13\/decidi-muito-cedo-o-meu-desejo-em-atuar-na-area-da-saude-diz-waleria-mascarenhas\/","name":"'Decidi muito cedo o meu desejo em atuar na \u00e1rea da sa\u00fade', diz Wal\u00e9ria Mascarenhas - VerdadeOn","isPartOf":{"@id":"https:\/\/verdadeon.com.br\/portal\/#website"},"primaryImageOfPage":{"@id":"https:\/\/verdadeon.com.br\/portal\/2022\/03\/13\/decidi-muito-cedo-o-meu-desejo-em-atuar-na-area-da-saude-diz-waleria-mascarenhas\/#primaryimage"},"image":{"@id":"https:\/\/verdadeon.com.br\/portal\/2022\/03\/13\/decidi-muito-cedo-o-meu-desejo-em-atuar-na-area-da-saude-diz-waleria-mascarenhas\/#primaryimage"},"thumbnailUrl":"https:\/\/i0.wp.com\/verdadeon.com.br\/portal\/wp-content\/uploads\/2022\/03\/WhatsApp-Image-2022-03-08-at-10.25.30.jpeg?fit=1280%2C853&ssl=1","datePublished":"2022-03-13T12:00:31+00:00","author":{"@id":"https:\/\/verdadeon.com.br\/portal\/#\/schema\/person\/cc32be22b8e8599387c480bc83e1d11a"},"breadcrumb":{"@id":"https:\/\/verdadeon.com.br\/portal\/2022\/03\/13\/decidi-muito-cedo-o-meu-desejo-em-atuar-na-area-da-saude-diz-waleria-mascarenhas\/#breadcrumb"},"inLanguage":"pt-BR","potentialAction":[{"@type":"ReadAction","target":["https:\/\/verdadeon.com.br\/portal\/2022\/03\/13\/decidi-muito-cedo-o-meu-desejo-em-atuar-na-area-da-saude-diz-waleria-mascarenhas\/"]}]},{"@type":"ImageObject","inLanguage":"pt-BR","@id":"https:\/\/verdadeon.com.br\/portal\/2022\/03\/13\/decidi-muito-cedo-o-meu-desejo-em-atuar-na-area-da-saude-diz-waleria-mascarenhas\/#primaryimage","url":"https:\/\/i0.wp.com\/verdadeon.com.br\/portal\/wp-content\/uploads\/2022\/03\/WhatsApp-Image-2022-03-08-at-10.25.30.jpeg?fit=1280%2C853&ssl=1","contentUrl":"https:\/\/i0.wp.com\/verdadeon.com.br\/portal\/wp-content\/uploads\/2022\/03\/WhatsApp-Image-2022-03-08-at-10.25.30.jpeg?fit=1280%2C853&ssl=1","width":1280,"height":853,"caption":"Wal\u00e9ria Mascarenhas comanda a secretaria de Sa\u00fade de Franca, desde fevereiro deste ano. A profissional tem ampla experi\u00eancia na \u00e1rea | Foto: Divulga\u00e7\u00e3o"},{"@type":"BreadcrumbList","@id":"https:\/\/verdadeon.com.br\/portal\/2022\/03\/13\/decidi-muito-cedo-o-meu-desejo-em-atuar-na-area-da-saude-diz-waleria-mascarenhas\/#breadcrumb","itemListElement":[{"@type":"ListItem","position":1,"name":"In\u00edcio","item":"https:\/\/verdadeon.com.br\/portal\/"},{"@type":"ListItem","position":2,"name":"&#8216;Decidi muito cedo o meu desejo em atuar na \u00e1rea da sa\u00fade&#8217;, diz Wal\u00e9ria Mascarenhas"}]},{"@type":"WebSite","@id":"https:\/\/verdadeon.com.br\/portal\/#website","url":"https:\/\/verdadeon.com.br\/portal\/","name":"VerdadeOn","description":"Not\u00edcias di\u00e1rias sobre Franca, Regi\u00e3o, Esporte, Cultura, Cotidiano, Colunas. Cobertura nos principais eventos da cidade \u00e9 aqui - Verdadeon Franca","potentialAction":[{"@type":"SearchAction","target":{"@type":"EntryPoint","urlTemplate":"https:\/\/verdadeon.com.br\/portal\/?s={search_term_string}"},"query-input":{"@type":"PropertyValueSpecification","valueRequired":true,"valueName":"search_term_string"}}],"inLanguage":"pt-BR"},{"@type":"Person","@id":"https:\/\/verdadeon.com.br\/portal\/#\/schema\/person\/cc32be22b8e8599387c480bc83e1d11a","name":"Fernando Lima","image":{"@type":"ImageObject","inLanguage":"pt-BR","@id":"https:\/\/verdadeon.com.br\/portal\/#\/schema\/person\/image\/","url":"https:\/\/secure.gravatar.com\/avatar\/df4c8e132080d2b3a4841d5d232045464e0eed11a1d6e43115ca0843d48768d3?s=96&d=mm&r=g","contentUrl":"https:\/\/secure.gravatar.com\/avatar\/df4c8e132080d2b3a4841d5d232045464e0eed11a1d6e43115ca0843d48768d3?s=96&d=mm&r=g","caption":"Fernando Lima"},"sameAs":["http:\/\/verdadeon.com.br\/"],"url":"https:\/\/verdadeon.com.br\/portal\/author\/fernando-lima\/"}]}},"jetpack_publicize_connections":[],"jetpack_featured_media_url":"https:\/\/i0.wp.com\/verdadeon.com.br\/portal\/wp-content\/uploads\/2022\/03\/WhatsApp-Image-2022-03-08-at-10.25.30.jpeg?fit=1280%2C853&ssl=1","jetpack_sharing_enabled":true,"_links":{"self":[{"href":"https:\/\/verdadeon.com.br\/portal\/wp-json\/wp\/v2\/posts\/23625","targetHints":{"allow":["GET"]}}],"collection":[{"href":"https:\/\/verdadeon.com.br\/portal\/wp-json\/wp\/v2\/posts"}],"about":[{"href":"https:\/\/verdadeon.com.br\/portal\/wp-json\/wp\/v2\/types\/post"}],"author":[{"embeddable":true,"href":"https:\/\/verdadeon.com.br\/portal\/wp-json\/wp\/v2\/users\/7"}],"replies":[{"embeddable":true,"href":"https:\/\/verdadeon.com.br\/portal\/wp-json\/wp\/v2\/comments?post=23625"}],"version-history":[{"count":1,"href":"https:\/\/verdadeon.com.br\/portal\/wp-json\/wp\/v2\/posts\/23625\/revisions"}],"predecessor-version":[{"id":23627,"href":"https:\/\/verdadeon.com.br\/portal\/wp-json\/wp\/v2\/posts\/23625\/revisions\/23627"}],"wp:featuredmedia":[{"embeddable":true,"href":"https:\/\/verdadeon.com.br\/portal\/wp-json\/wp\/v2\/media\/23626"}],"wp:attachment":[{"href":"https:\/\/verdadeon.com.br\/portal\/wp-json\/wp\/v2\/media?parent=23625"}],"wp:term":[{"taxonomy":"category","embeddable":true,"href":"https:\/\/verdadeon.com.br\/portal\/wp-json\/wp\/v2\/categories?post=23625"},{"taxonomy":"post_tag","embeddable":true,"href":"https:\/\/verdadeon.com.br\/portal\/wp-json\/wp\/v2\/tags?post=23625"}],"curies":[{"name":"wp","href":"https:\/\/api.w.org\/{rel}","templated":true}]}}