{"id":23539,"date":"2022-03-08T08:00:21","date_gmt":"2022-03-08T11:00:21","guid":{"rendered":"https:\/\/verdadeon.com.br\/portal\/?p=23539"},"modified":"2022-03-07T18:34:21","modified_gmt":"2022-03-07T21:34:21","slug":"aninha-montanher-avancamos-na-politica-mas-podemos-avancar-cada-vez-mais-quando-a-mulher-perceber-o-quao-poderosa-e","status":"publish","type":"post","link":"https:\/\/verdadeon.com.br\/portal\/2022\/03\/08\/aninha-montanher-avancamos-na-politica-mas-podemos-avancar-cada-vez-mais-quando-a-mulher-perceber-o-quao-poderosa-e\/","title":{"rendered":"Aninha Montanher: &#8216;Avan\u00e7amos na pol\u00edtica, mas podemos avan\u00e7ar cada vez mais quando a mulher perceber o qu\u00e3o poderosa \u00e9&#8217;"},"content":{"rendered":"<p><span style=\"font-weight: 400;\">Aninha Montanher, de 52 anos, \u00e9 professora e <\/span><span style=\"font-weight: 400;\">exerce o primeiro mandato como prefeita de Ribeir\u00e3o Corrente, cidade em que tamb\u00e9m foi eleita vereadora anos atr\u00e1s.<\/span><\/p>\n<p>&nbsp;<\/p>\n<p><strong>Como entrou na pol\u00edtica?<\/strong><\/p>\n<p><span style=\"font-weight: 400;\">Quando vim para Ribeir\u00e3o Corrente, morar com meu esposo Airton Montanher em uma de suas propriedades, comecei o trabalho comunit\u00e1rio como Presidente da Pastoral da Crian\u00e7a e Pastoral da Educa\u00e7\u00e3o. Logo, um grupo da cidade mencionou o nome de Airton para pleitear a cadeira de prefeito da cidade &#8211; o que se consagrou. Como primeira-dama, criei o Fundo Social, que n\u00e3o existia na cidade, e assumi voluntariamente a presid\u00eancia, e desde ent\u00e3o conquistei e realizei muito pela cidade. Em 2012, concorri pela primeira vez a uma cadeira na C\u00e2mara de Vereadores, sendo eleita como a vereadora mais bem votada. Me reelegi em 2016, tamb\u00e9m como vereadora mais bem votada, e em 2021 me tornei a primeira mulher eleita como prefeita da cidade.<\/span><\/p>\n<p><strong>O que destaca do seu trabalho?<\/strong><\/p>\n<p><span style=\"font-weight: 400;\">Muitas s\u00e3o as realiza\u00e7\u00f5es de nosso trabalho, mas n\u00e3o posso deixar de falar da Casa das Marias (nosso centro de atendimento \u00e0 mulher), que era um sonho de vereadora e que s\u00f3 como prefeita eu pude conquistar para nossa cidade, al\u00e9m da pavimenta\u00e7\u00e3o do Caetitu, um asfalto que era o sonho dos moradores daquele bairro h\u00e1 mais de 30 anos, entre tantas outras conquistas, cada uma com sua import\u00e2ncia para cada cidad\u00e3o de Ribeir\u00e3o Corrente.\u00a0<\/span><\/p>\n<p><strong>Como avalia a presen\u00e7a feminina na pol\u00edtica?<\/strong><\/p>\n<p><span style=\"font-weight: 400;\">Percebi mudan\u00e7as nesse cen\u00e1rio das \u00faltimas elei\u00e7\u00f5es para c\u00e1, e a cada pleito mais mulheres entram para a pol\u00edtica, mas ainda h\u00e1 muito o que fazer. Temos que acabar com esse tabu de que h\u00e1 certas profiss\u00f5es que s\u00e3o s\u00f3 de homens ou outras que s\u00e3o s\u00f3 de mulheres. Lugar do homem \u00e9 onde ele quiser e lugar de mulher \u00e9 onde ela quiser. A mec\u00e2nica, a motorista, a prefeita, o maquiador, o cozinheiro, o primeiro-cavalheiro. Avan\u00e7amos com mulheres na pol\u00edtica, mas podemos avan\u00e7ar cada vez mais quando a mulher perceber o qu\u00e3o poderosa ela \u00e9!\u00a0<\/span><\/p>\n<p><strong>Qual mensagem deixa para as mulheres que nos acompanham?<\/strong><\/p>\n<p><span style=\"font-weight: 400;\">Uma mensagem clich\u00ea, mas que faz toda diferen\u00e7a e todo sentido na vida de muitos. Nunca desistam de seus sonhos! Coloque metas na sua vida, saiba da capacidade e poder que cada uma de n\u00f3s temos, e vamos lutar para conquistar nossos sonhos e nossos objetivos. A caminhada n\u00e3o \u00e9 f\u00e1cil, lidamos com obst\u00e1culos atr\u00e1s de obst\u00e1culos, mas temos que usar das pedras que recebemos para construir um caminho s\u00f3lido e bem direcionado. Gosto muito de ditados populares, ent\u00e3o jamais esque\u00e7am que as pessoas s\u00f3 jogam pedras em \u00e1rvores que d\u00e3o bons frutos. Se voc\u00ea for criticada, pode ter certeza que estar\u00e1 no caminho certo!<\/span><\/p>\n<p>&nbsp;<\/p>\n","protected":false},"excerpt":{"rendered":"<p>Aninha Montanher, de 52 anos, \u00e9 professora e exerce o primeiro mandato como prefeita de Ribeir\u00e3o Corrente, cidade em que tamb\u00e9m foi eleita vereadora anos atr\u00e1s.<span class=\"excerpt-hellip\"> [\u2026]<\/span><\/p>\n","protected":false},"author":12,"featured_media":23541,"comment_status":"open","ping_status":"open","sticky":false,"template":"","format":"standard","meta":{"_jetpack_memberships_contains_paid_content":false,"footnotes":"","jetpack_publicize_message":"","jetpack_publicize_feature_enabled":true,"jetpack_social_post_already_shared":false,"jetpack_social_options":{"image_generator_settings":{"template":"highway","default_image_id":0,"enabled":false},"version":2}},"categories":[28,81],"tags":[],"class_list":["post-23539","post","type-post","status-publish","format-standard","has-post-thumbnail","hentry","category-cotidiano","category-manchete"],"yoast_head":"<!-- This site is optimized with the Yoast SEO plugin v25.6 - https:\/\/yoast.com\/wordpress\/plugins\/seo\/ -->\n<title>Aninha Montanher: &#039;Avan\u00e7amos na pol\u00edtica, mas podemos avan\u00e7ar cada vez mais quando a mulher perceber o qu\u00e3o poderosa \u00e9&#039; - VerdadeOn<\/title>\n<meta name=\"robots\" content=\"index, follow, max-snippet:-1, max-image-preview:large, max-video-preview:-1\" \/>\n<link rel=\"canonical\" href=\"https:\/\/verdadeon.com.br\/portal\/2022\/03\/08\/aninha-montanher-avancamos-na-politica-mas-podemos-avancar-cada-vez-mais-quando-a-mulher-perceber-o-quao-poderosa-e\/\" \/>\n<meta property=\"og:locale\" content=\"pt_BR\" \/>\n<meta property=\"og:type\" content=\"article\" \/>\n<meta property=\"og:title\" content=\"Aninha Montanher: &#039;Avan\u00e7amos na pol\u00edtica, mas podemos avan\u00e7ar cada vez mais quando a mulher perceber o qu\u00e3o poderosa \u00e9&#039; - VerdadeOn\" \/>\n<meta property=\"og:description\" content=\"Aninha Montanher, de 52 anos, \u00e9 professora e exerce o primeiro mandato como prefeita de Ribeir\u00e3o Corrente, cidade em que tamb\u00e9m foi eleita vereadora anos atr\u00e1s. [\u2026]\" \/>\n<meta property=\"og:url\" content=\"https:\/\/verdadeon.com.br\/portal\/2022\/03\/08\/aninha-montanher-avancamos-na-politica-mas-podemos-avancar-cada-vez-mais-quando-a-mulher-perceber-o-quao-poderosa-e\/\" \/>\n<meta property=\"og:site_name\" content=\"VerdadeOn\" \/>\n<meta property=\"article:published_time\" content=\"2022-03-08T11:00:21+00:00\" \/>\n<meta property=\"og:image\" content=\"https:\/\/verdadeon.com.br\/portal\/wp-content\/uploads\/2022\/03\/WhatsApp-Image-2022-03-07-at-14.22.11-1.jpeg\" \/>\n\t<meta property=\"og:image:width\" content=\"1024\" \/>\n\t<meta property=\"og:image:height\" content=\"682\" \/>\n\t<meta property=\"og:image:type\" content=\"image\/jpeg\" \/>\n<meta name=\"author\" content=\"Nelise Luques\" \/>\n<meta name=\"twitter:card\" content=\"summary_large_image\" \/>\n<meta name=\"twitter:label1\" content=\"Escrito por\" \/>\n\t<meta name=\"twitter:data1\" content=\"Nelise Luques\" \/>\n\t<meta name=\"twitter:label2\" content=\"Est. tempo de leitura\" \/>\n\t<meta name=\"twitter:data2\" content=\"3 minutos\" \/>\n<script type=\"application\/ld+json\" class=\"yoast-schema-graph\">{\"@context\":\"https:\/\/schema.org\",\"@graph\":[{\"@type\":\"WebPage\",\"@id\":\"https:\/\/verdadeon.com.br\/portal\/2022\/03\/08\/aninha-montanher-avancamos-na-politica-mas-podemos-avancar-cada-vez-mais-quando-a-mulher-perceber-o-quao-poderosa-e\/\",\"url\":\"https:\/\/verdadeon.com.br\/portal\/2022\/03\/08\/aninha-montanher-avancamos-na-politica-mas-podemos-avancar-cada-vez-mais-quando-a-mulher-perceber-o-quao-poderosa-e\/\",\"name\":\"Aninha Montanher: 'Avan\u00e7amos na pol\u00edtica, mas podemos avan\u00e7ar cada vez mais quando a mulher perceber o qu\u00e3o poderosa \u00e9' - VerdadeOn\",\"isPartOf\":{\"@id\":\"https:\/\/verdadeon.com.br\/portal\/#website\"},\"primaryImageOfPage\":{\"@id\":\"https:\/\/verdadeon.com.br\/portal\/2022\/03\/08\/aninha-montanher-avancamos-na-politica-mas-podemos-avancar-cada-vez-mais-quando-a-mulher-perceber-o-quao-poderosa-e\/#primaryimage\"},\"image\":{\"@id\":\"https:\/\/verdadeon.com.br\/portal\/2022\/03\/08\/aninha-montanher-avancamos-na-politica-mas-podemos-avancar-cada-vez-mais-quando-a-mulher-perceber-o-quao-poderosa-e\/#primaryimage\"},\"thumbnailUrl\":\"https:\/\/i0.wp.com\/verdadeon.com.br\/portal\/wp-content\/uploads\/2022\/03\/WhatsApp-Image-2022-03-07-at-14.22.11-1.jpeg?fit=1024%2C682&ssl=1\",\"datePublished\":\"2022-03-08T11:00:21+00:00\",\"author\":{\"@id\":\"https:\/\/verdadeon.com.br\/portal\/#\/schema\/person\/8248726d36015c1916636fabb175d972\"},\"breadcrumb\":{\"@id\":\"https:\/\/verdadeon.com.br\/portal\/2022\/03\/08\/aninha-montanher-avancamos-na-politica-mas-podemos-avancar-cada-vez-mais-quando-a-mulher-perceber-o-quao-poderosa-e\/#breadcrumb\"},\"inLanguage\":\"pt-BR\",\"potentialAction\":[{\"@type\":\"ReadAction\",\"target\":[\"https:\/\/verdadeon.com.br\/portal\/2022\/03\/08\/aninha-montanher-avancamos-na-politica-mas-podemos-avancar-cada-vez-mais-quando-a-mulher-perceber-o-quao-poderosa-e\/\"]}]},{\"@type\":\"ImageObject\",\"inLanguage\":\"pt-BR\",\"@id\":\"https:\/\/verdadeon.com.br\/portal\/2022\/03\/08\/aninha-montanher-avancamos-na-politica-mas-podemos-avancar-cada-vez-mais-quando-a-mulher-perceber-o-quao-poderosa-e\/#primaryimage\",\"url\":\"https:\/\/i0.wp.com\/verdadeon.com.br\/portal\/wp-content\/uploads\/2022\/03\/WhatsApp-Image-2022-03-07-at-14.22.11-1.jpeg?fit=1024%2C682&ssl=1\",\"contentUrl\":\"https:\/\/i0.wp.com\/verdadeon.com.br\/portal\/wp-content\/uploads\/2022\/03\/WhatsApp-Image-2022-03-07-at-14.22.11-1.jpeg?fit=1024%2C682&ssl=1\",\"width\":1024,\"height\":682,\"caption\":\"Aninha Montanher \u00e9 prefeita de Ribeir\u00e3o Corrente: \\\"A caminhada n\u00e3o \u00e9 f\u00e1cil, lidamos com obst\u00e1culos atr\u00e1s de obst\u00e1culos, mas temos que usar das pedras que recebemos para construir um caminho s\u00f3lido e bem direcionado\\\" | Foto: Divulga\u00e7\u00e3o\"},{\"@type\":\"BreadcrumbList\",\"@id\":\"https:\/\/verdadeon.com.br\/portal\/2022\/03\/08\/aninha-montanher-avancamos-na-politica-mas-podemos-avancar-cada-vez-mais-quando-a-mulher-perceber-o-quao-poderosa-e\/#breadcrumb\",\"itemListElement\":[{\"@type\":\"ListItem\",\"position\":1,\"name\":\"In\u00edcio\",\"item\":\"https:\/\/verdadeon.com.br\/portal\/\"},{\"@type\":\"ListItem\",\"position\":2,\"name\":\"Aninha Montanher: &#8216;Avan\u00e7amos na pol\u00edtica, mas podemos avan\u00e7ar cada vez mais quando a mulher perceber o qu\u00e3o poderosa \u00e9&#8217;\"}]},{\"@type\":\"WebSite\",\"@id\":\"https:\/\/verdadeon.com.br\/portal\/#website\",\"url\":\"https:\/\/verdadeon.com.br\/portal\/\",\"name\":\"VerdadeOn\",\"description\":\"Not\u00edcias di\u00e1rias sobre Franca, Regi\u00e3o, Esporte, Cultura, Cotidiano, Colunas. Cobertura nos principais eventos da cidade \u00e9 aqui - Verdadeon Franca\",\"potentialAction\":[{\"@type\":\"SearchAction\",\"target\":{\"@type\":\"EntryPoint\",\"urlTemplate\":\"https:\/\/verdadeon.com.br\/portal\/?s={search_term_string}\"},\"query-input\":{\"@type\":\"PropertyValueSpecification\",\"valueRequired\":true,\"valueName\":\"search_term_string\"}}],\"inLanguage\":\"pt-BR\"},{\"@type\":\"Person\",\"@id\":\"https:\/\/verdadeon.com.br\/portal\/#\/schema\/person\/8248726d36015c1916636fabb175d972\",\"name\":\"Nelise Luques\",\"image\":{\"@type\":\"ImageObject\",\"inLanguage\":\"pt-BR\",\"@id\":\"https:\/\/verdadeon.com.br\/portal\/#\/schema\/person\/image\/\",\"url\":\"https:\/\/secure.gravatar.com\/avatar\/29b2a17f5bcadeb827411b66f48ac13c3e0ecaf5906c0f5745ecc5d41c24eada?s=96&d=mm&r=g\",\"contentUrl\":\"https:\/\/secure.gravatar.com\/avatar\/29b2a17f5bcadeb827411b66f48ac13c3e0ecaf5906c0f5745ecc5d41c24eada?s=96&d=mm&r=g\",\"caption\":\"Nelise Luques\"},\"url\":\"https:\/\/verdadeon.com.br\/portal\/author\/verdade\/\"}]}<\/script>\n<!-- \/ Yoast SEO plugin. -->","yoast_head_json":{"title":"Aninha Montanher: 'Avan\u00e7amos na pol\u00edtica, mas podemos avan\u00e7ar cada vez mais quando a mulher perceber o qu\u00e3o poderosa \u00e9' - VerdadeOn","robots":{"index":"index","follow":"follow","max-snippet":"max-snippet:-1","max-image-preview":"max-image-preview:large","max-video-preview":"max-video-preview:-1"},"canonical":"https:\/\/verdadeon.com.br\/portal\/2022\/03\/08\/aninha-montanher-avancamos-na-politica-mas-podemos-avancar-cada-vez-mais-quando-a-mulher-perceber-o-quao-poderosa-e\/","og_locale":"pt_BR","og_type":"article","og_title":"Aninha Montanher: 'Avan\u00e7amos na pol\u00edtica, mas podemos avan\u00e7ar cada vez mais quando a mulher perceber o qu\u00e3o poderosa \u00e9' - VerdadeOn","og_description":"Aninha Montanher, de 52 anos, \u00e9 professora e exerce o primeiro mandato como prefeita de Ribeir\u00e3o Corrente, cidade em que tamb\u00e9m foi eleita vereadora anos atr\u00e1s. [\u2026]","og_url":"https:\/\/verdadeon.com.br\/portal\/2022\/03\/08\/aninha-montanher-avancamos-na-politica-mas-podemos-avancar-cada-vez-mais-quando-a-mulher-perceber-o-quao-poderosa-e\/","og_site_name":"VerdadeOn","article_published_time":"2022-03-08T11:00:21+00:00","og_image":[{"width":1024,"height":682,"url":"https:\/\/verdadeon.com.br\/portal\/wp-content\/uploads\/2022\/03\/WhatsApp-Image-2022-03-07-at-14.22.11-1.jpeg","type":"image\/jpeg"}],"author":"Nelise Luques","twitter_card":"summary_large_image","twitter_misc":{"Escrito por":"Nelise Luques","Est. tempo de leitura":"3 minutos"},"schema":{"@context":"https:\/\/schema.org","@graph":[{"@type":"WebPage","@id":"https:\/\/verdadeon.com.br\/portal\/2022\/03\/08\/aninha-montanher-avancamos-na-politica-mas-podemos-avancar-cada-vez-mais-quando-a-mulher-perceber-o-quao-poderosa-e\/","url":"https:\/\/verdadeon.com.br\/portal\/2022\/03\/08\/aninha-montanher-avancamos-na-politica-mas-podemos-avancar-cada-vez-mais-quando-a-mulher-perceber-o-quao-poderosa-e\/","name":"Aninha Montanher: 'Avan\u00e7amos na pol\u00edtica, mas podemos avan\u00e7ar cada vez mais quando a mulher perceber o qu\u00e3o poderosa \u00e9' - VerdadeOn","isPartOf":{"@id":"https:\/\/verdadeon.com.br\/portal\/#website"},"primaryImageOfPage":{"@id":"https:\/\/verdadeon.com.br\/portal\/2022\/03\/08\/aninha-montanher-avancamos-na-politica-mas-podemos-avancar-cada-vez-mais-quando-a-mulher-perceber-o-quao-poderosa-e\/#primaryimage"},"image":{"@id":"https:\/\/verdadeon.com.br\/portal\/2022\/03\/08\/aninha-montanher-avancamos-na-politica-mas-podemos-avancar-cada-vez-mais-quando-a-mulher-perceber-o-quao-poderosa-e\/#primaryimage"},"thumbnailUrl":"https:\/\/i0.wp.com\/verdadeon.com.br\/portal\/wp-content\/uploads\/2022\/03\/WhatsApp-Image-2022-03-07-at-14.22.11-1.jpeg?fit=1024%2C682&ssl=1","datePublished":"2022-03-08T11:00:21+00:00","author":{"@id":"https:\/\/verdadeon.com.br\/portal\/#\/schema\/person\/8248726d36015c1916636fabb175d972"},"breadcrumb":{"@id":"https:\/\/verdadeon.com.br\/portal\/2022\/03\/08\/aninha-montanher-avancamos-na-politica-mas-podemos-avancar-cada-vez-mais-quando-a-mulher-perceber-o-quao-poderosa-e\/#breadcrumb"},"inLanguage":"pt-BR","potentialAction":[{"@type":"ReadAction","target":["https:\/\/verdadeon.com.br\/portal\/2022\/03\/08\/aninha-montanher-avancamos-na-politica-mas-podemos-avancar-cada-vez-mais-quando-a-mulher-perceber-o-quao-poderosa-e\/"]}]},{"@type":"ImageObject","inLanguage":"pt-BR","@id":"https:\/\/verdadeon.com.br\/portal\/2022\/03\/08\/aninha-montanher-avancamos-na-politica-mas-podemos-avancar-cada-vez-mais-quando-a-mulher-perceber-o-quao-poderosa-e\/#primaryimage","url":"https:\/\/i0.wp.com\/verdadeon.com.br\/portal\/wp-content\/uploads\/2022\/03\/WhatsApp-Image-2022-03-07-at-14.22.11-1.jpeg?fit=1024%2C682&ssl=1","contentUrl":"https:\/\/i0.wp.com\/verdadeon.com.br\/portal\/wp-content\/uploads\/2022\/03\/WhatsApp-Image-2022-03-07-at-14.22.11-1.jpeg?fit=1024%2C682&ssl=1","width":1024,"height":682,"caption":"Aninha Montanher \u00e9 prefeita de Ribeir\u00e3o Corrente: \"A caminhada n\u00e3o \u00e9 f\u00e1cil, lidamos com obst\u00e1culos atr\u00e1s de obst\u00e1culos, mas temos que usar das pedras que recebemos para construir um caminho s\u00f3lido e bem direcionado\" | Foto: Divulga\u00e7\u00e3o"},{"@type":"BreadcrumbList","@id":"https:\/\/verdadeon.com.br\/portal\/2022\/03\/08\/aninha-montanher-avancamos-na-politica-mas-podemos-avancar-cada-vez-mais-quando-a-mulher-perceber-o-quao-poderosa-e\/#breadcrumb","itemListElement":[{"@type":"ListItem","position":1,"name":"In\u00edcio","item":"https:\/\/verdadeon.com.br\/portal\/"},{"@type":"ListItem","position":2,"name":"Aninha Montanher: &#8216;Avan\u00e7amos na pol\u00edtica, mas podemos avan\u00e7ar cada vez mais quando a mulher perceber o qu\u00e3o poderosa \u00e9&#8217;"}]},{"@type":"WebSite","@id":"https:\/\/verdadeon.com.br\/portal\/#website","url":"https:\/\/verdadeon.com.br\/portal\/","name":"VerdadeOn","description":"Not\u00edcias di\u00e1rias sobre Franca, Regi\u00e3o, Esporte, Cultura, Cotidiano, Colunas. Cobertura nos principais eventos da cidade \u00e9 aqui - Verdadeon Franca","potentialAction":[{"@type":"SearchAction","target":{"@type":"EntryPoint","urlTemplate":"https:\/\/verdadeon.com.br\/portal\/?s={search_term_string}"},"query-input":{"@type":"PropertyValueSpecification","valueRequired":true,"valueName":"search_term_string"}}],"inLanguage":"pt-BR"},{"@type":"Person","@id":"https:\/\/verdadeon.com.br\/portal\/#\/schema\/person\/8248726d36015c1916636fabb175d972","name":"Nelise Luques","image":{"@type":"ImageObject","inLanguage":"pt-BR","@id":"https:\/\/verdadeon.com.br\/portal\/#\/schema\/person\/image\/","url":"https:\/\/secure.gravatar.com\/avatar\/29b2a17f5bcadeb827411b66f48ac13c3e0ecaf5906c0f5745ecc5d41c24eada?s=96&d=mm&r=g","contentUrl":"https:\/\/secure.gravatar.com\/avatar\/29b2a17f5bcadeb827411b66f48ac13c3e0ecaf5906c0f5745ecc5d41c24eada?s=96&d=mm&r=g","caption":"Nelise Luques"},"url":"https:\/\/verdadeon.com.br\/portal\/author\/verdade\/"}]}},"jetpack_publicize_connections":[],"jetpack_featured_media_url":"https:\/\/i0.wp.com\/verdadeon.com.br\/portal\/wp-content\/uploads\/2022\/03\/WhatsApp-Image-2022-03-07-at-14.22.11-1.jpeg?fit=1024%2C682&ssl=1","jetpack_sharing_enabled":true,"_links":{"self":[{"href":"https:\/\/verdadeon.com.br\/portal\/wp-json\/wp\/v2\/posts\/23539","targetHints":{"allow":["GET"]}}],"collection":[{"href":"https:\/\/verdadeon.com.br\/portal\/wp-json\/wp\/v2\/posts"}],"about":[{"href":"https:\/\/verdadeon.com.br\/portal\/wp-json\/wp\/v2\/types\/post"}],"author":[{"embeddable":true,"href":"https:\/\/verdadeon.com.br\/portal\/wp-json\/wp\/v2\/users\/12"}],"replies":[{"embeddable":true,"href":"https:\/\/verdadeon.com.br\/portal\/wp-json\/wp\/v2\/comments?post=23539"}],"version-history":[{"count":2,"href":"https:\/\/verdadeon.com.br\/portal\/wp-json\/wp\/v2\/posts\/23539\/revisions"}],"predecessor-version":[{"id":23545,"href":"https:\/\/verdadeon.com.br\/portal\/wp-json\/wp\/v2\/posts\/23539\/revisions\/23545"}],"wp:featuredmedia":[{"embeddable":true,"href":"https:\/\/verdadeon.com.br\/portal\/wp-json\/wp\/v2\/media\/23541"}],"wp:attachment":[{"href":"https:\/\/verdadeon.com.br\/portal\/wp-json\/wp\/v2\/media?parent=23539"}],"wp:term":[{"taxonomy":"category","embeddable":true,"href":"https:\/\/verdadeon.com.br\/portal\/wp-json\/wp\/v2\/categories?post=23539"},{"taxonomy":"post_tag","embeddable":true,"href":"https:\/\/verdadeon.com.br\/portal\/wp-json\/wp\/v2\/tags?post=23539"}],"curies":[{"name":"wp","href":"https:\/\/api.w.org\/{rel}","templated":true}]}}