{"id":23527,"date":"2022-03-08T07:00:31","date_gmt":"2022-03-08T10:00:31","guid":{"rendered":"https:\/\/verdadeon.com.br\/portal\/?p=23527"},"modified":"2022-03-07T18:35:46","modified_gmt":"2022-03-07T21:35:46","slug":"inspirada-pela-familia-katiuscia-realiza-o-sonho-de-ser-prefeita-de-cristais-paulista","status":"publish","type":"post","link":"https:\/\/verdadeon.com.br\/portal\/2022\/03\/08\/inspirada-pela-familia-katiuscia-realiza-o-sonho-de-ser-prefeita-de-cristais-paulista\/","title":{"rendered":"Inspirada pela fam\u00edlia, Kati\u00fascia vive o sonho de ser prefeita de Cristais Paulista"},"content":{"rendered":"<p><span style=\"font-weight: 400;\">A m\u00e9dica Katiuscia de Paula Leonardo Mendes, aos 40 anos,<\/span><span style=\"font-weight: 400;\"> exerce o segundo mandato como prefeita de Cristais Paulista. Ela tamb\u00e9m \u00e9 presidente do Comam (Cons\u00f3rcio dos Munic\u00edpios da Alta Mogiana) e do Comit\u00ea das Bacias Hidrogr\u00e1ficas Sapuca\u00ed Mirim Grande.<\/span><\/p>\n<p>&nbsp;<\/p>\n<p><strong>Como entrou na pol\u00edtica?<\/strong><\/p>\n<p><span style=\"font-weight: 400;\">Minha av\u00f3 teve tr\u00eas filhos, o mais velho, que era o Roberto Leonardo, o do meio que era o meu pai, o Lu\u00eds Carlos Leonardo, e o meu tio Jamil, que \u00e9 o mais novo e est\u00e1 aposentado, ele \u00e9 o delegado do Minist\u00e9rio do Trabalho de Franca. Meu tio Roberto e meu pai faleceram e os dois sempre viveram pol\u00edtica, meu tio foi eleito quatro vezes prefeito, ele morreu em 2004, no final do \u00faltimo mandato dele, e meu pai trabalhou por muito tempo com ele. Meu pai tamb\u00e9m sempre foi muito politizado. Com 16 anos, eu j\u00e1 era filiada a partido pol\u00edtico, j\u00e1 tinha t\u00edtulo de eleitor, sempre tive muita opini\u00e3o pol\u00edtica e o que me motivou, eu acredito, foi o trabalho que eles faziam, era ver o que eles faziam pelo munic\u00edpio, hoje meu padrinho \u00e9 considerado um dos melhores prefeitos que Cristais Paulista j\u00e1 teve, ele \u00e9 lembrado pelo munic\u00edpio todo. Ent\u00e3o, desde crian\u00e7a, eu falava que ia ser m\u00e9dica e que eu ia ser prefeita, eu sempre tive isso, sempre carreguei isso na minha vida. Ent\u00e3o, eu acredito muito que o que me incentivou vou ver a minha hist\u00f3ria familiar, foi ver a forma como eles lutavam para fazer o bem para as pessoas, para poder ajudar as pessoas. E eu queria fazer o mesmo, como m\u00e9dica eu j\u00e1 fazia muito isso e eu acreditava que como prefeita eu poderia fazer muito mais, ajudar ainda mais pessoas e foi isso que me motivou a seguir essa carreira pol\u00edtica. Eu queria ser prefeita de Cristais Paulista, que \u00e9 a cidade onde nasci, cresci, brinquei, estudei, onde est\u00e1 grande parte da minha fam\u00edlia e meus amigos.<\/span><\/p>\n<p><strong>O que destaca do seu trabalho?<\/strong><\/p>\n<p><span style=\"font-weight: 400;\">Mesmo durante a pandemia, assumi o comando de mais dois importantes \u00f3rg\u00e3os regionais, a presid\u00eancia do Comam (Cons\u00f3rcio dos Munic\u00edpios da Alta Mogiana), e fui reeleita para o segundo mandato como presidente, al\u00e9m da presid\u00eancia do Comit\u00ea das Bacias Hidrogr\u00e1ficas Sapuca\u00ed Mirim Grande. Unidos os munic\u00edpios t\u00eam mais condi\u00e7\u00f5es de conquistar melhorias para a popula\u00e7\u00e3o. Sempre acreditei nisso, e agora estamos vendo o tanto que as a\u00e7\u00f5es em conjunto ganham mais for\u00e7a. Como prefeita de Cristais Paulista, tenho trabalhado muito em busca de recursos para melhorar a qualidade de vida dos cristalenses. Hoje a cidade tem um dos melhores sistemas p\u00fablicos de sa\u00fade da regi\u00e3o, retomou as consultas com especialistas, estendeu o hor\u00e1rio do pronto atendimento, criou o Resgate Municipal, abriu o Laborat\u00f3rio Municipal de Exames e a mais recente conquista \u00e9 a entrega do Centro de Combate \u00e0 Covid-19. Mas n\u00e3o \u00e9 s\u00f3 na Sa\u00fade que avan\u00e7amos, na \u00e1rea de Infraestrutura, temos o asfalto do Caetitu, que depois de anos, buscamos o recurso e fizemos a obra. Temos as conquistas na Educa\u00e7\u00e3o, como uma nova creche escola para 250 novos alunos e reforma completa de duas escolas do munic\u00edpio, com a melhora da cidade no ranqueamento estadual de munic\u00edpios. Cristais \u00e9 hoje uma cidade reconhecida no programa Munic\u00edpio Verde e Azul. No Esporte, s\u00e3o 1200 crian\u00e7as nas escolinhas de inicia\u00e7\u00e3o.<\/span><\/p>\n<p>&nbsp;<\/p>\n","protected":false},"excerpt":{"rendered":"<p>A m\u00e9dica Katiuscia de Paula Leonardo Mendes, aos 40 anos, exerce o segundo mandato como prefeita de Cristais Paulista. Ela tamb\u00e9m \u00e9 presidente do Comam (Cons\u00f3rcio<span class=\"excerpt-hellip\"> [\u2026]<\/span><\/p>\n","protected":false},"author":12,"featured_media":22499,"comment_status":"open","ping_status":"open","sticky":false,"template":"","format":"standard","meta":{"_jetpack_memberships_contains_paid_content":false,"footnotes":"","jetpack_publicize_message":"","jetpack_publicize_feature_enabled":true,"jetpack_social_post_already_shared":false,"jetpack_social_options":{"image_generator_settings":{"template":"highway","default_image_id":0,"enabled":false},"version":2}},"categories":[28,81],"tags":[],"class_list":["post-23527","post","type-post","status-publish","format-standard","has-post-thumbnail","hentry","category-cotidiano","category-manchete"],"yoast_head":"<!-- This site is optimized with the Yoast SEO plugin v25.6 - https:\/\/yoast.com\/wordpress\/plugins\/seo\/ -->\n<title>Inspirada pela fam\u00edlia, Kati\u00fascia vive o sonho de ser prefeita de Cristais Paulista - VerdadeOn<\/title>\n<meta name=\"robots\" content=\"index, follow, max-snippet:-1, max-image-preview:large, max-video-preview:-1\" \/>\n<link rel=\"canonical\" href=\"https:\/\/verdadeon.com.br\/portal\/2022\/03\/08\/inspirada-pela-familia-katiuscia-realiza-o-sonho-de-ser-prefeita-de-cristais-paulista\/\" \/>\n<meta property=\"og:locale\" content=\"pt_BR\" \/>\n<meta property=\"og:type\" content=\"article\" \/>\n<meta property=\"og:title\" content=\"Inspirada pela fam\u00edlia, Kati\u00fascia vive o sonho de ser prefeita de Cristais Paulista - VerdadeOn\" \/>\n<meta property=\"og:description\" content=\"A m\u00e9dica Katiuscia de Paula Leonardo Mendes, aos 40 anos, exerce o segundo mandato como prefeita de Cristais Paulista. Ela tamb\u00e9m \u00e9 presidente do Comam (Cons\u00f3rcio [\u2026]\" \/>\n<meta property=\"og:url\" content=\"https:\/\/verdadeon.com.br\/portal\/2022\/03\/08\/inspirada-pela-familia-katiuscia-realiza-o-sonho-de-ser-prefeita-de-cristais-paulista\/\" \/>\n<meta property=\"og:site_name\" content=\"VerdadeOn\" \/>\n<meta property=\"article:published_time\" content=\"2022-03-08T10:00:31+00:00\" \/>\n<meta property=\"og:image\" content=\"https:\/\/verdadeon.com.br\/portal\/wp-content\/uploads\/2022\/01\/WhatsApp-Image-2022-01-20-at-16.41.39.jpg\" \/>\n\t<meta property=\"og:image:width\" content=\"1000\" \/>\n\t<meta property=\"og:image:height\" content=\"670\" \/>\n\t<meta property=\"og:image:type\" content=\"image\/jpeg\" \/>\n<meta name=\"author\" content=\"Nelise Luques\" \/>\n<meta name=\"twitter:card\" content=\"summary_large_image\" \/>\n<meta name=\"twitter:label1\" content=\"Escrito por\" \/>\n\t<meta name=\"twitter:data1\" content=\"Nelise Luques\" \/>\n\t<meta name=\"twitter:label2\" content=\"Est. tempo de leitura\" \/>\n\t<meta name=\"twitter:data2\" content=\"4 minutos\" \/>\n<script type=\"application\/ld+json\" class=\"yoast-schema-graph\">{\"@context\":\"https:\/\/schema.org\",\"@graph\":[{\"@type\":\"WebPage\",\"@id\":\"https:\/\/verdadeon.com.br\/portal\/2022\/03\/08\/inspirada-pela-familia-katiuscia-realiza-o-sonho-de-ser-prefeita-de-cristais-paulista\/\",\"url\":\"https:\/\/verdadeon.com.br\/portal\/2022\/03\/08\/inspirada-pela-familia-katiuscia-realiza-o-sonho-de-ser-prefeita-de-cristais-paulista\/\",\"name\":\"Inspirada pela fam\u00edlia, Kati\u00fascia vive o sonho de ser prefeita de Cristais Paulista - VerdadeOn\",\"isPartOf\":{\"@id\":\"https:\/\/verdadeon.com.br\/portal\/#website\"},\"primaryImageOfPage\":{\"@id\":\"https:\/\/verdadeon.com.br\/portal\/2022\/03\/08\/inspirada-pela-familia-katiuscia-realiza-o-sonho-de-ser-prefeita-de-cristais-paulista\/#primaryimage\"},\"image\":{\"@id\":\"https:\/\/verdadeon.com.br\/portal\/2022\/03\/08\/inspirada-pela-familia-katiuscia-realiza-o-sonho-de-ser-prefeita-de-cristais-paulista\/#primaryimage\"},\"thumbnailUrl\":\"https:\/\/i0.wp.com\/verdadeon.com.br\/portal\/wp-content\/uploads\/2022\/01\/WhatsApp-Image-2022-01-20-at-16.41.39.jpg?fit=1000%2C670&ssl=1\",\"datePublished\":\"2022-03-08T10:00:31+00:00\",\"author\":{\"@id\":\"https:\/\/verdadeon.com.br\/portal\/#\/schema\/person\/8248726d36015c1916636fabb175d972\"},\"breadcrumb\":{\"@id\":\"https:\/\/verdadeon.com.br\/portal\/2022\/03\/08\/inspirada-pela-familia-katiuscia-realiza-o-sonho-de-ser-prefeita-de-cristais-paulista\/#breadcrumb\"},\"inLanguage\":\"pt-BR\",\"potentialAction\":[{\"@type\":\"ReadAction\",\"target\":[\"https:\/\/verdadeon.com.br\/portal\/2022\/03\/08\/inspirada-pela-familia-katiuscia-realiza-o-sonho-de-ser-prefeita-de-cristais-paulista\/\"]}]},{\"@type\":\"ImageObject\",\"inLanguage\":\"pt-BR\",\"@id\":\"https:\/\/verdadeon.com.br\/portal\/2022\/03\/08\/inspirada-pela-familia-katiuscia-realiza-o-sonho-de-ser-prefeita-de-cristais-paulista\/#primaryimage\",\"url\":\"https:\/\/i0.wp.com\/verdadeon.com.br\/portal\/wp-content\/uploads\/2022\/01\/WhatsApp-Image-2022-01-20-at-16.41.39.jpg?fit=1000%2C670&ssl=1\",\"contentUrl\":\"https:\/\/i0.wp.com\/verdadeon.com.br\/portal\/wp-content\/uploads\/2022\/01\/WhatsApp-Image-2022-01-20-at-16.41.39.jpg?fit=1000%2C670&ssl=1\",\"width\":1000,\"height\":670,\"caption\":\"Kati\u00fascia Leonardo \u00e9 prefeita de Cristais Paulista: \\\"Eu queria ser prefeita de Cristais Paulista, que \u00e9 a cidade onde nasci, cresci, brinquei, estudei, onde est\u00e1 grande parte da minha fam\u00edlia e meus amigos\\\" | Foto: Arquivo Pessoal\"},{\"@type\":\"BreadcrumbList\",\"@id\":\"https:\/\/verdadeon.com.br\/portal\/2022\/03\/08\/inspirada-pela-familia-katiuscia-realiza-o-sonho-de-ser-prefeita-de-cristais-paulista\/#breadcrumb\",\"itemListElement\":[{\"@type\":\"ListItem\",\"position\":1,\"name\":\"In\u00edcio\",\"item\":\"https:\/\/verdadeon.com.br\/portal\/\"},{\"@type\":\"ListItem\",\"position\":2,\"name\":\"Inspirada pela fam\u00edlia, Kati\u00fascia vive o sonho de ser prefeita de Cristais Paulista\"}]},{\"@type\":\"WebSite\",\"@id\":\"https:\/\/verdadeon.com.br\/portal\/#website\",\"url\":\"https:\/\/verdadeon.com.br\/portal\/\",\"name\":\"VerdadeOn\",\"description\":\"Not\u00edcias di\u00e1rias sobre Franca, Regi\u00e3o, Esporte, Cultura, Cotidiano, Colunas. Cobertura nos principais eventos da cidade \u00e9 aqui - Verdadeon Franca\",\"potentialAction\":[{\"@type\":\"SearchAction\",\"target\":{\"@type\":\"EntryPoint\",\"urlTemplate\":\"https:\/\/verdadeon.com.br\/portal\/?s={search_term_string}\"},\"query-input\":{\"@type\":\"PropertyValueSpecification\",\"valueRequired\":true,\"valueName\":\"search_term_string\"}}],\"inLanguage\":\"pt-BR\"},{\"@type\":\"Person\",\"@id\":\"https:\/\/verdadeon.com.br\/portal\/#\/schema\/person\/8248726d36015c1916636fabb175d972\",\"name\":\"Nelise Luques\",\"image\":{\"@type\":\"ImageObject\",\"inLanguage\":\"pt-BR\",\"@id\":\"https:\/\/verdadeon.com.br\/portal\/#\/schema\/person\/image\/\",\"url\":\"https:\/\/secure.gravatar.com\/avatar\/29b2a17f5bcadeb827411b66f48ac13c3e0ecaf5906c0f5745ecc5d41c24eada?s=96&d=mm&r=g\",\"contentUrl\":\"https:\/\/secure.gravatar.com\/avatar\/29b2a17f5bcadeb827411b66f48ac13c3e0ecaf5906c0f5745ecc5d41c24eada?s=96&d=mm&r=g\",\"caption\":\"Nelise Luques\"},\"url\":\"https:\/\/verdadeon.com.br\/portal\/author\/verdade\/\"}]}<\/script>\n<!-- \/ Yoast SEO plugin. -->","yoast_head_json":{"title":"Inspirada pela fam\u00edlia, Kati\u00fascia vive o sonho de ser prefeita de Cristais Paulista - VerdadeOn","robots":{"index":"index","follow":"follow","max-snippet":"max-snippet:-1","max-image-preview":"max-image-preview:large","max-video-preview":"max-video-preview:-1"},"canonical":"https:\/\/verdadeon.com.br\/portal\/2022\/03\/08\/inspirada-pela-familia-katiuscia-realiza-o-sonho-de-ser-prefeita-de-cristais-paulista\/","og_locale":"pt_BR","og_type":"article","og_title":"Inspirada pela fam\u00edlia, Kati\u00fascia vive o sonho de ser prefeita de Cristais Paulista - VerdadeOn","og_description":"A m\u00e9dica Katiuscia de Paula Leonardo Mendes, aos 40 anos, exerce o segundo mandato como prefeita de Cristais Paulista. Ela tamb\u00e9m \u00e9 presidente do Comam (Cons\u00f3rcio [\u2026]","og_url":"https:\/\/verdadeon.com.br\/portal\/2022\/03\/08\/inspirada-pela-familia-katiuscia-realiza-o-sonho-de-ser-prefeita-de-cristais-paulista\/","og_site_name":"VerdadeOn","article_published_time":"2022-03-08T10:00:31+00:00","og_image":[{"width":1000,"height":670,"url":"https:\/\/verdadeon.com.br\/portal\/wp-content\/uploads\/2022\/01\/WhatsApp-Image-2022-01-20-at-16.41.39.jpg","type":"image\/jpeg"}],"author":"Nelise Luques","twitter_card":"summary_large_image","twitter_misc":{"Escrito por":"Nelise Luques","Est. tempo de leitura":"4 minutos"},"schema":{"@context":"https:\/\/schema.org","@graph":[{"@type":"WebPage","@id":"https:\/\/verdadeon.com.br\/portal\/2022\/03\/08\/inspirada-pela-familia-katiuscia-realiza-o-sonho-de-ser-prefeita-de-cristais-paulista\/","url":"https:\/\/verdadeon.com.br\/portal\/2022\/03\/08\/inspirada-pela-familia-katiuscia-realiza-o-sonho-de-ser-prefeita-de-cristais-paulista\/","name":"Inspirada pela fam\u00edlia, Kati\u00fascia vive o sonho de ser prefeita de Cristais Paulista - VerdadeOn","isPartOf":{"@id":"https:\/\/verdadeon.com.br\/portal\/#website"},"primaryImageOfPage":{"@id":"https:\/\/verdadeon.com.br\/portal\/2022\/03\/08\/inspirada-pela-familia-katiuscia-realiza-o-sonho-de-ser-prefeita-de-cristais-paulista\/#primaryimage"},"image":{"@id":"https:\/\/verdadeon.com.br\/portal\/2022\/03\/08\/inspirada-pela-familia-katiuscia-realiza-o-sonho-de-ser-prefeita-de-cristais-paulista\/#primaryimage"},"thumbnailUrl":"https:\/\/i0.wp.com\/verdadeon.com.br\/portal\/wp-content\/uploads\/2022\/01\/WhatsApp-Image-2022-01-20-at-16.41.39.jpg?fit=1000%2C670&ssl=1","datePublished":"2022-03-08T10:00:31+00:00","author":{"@id":"https:\/\/verdadeon.com.br\/portal\/#\/schema\/person\/8248726d36015c1916636fabb175d972"},"breadcrumb":{"@id":"https:\/\/verdadeon.com.br\/portal\/2022\/03\/08\/inspirada-pela-familia-katiuscia-realiza-o-sonho-de-ser-prefeita-de-cristais-paulista\/#breadcrumb"},"inLanguage":"pt-BR","potentialAction":[{"@type":"ReadAction","target":["https:\/\/verdadeon.com.br\/portal\/2022\/03\/08\/inspirada-pela-familia-katiuscia-realiza-o-sonho-de-ser-prefeita-de-cristais-paulista\/"]}]},{"@type":"ImageObject","inLanguage":"pt-BR","@id":"https:\/\/verdadeon.com.br\/portal\/2022\/03\/08\/inspirada-pela-familia-katiuscia-realiza-o-sonho-de-ser-prefeita-de-cristais-paulista\/#primaryimage","url":"https:\/\/i0.wp.com\/verdadeon.com.br\/portal\/wp-content\/uploads\/2022\/01\/WhatsApp-Image-2022-01-20-at-16.41.39.jpg?fit=1000%2C670&ssl=1","contentUrl":"https:\/\/i0.wp.com\/verdadeon.com.br\/portal\/wp-content\/uploads\/2022\/01\/WhatsApp-Image-2022-01-20-at-16.41.39.jpg?fit=1000%2C670&ssl=1","width":1000,"height":670,"caption":"Kati\u00fascia Leonardo \u00e9 prefeita de Cristais Paulista: \"Eu queria ser prefeita de Cristais Paulista, que \u00e9 a cidade onde nasci, cresci, brinquei, estudei, onde est\u00e1 grande parte da minha fam\u00edlia e meus amigos\" | Foto: Arquivo Pessoal"},{"@type":"BreadcrumbList","@id":"https:\/\/verdadeon.com.br\/portal\/2022\/03\/08\/inspirada-pela-familia-katiuscia-realiza-o-sonho-de-ser-prefeita-de-cristais-paulista\/#breadcrumb","itemListElement":[{"@type":"ListItem","position":1,"name":"In\u00edcio","item":"https:\/\/verdadeon.com.br\/portal\/"},{"@type":"ListItem","position":2,"name":"Inspirada pela fam\u00edlia, Kati\u00fascia vive o sonho de ser prefeita de Cristais Paulista"}]},{"@type":"WebSite","@id":"https:\/\/verdadeon.com.br\/portal\/#website","url":"https:\/\/verdadeon.com.br\/portal\/","name":"VerdadeOn","description":"Not\u00edcias di\u00e1rias sobre Franca, Regi\u00e3o, Esporte, Cultura, Cotidiano, Colunas. Cobertura nos principais eventos da cidade \u00e9 aqui - Verdadeon Franca","potentialAction":[{"@type":"SearchAction","target":{"@type":"EntryPoint","urlTemplate":"https:\/\/verdadeon.com.br\/portal\/?s={search_term_string}"},"query-input":{"@type":"PropertyValueSpecification","valueRequired":true,"valueName":"search_term_string"}}],"inLanguage":"pt-BR"},{"@type":"Person","@id":"https:\/\/verdadeon.com.br\/portal\/#\/schema\/person\/8248726d36015c1916636fabb175d972","name":"Nelise Luques","image":{"@type":"ImageObject","inLanguage":"pt-BR","@id":"https:\/\/verdadeon.com.br\/portal\/#\/schema\/person\/image\/","url":"https:\/\/secure.gravatar.com\/avatar\/29b2a17f5bcadeb827411b66f48ac13c3e0ecaf5906c0f5745ecc5d41c24eada?s=96&d=mm&r=g","contentUrl":"https:\/\/secure.gravatar.com\/avatar\/29b2a17f5bcadeb827411b66f48ac13c3e0ecaf5906c0f5745ecc5d41c24eada?s=96&d=mm&r=g","caption":"Nelise Luques"},"url":"https:\/\/verdadeon.com.br\/portal\/author\/verdade\/"}]}},"jetpack_publicize_connections":[],"jetpack_featured_media_url":"https:\/\/i0.wp.com\/verdadeon.com.br\/portal\/wp-content\/uploads\/2022\/01\/WhatsApp-Image-2022-01-20-at-16.41.39.jpg?fit=1000%2C670&ssl=1","jetpack_sharing_enabled":true,"_links":{"self":[{"href":"https:\/\/verdadeon.com.br\/portal\/wp-json\/wp\/v2\/posts\/23527","targetHints":{"allow":["GET"]}}],"collection":[{"href":"https:\/\/verdadeon.com.br\/portal\/wp-json\/wp\/v2\/posts"}],"about":[{"href":"https:\/\/verdadeon.com.br\/portal\/wp-json\/wp\/v2\/types\/post"}],"author":[{"embeddable":true,"href":"https:\/\/verdadeon.com.br\/portal\/wp-json\/wp\/v2\/users\/12"}],"replies":[{"embeddable":true,"href":"https:\/\/verdadeon.com.br\/portal\/wp-json\/wp\/v2\/comments?post=23527"}],"version-history":[{"count":4,"href":"https:\/\/verdadeon.com.br\/portal\/wp-json\/wp\/v2\/posts\/23527\/revisions"}],"predecessor-version":[{"id":23546,"href":"https:\/\/verdadeon.com.br\/portal\/wp-json\/wp\/v2\/posts\/23527\/revisions\/23546"}],"wp:featuredmedia":[{"embeddable":true,"href":"https:\/\/verdadeon.com.br\/portal\/wp-json\/wp\/v2\/media\/22499"}],"wp:attachment":[{"href":"https:\/\/verdadeon.com.br\/portal\/wp-json\/wp\/v2\/media?parent=23527"}],"wp:term":[{"taxonomy":"category","embeddable":true,"href":"https:\/\/verdadeon.com.br\/portal\/wp-json\/wp\/v2\/categories?post=23527"},{"taxonomy":"post_tag","embeddable":true,"href":"https:\/\/verdadeon.com.br\/portal\/wp-json\/wp\/v2\/tags?post=23527"}],"curies":[{"name":"wp","href":"https:\/\/api.w.org\/{rel}","templated":true}]}}