{"id":23492,"date":"2022-03-05T07:00:19","date_gmt":"2022-03-05T10:00:19","guid":{"rendered":"https:\/\/verdadeon.com.br\/portal\/?p=23492"},"modified":"2022-03-04T18:35:17","modified_gmt":"2022-03-04T21:35:17","slug":"profissao-nomade-o-mundo-como-escritorio","status":"publish","type":"post","link":"https:\/\/verdadeon.com.br\/portal\/2022\/03\/05\/profissao-nomade-o-mundo-como-escritorio\/","title":{"rendered":"Profiss\u00e3o: n\u00f4made &#8211; o mundo como escrit\u00f3rio"},"content":{"rendered":"<p>Certamente voc\u00eas j\u00e1 ouviram falar em n\u00f4mades. Antigamente era mais relacionada aos agricultores, que iam de um lado para outro em busca dos melhores lugares para plantar, colher e criar animais.<\/p>\n<p>Existe tamb\u00e9m uma associa\u00e7\u00e3o \u00e0quelas pessoas que vivem por a\u00ed, sem moradia fixa, passando curtos per\u00edodos de tempo em cada lugar, com muito desapego e, muitas vezes, vistas com bastante preconceito. Coisa do passado.<\/p>\n<p>Mas agora eles voltaram com tudo, claro que repaginados, atualizados e em vers\u00e3o 4.0. Pois \u00e9, os n\u00f4mades digitais est\u00e3o a\u00ed e exercendo as t\u00e3o faladas profiss\u00f5es do \u201cfuturo\u201d.<\/p>\n<p>Unir o trabalho com viagens, fazer do mundo a sua casa, em cada parada conhecer novos locais, culturas e amigos. \u00c9 assim que essa galera vive e isso \u00e9 poss\u00edvel, pois em muitas profiss\u00f5es basta que voc\u00ea esteja conectado na rede para que desempenhe suas tarefas, geograficamente n\u00e3o importa de onde isso v\u00e1 acontecer.<\/p>\n<p>N\u00e3o podemos confundir com quem desenvolve seu trabalho em home office ou ainda aqueles que viajam frequentemente, mas tem uma resid\u00eancia fixa. O n\u00f4made digital est\u00e1 em movimento constante.<\/p>\n<p>Esta modalidade de trabalho ganhou tamanha propor\u00e7\u00e3o, que diversas cidades pelo mundo j\u00e1 se adaptaram e oferecem infraestrutura com internet de boa conex\u00e3o e alta velocidade, cafeterias e restaurantes com espa\u00e7o compartilhado de trabalho, al\u00e9m dos j\u00e1 conhecidos coworkings. No Brasil, Florian\u00f3polis, no litoral de Santa Catarina, se destaca.<\/p>\n<p>Ap\u00f3s 2020 diversos pa\u00edses v\u00eam facilitando vistos para atrair estes profissionais. Se antes disso era ilegal trabalhar com visto de turismo em alguns pa\u00edses, hoje se reconhece a necessidade de for\u00e7a de trabalho para recupera\u00e7\u00e3o da economia.<\/p>\n<p>A Alemanha oferece um visto de resid\u00eancia de at\u00e9 tr\u00eas anos. Ant\u00edgua e Barbuda, no Caribe, garantem dois anos com o <em>The Nomad Digital Resident Visa. <\/em>J\u00e1 nas Bahamas, um programa de assist\u00eancia permite trabalhar de forma remota em suas 16 ilhas e, assim como estes pa\u00edses, cerca de 20 outros t\u00eam seus atrativos. Entre eles est\u00e3o lugares interessantes, como as Ilhas Cayman, Est\u00f4nia, Emirados \u00c1rabes, Cabo Verde e Isl\u00e2ndia.<\/p>\n<p>Embora tudo pare\u00e7a uma grande festa, e passe a imagem de tranquilidade extrema, essa n\u00e3o \u00e9 bem a verdade. Geralmente, os n\u00f4mades digitais trabalham em contratos PJ (Pessoa Jur\u00eddica) e precisam garantir suas entregas nos prazos para receber e pagar suas contas. E, ainda, diferente da modalidade CLT (popularmente conhecida como carteira assinada), alguns benef\u00edcios como licen\u00e7as e f\u00e9rias n\u00e3o s\u00e3o remunerados. Para que se possa parar alguns dias \u00e9 preciso muito planejamento e antecipa\u00e7\u00e3o de entregas.<\/p>\n<p>Sem falar na sazonalidade. Hora se tem muita demanda, hora falta trabalho, o que resulta na oscila\u00e7\u00e3o da renda. Como tudo na vida, existem os pr\u00f3s e os contras.<\/p>\n<p>As profiss\u00f5es de base tecnol\u00f3gica permitem mais mobilidade e favorecem a vida n\u00f4made. \u00c9 o caso dos designers, produtores de conte\u00fado, gestores de tr\u00e1fego e m\u00eddias digitais, ilustradores e desenvolvedores, mas quase nada impede que investidores, fot\u00f3grafos e escritores um pouco mais estruturados tamb\u00e9m possam se lan\u00e7ar pelo mundo.<\/p>\n<p>Em agosto de 2021 foi realizado um levantamento, pela plataforma de recrutamento GeekHunter, concluindo que dos mais de 700 profissionais da \u00e1rea de tecnologia do estudo, 78,2% preferem o trabalho remoto.<\/p>\n<p>Podemos afirmar que esta \u00e9 uma das principais mudan\u00e7as na rela\u00e7\u00e3o de trabalho dos \u00faltimos tempos: entendemos que o mundo pode ser nosso escrit\u00f3rio.<\/p>\n<p>Oportunidade n\u00e3o s\u00f3 para quem quer sair da rotina e se aventurar pelo mundo, mas tamb\u00e9m para as cidades e atividades locais, que podem se estruturar e receber esta demanda em crescimento exponencial.<\/p>\n<p>&nbsp;<\/p>\n<p><strong>Jean Dunkl<\/strong><\/p>\n<p>@jeandunkl<\/p>\n<p>CEO da CPD Consultoria e da Espacio de Color, mentor em Gest\u00e3o Estrat\u00e9gica de Neg\u00f3cios, gestor da Impera e volunt\u00e1rio da Singularity University<\/p>\n","protected":false},"excerpt":{"rendered":"<p>Certamente voc\u00eas j\u00e1 ouviram falar em n\u00f4mades. Antigamente era mais relacionada aos agricultores, que iam de um lado para outro em busca dos melhores lugares para<span class=\"excerpt-hellip\"> [\u2026]<\/span><\/p>\n","protected":false},"author":4,"featured_media":0,"comment_status":"open","ping_status":"open","sticky":false,"template":"","format":"standard","meta":{"_jetpack_memberships_contains_paid_content":false,"footnotes":"","jetpack_publicize_message":"","jetpack_publicize_feature_enabled":true,"jetpack_social_post_already_shared":false,"jetpack_social_options":{"image_generator_settings":{"template":"highway","default_image_id":0,"enabled":false},"version":2}},"categories":[132],"tags":[],"class_list":["post-23492","post","type-post","status-publish","format-standard","hentry","category-artigos"],"yoast_head":"<!-- This site is optimized with the Yoast SEO plugin v25.6 - https:\/\/yoast.com\/wordpress\/plugins\/seo\/ -->\n<title>Profiss\u00e3o: n\u00f4made - o mundo como escrit\u00f3rio - VerdadeOn<\/title>\n<meta name=\"robots\" content=\"index, follow, max-snippet:-1, max-image-preview:large, max-video-preview:-1\" \/>\n<link rel=\"canonical\" href=\"https:\/\/verdadeon.com.br\/portal\/2022\/03\/05\/profissao-nomade-o-mundo-como-escritorio\/\" \/>\n<meta property=\"og:locale\" content=\"pt_BR\" \/>\n<meta property=\"og:type\" content=\"article\" \/>\n<meta property=\"og:title\" content=\"Profiss\u00e3o: n\u00f4made - o mundo como escrit\u00f3rio - VerdadeOn\" \/>\n<meta property=\"og:description\" content=\"Certamente voc\u00eas j\u00e1 ouviram falar em n\u00f4mades. Antigamente era mais relacionada aos agricultores, que iam de um lado para outro em busca dos melhores lugares para [\u2026]\" \/>\n<meta property=\"og:url\" content=\"https:\/\/verdadeon.com.br\/portal\/2022\/03\/05\/profissao-nomade-o-mundo-como-escritorio\/\" \/>\n<meta property=\"og:site_name\" content=\"VerdadeOn\" \/>\n<meta property=\"article:published_time\" content=\"2022-03-05T10:00:19+00:00\" \/>\n<meta name=\"author\" content=\"Fernando Calixto\" \/>\n<meta name=\"twitter:card\" content=\"summary_large_image\" \/>\n<meta name=\"twitter:label1\" content=\"Escrito por\" \/>\n\t<meta name=\"twitter:data1\" content=\"Fernando Calixto\" \/>\n\t<meta name=\"twitter:label2\" content=\"Est. tempo de leitura\" \/>\n\t<meta name=\"twitter:data2\" content=\"4 minutos\" \/>\n<script type=\"application\/ld+json\" class=\"yoast-schema-graph\">{\"@context\":\"https:\/\/schema.org\",\"@graph\":[{\"@type\":\"WebPage\",\"@id\":\"https:\/\/verdadeon.com.br\/portal\/2022\/03\/05\/profissao-nomade-o-mundo-como-escritorio\/\",\"url\":\"https:\/\/verdadeon.com.br\/portal\/2022\/03\/05\/profissao-nomade-o-mundo-como-escritorio\/\",\"name\":\"Profiss\u00e3o: n\u00f4made - o mundo como escrit\u00f3rio - VerdadeOn\",\"isPartOf\":{\"@id\":\"https:\/\/verdadeon.com.br\/portal\/#website\"},\"datePublished\":\"2022-03-05T10:00:19+00:00\",\"author\":{\"@id\":\"https:\/\/verdadeon.com.br\/portal\/#\/schema\/person\/8994718f49ee62ba5610471e29ca1f62\"},\"breadcrumb\":{\"@id\":\"https:\/\/verdadeon.com.br\/portal\/2022\/03\/05\/profissao-nomade-o-mundo-como-escritorio\/#breadcrumb\"},\"inLanguage\":\"pt-BR\",\"potentialAction\":[{\"@type\":\"ReadAction\",\"target\":[\"https:\/\/verdadeon.com.br\/portal\/2022\/03\/05\/profissao-nomade-o-mundo-como-escritorio\/\"]}]},{\"@type\":\"BreadcrumbList\",\"@id\":\"https:\/\/verdadeon.com.br\/portal\/2022\/03\/05\/profissao-nomade-o-mundo-como-escritorio\/#breadcrumb\",\"itemListElement\":[{\"@type\":\"ListItem\",\"position\":1,\"name\":\"In\u00edcio\",\"item\":\"https:\/\/verdadeon.com.br\/portal\/\"},{\"@type\":\"ListItem\",\"position\":2,\"name\":\"Profiss\u00e3o: n\u00f4made &#8211; o mundo como escrit\u00f3rio\"}]},{\"@type\":\"WebSite\",\"@id\":\"https:\/\/verdadeon.com.br\/portal\/#website\",\"url\":\"https:\/\/verdadeon.com.br\/portal\/\",\"name\":\"VerdadeOn\",\"description\":\"Not\u00edcias di\u00e1rias sobre Franca, Regi\u00e3o, Esporte, Cultura, Cotidiano, Colunas. Cobertura nos principais eventos da cidade \u00e9 aqui - Verdadeon Franca\",\"potentialAction\":[{\"@type\":\"SearchAction\",\"target\":{\"@type\":\"EntryPoint\",\"urlTemplate\":\"https:\/\/verdadeon.com.br\/portal\/?s={search_term_string}\"},\"query-input\":{\"@type\":\"PropertyValueSpecification\",\"valueRequired\":true,\"valueName\":\"search_term_string\"}}],\"inLanguage\":\"pt-BR\"},{\"@type\":\"Person\",\"@id\":\"https:\/\/verdadeon.com.br\/portal\/#\/schema\/person\/8994718f49ee62ba5610471e29ca1f62\",\"name\":\"Fernando Calixto\",\"image\":{\"@type\":\"ImageObject\",\"inLanguage\":\"pt-BR\",\"@id\":\"https:\/\/verdadeon.com.br\/portal\/#\/schema\/person\/image\/\",\"url\":\"https:\/\/secure.gravatar.com\/avatar\/7578910c24966c0316c340f9dbd601e93ee9f9212e1033968b367af9306bd9fb?s=96&d=mm&r=g\",\"contentUrl\":\"https:\/\/secure.gravatar.com\/avatar\/7578910c24966c0316c340f9dbd601e93ee9f9212e1033968b367af9306bd9fb?s=96&d=mm&r=g\",\"caption\":\"Fernando Calixto\"},\"url\":\"https:\/\/verdadeon.com.br\/portal\/author\/fernando-calixto\/\"}]}<\/script>\n<!-- \/ Yoast SEO plugin. -->","yoast_head_json":{"title":"Profiss\u00e3o: n\u00f4made - o mundo como escrit\u00f3rio - VerdadeOn","robots":{"index":"index","follow":"follow","max-snippet":"max-snippet:-1","max-image-preview":"max-image-preview:large","max-video-preview":"max-video-preview:-1"},"canonical":"https:\/\/verdadeon.com.br\/portal\/2022\/03\/05\/profissao-nomade-o-mundo-como-escritorio\/","og_locale":"pt_BR","og_type":"article","og_title":"Profiss\u00e3o: n\u00f4made - o mundo como escrit\u00f3rio - VerdadeOn","og_description":"Certamente voc\u00eas j\u00e1 ouviram falar em n\u00f4mades. Antigamente era mais relacionada aos agricultores, que iam de um lado para outro em busca dos melhores lugares para [\u2026]","og_url":"https:\/\/verdadeon.com.br\/portal\/2022\/03\/05\/profissao-nomade-o-mundo-como-escritorio\/","og_site_name":"VerdadeOn","article_published_time":"2022-03-05T10:00:19+00:00","author":"Fernando Calixto","twitter_card":"summary_large_image","twitter_misc":{"Escrito por":"Fernando Calixto","Est. tempo de leitura":"4 minutos"},"schema":{"@context":"https:\/\/schema.org","@graph":[{"@type":"WebPage","@id":"https:\/\/verdadeon.com.br\/portal\/2022\/03\/05\/profissao-nomade-o-mundo-como-escritorio\/","url":"https:\/\/verdadeon.com.br\/portal\/2022\/03\/05\/profissao-nomade-o-mundo-como-escritorio\/","name":"Profiss\u00e3o: n\u00f4made - o mundo como escrit\u00f3rio - VerdadeOn","isPartOf":{"@id":"https:\/\/verdadeon.com.br\/portal\/#website"},"datePublished":"2022-03-05T10:00:19+00:00","author":{"@id":"https:\/\/verdadeon.com.br\/portal\/#\/schema\/person\/8994718f49ee62ba5610471e29ca1f62"},"breadcrumb":{"@id":"https:\/\/verdadeon.com.br\/portal\/2022\/03\/05\/profissao-nomade-o-mundo-como-escritorio\/#breadcrumb"},"inLanguage":"pt-BR","potentialAction":[{"@type":"ReadAction","target":["https:\/\/verdadeon.com.br\/portal\/2022\/03\/05\/profissao-nomade-o-mundo-como-escritorio\/"]}]},{"@type":"BreadcrumbList","@id":"https:\/\/verdadeon.com.br\/portal\/2022\/03\/05\/profissao-nomade-o-mundo-como-escritorio\/#breadcrumb","itemListElement":[{"@type":"ListItem","position":1,"name":"In\u00edcio","item":"https:\/\/verdadeon.com.br\/portal\/"},{"@type":"ListItem","position":2,"name":"Profiss\u00e3o: n\u00f4made &#8211; o mundo como escrit\u00f3rio"}]},{"@type":"WebSite","@id":"https:\/\/verdadeon.com.br\/portal\/#website","url":"https:\/\/verdadeon.com.br\/portal\/","name":"VerdadeOn","description":"Not\u00edcias di\u00e1rias sobre Franca, Regi\u00e3o, Esporte, Cultura, Cotidiano, Colunas. Cobertura nos principais eventos da cidade \u00e9 aqui - Verdadeon Franca","potentialAction":[{"@type":"SearchAction","target":{"@type":"EntryPoint","urlTemplate":"https:\/\/verdadeon.com.br\/portal\/?s={search_term_string}"},"query-input":{"@type":"PropertyValueSpecification","valueRequired":true,"valueName":"search_term_string"}}],"inLanguage":"pt-BR"},{"@type":"Person","@id":"https:\/\/verdadeon.com.br\/portal\/#\/schema\/person\/8994718f49ee62ba5610471e29ca1f62","name":"Fernando Calixto","image":{"@type":"ImageObject","inLanguage":"pt-BR","@id":"https:\/\/verdadeon.com.br\/portal\/#\/schema\/person\/image\/","url":"https:\/\/secure.gravatar.com\/avatar\/7578910c24966c0316c340f9dbd601e93ee9f9212e1033968b367af9306bd9fb?s=96&d=mm&r=g","contentUrl":"https:\/\/secure.gravatar.com\/avatar\/7578910c24966c0316c340f9dbd601e93ee9f9212e1033968b367af9306bd9fb?s=96&d=mm&r=g","caption":"Fernando Calixto"},"url":"https:\/\/verdadeon.com.br\/portal\/author\/fernando-calixto\/"}]}},"jetpack_publicize_connections":[],"jetpack_featured_media_url":"","jetpack_sharing_enabled":true,"_links":{"self":[{"href":"https:\/\/verdadeon.com.br\/portal\/wp-json\/wp\/v2\/posts\/23492","targetHints":{"allow":["GET"]}}],"collection":[{"href":"https:\/\/verdadeon.com.br\/portal\/wp-json\/wp\/v2\/posts"}],"about":[{"href":"https:\/\/verdadeon.com.br\/portal\/wp-json\/wp\/v2\/types\/post"}],"author":[{"embeddable":true,"href":"https:\/\/verdadeon.com.br\/portal\/wp-json\/wp\/v2\/users\/4"}],"replies":[{"embeddable":true,"href":"https:\/\/verdadeon.com.br\/portal\/wp-json\/wp\/v2\/comments?post=23492"}],"version-history":[{"count":1,"href":"https:\/\/verdadeon.com.br\/portal\/wp-json\/wp\/v2\/posts\/23492\/revisions"}],"predecessor-version":[{"id":23493,"href":"https:\/\/verdadeon.com.br\/portal\/wp-json\/wp\/v2\/posts\/23492\/revisions\/23493"}],"wp:attachment":[{"href":"https:\/\/verdadeon.com.br\/portal\/wp-json\/wp\/v2\/media?parent=23492"}],"wp:term":[{"taxonomy":"category","embeddable":true,"href":"https:\/\/verdadeon.com.br\/portal\/wp-json\/wp\/v2\/categories?post=23492"},{"taxonomy":"post_tag","embeddable":true,"href":"https:\/\/verdadeon.com.br\/portal\/wp-json\/wp\/v2\/tags?post=23492"}],"curies":[{"name":"wp","href":"https:\/\/api.w.org\/{rel}","templated":true}]}}