{"id":23412,"date":"2022-03-02T18:04:37","date_gmt":"2022-03-02T21:04:37","guid":{"rendered":"https:\/\/verdadeon.com.br\/portal\/?p=23412"},"modified":"2022-03-03T11:08:38","modified_gmt":"2022-03-03T14:08:38","slug":"proprietarios-de-mais-de-200-terrenos-sao-notificados-a-limpar-areas","status":"publish","type":"post","link":"https:\/\/verdadeon.com.br\/portal\/2022\/03\/02\/proprietarios-de-mais-de-200-terrenos-sao-notificados-a-limpar-areas\/","title":{"rendered":"Propriet\u00e1rios de mais de 200 terrenos s\u00e3o notificados a limpar \u00e1reas"},"content":{"rendered":"<h2><\/h2>\n<h2>Vigil\u00e2ncia Sanit\u00e1ria estabelece prazo de 15 dias para a limpeza; o n\u00e3o cumprimento pode gerar multa e cobran\u00e7a pelo servi\u00e7o<\/h2>\n<p><span style=\"font-weight: 400;\">\u00a0<\/span><\/p>\n<p>&nbsp;<\/p>\n<p>&nbsp;<\/p>\n<p><span style=\"font-weight: 400;\">Os propriet\u00e1rios de mais de 200 terrenos em diversas regi\u00f5es da cidade foram notificados pela Vigil\u00e2ncia Sanit\u00e1ria Municipal e t\u00eam prazo para efetuarem a limpeza da \u00e1rea. O n\u00e3o cumprimento na notifica\u00e7\u00e3o acarretar\u00e1 em multa e na cobran\u00e7a do servi\u00e7o que poder\u00e1 ser realizado pela Prefeitura.<\/span><\/p>\n<p><span style=\"font-weight: 400;\">De acordo com o C\u00f3digo de Posturas do Munic\u00edpio de Franca, todos os donos dos lotes intimados t\u00eam prazo de 15 (quinze) dias para efetuar a limpeza dos terrenos, a partir da data da publica\u00e7\u00e3o da notifica\u00e7\u00e3o no Di\u00e1rio Oficial. Eles poder\u00e3o ser advertidos pelo n\u00e3o cumprimento, que acarretar\u00e1 na aplica\u00e7\u00e3o de multa e na realiza\u00e7\u00e3o dos servi\u00e7os de limpeza pela Secretaria Municipal de Servi\u00e7os e Meio Ambiente, no valor de R$ 0,064 (sessenta e quatro mil\u00e9simos) da Unidade Fiscal do Munic\u00edpio de Franca (UFMF), por metro quadrado do im\u00f3vel, conforme determina a legisla\u00e7\u00e3o em vigor.<\/span><\/p>\n<h4><span style=\"font-weight: 400;\">Valores<\/span><\/h4>\n<p><span style=\"font-weight: 400;\">Pelo n\u00e3o cumprimento da notifica\u00e7\u00e3o no prazo concedido, deixando o terreno com mato alto, o contribuinte ter\u00e1 que desembolsar um valor de R$ 503,72 para o pagamento da multa, al\u00e9m de R$ 0,064 da UFMF, que este ano \u00e9 de R$ 71,96, por metro quadrado da \u00e1rea, pela limpeza, caso seja executada pela Secretaria de Meio Ambiente. Para um terreno, com cerca de 200 metros quadrados, o valor total a ser pago ser\u00e1 em m\u00e9dia de R$ 1.400.<\/span><\/p>\n<p><span style=\"font-weight: 400;\">A Vigil\u00e2ncia Ambiental informa que este trabalho \u00e9 indispens\u00e1vel e cada dono de im\u00f3vel precisa fazer a sua parte. O objetivo \u00e9 sensibilizar e fazer com que os propriet\u00e1rios de terrenos realizem a limpeza peri\u00f3dica das \u00e1reas. A rela\u00e7\u00e3o completa est\u00e1 dispon\u00edvel no link:<\/span><\/p>\n<p><a href=\"https:\/\/www.franca.sp.gov.br\/arquivos\/diario-oficial\/documentos\/1986-26022022.pdf\"><span style=\"font-weight: 400;\">https:\/\/www.franca.sp.gov.br\/arquivos\/diario-oficial\/documentos\/1986-26022022.pdf<\/span><\/a><\/p>\n","protected":false},"excerpt":{"rendered":"<p>Vigil\u00e2ncia Sanit\u00e1ria estabelece prazo de 15 dias para a limpeza; o n\u00e3o cumprimento pode gerar multa e cobran\u00e7a pelo servi\u00e7o \u00a0 &nbsp; &nbsp; Os propriet\u00e1rios de<span class=\"excerpt-hellip\"> [\u2026]<\/span><\/p>\n","protected":false},"author":12,"featured_media":21455,"comment_status":"open","ping_status":"open","sticky":false,"template":"","format":"standard","meta":{"_jetpack_memberships_contains_paid_content":false,"footnotes":"","jetpack_publicize_message":"","jetpack_publicize_feature_enabled":true,"jetpack_social_post_already_shared":false,"jetpack_social_options":{"image_generator_settings":{"template":"highway","default_image_id":0,"enabled":false},"version":2}},"categories":[28,44],"tags":[],"class_list":["post-23412","post","type-post","status-publish","format-standard","has-post-thumbnail","hentry","category-cotidiano","category-noticias"],"yoast_head":"<!-- This site is optimized with the Yoast SEO plugin v25.6 - https:\/\/yoast.com\/wordpress\/plugins\/seo\/ -->\n<title>Propriet\u00e1rios de mais de 200 terrenos s\u00e3o notificados a limpar \u00e1reas - VerdadeOn<\/title>\n<meta name=\"robots\" content=\"index, follow, max-snippet:-1, max-image-preview:large, max-video-preview:-1\" \/>\n<link rel=\"canonical\" href=\"https:\/\/verdadeon.com.br\/portal\/2022\/03\/02\/proprietarios-de-mais-de-200-terrenos-sao-notificados-a-limpar-areas\/\" \/>\n<meta property=\"og:locale\" content=\"pt_BR\" \/>\n<meta property=\"og:type\" content=\"article\" \/>\n<meta property=\"og:title\" content=\"Propriet\u00e1rios de mais de 200 terrenos s\u00e3o notificados a limpar \u00e1reas - VerdadeOn\" \/>\n<meta property=\"og:description\" content=\"Vigil\u00e2ncia Sanit\u00e1ria estabelece prazo de 15 dias para a limpeza; o n\u00e3o cumprimento pode gerar multa e cobran\u00e7a pelo servi\u00e7o \u00a0 &nbsp; &nbsp; Os propriet\u00e1rios de [\u2026]\" \/>\n<meta property=\"og:url\" content=\"https:\/\/verdadeon.com.br\/portal\/2022\/03\/02\/proprietarios-de-mais-de-200-terrenos-sao-notificados-a-limpar-areas\/\" \/>\n<meta property=\"og:site_name\" content=\"VerdadeOn\" \/>\n<meta property=\"article:published_time\" content=\"2022-03-02T21:04:37+00:00\" \/>\n<meta property=\"article:modified_time\" content=\"2022-03-03T14:08:38+00:00\" \/>\n<meta property=\"og:image\" content=\"https:\/\/verdadeon.com.br\/portal\/wp-content\/uploads\/2021\/12\/Mato-alto-em-Franca-dezembro-de-2021-2.jpeg\" \/>\n\t<meta property=\"og:image:width\" content=\"1280\" \/>\n\t<meta property=\"og:image:height\" content=\"622\" \/>\n\t<meta property=\"og:image:type\" content=\"image\/jpeg\" \/>\n<meta name=\"author\" content=\"Nelise Luques\" \/>\n<meta name=\"twitter:card\" content=\"summary_large_image\" \/>\n<meta name=\"twitter:label1\" content=\"Escrito por\" \/>\n\t<meta name=\"twitter:data1\" content=\"Nelise Luques\" \/>\n\t<meta name=\"twitter:label2\" content=\"Est. tempo de leitura\" \/>\n\t<meta name=\"twitter:data2\" content=\"2 minutos\" \/>\n<script type=\"application\/ld+json\" class=\"yoast-schema-graph\">{\"@context\":\"https:\/\/schema.org\",\"@graph\":[{\"@type\":\"WebPage\",\"@id\":\"https:\/\/verdadeon.com.br\/portal\/2022\/03\/02\/proprietarios-de-mais-de-200-terrenos-sao-notificados-a-limpar-areas\/\",\"url\":\"https:\/\/verdadeon.com.br\/portal\/2022\/03\/02\/proprietarios-de-mais-de-200-terrenos-sao-notificados-a-limpar-areas\/\",\"name\":\"Propriet\u00e1rios de mais de 200 terrenos s\u00e3o notificados a limpar \u00e1reas - VerdadeOn\",\"isPartOf\":{\"@id\":\"https:\/\/verdadeon.com.br\/portal\/#website\"},\"primaryImageOfPage\":{\"@id\":\"https:\/\/verdadeon.com.br\/portal\/2022\/03\/02\/proprietarios-de-mais-de-200-terrenos-sao-notificados-a-limpar-areas\/#primaryimage\"},\"image\":{\"@id\":\"https:\/\/verdadeon.com.br\/portal\/2022\/03\/02\/proprietarios-de-mais-de-200-terrenos-sao-notificados-a-limpar-areas\/#primaryimage\"},\"thumbnailUrl\":\"https:\/\/i0.wp.com\/verdadeon.com.br\/portal\/wp-content\/uploads\/2021\/12\/Mato-alto-em-Franca-dezembro-de-2021-2-e1652128908697.jpeg?fit=1001%2C620&ssl=1\",\"datePublished\":\"2022-03-02T21:04:37+00:00\",\"dateModified\":\"2022-03-03T14:08:38+00:00\",\"author\":{\"@id\":\"https:\/\/verdadeon.com.br\/portal\/#\/schema\/person\/8248726d36015c1916636fabb175d972\"},\"breadcrumb\":{\"@id\":\"https:\/\/verdadeon.com.br\/portal\/2022\/03\/02\/proprietarios-de-mais-de-200-terrenos-sao-notificados-a-limpar-areas\/#breadcrumb\"},\"inLanguage\":\"pt-BR\",\"potentialAction\":[{\"@type\":\"ReadAction\",\"target\":[\"https:\/\/verdadeon.com.br\/portal\/2022\/03\/02\/proprietarios-de-mais-de-200-terrenos-sao-notificados-a-limpar-areas\/\"]}]},{\"@type\":\"ImageObject\",\"inLanguage\":\"pt-BR\",\"@id\":\"https:\/\/verdadeon.com.br\/portal\/2022\/03\/02\/proprietarios-de-mais-de-200-terrenos-sao-notificados-a-limpar-areas\/#primaryimage\",\"url\":\"https:\/\/i0.wp.com\/verdadeon.com.br\/portal\/wp-content\/uploads\/2021\/12\/Mato-alto-em-Franca-dezembro-de-2021-2-e1652128908697.jpeg?fit=1001%2C620&ssl=1\",\"contentUrl\":\"https:\/\/i0.wp.com\/verdadeon.com.br\/portal\/wp-content\/uploads\/2021\/12\/Mato-alto-em-Franca-dezembro-de-2021-2-e1652128908697.jpeg?fit=1001%2C620&ssl=1\",\"width\":1001,\"height\":620,\"caption\":\"Prefeitura intima propriet\u00e1rios de terrenos com mato alto e sujeira a efetuarem a limpeza das \u00e1reas no prazo de 10 dias | Foto: Jornal Verdade\"},{\"@type\":\"BreadcrumbList\",\"@id\":\"https:\/\/verdadeon.com.br\/portal\/2022\/03\/02\/proprietarios-de-mais-de-200-terrenos-sao-notificados-a-limpar-areas\/#breadcrumb\",\"itemListElement\":[{\"@type\":\"ListItem\",\"position\":1,\"name\":\"In\u00edcio\",\"item\":\"https:\/\/verdadeon.com.br\/portal\/\"},{\"@type\":\"ListItem\",\"position\":2,\"name\":\"Propriet\u00e1rios de mais de 200 terrenos s\u00e3o notificados a limpar \u00e1reas\"}]},{\"@type\":\"WebSite\",\"@id\":\"https:\/\/verdadeon.com.br\/portal\/#website\",\"url\":\"https:\/\/verdadeon.com.br\/portal\/\",\"name\":\"VerdadeOn\",\"description\":\"Not\u00edcias di\u00e1rias sobre Franca, Regi\u00e3o, Esporte, Cultura, Cotidiano, Colunas. Cobertura nos principais eventos da cidade \u00e9 aqui - Verdadeon Franca\",\"potentialAction\":[{\"@type\":\"SearchAction\",\"target\":{\"@type\":\"EntryPoint\",\"urlTemplate\":\"https:\/\/verdadeon.com.br\/portal\/?s={search_term_string}\"},\"query-input\":{\"@type\":\"PropertyValueSpecification\",\"valueRequired\":true,\"valueName\":\"search_term_string\"}}],\"inLanguage\":\"pt-BR\"},{\"@type\":\"Person\",\"@id\":\"https:\/\/verdadeon.com.br\/portal\/#\/schema\/person\/8248726d36015c1916636fabb175d972\",\"name\":\"Nelise Luques\",\"image\":{\"@type\":\"ImageObject\",\"inLanguage\":\"pt-BR\",\"@id\":\"https:\/\/verdadeon.com.br\/portal\/#\/schema\/person\/image\/\",\"url\":\"https:\/\/secure.gravatar.com\/avatar\/29b2a17f5bcadeb827411b66f48ac13c3e0ecaf5906c0f5745ecc5d41c24eada?s=96&d=mm&r=g\",\"contentUrl\":\"https:\/\/secure.gravatar.com\/avatar\/29b2a17f5bcadeb827411b66f48ac13c3e0ecaf5906c0f5745ecc5d41c24eada?s=96&d=mm&r=g\",\"caption\":\"Nelise Luques\"},\"url\":\"https:\/\/verdadeon.com.br\/portal\/author\/verdade\/\"}]}<\/script>\n<!-- \/ Yoast SEO plugin. -->","yoast_head_json":{"title":"Propriet\u00e1rios de mais de 200 terrenos s\u00e3o notificados a limpar \u00e1reas - VerdadeOn","robots":{"index":"index","follow":"follow","max-snippet":"max-snippet:-1","max-image-preview":"max-image-preview:large","max-video-preview":"max-video-preview:-1"},"canonical":"https:\/\/verdadeon.com.br\/portal\/2022\/03\/02\/proprietarios-de-mais-de-200-terrenos-sao-notificados-a-limpar-areas\/","og_locale":"pt_BR","og_type":"article","og_title":"Propriet\u00e1rios de mais de 200 terrenos s\u00e3o notificados a limpar \u00e1reas - VerdadeOn","og_description":"Vigil\u00e2ncia Sanit\u00e1ria estabelece prazo de 15 dias para a limpeza; o n\u00e3o cumprimento pode gerar multa e cobran\u00e7a pelo servi\u00e7o \u00a0 &nbsp; &nbsp; Os propriet\u00e1rios de [\u2026]","og_url":"https:\/\/verdadeon.com.br\/portal\/2022\/03\/02\/proprietarios-de-mais-de-200-terrenos-sao-notificados-a-limpar-areas\/","og_site_name":"VerdadeOn","article_published_time":"2022-03-02T21:04:37+00:00","article_modified_time":"2022-03-03T14:08:38+00:00","og_image":[{"width":1280,"height":622,"url":"https:\/\/verdadeon.com.br\/portal\/wp-content\/uploads\/2021\/12\/Mato-alto-em-Franca-dezembro-de-2021-2.jpeg","type":"image\/jpeg"}],"author":"Nelise Luques","twitter_card":"summary_large_image","twitter_misc":{"Escrito por":"Nelise Luques","Est. tempo de leitura":"2 minutos"},"schema":{"@context":"https:\/\/schema.org","@graph":[{"@type":"WebPage","@id":"https:\/\/verdadeon.com.br\/portal\/2022\/03\/02\/proprietarios-de-mais-de-200-terrenos-sao-notificados-a-limpar-areas\/","url":"https:\/\/verdadeon.com.br\/portal\/2022\/03\/02\/proprietarios-de-mais-de-200-terrenos-sao-notificados-a-limpar-areas\/","name":"Propriet\u00e1rios de mais de 200 terrenos s\u00e3o notificados a limpar \u00e1reas - VerdadeOn","isPartOf":{"@id":"https:\/\/verdadeon.com.br\/portal\/#website"},"primaryImageOfPage":{"@id":"https:\/\/verdadeon.com.br\/portal\/2022\/03\/02\/proprietarios-de-mais-de-200-terrenos-sao-notificados-a-limpar-areas\/#primaryimage"},"image":{"@id":"https:\/\/verdadeon.com.br\/portal\/2022\/03\/02\/proprietarios-de-mais-de-200-terrenos-sao-notificados-a-limpar-areas\/#primaryimage"},"thumbnailUrl":"https:\/\/i0.wp.com\/verdadeon.com.br\/portal\/wp-content\/uploads\/2021\/12\/Mato-alto-em-Franca-dezembro-de-2021-2-e1652128908697.jpeg?fit=1001%2C620&ssl=1","datePublished":"2022-03-02T21:04:37+00:00","dateModified":"2022-03-03T14:08:38+00:00","author":{"@id":"https:\/\/verdadeon.com.br\/portal\/#\/schema\/person\/8248726d36015c1916636fabb175d972"},"breadcrumb":{"@id":"https:\/\/verdadeon.com.br\/portal\/2022\/03\/02\/proprietarios-de-mais-de-200-terrenos-sao-notificados-a-limpar-areas\/#breadcrumb"},"inLanguage":"pt-BR","potentialAction":[{"@type":"ReadAction","target":["https:\/\/verdadeon.com.br\/portal\/2022\/03\/02\/proprietarios-de-mais-de-200-terrenos-sao-notificados-a-limpar-areas\/"]}]},{"@type":"ImageObject","inLanguage":"pt-BR","@id":"https:\/\/verdadeon.com.br\/portal\/2022\/03\/02\/proprietarios-de-mais-de-200-terrenos-sao-notificados-a-limpar-areas\/#primaryimage","url":"https:\/\/i0.wp.com\/verdadeon.com.br\/portal\/wp-content\/uploads\/2021\/12\/Mato-alto-em-Franca-dezembro-de-2021-2-e1652128908697.jpeg?fit=1001%2C620&ssl=1","contentUrl":"https:\/\/i0.wp.com\/verdadeon.com.br\/portal\/wp-content\/uploads\/2021\/12\/Mato-alto-em-Franca-dezembro-de-2021-2-e1652128908697.jpeg?fit=1001%2C620&ssl=1","width":1001,"height":620,"caption":"Prefeitura intima propriet\u00e1rios de terrenos com mato alto e sujeira a efetuarem a limpeza das \u00e1reas no prazo de 10 dias | Foto: Jornal Verdade"},{"@type":"BreadcrumbList","@id":"https:\/\/verdadeon.com.br\/portal\/2022\/03\/02\/proprietarios-de-mais-de-200-terrenos-sao-notificados-a-limpar-areas\/#breadcrumb","itemListElement":[{"@type":"ListItem","position":1,"name":"In\u00edcio","item":"https:\/\/verdadeon.com.br\/portal\/"},{"@type":"ListItem","position":2,"name":"Propriet\u00e1rios de mais de 200 terrenos s\u00e3o notificados a limpar \u00e1reas"}]},{"@type":"WebSite","@id":"https:\/\/verdadeon.com.br\/portal\/#website","url":"https:\/\/verdadeon.com.br\/portal\/","name":"VerdadeOn","description":"Not\u00edcias di\u00e1rias sobre Franca, Regi\u00e3o, Esporte, Cultura, Cotidiano, Colunas. Cobertura nos principais eventos da cidade \u00e9 aqui - Verdadeon Franca","potentialAction":[{"@type":"SearchAction","target":{"@type":"EntryPoint","urlTemplate":"https:\/\/verdadeon.com.br\/portal\/?s={search_term_string}"},"query-input":{"@type":"PropertyValueSpecification","valueRequired":true,"valueName":"search_term_string"}}],"inLanguage":"pt-BR"},{"@type":"Person","@id":"https:\/\/verdadeon.com.br\/portal\/#\/schema\/person\/8248726d36015c1916636fabb175d972","name":"Nelise Luques","image":{"@type":"ImageObject","inLanguage":"pt-BR","@id":"https:\/\/verdadeon.com.br\/portal\/#\/schema\/person\/image\/","url":"https:\/\/secure.gravatar.com\/avatar\/29b2a17f5bcadeb827411b66f48ac13c3e0ecaf5906c0f5745ecc5d41c24eada?s=96&d=mm&r=g","contentUrl":"https:\/\/secure.gravatar.com\/avatar\/29b2a17f5bcadeb827411b66f48ac13c3e0ecaf5906c0f5745ecc5d41c24eada?s=96&d=mm&r=g","caption":"Nelise Luques"},"url":"https:\/\/verdadeon.com.br\/portal\/author\/verdade\/"}]}},"jetpack_publicize_connections":[],"jetpack_featured_media_url":"https:\/\/i0.wp.com\/verdadeon.com.br\/portal\/wp-content\/uploads\/2021\/12\/Mato-alto-em-Franca-dezembro-de-2021-2-e1652128908697.jpeg?fit=1001%2C620&ssl=1","jetpack_sharing_enabled":true,"_links":{"self":[{"href":"https:\/\/verdadeon.com.br\/portal\/wp-json\/wp\/v2\/posts\/23412","targetHints":{"allow":["GET"]}}],"collection":[{"href":"https:\/\/verdadeon.com.br\/portal\/wp-json\/wp\/v2\/posts"}],"about":[{"href":"https:\/\/verdadeon.com.br\/portal\/wp-json\/wp\/v2\/types\/post"}],"author":[{"embeddable":true,"href":"https:\/\/verdadeon.com.br\/portal\/wp-json\/wp\/v2\/users\/12"}],"replies":[{"embeddable":true,"href":"https:\/\/verdadeon.com.br\/portal\/wp-json\/wp\/v2\/comments?post=23412"}],"version-history":[{"count":1,"href":"https:\/\/verdadeon.com.br\/portal\/wp-json\/wp\/v2\/posts\/23412\/revisions"}],"predecessor-version":[{"id":23414,"href":"https:\/\/verdadeon.com.br\/portal\/wp-json\/wp\/v2\/posts\/23412\/revisions\/23414"}],"wp:featuredmedia":[{"embeddable":true,"href":"https:\/\/verdadeon.com.br\/portal\/wp-json\/wp\/v2\/media\/21455"}],"wp:attachment":[{"href":"https:\/\/verdadeon.com.br\/portal\/wp-json\/wp\/v2\/media?parent=23412"}],"wp:term":[{"taxonomy":"category","embeddable":true,"href":"https:\/\/verdadeon.com.br\/portal\/wp-json\/wp\/v2\/categories?post=23412"},{"taxonomy":"post_tag","embeddable":true,"href":"https:\/\/verdadeon.com.br\/portal\/wp-json\/wp\/v2\/tags?post=23412"}],"curies":[{"name":"wp","href":"https:\/\/api.w.org\/{rel}","templated":true}]}}