{"id":23406,"date":"2022-03-02T17:23:45","date_gmt":"2022-03-02T20:23:45","guid":{"rendered":"https:\/\/verdadeon.com.br\/portal\/?p=23406"},"modified":"2022-03-03T11:08:42","modified_gmt":"2022-03-03T14:08:42","slug":"estudantes-de-publicidade-e-propaganda-do-uni-facef-lancam-podcast","status":"publish","type":"post","link":"https:\/\/verdadeon.com.br\/portal\/2022\/03\/02\/estudantes-de-publicidade-e-propaganda-do-uni-facef-lancam-podcast\/","title":{"rendered":"Estudantes de Publicidade e Propaganda do Uni-Facef lan\u00e7am podcast"},"content":{"rendered":"<h2>Proposta \u00e9 valorizar artistas, m\u00fasicos e pequenos empres\u00e1rios para compartilharem hist\u00f3rias inspiradoras com os ouvintes<\/h2>\n<p>&nbsp;<\/p>\n<p><span style=\"font-weight: 400;\">Com a proposta de valorizar artistas, m\u00fasicos, pequenos empres\u00e1rios e outros an\u00f4nimos com boas hist\u00f3rias e ricas experi\u00eancias de vida, um grupo de alunos do s\u00e9timo semestre do curso de Comunica\u00e7\u00e3o Social &#8211; Publicidade e Propaganda do Uni-Facef lan\u00e7ar\u00e1 o Podcast \u201cAt\u00edpicos\u201d.\u00a0<\/span><\/p>\n<p><span style=\"font-weight: 400;\">A estreia est\u00e1 prevista para o dia 29 de mar\u00e7o, \u00e0s 19h30, com transmiss\u00e3o ao vivo pela TV Uni-Facef (<\/span><a href=\"http:\/\/www.youtube.com\/user\/tvunifacef\"><span style=\"font-weight: 400;\">www.youtube.com\/user\/tvunifacef<\/span><\/a><span style=\"font-weight: 400;\">). Com o nome \u201cEstado de Poesia\u201d, o primeiro epis\u00f3dio do \u201cAt\u00edpicos\u201d ser\u00e1 um bate-papo sobre poesia, literatura e o processo da escrita. Os estudantes Erica Maria, Rafaela Roncari e Jo\u00e3o Pedro, idealizadores e anfitri\u00f5es do projeto, v\u00e3o receber os escritores Ana Beatriz Misael Serafim e Lucas de Oliveira Ferreira.\u00a0<\/span><\/p>\n<p><span style=\"font-weight: 400;\">A inten\u00e7\u00e3o do grupo \u00e9 inspirar os ouvintes ao dar voz aos convidados que influenciam as pessoas por meio da m\u00fasica, arte, escrita e criatividade e tamb\u00e9m proporcionar maior visibilidade ao trabalho dos entrevistados. \u201cOs alunos queriam trazer personagens da cidade de Franca e regi\u00e3o que muitas vezes n\u00e3o t\u00eam espa\u00e7o na grande m\u00eddia, por serem desconhecidos. \u00c9 muito importante para os alunos participarem de projetos como este, porque eles se envolvem com a comunidade e utilizam as expertises que adquirem na faculdade para unir academia e comunidade, colocando em pr\u00e1tica estes conhecimentos\u201d, afirmou o professor Eduardo Soares, tutor do projeto.<\/span><\/p>\n<p><span style=\"font-weight: 400;\">A produ\u00e7\u00e3o do podcast \u201cAt\u00edpicos\u201d ser\u00e1 uma oportunidade para os estudantes ampliarem o repert\u00f3rio de viv\u00eancias na faculdade e desenvolverem habilidades enquanto comunicadores, se preparando para projetos futuros.<\/span><span style=\"font-weight: 400;\"> \u201cEstamos bem animados pelo fato de ser uma experi\u00eancia nova e diferente, gostamos de encarar desafios e acreditamos que ser\u00e1 algo extremamente positivo para n\u00f3s, para os convidados e para a pr\u00f3pria institui\u00e7\u00e3o, pois atrav\u00e9s do bate papo, ter\u00e1 muito networking envolvido\u201d, afirmaram os alunos envolvidos no projeto.<\/span><\/p>\n<p><span style=\"font-weight: 400;\">O curso de Comunica\u00e7\u00e3o Social com Habilita\u00e7\u00e3o em Publicidade e Propaganda do Uni-Facef est\u00e1 sob a coordena\u00e7\u00e3o da professora F\u00falvia Nassif Facury.<\/span><\/p>\n<p>&nbsp;<\/p>\n","protected":false},"excerpt":{"rendered":"<p>Proposta \u00e9 valorizar artistas, m\u00fasicos e pequenos empres\u00e1rios para compartilharem hist\u00f3rias inspiradoras com os ouvintes &nbsp; Com a proposta de valorizar artistas, m\u00fasicos, pequenos empres\u00e1rios e<span class=\"excerpt-hellip\"> [\u2026]<\/span><\/p>\n","protected":false},"author":12,"featured_media":23407,"comment_status":"open","ping_status":"open","sticky":false,"template":"","format":"standard","meta":{"_jetpack_memberships_contains_paid_content":false,"footnotes":"","jetpack_publicize_message":"","jetpack_publicize_feature_enabled":true,"jetpack_social_post_already_shared":false,"jetpack_social_options":{"image_generator_settings":{"template":"highway","default_image_id":0,"enabled":false},"version":2}},"categories":[28,44],"tags":[],"class_list":["post-23406","post","type-post","status-publish","format-standard","has-post-thumbnail","hentry","category-cotidiano","category-noticias"],"yoast_head":"<!-- This site is optimized with the Yoast SEO plugin v25.6 - https:\/\/yoast.com\/wordpress\/plugins\/seo\/ -->\n<title>Estudantes de Publicidade e Propaganda do Uni-Facef lan\u00e7am podcast - VerdadeOn<\/title>\n<meta name=\"robots\" content=\"index, follow, max-snippet:-1, max-image-preview:large, max-video-preview:-1\" \/>\n<link rel=\"canonical\" href=\"https:\/\/verdadeon.com.br\/portal\/2022\/03\/02\/estudantes-de-publicidade-e-propaganda-do-uni-facef-lancam-podcast\/\" \/>\n<meta property=\"og:locale\" content=\"pt_BR\" \/>\n<meta property=\"og:type\" content=\"article\" \/>\n<meta property=\"og:title\" content=\"Estudantes de Publicidade e Propaganda do Uni-Facef lan\u00e7am podcast - VerdadeOn\" \/>\n<meta property=\"og:description\" content=\"Proposta \u00e9 valorizar artistas, m\u00fasicos e pequenos empres\u00e1rios para compartilharem hist\u00f3rias inspiradoras com os ouvintes &nbsp; Com a proposta de valorizar artistas, m\u00fasicos, pequenos empres\u00e1rios e [\u2026]\" \/>\n<meta property=\"og:url\" content=\"https:\/\/verdadeon.com.br\/portal\/2022\/03\/02\/estudantes-de-publicidade-e-propaganda-do-uni-facef-lancam-podcast\/\" \/>\n<meta property=\"og:site_name\" content=\"VerdadeOn\" \/>\n<meta property=\"article:published_time\" content=\"2022-03-02T20:23:45+00:00\" \/>\n<meta property=\"article:modified_time\" content=\"2022-03-03T14:08:42+00:00\" \/>\n<meta property=\"og:image\" content=\"https:\/\/verdadeon.com.br\/portal\/wp-content\/uploads\/2022\/03\/WhatsApp-Image-2022-03-02-at-17.06.58.jpeg\" \/>\n\t<meta property=\"og:image:width\" content=\"1080\" \/>\n\t<meta property=\"og:image:height\" content=\"724\" \/>\n\t<meta property=\"og:image:type\" content=\"image\/jpeg\" \/>\n<meta name=\"author\" content=\"Nelise Luques\" \/>\n<meta name=\"twitter:card\" content=\"summary_large_image\" \/>\n<meta name=\"twitter:label1\" content=\"Escrito por\" \/>\n\t<meta name=\"twitter:data1\" content=\"Nelise Luques\" \/>\n\t<meta name=\"twitter:label2\" content=\"Est. tempo de leitura\" \/>\n\t<meta name=\"twitter:data2\" content=\"2 minutos\" \/>\n<script type=\"application\/ld+json\" class=\"yoast-schema-graph\">{\"@context\":\"https:\/\/schema.org\",\"@graph\":[{\"@type\":\"WebPage\",\"@id\":\"https:\/\/verdadeon.com.br\/portal\/2022\/03\/02\/estudantes-de-publicidade-e-propaganda-do-uni-facef-lancam-podcast\/\",\"url\":\"https:\/\/verdadeon.com.br\/portal\/2022\/03\/02\/estudantes-de-publicidade-e-propaganda-do-uni-facef-lancam-podcast\/\",\"name\":\"Estudantes de Publicidade e Propaganda do Uni-Facef lan\u00e7am podcast - VerdadeOn\",\"isPartOf\":{\"@id\":\"https:\/\/verdadeon.com.br\/portal\/#website\"},\"primaryImageOfPage\":{\"@id\":\"https:\/\/verdadeon.com.br\/portal\/2022\/03\/02\/estudantes-de-publicidade-e-propaganda-do-uni-facef-lancam-podcast\/#primaryimage\"},\"image\":{\"@id\":\"https:\/\/verdadeon.com.br\/portal\/2022\/03\/02\/estudantes-de-publicidade-e-propaganda-do-uni-facef-lancam-podcast\/#primaryimage\"},\"thumbnailUrl\":\"https:\/\/i0.wp.com\/verdadeon.com.br\/portal\/wp-content\/uploads\/2022\/03\/WhatsApp-Image-2022-03-02-at-17.06.58.jpeg?fit=1080%2C724&ssl=1\",\"datePublished\":\"2022-03-02T20:23:45+00:00\",\"dateModified\":\"2022-03-03T14:08:42+00:00\",\"author\":{\"@id\":\"https:\/\/verdadeon.com.br\/portal\/#\/schema\/person\/8248726d36015c1916636fabb175d972\"},\"breadcrumb\":{\"@id\":\"https:\/\/verdadeon.com.br\/portal\/2022\/03\/02\/estudantes-de-publicidade-e-propaganda-do-uni-facef-lancam-podcast\/#breadcrumb\"},\"inLanguage\":\"pt-BR\",\"potentialAction\":[{\"@type\":\"ReadAction\",\"target\":[\"https:\/\/verdadeon.com.br\/portal\/2022\/03\/02\/estudantes-de-publicidade-e-propaganda-do-uni-facef-lancam-podcast\/\"]}]},{\"@type\":\"ImageObject\",\"inLanguage\":\"pt-BR\",\"@id\":\"https:\/\/verdadeon.com.br\/portal\/2022\/03\/02\/estudantes-de-publicidade-e-propaganda-do-uni-facef-lancam-podcast\/#primaryimage\",\"url\":\"https:\/\/i0.wp.com\/verdadeon.com.br\/portal\/wp-content\/uploads\/2022\/03\/WhatsApp-Image-2022-03-02-at-17.06.58.jpeg?fit=1080%2C724&ssl=1\",\"contentUrl\":\"https:\/\/i0.wp.com\/verdadeon.com.br\/portal\/wp-content\/uploads\/2022\/03\/WhatsApp-Image-2022-03-02-at-17.06.58.jpeg?fit=1080%2C724&ssl=1\",\"width\":1080,\"height\":724,\"caption\":\"A estreia do podcast \u201cAt\u00edpicos\u201d est\u00e1 prevista para o dia 29 de mar\u00e7o, \u00e0s 20h30, com transmiss\u00e3o ao vivo pela TV Uni-Facef | Arte: Divulga\u00e7\u00e3o\"},{\"@type\":\"BreadcrumbList\",\"@id\":\"https:\/\/verdadeon.com.br\/portal\/2022\/03\/02\/estudantes-de-publicidade-e-propaganda-do-uni-facef-lancam-podcast\/#breadcrumb\",\"itemListElement\":[{\"@type\":\"ListItem\",\"position\":1,\"name\":\"In\u00edcio\",\"item\":\"https:\/\/verdadeon.com.br\/portal\/\"},{\"@type\":\"ListItem\",\"position\":2,\"name\":\"Estudantes de Publicidade e Propaganda do Uni-Facef lan\u00e7am podcast\"}]},{\"@type\":\"WebSite\",\"@id\":\"https:\/\/verdadeon.com.br\/portal\/#website\",\"url\":\"https:\/\/verdadeon.com.br\/portal\/\",\"name\":\"VerdadeOn\",\"description\":\"Not\u00edcias di\u00e1rias sobre Franca, Regi\u00e3o, Esporte, Cultura, Cotidiano, Colunas. Cobertura nos principais eventos da cidade \u00e9 aqui - Verdadeon Franca\",\"potentialAction\":[{\"@type\":\"SearchAction\",\"target\":{\"@type\":\"EntryPoint\",\"urlTemplate\":\"https:\/\/verdadeon.com.br\/portal\/?s={search_term_string}\"},\"query-input\":{\"@type\":\"PropertyValueSpecification\",\"valueRequired\":true,\"valueName\":\"search_term_string\"}}],\"inLanguage\":\"pt-BR\"},{\"@type\":\"Person\",\"@id\":\"https:\/\/verdadeon.com.br\/portal\/#\/schema\/person\/8248726d36015c1916636fabb175d972\",\"name\":\"Nelise Luques\",\"image\":{\"@type\":\"ImageObject\",\"inLanguage\":\"pt-BR\",\"@id\":\"https:\/\/verdadeon.com.br\/portal\/#\/schema\/person\/image\/\",\"url\":\"https:\/\/secure.gravatar.com\/avatar\/29b2a17f5bcadeb827411b66f48ac13c3e0ecaf5906c0f5745ecc5d41c24eada?s=96&d=mm&r=g\",\"contentUrl\":\"https:\/\/secure.gravatar.com\/avatar\/29b2a17f5bcadeb827411b66f48ac13c3e0ecaf5906c0f5745ecc5d41c24eada?s=96&d=mm&r=g\",\"caption\":\"Nelise Luques\"},\"url\":\"https:\/\/verdadeon.com.br\/portal\/author\/verdade\/\"}]}<\/script>\n<!-- \/ Yoast SEO plugin. -->","yoast_head_json":{"title":"Estudantes de Publicidade e Propaganda do Uni-Facef lan\u00e7am podcast - VerdadeOn","robots":{"index":"index","follow":"follow","max-snippet":"max-snippet:-1","max-image-preview":"max-image-preview:large","max-video-preview":"max-video-preview:-1"},"canonical":"https:\/\/verdadeon.com.br\/portal\/2022\/03\/02\/estudantes-de-publicidade-e-propaganda-do-uni-facef-lancam-podcast\/","og_locale":"pt_BR","og_type":"article","og_title":"Estudantes de Publicidade e Propaganda do Uni-Facef lan\u00e7am podcast - VerdadeOn","og_description":"Proposta \u00e9 valorizar artistas, m\u00fasicos e pequenos empres\u00e1rios para compartilharem hist\u00f3rias inspiradoras com os ouvintes &nbsp; Com a proposta de valorizar artistas, m\u00fasicos, pequenos empres\u00e1rios e [\u2026]","og_url":"https:\/\/verdadeon.com.br\/portal\/2022\/03\/02\/estudantes-de-publicidade-e-propaganda-do-uni-facef-lancam-podcast\/","og_site_name":"VerdadeOn","article_published_time":"2022-03-02T20:23:45+00:00","article_modified_time":"2022-03-03T14:08:42+00:00","og_image":[{"width":1080,"height":724,"url":"https:\/\/verdadeon.com.br\/portal\/wp-content\/uploads\/2022\/03\/WhatsApp-Image-2022-03-02-at-17.06.58.jpeg","type":"image\/jpeg"}],"author":"Nelise Luques","twitter_card":"summary_large_image","twitter_misc":{"Escrito por":"Nelise Luques","Est. tempo de leitura":"2 minutos"},"schema":{"@context":"https:\/\/schema.org","@graph":[{"@type":"WebPage","@id":"https:\/\/verdadeon.com.br\/portal\/2022\/03\/02\/estudantes-de-publicidade-e-propaganda-do-uni-facef-lancam-podcast\/","url":"https:\/\/verdadeon.com.br\/portal\/2022\/03\/02\/estudantes-de-publicidade-e-propaganda-do-uni-facef-lancam-podcast\/","name":"Estudantes de Publicidade e Propaganda do Uni-Facef lan\u00e7am podcast - VerdadeOn","isPartOf":{"@id":"https:\/\/verdadeon.com.br\/portal\/#website"},"primaryImageOfPage":{"@id":"https:\/\/verdadeon.com.br\/portal\/2022\/03\/02\/estudantes-de-publicidade-e-propaganda-do-uni-facef-lancam-podcast\/#primaryimage"},"image":{"@id":"https:\/\/verdadeon.com.br\/portal\/2022\/03\/02\/estudantes-de-publicidade-e-propaganda-do-uni-facef-lancam-podcast\/#primaryimage"},"thumbnailUrl":"https:\/\/i0.wp.com\/verdadeon.com.br\/portal\/wp-content\/uploads\/2022\/03\/WhatsApp-Image-2022-03-02-at-17.06.58.jpeg?fit=1080%2C724&ssl=1","datePublished":"2022-03-02T20:23:45+00:00","dateModified":"2022-03-03T14:08:42+00:00","author":{"@id":"https:\/\/verdadeon.com.br\/portal\/#\/schema\/person\/8248726d36015c1916636fabb175d972"},"breadcrumb":{"@id":"https:\/\/verdadeon.com.br\/portal\/2022\/03\/02\/estudantes-de-publicidade-e-propaganda-do-uni-facef-lancam-podcast\/#breadcrumb"},"inLanguage":"pt-BR","potentialAction":[{"@type":"ReadAction","target":["https:\/\/verdadeon.com.br\/portal\/2022\/03\/02\/estudantes-de-publicidade-e-propaganda-do-uni-facef-lancam-podcast\/"]}]},{"@type":"ImageObject","inLanguage":"pt-BR","@id":"https:\/\/verdadeon.com.br\/portal\/2022\/03\/02\/estudantes-de-publicidade-e-propaganda-do-uni-facef-lancam-podcast\/#primaryimage","url":"https:\/\/i0.wp.com\/verdadeon.com.br\/portal\/wp-content\/uploads\/2022\/03\/WhatsApp-Image-2022-03-02-at-17.06.58.jpeg?fit=1080%2C724&ssl=1","contentUrl":"https:\/\/i0.wp.com\/verdadeon.com.br\/portal\/wp-content\/uploads\/2022\/03\/WhatsApp-Image-2022-03-02-at-17.06.58.jpeg?fit=1080%2C724&ssl=1","width":1080,"height":724,"caption":"A estreia do podcast \u201cAt\u00edpicos\u201d est\u00e1 prevista para o dia 29 de mar\u00e7o, \u00e0s 20h30, com transmiss\u00e3o ao vivo pela TV Uni-Facef | Arte: Divulga\u00e7\u00e3o"},{"@type":"BreadcrumbList","@id":"https:\/\/verdadeon.com.br\/portal\/2022\/03\/02\/estudantes-de-publicidade-e-propaganda-do-uni-facef-lancam-podcast\/#breadcrumb","itemListElement":[{"@type":"ListItem","position":1,"name":"In\u00edcio","item":"https:\/\/verdadeon.com.br\/portal\/"},{"@type":"ListItem","position":2,"name":"Estudantes de Publicidade e Propaganda do Uni-Facef lan\u00e7am podcast"}]},{"@type":"WebSite","@id":"https:\/\/verdadeon.com.br\/portal\/#website","url":"https:\/\/verdadeon.com.br\/portal\/","name":"VerdadeOn","description":"Not\u00edcias di\u00e1rias sobre Franca, Regi\u00e3o, Esporte, Cultura, Cotidiano, Colunas. Cobertura nos principais eventos da cidade \u00e9 aqui - Verdadeon Franca","potentialAction":[{"@type":"SearchAction","target":{"@type":"EntryPoint","urlTemplate":"https:\/\/verdadeon.com.br\/portal\/?s={search_term_string}"},"query-input":{"@type":"PropertyValueSpecification","valueRequired":true,"valueName":"search_term_string"}}],"inLanguage":"pt-BR"},{"@type":"Person","@id":"https:\/\/verdadeon.com.br\/portal\/#\/schema\/person\/8248726d36015c1916636fabb175d972","name":"Nelise Luques","image":{"@type":"ImageObject","inLanguage":"pt-BR","@id":"https:\/\/verdadeon.com.br\/portal\/#\/schema\/person\/image\/","url":"https:\/\/secure.gravatar.com\/avatar\/29b2a17f5bcadeb827411b66f48ac13c3e0ecaf5906c0f5745ecc5d41c24eada?s=96&d=mm&r=g","contentUrl":"https:\/\/secure.gravatar.com\/avatar\/29b2a17f5bcadeb827411b66f48ac13c3e0ecaf5906c0f5745ecc5d41c24eada?s=96&d=mm&r=g","caption":"Nelise Luques"},"url":"https:\/\/verdadeon.com.br\/portal\/author\/verdade\/"}]}},"jetpack_publicize_connections":[],"jetpack_featured_media_url":"https:\/\/i0.wp.com\/verdadeon.com.br\/portal\/wp-content\/uploads\/2022\/03\/WhatsApp-Image-2022-03-02-at-17.06.58.jpeg?fit=1080%2C724&ssl=1","jetpack_sharing_enabled":true,"_links":{"self":[{"href":"https:\/\/verdadeon.com.br\/portal\/wp-json\/wp\/v2\/posts\/23406","targetHints":{"allow":["GET"]}}],"collection":[{"href":"https:\/\/verdadeon.com.br\/portal\/wp-json\/wp\/v2\/posts"}],"about":[{"href":"https:\/\/verdadeon.com.br\/portal\/wp-json\/wp\/v2\/types\/post"}],"author":[{"embeddable":true,"href":"https:\/\/verdadeon.com.br\/portal\/wp-json\/wp\/v2\/users\/12"}],"replies":[{"embeddable":true,"href":"https:\/\/verdadeon.com.br\/portal\/wp-json\/wp\/v2\/comments?post=23406"}],"version-history":[{"count":2,"href":"https:\/\/verdadeon.com.br\/portal\/wp-json\/wp\/v2\/posts\/23406\/revisions"}],"predecessor-version":[{"id":23411,"href":"https:\/\/verdadeon.com.br\/portal\/wp-json\/wp\/v2\/posts\/23406\/revisions\/23411"}],"wp:featuredmedia":[{"embeddable":true,"href":"https:\/\/verdadeon.com.br\/portal\/wp-json\/wp\/v2\/media\/23407"}],"wp:attachment":[{"href":"https:\/\/verdadeon.com.br\/portal\/wp-json\/wp\/v2\/media?parent=23406"}],"wp:term":[{"taxonomy":"category","embeddable":true,"href":"https:\/\/verdadeon.com.br\/portal\/wp-json\/wp\/v2\/categories?post=23406"},{"taxonomy":"post_tag","embeddable":true,"href":"https:\/\/verdadeon.com.br\/portal\/wp-json\/wp\/v2\/tags?post=23406"}],"curies":[{"name":"wp","href":"https:\/\/api.w.org\/{rel}","templated":true}]}}