{"id":23405,"date":"2022-03-02T18:05:11","date_gmt":"2022-03-02T21:05:11","guid":{"rendered":"https:\/\/verdadeon.com.br\/portal\/?p=23405"},"modified":"2022-03-03T11:07:46","modified_gmt":"2022-03-03T14:07:46","slug":"tema-da-educacao-e-importante-e-atual-avalia-bispo-sobre-campanha-da-fraternidade","status":"publish","type":"post","link":"https:\/\/verdadeon.com.br\/portal\/2022\/03\/02\/tema-da-educacao-e-importante-e-atual-avalia-bispo-sobre-campanha-da-fraternidade\/","title":{"rendered":"\u2018Tema da Educa\u00e7\u00e3o \u00e9 importante e atual\u2019, avalia bispo sobre Campanha da Fraternidade"},"content":{"rendered":"<h2>Dom Paulo Roberto Beloto ressaltou que a Campanha \u00e9 uma ferramenta para\u00a0 o cat\u00f3lico viver bem a quaresma<\/h2>\n<p>Foi lan\u00e7ada oficialmente nesta quarta-feira (2), a Campanha da Fraternidade 2022, com o tema \u201cFraternidade e Educa\u00e7\u00e3o\u201d. A tradicional iniciativa da Igreja Cat\u00f3lica tem como principal objetivo preparar os fi\u00e9is para a P\u00e1scoa.<\/p>\n<p>\u201cO tema da Educa\u00e7\u00e3o \u00e9 importante e atual, al\u00e9m de urgente. Todos os temas na verdade s\u00e3o importantes, mas quando a igreja prop\u00f5e esse assunto, ela relembra que a primeira educa\u00e7\u00e3o acontece mesmo em casa. \u00c9 l\u00e1 que recebemos os valores humanos, c\u00edvicos. Claro que a\u00ed vem tamb\u00e9m a escola, diversas realidades escolares que continuam com essa miss\u00e3o\u201d, explicou o bispo de Franca, Dom Paulo Roberto Beloto.<\/p>\n<p>Dom Paulo disse ainda que atrav\u00e9s dessa campanha a Igreja quer mostrar que uma forma\u00e7\u00e3o t\u00e9cnica \u00e9 importante, mas uma educa\u00e7\u00e3o que humaniza tamb\u00e9m n\u00e3o pode ser deixada de lado, pelo contr\u00e1rio, deve ser humanizada. \u201cQueremos criar esse di\u00e1logo para um mundo educativo no Brasil, mas atrav\u00e9s do prisma da f\u00e9 e procurando humanizar o ser humano\u201d, explicou o bispo, que ressaltou ainda que a Campanha \u00e9 apenas uma ferramenta para viver bem a quaresma que se iniciou nesta quarta-feira.<\/p>\n<h4>Pacto Educativo Global<\/h4>\n<p>Este ano a Campanha da Fraternidade \u00e9 impulsionada pelo Pacto Educativo Global, convocado pelo Papa Francisco. Na carta convoca\u00e7\u00e3o ao Pacto, o Santo Padre apresenta elementos constitutivos de uma educa\u00e7\u00e3o humanizada que contribua na forma\u00e7\u00e3o de pessoas abertas, integradas e interligadas, que tamb\u00e9m sejam capazes de cuidar da casa comum j\u00e1 que a \u201ceduca\u00e7\u00e3o ser\u00e1 ineficaz e os seus esfor\u00e7os est\u00e9reis se n\u00e3o se preocupar tamb\u00e9m em difundir um novo modelo relativo ao ser humano, \u00e0 vida, \u00e0 sociedade e \u00e0 rela\u00e7\u00e3o com a natureza\u201d.<\/p>\n<p>Essa \u00e9 a terceira vez que a tem\u00e1tica da educa\u00e7\u00e3o ser\u00e1 abordada na Campanha da Fraternidade. O tema j\u00e1 foi objeto de reflex\u00e3o e a\u00e7\u00e3o eclesial em 1982 e 1998. \u201cA realidade de nossos dias que fez com que o tema educa\u00e7\u00e3o recebesse destaque, um tempo marcado pela pandemia da covid-19 e por diversos conflitos, distanciamentos e polariza\u00e7\u00f5es\u201d, diz a CNBB.<\/p>\n<p>Ainda segundo a entidade mais do que abordar outro aspecto espec\u00edfico da problem\u00e1tica educacional, a campanha vai refletir sobre os fundamentos do ato de educar na perspectiva cat\u00f3lico-crist\u00e3. Nessa perspectiva, a educa\u00e7\u00e3o \u00e9 compreendida n\u00e3o apenas com um ato escolar, com transmiss\u00e3o de conte\u00fado ou prepara\u00e7\u00e3o t\u00e9cnica para o mundo do trabalho, mas de um processo que envolve uma \u201ccomunidade\u201d ampliada que inclui todos os atores: fam\u00edlia, Igreja, Estado e sociedade.<\/p>\n<h4>Hist\u00f3rico<\/h4>\n<p>A campanha da fraternidade \u00e9 tradicionalmente realizada pela Igreja Cat\u00f3lica em parceria com institui\u00e7\u00f5es crist\u00e3s desde a d\u00e9cada de 1960. O texto-base da iniciativa \u00e9 escrito por membros do Conselho Nacional de Igrejas Crist\u00e3s do Brasil (Conic) e passa pelo aval da dire\u00e7\u00e3o-geral da CNBB. O lan\u00e7amento do tema ocorre sempre na Quarta-feira de Cinzas, quando tem in\u00edcio a Quaresma, per\u00edodo de 40 dias que antecede a P\u00e1scoa.<\/p>\n<p>&nbsp;<\/p>\n","protected":false},"excerpt":{"rendered":"<p>Dom Paulo Roberto Beloto ressaltou que a Campanha \u00e9 uma ferramenta para\u00a0 o cat\u00f3lico viver bem a quaresma Foi lan\u00e7ada oficialmente nesta quarta-feira (2), a Campanha<span class=\"excerpt-hellip\"> [\u2026]<\/span><\/p>\n","protected":false},"author":7,"featured_media":15771,"comment_status":"open","ping_status":"open","sticky":false,"template":"","format":"standard","meta":{"_jetpack_memberships_contains_paid_content":false,"footnotes":"","jetpack_publicize_message":"","jetpack_publicize_feature_enabled":true,"jetpack_social_post_already_shared":false,"jetpack_social_options":{"image_generator_settings":{"template":"highway","default_image_id":0,"enabled":false},"version":2}},"categories":[28,81],"tags":[],"class_list":["post-23405","post","type-post","status-publish","format-standard","has-post-thumbnail","hentry","category-cotidiano","category-manchete"],"yoast_head":"<!-- This site is optimized with the Yoast SEO plugin v25.6 - https:\/\/yoast.com\/wordpress\/plugins\/seo\/ -->\n<title>\u2018Tema da Educa\u00e7\u00e3o \u00e9 importante e atual\u2019, avalia bispo sobre Campanha da Fraternidade - VerdadeOn<\/title>\n<meta name=\"robots\" content=\"index, follow, max-snippet:-1, max-image-preview:large, max-video-preview:-1\" \/>\n<link rel=\"canonical\" href=\"https:\/\/verdadeon.com.br\/portal\/2022\/03\/02\/tema-da-educacao-e-importante-e-atual-avalia-bispo-sobre-campanha-da-fraternidade\/\" \/>\n<meta property=\"og:locale\" content=\"pt_BR\" \/>\n<meta property=\"og:type\" content=\"article\" \/>\n<meta property=\"og:title\" content=\"\u2018Tema da Educa\u00e7\u00e3o \u00e9 importante e atual\u2019, avalia bispo sobre Campanha da Fraternidade - VerdadeOn\" \/>\n<meta property=\"og:description\" content=\"Dom Paulo Roberto Beloto ressaltou que a Campanha \u00e9 uma ferramenta para\u00a0 o cat\u00f3lico viver bem a quaresma Foi lan\u00e7ada oficialmente nesta quarta-feira (2), a Campanha [\u2026]\" \/>\n<meta property=\"og:url\" content=\"https:\/\/verdadeon.com.br\/portal\/2022\/03\/02\/tema-da-educacao-e-importante-e-atual-avalia-bispo-sobre-campanha-da-fraternidade\/\" \/>\n<meta property=\"og:site_name\" content=\"VerdadeOn\" \/>\n<meta property=\"article:published_time\" content=\"2022-03-02T21:05:11+00:00\" \/>\n<meta property=\"article:modified_time\" content=\"2022-03-03T14:07:46+00:00\" \/>\n<meta property=\"og:image\" content=\"https:\/\/verdadeon.com.br\/portal\/wp-content\/uploads\/2021\/04\/WhatsApp-Image-2021-04-03-at-13.16.12.jpeg\" \/>\n\t<meta property=\"og:image:width\" content=\"1000\" \/>\n\t<meta property=\"og:image:height\" content=\"670\" \/>\n\t<meta property=\"og:image:type\" content=\"image\/jpeg\" \/>\n<meta name=\"author\" content=\"Fernando Lima\" \/>\n<meta name=\"twitter:card\" content=\"summary_large_image\" \/>\n<meta name=\"twitter:label1\" content=\"Escrito por\" \/>\n\t<meta name=\"twitter:data1\" content=\"Fernando Lima\" \/>\n\t<meta name=\"twitter:label2\" content=\"Est. tempo de leitura\" \/>\n\t<meta name=\"twitter:data2\" content=\"3 minutos\" \/>\n<script type=\"application\/ld+json\" class=\"yoast-schema-graph\">{\"@context\":\"https:\/\/schema.org\",\"@graph\":[{\"@type\":\"WebPage\",\"@id\":\"https:\/\/verdadeon.com.br\/portal\/2022\/03\/02\/tema-da-educacao-e-importante-e-atual-avalia-bispo-sobre-campanha-da-fraternidade\/\",\"url\":\"https:\/\/verdadeon.com.br\/portal\/2022\/03\/02\/tema-da-educacao-e-importante-e-atual-avalia-bispo-sobre-campanha-da-fraternidade\/\",\"name\":\"\u2018Tema da Educa\u00e7\u00e3o \u00e9 importante e atual\u2019, avalia bispo sobre Campanha da Fraternidade - VerdadeOn\",\"isPartOf\":{\"@id\":\"https:\/\/verdadeon.com.br\/portal\/#website\"},\"primaryImageOfPage\":{\"@id\":\"https:\/\/verdadeon.com.br\/portal\/2022\/03\/02\/tema-da-educacao-e-importante-e-atual-avalia-bispo-sobre-campanha-da-fraternidade\/#primaryimage\"},\"image\":{\"@id\":\"https:\/\/verdadeon.com.br\/portal\/2022\/03\/02\/tema-da-educacao-e-importante-e-atual-avalia-bispo-sobre-campanha-da-fraternidade\/#primaryimage\"},\"thumbnailUrl\":\"https:\/\/i0.wp.com\/verdadeon.com.br\/portal\/wp-content\/uploads\/2021\/04\/WhatsApp-Image-2021-04-03-at-13.16.12.jpeg?fit=1000%2C670&ssl=1\",\"datePublished\":\"2022-03-02T21:05:11+00:00\",\"dateModified\":\"2022-03-03T14:07:46+00:00\",\"author\":{\"@id\":\"https:\/\/verdadeon.com.br\/portal\/#\/schema\/person\/cc32be22b8e8599387c480bc83e1d11a\"},\"breadcrumb\":{\"@id\":\"https:\/\/verdadeon.com.br\/portal\/2022\/03\/02\/tema-da-educacao-e-importante-e-atual-avalia-bispo-sobre-campanha-da-fraternidade\/#breadcrumb\"},\"inLanguage\":\"pt-BR\",\"potentialAction\":[{\"@type\":\"ReadAction\",\"target\":[\"https:\/\/verdadeon.com.br\/portal\/2022\/03\/02\/tema-da-educacao-e-importante-e-atual-avalia-bispo-sobre-campanha-da-fraternidade\/\"]}]},{\"@type\":\"ImageObject\",\"inLanguage\":\"pt-BR\",\"@id\":\"https:\/\/verdadeon.com.br\/portal\/2022\/03\/02\/tema-da-educacao-e-importante-e-atual-avalia-bispo-sobre-campanha-da-fraternidade\/#primaryimage\",\"url\":\"https:\/\/i0.wp.com\/verdadeon.com.br\/portal\/wp-content\/uploads\/2021\/04\/WhatsApp-Image-2021-04-03-at-13.16.12.jpeg?fit=1000%2C670&ssl=1\",\"contentUrl\":\"https:\/\/i0.wp.com\/verdadeon.com.br\/portal\/wp-content\/uploads\/2021\/04\/WhatsApp-Image-2021-04-03-at-13.16.12.jpeg?fit=1000%2C670&ssl=1\",\"width\":1000,\"height\":670,\"caption\":\"Bispo de Franca, Dom Paulo Roberto, durante celebra\u00e7\u00e3o na Matriz | Foto: Catedral Francopolitana\"},{\"@type\":\"BreadcrumbList\",\"@id\":\"https:\/\/verdadeon.com.br\/portal\/2022\/03\/02\/tema-da-educacao-e-importante-e-atual-avalia-bispo-sobre-campanha-da-fraternidade\/#breadcrumb\",\"itemListElement\":[{\"@type\":\"ListItem\",\"position\":1,\"name\":\"In\u00edcio\",\"item\":\"https:\/\/verdadeon.com.br\/portal\/\"},{\"@type\":\"ListItem\",\"position\":2,\"name\":\"\u2018Tema da Educa\u00e7\u00e3o \u00e9 importante e atual\u2019, avalia bispo sobre Campanha da Fraternidade\"}]},{\"@type\":\"WebSite\",\"@id\":\"https:\/\/verdadeon.com.br\/portal\/#website\",\"url\":\"https:\/\/verdadeon.com.br\/portal\/\",\"name\":\"VerdadeOn\",\"description\":\"Not\u00edcias di\u00e1rias sobre Franca, Regi\u00e3o, Esporte, Cultura, Cotidiano, Colunas. Cobertura nos principais eventos da cidade \u00e9 aqui - Verdadeon Franca\",\"potentialAction\":[{\"@type\":\"SearchAction\",\"target\":{\"@type\":\"EntryPoint\",\"urlTemplate\":\"https:\/\/verdadeon.com.br\/portal\/?s={search_term_string}\"},\"query-input\":{\"@type\":\"PropertyValueSpecification\",\"valueRequired\":true,\"valueName\":\"search_term_string\"}}],\"inLanguage\":\"pt-BR\"},{\"@type\":\"Person\",\"@id\":\"https:\/\/verdadeon.com.br\/portal\/#\/schema\/person\/cc32be22b8e8599387c480bc83e1d11a\",\"name\":\"Fernando Lima\",\"image\":{\"@type\":\"ImageObject\",\"inLanguage\":\"pt-BR\",\"@id\":\"https:\/\/verdadeon.com.br\/portal\/#\/schema\/person\/image\/\",\"url\":\"https:\/\/secure.gravatar.com\/avatar\/df4c8e132080d2b3a4841d5d232045464e0eed11a1d6e43115ca0843d48768d3?s=96&d=mm&r=g\",\"contentUrl\":\"https:\/\/secure.gravatar.com\/avatar\/df4c8e132080d2b3a4841d5d232045464e0eed11a1d6e43115ca0843d48768d3?s=96&d=mm&r=g\",\"caption\":\"Fernando Lima\"},\"sameAs\":[\"http:\/\/verdadeon.com.br\/\"],\"url\":\"https:\/\/verdadeon.com.br\/portal\/author\/fernando-lima\/\"}]}<\/script>\n<!-- \/ Yoast SEO plugin. -->","yoast_head_json":{"title":"\u2018Tema da Educa\u00e7\u00e3o \u00e9 importante e atual\u2019, avalia bispo sobre Campanha da Fraternidade - VerdadeOn","robots":{"index":"index","follow":"follow","max-snippet":"max-snippet:-1","max-image-preview":"max-image-preview:large","max-video-preview":"max-video-preview:-1"},"canonical":"https:\/\/verdadeon.com.br\/portal\/2022\/03\/02\/tema-da-educacao-e-importante-e-atual-avalia-bispo-sobre-campanha-da-fraternidade\/","og_locale":"pt_BR","og_type":"article","og_title":"\u2018Tema da Educa\u00e7\u00e3o \u00e9 importante e atual\u2019, avalia bispo sobre Campanha da Fraternidade - VerdadeOn","og_description":"Dom Paulo Roberto Beloto ressaltou que a Campanha \u00e9 uma ferramenta para\u00a0 o cat\u00f3lico viver bem a quaresma Foi lan\u00e7ada oficialmente nesta quarta-feira (2), a Campanha [\u2026]","og_url":"https:\/\/verdadeon.com.br\/portal\/2022\/03\/02\/tema-da-educacao-e-importante-e-atual-avalia-bispo-sobre-campanha-da-fraternidade\/","og_site_name":"VerdadeOn","article_published_time":"2022-03-02T21:05:11+00:00","article_modified_time":"2022-03-03T14:07:46+00:00","og_image":[{"width":1000,"height":670,"url":"https:\/\/verdadeon.com.br\/portal\/wp-content\/uploads\/2021\/04\/WhatsApp-Image-2021-04-03-at-13.16.12.jpeg","type":"image\/jpeg"}],"author":"Fernando Lima","twitter_card":"summary_large_image","twitter_misc":{"Escrito por":"Fernando Lima","Est. tempo de leitura":"3 minutos"},"schema":{"@context":"https:\/\/schema.org","@graph":[{"@type":"WebPage","@id":"https:\/\/verdadeon.com.br\/portal\/2022\/03\/02\/tema-da-educacao-e-importante-e-atual-avalia-bispo-sobre-campanha-da-fraternidade\/","url":"https:\/\/verdadeon.com.br\/portal\/2022\/03\/02\/tema-da-educacao-e-importante-e-atual-avalia-bispo-sobre-campanha-da-fraternidade\/","name":"\u2018Tema da Educa\u00e7\u00e3o \u00e9 importante e atual\u2019, avalia bispo sobre Campanha da Fraternidade - VerdadeOn","isPartOf":{"@id":"https:\/\/verdadeon.com.br\/portal\/#website"},"primaryImageOfPage":{"@id":"https:\/\/verdadeon.com.br\/portal\/2022\/03\/02\/tema-da-educacao-e-importante-e-atual-avalia-bispo-sobre-campanha-da-fraternidade\/#primaryimage"},"image":{"@id":"https:\/\/verdadeon.com.br\/portal\/2022\/03\/02\/tema-da-educacao-e-importante-e-atual-avalia-bispo-sobre-campanha-da-fraternidade\/#primaryimage"},"thumbnailUrl":"https:\/\/i0.wp.com\/verdadeon.com.br\/portal\/wp-content\/uploads\/2021\/04\/WhatsApp-Image-2021-04-03-at-13.16.12.jpeg?fit=1000%2C670&ssl=1","datePublished":"2022-03-02T21:05:11+00:00","dateModified":"2022-03-03T14:07:46+00:00","author":{"@id":"https:\/\/verdadeon.com.br\/portal\/#\/schema\/person\/cc32be22b8e8599387c480bc83e1d11a"},"breadcrumb":{"@id":"https:\/\/verdadeon.com.br\/portal\/2022\/03\/02\/tema-da-educacao-e-importante-e-atual-avalia-bispo-sobre-campanha-da-fraternidade\/#breadcrumb"},"inLanguage":"pt-BR","potentialAction":[{"@type":"ReadAction","target":["https:\/\/verdadeon.com.br\/portal\/2022\/03\/02\/tema-da-educacao-e-importante-e-atual-avalia-bispo-sobre-campanha-da-fraternidade\/"]}]},{"@type":"ImageObject","inLanguage":"pt-BR","@id":"https:\/\/verdadeon.com.br\/portal\/2022\/03\/02\/tema-da-educacao-e-importante-e-atual-avalia-bispo-sobre-campanha-da-fraternidade\/#primaryimage","url":"https:\/\/i0.wp.com\/verdadeon.com.br\/portal\/wp-content\/uploads\/2021\/04\/WhatsApp-Image-2021-04-03-at-13.16.12.jpeg?fit=1000%2C670&ssl=1","contentUrl":"https:\/\/i0.wp.com\/verdadeon.com.br\/portal\/wp-content\/uploads\/2021\/04\/WhatsApp-Image-2021-04-03-at-13.16.12.jpeg?fit=1000%2C670&ssl=1","width":1000,"height":670,"caption":"Bispo de Franca, Dom Paulo Roberto, durante celebra\u00e7\u00e3o na Matriz | Foto: Catedral Francopolitana"},{"@type":"BreadcrumbList","@id":"https:\/\/verdadeon.com.br\/portal\/2022\/03\/02\/tema-da-educacao-e-importante-e-atual-avalia-bispo-sobre-campanha-da-fraternidade\/#breadcrumb","itemListElement":[{"@type":"ListItem","position":1,"name":"In\u00edcio","item":"https:\/\/verdadeon.com.br\/portal\/"},{"@type":"ListItem","position":2,"name":"\u2018Tema da Educa\u00e7\u00e3o \u00e9 importante e atual\u2019, avalia bispo sobre Campanha da Fraternidade"}]},{"@type":"WebSite","@id":"https:\/\/verdadeon.com.br\/portal\/#website","url":"https:\/\/verdadeon.com.br\/portal\/","name":"VerdadeOn","description":"Not\u00edcias di\u00e1rias sobre Franca, Regi\u00e3o, Esporte, Cultura, Cotidiano, Colunas. Cobertura nos principais eventos da cidade \u00e9 aqui - Verdadeon Franca","potentialAction":[{"@type":"SearchAction","target":{"@type":"EntryPoint","urlTemplate":"https:\/\/verdadeon.com.br\/portal\/?s={search_term_string}"},"query-input":{"@type":"PropertyValueSpecification","valueRequired":true,"valueName":"search_term_string"}}],"inLanguage":"pt-BR"},{"@type":"Person","@id":"https:\/\/verdadeon.com.br\/portal\/#\/schema\/person\/cc32be22b8e8599387c480bc83e1d11a","name":"Fernando Lima","image":{"@type":"ImageObject","inLanguage":"pt-BR","@id":"https:\/\/verdadeon.com.br\/portal\/#\/schema\/person\/image\/","url":"https:\/\/secure.gravatar.com\/avatar\/df4c8e132080d2b3a4841d5d232045464e0eed11a1d6e43115ca0843d48768d3?s=96&d=mm&r=g","contentUrl":"https:\/\/secure.gravatar.com\/avatar\/df4c8e132080d2b3a4841d5d232045464e0eed11a1d6e43115ca0843d48768d3?s=96&d=mm&r=g","caption":"Fernando Lima"},"sameAs":["http:\/\/verdadeon.com.br\/"],"url":"https:\/\/verdadeon.com.br\/portal\/author\/fernando-lima\/"}]}},"jetpack_publicize_connections":[],"jetpack_featured_media_url":"https:\/\/i0.wp.com\/verdadeon.com.br\/portal\/wp-content\/uploads\/2021\/04\/WhatsApp-Image-2021-04-03-at-13.16.12.jpeg?fit=1000%2C670&ssl=1","jetpack_sharing_enabled":true,"_links":{"self":[{"href":"https:\/\/verdadeon.com.br\/portal\/wp-json\/wp\/v2\/posts\/23405","targetHints":{"allow":["GET"]}}],"collection":[{"href":"https:\/\/verdadeon.com.br\/portal\/wp-json\/wp\/v2\/posts"}],"about":[{"href":"https:\/\/verdadeon.com.br\/portal\/wp-json\/wp\/v2\/types\/post"}],"author":[{"embeddable":true,"href":"https:\/\/verdadeon.com.br\/portal\/wp-json\/wp\/v2\/users\/7"}],"replies":[{"embeddable":true,"href":"https:\/\/verdadeon.com.br\/portal\/wp-json\/wp\/v2\/comments?post=23405"}],"version-history":[{"count":1,"href":"https:\/\/verdadeon.com.br\/portal\/wp-json\/wp\/v2\/posts\/23405\/revisions"}],"predecessor-version":[{"id":23409,"href":"https:\/\/verdadeon.com.br\/portal\/wp-json\/wp\/v2\/posts\/23405\/revisions\/23409"}],"wp:featuredmedia":[{"embeddable":true,"href":"https:\/\/verdadeon.com.br\/portal\/wp-json\/wp\/v2\/media\/15771"}],"wp:attachment":[{"href":"https:\/\/verdadeon.com.br\/portal\/wp-json\/wp\/v2\/media?parent=23405"}],"wp:term":[{"taxonomy":"category","embeddable":true,"href":"https:\/\/verdadeon.com.br\/portal\/wp-json\/wp\/v2\/categories?post=23405"},{"taxonomy":"post_tag","embeddable":true,"href":"https:\/\/verdadeon.com.br\/portal\/wp-json\/wp\/v2\/tags?post=23405"}],"curies":[{"name":"wp","href":"https:\/\/api.w.org\/{rel}","templated":true}]}}