{"id":23354,"date":"2022-02-26T16:30:38","date_gmt":"2022-02-26T19:30:38","guid":{"rendered":"https:\/\/verdadeon.com.br\/portal\/?p=23354"},"modified":"2022-02-26T13:57:23","modified_gmt":"2022-02-26T16:57:23","slug":"fab-coloca-avioes-de-prontidao-para-retirada-de-brasileiros-na-ucrania","status":"publish","type":"post","link":"https:\/\/verdadeon.com.br\/portal\/2022\/02\/26\/fab-coloca-avioes-de-prontidao-para-retirada-de-brasileiros-na-ucrania\/","title":{"rendered":"FAB coloca avi\u00f5es de prontid\u00e3o para retirada de brasileiros na Ucr\u00e2nia"},"content":{"rendered":"<h2>Ainda n\u00e3o foram divulgados pela FAB ou o Itamaraty detalhes sobre onde e como ser\u00e1 a retirada<\/h2>\n<p>Dois avi\u00f5es multimiss\u00e3o KC-390 Millenium foram colocados de prontid\u00e3o para um poss\u00edvel transporte de brasileiros evacuados da Ucr\u00e2nia. A informa\u00e7\u00e3o foi confirmada neste s\u00e1bado (26), pela For\u00e7a A\u00e9rea Brasileira (FAB).<img data-recalc-dims=\"1\" decoding=\"async\" src=\"https:\/\/i0.wp.com\/agenciabrasil.ebc.com.br\/ebc.png?w=1220&#038;ssl=1\" \/><img data-recalc-dims=\"1\" decoding=\"async\" src=\"https:\/\/i0.wp.com\/agenciabrasil.ebc.com.br\/ebc.gif?w=1220&#038;ssl=1\" \/><\/p>\n<p>&#8220;As aeronaves s\u00e3o do mesmo modelo utilizado em outras miss\u00f5es humanit\u00e1rias internacionais: o transporte de donativos para as v\u00edtimas da explos\u00e3o em Beirute, capital do L\u00edbano, em 2020; e o apoio emergencial \u00e0 trag\u00e9dia causada pelo terremoto ocorrido em agosto de 2021 no Haiti&#8221;, diz publica\u00e7\u00e3o na conta da FAB no Twitter.<\/p>\n<p>Ainda n\u00e3o foram divulgados pela FAB ou o Itamaraty detalhes sobre onde, quando ou como ser\u00e1 feita a retirada dos brasileiros. Na sexta-feira (25), foi informado pela Embaixada do Brasil na Ucr\u00e2nia o desembara\u00e7o de um trem para o transporte de cidad\u00e3os brasileiros e latino-americanos. O comboio deveria partir da capital Kiev com destino \u00e0 cidade de Chernivtsi, a oeste do pa\u00eds, ainda na noite de sexta-feira.<\/p>\n<p>Entre os brasileiros em Kiev est\u00e3o\u00a0dezenas de jogadores que atuam no futebol ucraniano. Em uma transmiss\u00e3o e em publica\u00e7\u00f5es pelo Instagram, a esposa do zagueiro Marlon Santos, Maria Paula Marinho, disse que eles foram avisados a ir\u00a0do hotel at\u00e9 a esta\u00e7\u00e3o de trem em pouco mais de meia hora.<\/p>\n<p>Em nota, a embaixada alertou que a &#8220;situa\u00e7\u00e3o de seguran\u00e7a e de disponibilidade de transporte na cidade \u00e9 inst\u00e1vel e sujeita a mudan\u00e7as repentinas, de modo que n\u00e3o \u00e9 poss\u00edvel garantir a partida ou lugares suficientes. Prioridade dever\u00e1 ser dada a mulheres, crian\u00e7as e idosos\u201d.<\/p>\n<p>Fonte: Ag\u00eancia Brasil<\/p>\n","protected":false},"excerpt":{"rendered":"<p>Ainda n\u00e3o foram divulgados pela FAB ou o Itamaraty detalhes sobre onde e como ser\u00e1 a retirada Dois avi\u00f5es multimiss\u00e3o KC-390 Millenium foram colocados de prontid\u00e3o<span class=\"excerpt-hellip\"> [\u2026]<\/span><\/p>\n","protected":false},"author":7,"featured_media":23355,"comment_status":"open","ping_status":"open","sticky":false,"template":"","format":"standard","meta":{"_jetpack_memberships_contains_paid_content":false,"footnotes":"","jetpack_publicize_message":"","jetpack_publicize_feature_enabled":true,"jetpack_social_post_already_shared":false,"jetpack_social_options":{"image_generator_settings":{"template":"highway","default_image_id":0,"enabled":false},"version":2}},"categories":[28,44],"tags":[],"class_list":["post-23354","post","type-post","status-publish","format-standard","has-post-thumbnail","hentry","category-cotidiano","category-noticias"],"yoast_head":"<!-- This site is optimized with the Yoast SEO plugin v25.6 - https:\/\/yoast.com\/wordpress\/plugins\/seo\/ -->\n<title>FAB coloca avi\u00f5es de prontid\u00e3o para retirada de brasileiros na Ucr\u00e2nia - VerdadeOn<\/title>\n<meta name=\"robots\" content=\"index, follow, max-snippet:-1, max-image-preview:large, max-video-preview:-1\" \/>\n<link rel=\"canonical\" href=\"https:\/\/verdadeon.com.br\/portal\/2022\/02\/26\/fab-coloca-avioes-de-prontidao-para-retirada-de-brasileiros-na-ucrania\/\" \/>\n<meta property=\"og:locale\" content=\"pt_BR\" \/>\n<meta property=\"og:type\" content=\"article\" \/>\n<meta property=\"og:title\" content=\"FAB coloca avi\u00f5es de prontid\u00e3o para retirada de brasileiros na Ucr\u00e2nia - VerdadeOn\" \/>\n<meta property=\"og:description\" content=\"Ainda n\u00e3o foram divulgados pela FAB ou o Itamaraty detalhes sobre onde e como ser\u00e1 a retirada Dois avi\u00f5es multimiss\u00e3o KC-390 Millenium foram colocados de prontid\u00e3o [\u2026]\" \/>\n<meta property=\"og:url\" content=\"https:\/\/verdadeon.com.br\/portal\/2022\/02\/26\/fab-coloca-avioes-de-prontidao-para-retirada-de-brasileiros-na-ucrania\/\" \/>\n<meta property=\"og:site_name\" content=\"VerdadeOn\" \/>\n<meta property=\"article:published_time\" content=\"2022-02-26T19:30:38+00:00\" \/>\n<meta property=\"og:image\" content=\"https:\/\/verdadeon.com.br\/portal\/wp-content\/uploads\/2022\/02\/itamaraty.jpg\" \/>\n\t<meta property=\"og:image:width\" content=\"1170\" \/>\n\t<meta property=\"og:image:height\" content=\"700\" \/>\n\t<meta property=\"og:image:type\" content=\"image\/jpeg\" \/>\n<meta name=\"author\" content=\"Fernando Lima\" \/>\n<meta name=\"twitter:card\" content=\"summary_large_image\" \/>\n<meta name=\"twitter:label1\" content=\"Escrito por\" \/>\n\t<meta name=\"twitter:data1\" content=\"Fernando Lima\" \/>\n\t<meta name=\"twitter:label2\" content=\"Est. tempo de leitura\" \/>\n\t<meta name=\"twitter:data2\" content=\"2 minutos\" \/>\n<script type=\"application\/ld+json\" class=\"yoast-schema-graph\">{\"@context\":\"https:\/\/schema.org\",\"@graph\":[{\"@type\":\"WebPage\",\"@id\":\"https:\/\/verdadeon.com.br\/portal\/2022\/02\/26\/fab-coloca-avioes-de-prontidao-para-retirada-de-brasileiros-na-ucrania\/\",\"url\":\"https:\/\/verdadeon.com.br\/portal\/2022\/02\/26\/fab-coloca-avioes-de-prontidao-para-retirada-de-brasileiros-na-ucrania\/\",\"name\":\"FAB coloca avi\u00f5es de prontid\u00e3o para retirada de brasileiros na Ucr\u00e2nia - VerdadeOn\",\"isPartOf\":{\"@id\":\"https:\/\/verdadeon.com.br\/portal\/#website\"},\"primaryImageOfPage\":{\"@id\":\"https:\/\/verdadeon.com.br\/portal\/2022\/02\/26\/fab-coloca-avioes-de-prontidao-para-retirada-de-brasileiros-na-ucrania\/#primaryimage\"},\"image\":{\"@id\":\"https:\/\/verdadeon.com.br\/portal\/2022\/02\/26\/fab-coloca-avioes-de-prontidao-para-retirada-de-brasileiros-na-ucrania\/#primaryimage\"},\"thumbnailUrl\":\"https:\/\/i0.wp.com\/verdadeon.com.br\/portal\/wp-content\/uploads\/2022\/02\/itamaraty.jpg?fit=1170%2C700&ssl=1\",\"datePublished\":\"2022-02-26T19:30:38+00:00\",\"author\":{\"@id\":\"https:\/\/verdadeon.com.br\/portal\/#\/schema\/person\/cc32be22b8e8599387c480bc83e1d11a\"},\"breadcrumb\":{\"@id\":\"https:\/\/verdadeon.com.br\/portal\/2022\/02\/26\/fab-coloca-avioes-de-prontidao-para-retirada-de-brasileiros-na-ucrania\/#breadcrumb\"},\"inLanguage\":\"pt-BR\",\"potentialAction\":[{\"@type\":\"ReadAction\",\"target\":[\"https:\/\/verdadeon.com.br\/portal\/2022\/02\/26\/fab-coloca-avioes-de-prontidao-para-retirada-de-brasileiros-na-ucrania\/\"]}]},{\"@type\":\"ImageObject\",\"inLanguage\":\"pt-BR\",\"@id\":\"https:\/\/verdadeon.com.br\/portal\/2022\/02\/26\/fab-coloca-avioes-de-prontidao-para-retirada-de-brasileiros-na-ucrania\/#primaryimage\",\"url\":\"https:\/\/i0.wp.com\/verdadeon.com.br\/portal\/wp-content\/uploads\/2022\/02\/itamaraty.jpg?fit=1170%2C700&ssl=1\",\"contentUrl\":\"https:\/\/i0.wp.com\/verdadeon.com.br\/portal\/wp-content\/uploads\/2022\/02\/itamaraty.jpg?fit=1170%2C700&ssl=1\",\"width\":1170,\"height\":700,\"caption\":\"Aeronaves s\u00e3o do mesmo modelo usado em outras miss\u00f5es humanit\u00e1rias | Foto: Ag\u00eancia Brasil\"},{\"@type\":\"BreadcrumbList\",\"@id\":\"https:\/\/verdadeon.com.br\/portal\/2022\/02\/26\/fab-coloca-avioes-de-prontidao-para-retirada-de-brasileiros-na-ucrania\/#breadcrumb\",\"itemListElement\":[{\"@type\":\"ListItem\",\"position\":1,\"name\":\"In\u00edcio\",\"item\":\"https:\/\/verdadeon.com.br\/portal\/\"},{\"@type\":\"ListItem\",\"position\":2,\"name\":\"FAB coloca avi\u00f5es de prontid\u00e3o para retirada de brasileiros na Ucr\u00e2nia\"}]},{\"@type\":\"WebSite\",\"@id\":\"https:\/\/verdadeon.com.br\/portal\/#website\",\"url\":\"https:\/\/verdadeon.com.br\/portal\/\",\"name\":\"VerdadeOn\",\"description\":\"Not\u00edcias di\u00e1rias sobre Franca, Regi\u00e3o, Esporte, Cultura, Cotidiano, Colunas. Cobertura nos principais eventos da cidade \u00e9 aqui - Verdadeon Franca\",\"potentialAction\":[{\"@type\":\"SearchAction\",\"target\":{\"@type\":\"EntryPoint\",\"urlTemplate\":\"https:\/\/verdadeon.com.br\/portal\/?s={search_term_string}\"},\"query-input\":{\"@type\":\"PropertyValueSpecification\",\"valueRequired\":true,\"valueName\":\"search_term_string\"}}],\"inLanguage\":\"pt-BR\"},{\"@type\":\"Person\",\"@id\":\"https:\/\/verdadeon.com.br\/portal\/#\/schema\/person\/cc32be22b8e8599387c480bc83e1d11a\",\"name\":\"Fernando Lima\",\"image\":{\"@type\":\"ImageObject\",\"inLanguage\":\"pt-BR\",\"@id\":\"https:\/\/verdadeon.com.br\/portal\/#\/schema\/person\/image\/\",\"url\":\"https:\/\/secure.gravatar.com\/avatar\/df4c8e132080d2b3a4841d5d232045464e0eed11a1d6e43115ca0843d48768d3?s=96&d=mm&r=g\",\"contentUrl\":\"https:\/\/secure.gravatar.com\/avatar\/df4c8e132080d2b3a4841d5d232045464e0eed11a1d6e43115ca0843d48768d3?s=96&d=mm&r=g\",\"caption\":\"Fernando Lima\"},\"sameAs\":[\"http:\/\/verdadeon.com.br\/\"],\"url\":\"https:\/\/verdadeon.com.br\/portal\/author\/fernando-lima\/\"}]}<\/script>\n<!-- \/ Yoast SEO plugin. -->","yoast_head_json":{"title":"FAB coloca avi\u00f5es de prontid\u00e3o para retirada de brasileiros na Ucr\u00e2nia - VerdadeOn","robots":{"index":"index","follow":"follow","max-snippet":"max-snippet:-1","max-image-preview":"max-image-preview:large","max-video-preview":"max-video-preview:-1"},"canonical":"https:\/\/verdadeon.com.br\/portal\/2022\/02\/26\/fab-coloca-avioes-de-prontidao-para-retirada-de-brasileiros-na-ucrania\/","og_locale":"pt_BR","og_type":"article","og_title":"FAB coloca avi\u00f5es de prontid\u00e3o para retirada de brasileiros na Ucr\u00e2nia - VerdadeOn","og_description":"Ainda n\u00e3o foram divulgados pela FAB ou o Itamaraty detalhes sobre onde e como ser\u00e1 a retirada Dois avi\u00f5es multimiss\u00e3o KC-390 Millenium foram colocados de prontid\u00e3o [\u2026]","og_url":"https:\/\/verdadeon.com.br\/portal\/2022\/02\/26\/fab-coloca-avioes-de-prontidao-para-retirada-de-brasileiros-na-ucrania\/","og_site_name":"VerdadeOn","article_published_time":"2022-02-26T19:30:38+00:00","og_image":[{"width":1170,"height":700,"url":"https:\/\/verdadeon.com.br\/portal\/wp-content\/uploads\/2022\/02\/itamaraty.jpg","type":"image\/jpeg"}],"author":"Fernando Lima","twitter_card":"summary_large_image","twitter_misc":{"Escrito por":"Fernando Lima","Est. tempo de leitura":"2 minutos"},"schema":{"@context":"https:\/\/schema.org","@graph":[{"@type":"WebPage","@id":"https:\/\/verdadeon.com.br\/portal\/2022\/02\/26\/fab-coloca-avioes-de-prontidao-para-retirada-de-brasileiros-na-ucrania\/","url":"https:\/\/verdadeon.com.br\/portal\/2022\/02\/26\/fab-coloca-avioes-de-prontidao-para-retirada-de-brasileiros-na-ucrania\/","name":"FAB coloca avi\u00f5es de prontid\u00e3o para retirada de brasileiros na Ucr\u00e2nia - VerdadeOn","isPartOf":{"@id":"https:\/\/verdadeon.com.br\/portal\/#website"},"primaryImageOfPage":{"@id":"https:\/\/verdadeon.com.br\/portal\/2022\/02\/26\/fab-coloca-avioes-de-prontidao-para-retirada-de-brasileiros-na-ucrania\/#primaryimage"},"image":{"@id":"https:\/\/verdadeon.com.br\/portal\/2022\/02\/26\/fab-coloca-avioes-de-prontidao-para-retirada-de-brasileiros-na-ucrania\/#primaryimage"},"thumbnailUrl":"https:\/\/i0.wp.com\/verdadeon.com.br\/portal\/wp-content\/uploads\/2022\/02\/itamaraty.jpg?fit=1170%2C700&ssl=1","datePublished":"2022-02-26T19:30:38+00:00","author":{"@id":"https:\/\/verdadeon.com.br\/portal\/#\/schema\/person\/cc32be22b8e8599387c480bc83e1d11a"},"breadcrumb":{"@id":"https:\/\/verdadeon.com.br\/portal\/2022\/02\/26\/fab-coloca-avioes-de-prontidao-para-retirada-de-brasileiros-na-ucrania\/#breadcrumb"},"inLanguage":"pt-BR","potentialAction":[{"@type":"ReadAction","target":["https:\/\/verdadeon.com.br\/portal\/2022\/02\/26\/fab-coloca-avioes-de-prontidao-para-retirada-de-brasileiros-na-ucrania\/"]}]},{"@type":"ImageObject","inLanguage":"pt-BR","@id":"https:\/\/verdadeon.com.br\/portal\/2022\/02\/26\/fab-coloca-avioes-de-prontidao-para-retirada-de-brasileiros-na-ucrania\/#primaryimage","url":"https:\/\/i0.wp.com\/verdadeon.com.br\/portal\/wp-content\/uploads\/2022\/02\/itamaraty.jpg?fit=1170%2C700&ssl=1","contentUrl":"https:\/\/i0.wp.com\/verdadeon.com.br\/portal\/wp-content\/uploads\/2022\/02\/itamaraty.jpg?fit=1170%2C700&ssl=1","width":1170,"height":700,"caption":"Aeronaves s\u00e3o do mesmo modelo usado em outras miss\u00f5es humanit\u00e1rias | Foto: Ag\u00eancia Brasil"},{"@type":"BreadcrumbList","@id":"https:\/\/verdadeon.com.br\/portal\/2022\/02\/26\/fab-coloca-avioes-de-prontidao-para-retirada-de-brasileiros-na-ucrania\/#breadcrumb","itemListElement":[{"@type":"ListItem","position":1,"name":"In\u00edcio","item":"https:\/\/verdadeon.com.br\/portal\/"},{"@type":"ListItem","position":2,"name":"FAB coloca avi\u00f5es de prontid\u00e3o para retirada de brasileiros na Ucr\u00e2nia"}]},{"@type":"WebSite","@id":"https:\/\/verdadeon.com.br\/portal\/#website","url":"https:\/\/verdadeon.com.br\/portal\/","name":"VerdadeOn","description":"Not\u00edcias di\u00e1rias sobre Franca, Regi\u00e3o, Esporte, Cultura, Cotidiano, Colunas. Cobertura nos principais eventos da cidade \u00e9 aqui - Verdadeon Franca","potentialAction":[{"@type":"SearchAction","target":{"@type":"EntryPoint","urlTemplate":"https:\/\/verdadeon.com.br\/portal\/?s={search_term_string}"},"query-input":{"@type":"PropertyValueSpecification","valueRequired":true,"valueName":"search_term_string"}}],"inLanguage":"pt-BR"},{"@type":"Person","@id":"https:\/\/verdadeon.com.br\/portal\/#\/schema\/person\/cc32be22b8e8599387c480bc83e1d11a","name":"Fernando Lima","image":{"@type":"ImageObject","inLanguage":"pt-BR","@id":"https:\/\/verdadeon.com.br\/portal\/#\/schema\/person\/image\/","url":"https:\/\/secure.gravatar.com\/avatar\/df4c8e132080d2b3a4841d5d232045464e0eed11a1d6e43115ca0843d48768d3?s=96&d=mm&r=g","contentUrl":"https:\/\/secure.gravatar.com\/avatar\/df4c8e132080d2b3a4841d5d232045464e0eed11a1d6e43115ca0843d48768d3?s=96&d=mm&r=g","caption":"Fernando Lima"},"sameAs":["http:\/\/verdadeon.com.br\/"],"url":"https:\/\/verdadeon.com.br\/portal\/author\/fernando-lima\/"}]}},"jetpack_publicize_connections":[],"jetpack_featured_media_url":"https:\/\/i0.wp.com\/verdadeon.com.br\/portal\/wp-content\/uploads\/2022\/02\/itamaraty.jpg?fit=1170%2C700&ssl=1","jetpack_sharing_enabled":true,"_links":{"self":[{"href":"https:\/\/verdadeon.com.br\/portal\/wp-json\/wp\/v2\/posts\/23354","targetHints":{"allow":["GET"]}}],"collection":[{"href":"https:\/\/verdadeon.com.br\/portal\/wp-json\/wp\/v2\/posts"}],"about":[{"href":"https:\/\/verdadeon.com.br\/portal\/wp-json\/wp\/v2\/types\/post"}],"author":[{"embeddable":true,"href":"https:\/\/verdadeon.com.br\/portal\/wp-json\/wp\/v2\/users\/7"}],"replies":[{"embeddable":true,"href":"https:\/\/verdadeon.com.br\/portal\/wp-json\/wp\/v2\/comments?post=23354"}],"version-history":[{"count":1,"href":"https:\/\/verdadeon.com.br\/portal\/wp-json\/wp\/v2\/posts\/23354\/revisions"}],"predecessor-version":[{"id":23356,"href":"https:\/\/verdadeon.com.br\/portal\/wp-json\/wp\/v2\/posts\/23354\/revisions\/23356"}],"wp:featuredmedia":[{"embeddable":true,"href":"https:\/\/verdadeon.com.br\/portal\/wp-json\/wp\/v2\/media\/23355"}],"wp:attachment":[{"href":"https:\/\/verdadeon.com.br\/portal\/wp-json\/wp\/v2\/media?parent=23354"}],"wp:term":[{"taxonomy":"category","embeddable":true,"href":"https:\/\/verdadeon.com.br\/portal\/wp-json\/wp\/v2\/categories?post=23354"},{"taxonomy":"post_tag","embeddable":true,"href":"https:\/\/verdadeon.com.br\/portal\/wp-json\/wp\/v2\/tags?post=23354"}],"curies":[{"name":"wp","href":"https:\/\/api.w.org\/{rel}","templated":true}]}}