{"id":23326,"date":"2022-02-26T01:00:30","date_gmt":"2022-02-26T04:00:30","guid":{"rendered":"https:\/\/verdadeon.com.br\/portal\/?p=23326"},"modified":"2022-02-25T17:05:57","modified_gmt":"2022-02-25T20:05:57","slug":"as-mudancas-tecnologicas-e-a-percepcao-do-tempo","status":"publish","type":"post","link":"https:\/\/verdadeon.com.br\/portal\/2022\/02\/26\/as-mudancas-tecnologicas-e-a-percepcao-do-tempo\/","title":{"rendered":"As mudan\u00e7as tecnol\u00f3gicas e a percep\u00e7\u00e3o do tempo"},"content":{"rendered":"<p>De maneira geral, quando nos referimos a algo que ocorreu h\u00e1 dois ou tr\u00eas anos n\u00e3o parece algo t\u00e3o distante. Mas, quando pensamos especificamente nas mudan\u00e7as do mercado e tudo o que aconteceu de 2019 pra c\u00e1, perdemos a refer\u00eancia do tempo.<\/p>\n<p>Nas rodas de conversa um assunto recorrente \u00e9 o cansa\u00e7o, n\u00e3o apenas o f\u00edsico, mas o mental. Passamos por momentos de expectativas e muita apreens\u00e3o, muitas empresas precisaram se reinventar e empreendedores, das mais diversas \u00e1reas, perderam seu referencial, alguns deles come\u00e7aram a questionar at\u00e9 mesmo o seu prop\u00f3sito, culminando em um misto de exaust\u00e3o e frustra\u00e7\u00e3o.<\/p>\n<p>Neste per\u00edodo ficou n\u00edtida a fragilidade das empresas e seus modelos de neg\u00f3cios que, por mais estruturadas que sejam, sentiram os impactos das mudan\u00e7as do mercado e consumidores nos \u00faltimos anos.<\/p>\n<p>Novas demandas surgiram, os modelos de neg\u00f3cios precisaram se ajustar, muitas empresas deixaram de existir e a rela\u00e7\u00e3o entre empresa e colaboradores mudou, e muito. Diante deste cen\u00e1rio, por necessidade ou oportunidade, empreendedores decidiram tirar suas ideias do papel.<\/p>\n<p>A transforma\u00e7\u00e3o digital \u00e9 um grande protagonista destas mudan\u00e7as, vinha em ritmo naturalmente acelerado e foi \u201cturbinada\u201d por tudo que j\u00e1 sabemos. Usar a tecnologia a favor dos neg\u00f3cios se tornou mais do que uma tend\u00eancia, uma necessidade e, agora, urg\u00eancia em \u00e1reas que antes poderiam ser secund\u00e1rias.<\/p>\n<p>Dos canais de atendimento \u00e0s an\u00e1lises de dados, a implementa\u00e7\u00e3o da tecnologia se tornou imperativa. \u00c9 bem verdade que o avan\u00e7o tecnol\u00f3gico coloca empresas de portes diversos no mesmo patamar, em igualdade de condi\u00e7\u00f5es e o grande desafio ser\u00e1 como, atrav\u00e9s dos recursos dispon\u00edveis, proporcionar a melhor experi\u00eancia aos consumidores em um cen\u00e1rio de satura\u00e7\u00e3o digital.<\/p>\n<p>Para um futuro pr\u00f3ximo, tr\u00eas \u00e1reas da tecnologia merecem aten\u00e7\u00e3o.<\/p>\n<p>A <strong>Tecnologia de Distribui\u00e7\u00e3o<\/strong>, que engloba a criptografia, o blockchain, os NFTs e possibilita o compartilhamento de informa\u00e7\u00f5es, mensagens e acesso a dados por diversos usu\u00e1rios quase ao mesmo tempo, com um n\u00edvel de seguran\u00e7a extremamente alto, imprimindo maior confiabilidade nas transa\u00e7\u00f5es. Os mercados mais impactados por essa tecnologia devem ser o financeiro, log\u00edstico e servi\u00e7os.<\/p>\n<p>A <strong>Realidade Aumentada (AR)<\/strong> que parecia t\u00e3o distante e inacess\u00edvel, j\u00e1 pode ser encontrada em campanhas de varejo. Temos em Franca uma empresa que vem se destacando neste campo, desenvolvendo solu\u00e7\u00f5es para as \u00e1reas de alimenta\u00e7\u00e3o, constru\u00e7\u00e3o, livrarias e grandes redes varejistas. Mas, al\u00e9m de sua utiliza\u00e7\u00e3o na capta\u00e7\u00e3o de clientes, demonstra\u00e7\u00e3o de produtos e intera\u00e7\u00e3o, esta tecnologia pode ser amplamente utilizada em treinamentos operacionais e tutoriais.<\/p>\n<p>Ter dados confi\u00e1veis para a tomada de decis\u00e3o sempre foi uma das maiores dores dos gestores e, atrav\u00e9s da tecnologia de <strong>Intelig\u00eancia Artificial (AI)<\/strong>, esta tarefa tem se tornado mais f\u00e1cil. Compilar dados, definir comportamentos e aprender com eles s\u00e3o alguns dos benef\u00edcios desta tecnologia. S\u00e3o diversas as aplica\u00e7\u00f5es poss\u00edveis para esta tecnologia, desde melhorias nas interfaces com clientes e usu\u00e1rios internos em uma pequena empresa \u00e0 gest\u00e3o da cadeia de suprimentos de uma grande ind\u00fastria.<\/p>\n<p>Por mais avan\u00e7ado que possa parecer, \u00e9 \u00f3bvio que estamos em fase de maturidade no que diz respeito ao avan\u00e7o tecnol\u00f3gico e, ao passo que a ades\u00e3o dessas tecnologias evolui, \u00e9 natural que novas \u00e1reas e aplica\u00e7\u00f5es surjam, como a computa\u00e7\u00e3o qu\u00e2ntica por exemplo.<\/p>\n<p>&nbsp;<\/p>\n<p><strong>Jean Dunkl<\/strong><\/p>\n<p>@jeandunkl<\/p>\n<p>CEO da CPD Consultoria e da Espacio de Color, mentor em Gest\u00e3o Estrat\u00e9gica de Neg\u00f3cios, gestor da Impera e volunt\u00e1rio da Singularity University<\/p>\n","protected":false},"excerpt":{"rendered":"<p>De maneira geral, quando nos referimos a algo que ocorreu h\u00e1 dois ou tr\u00eas anos n\u00e3o parece algo t\u00e3o distante. Mas, quando pensamos especificamente nas mudan\u00e7as<span class=\"excerpt-hellip\"> [\u2026]<\/span><\/p>\n","protected":false},"author":4,"featured_media":0,"comment_status":"open","ping_status":"open","sticky":false,"template":"","format":"standard","meta":{"_jetpack_memberships_contains_paid_content":false,"footnotes":"","jetpack_publicize_message":"","jetpack_publicize_feature_enabled":true,"jetpack_social_post_already_shared":false,"jetpack_social_options":{"image_generator_settings":{"template":"highway","default_image_id":0,"enabled":false},"version":2}},"categories":[132],"tags":[],"class_list":["post-23326","post","type-post","status-publish","format-standard","hentry","category-artigos"],"yoast_head":"<!-- This site is optimized with the Yoast SEO plugin v25.6 - https:\/\/yoast.com\/wordpress\/plugins\/seo\/ -->\n<title>As mudan\u00e7as tecnol\u00f3gicas e a percep\u00e7\u00e3o do tempo - VerdadeOn<\/title>\n<meta name=\"robots\" content=\"index, follow, max-snippet:-1, max-image-preview:large, max-video-preview:-1\" \/>\n<link rel=\"canonical\" href=\"https:\/\/verdadeon.com.br\/portal\/2022\/02\/26\/as-mudancas-tecnologicas-e-a-percepcao-do-tempo\/\" \/>\n<meta property=\"og:locale\" content=\"pt_BR\" \/>\n<meta property=\"og:type\" content=\"article\" \/>\n<meta property=\"og:title\" content=\"As mudan\u00e7as tecnol\u00f3gicas e a percep\u00e7\u00e3o do tempo - VerdadeOn\" \/>\n<meta property=\"og:description\" content=\"De maneira geral, quando nos referimos a algo que ocorreu h\u00e1 dois ou tr\u00eas anos n\u00e3o parece algo t\u00e3o distante. Mas, quando pensamos especificamente nas mudan\u00e7as [\u2026]\" \/>\n<meta property=\"og:url\" content=\"https:\/\/verdadeon.com.br\/portal\/2022\/02\/26\/as-mudancas-tecnologicas-e-a-percepcao-do-tempo\/\" \/>\n<meta property=\"og:site_name\" content=\"VerdadeOn\" \/>\n<meta property=\"article:published_time\" content=\"2022-02-26T04:00:30+00:00\" \/>\n<meta name=\"author\" content=\"Fernando Calixto\" \/>\n<meta name=\"twitter:card\" content=\"summary_large_image\" \/>\n<meta name=\"twitter:label1\" content=\"Escrito por\" \/>\n\t<meta name=\"twitter:data1\" content=\"Fernando Calixto\" \/>\n\t<meta name=\"twitter:label2\" content=\"Est. tempo de leitura\" \/>\n\t<meta name=\"twitter:data2\" content=\"4 minutos\" \/>\n<script type=\"application\/ld+json\" class=\"yoast-schema-graph\">{\"@context\":\"https:\/\/schema.org\",\"@graph\":[{\"@type\":\"WebPage\",\"@id\":\"https:\/\/verdadeon.com.br\/portal\/2022\/02\/26\/as-mudancas-tecnologicas-e-a-percepcao-do-tempo\/\",\"url\":\"https:\/\/verdadeon.com.br\/portal\/2022\/02\/26\/as-mudancas-tecnologicas-e-a-percepcao-do-tempo\/\",\"name\":\"As mudan\u00e7as tecnol\u00f3gicas e a percep\u00e7\u00e3o do tempo - VerdadeOn\",\"isPartOf\":{\"@id\":\"https:\/\/verdadeon.com.br\/portal\/#website\"},\"datePublished\":\"2022-02-26T04:00:30+00:00\",\"author\":{\"@id\":\"https:\/\/verdadeon.com.br\/portal\/#\/schema\/person\/8994718f49ee62ba5610471e29ca1f62\"},\"breadcrumb\":{\"@id\":\"https:\/\/verdadeon.com.br\/portal\/2022\/02\/26\/as-mudancas-tecnologicas-e-a-percepcao-do-tempo\/#breadcrumb\"},\"inLanguage\":\"pt-BR\",\"potentialAction\":[{\"@type\":\"ReadAction\",\"target\":[\"https:\/\/verdadeon.com.br\/portal\/2022\/02\/26\/as-mudancas-tecnologicas-e-a-percepcao-do-tempo\/\"]}]},{\"@type\":\"BreadcrumbList\",\"@id\":\"https:\/\/verdadeon.com.br\/portal\/2022\/02\/26\/as-mudancas-tecnologicas-e-a-percepcao-do-tempo\/#breadcrumb\",\"itemListElement\":[{\"@type\":\"ListItem\",\"position\":1,\"name\":\"In\u00edcio\",\"item\":\"https:\/\/verdadeon.com.br\/portal\/\"},{\"@type\":\"ListItem\",\"position\":2,\"name\":\"As mudan\u00e7as tecnol\u00f3gicas e a percep\u00e7\u00e3o do tempo\"}]},{\"@type\":\"WebSite\",\"@id\":\"https:\/\/verdadeon.com.br\/portal\/#website\",\"url\":\"https:\/\/verdadeon.com.br\/portal\/\",\"name\":\"VerdadeOn\",\"description\":\"Not\u00edcias di\u00e1rias sobre Franca, Regi\u00e3o, Esporte, Cultura, Cotidiano, Colunas. Cobertura nos principais eventos da cidade \u00e9 aqui - Verdadeon Franca\",\"potentialAction\":[{\"@type\":\"SearchAction\",\"target\":{\"@type\":\"EntryPoint\",\"urlTemplate\":\"https:\/\/verdadeon.com.br\/portal\/?s={search_term_string}\"},\"query-input\":{\"@type\":\"PropertyValueSpecification\",\"valueRequired\":true,\"valueName\":\"search_term_string\"}}],\"inLanguage\":\"pt-BR\"},{\"@type\":\"Person\",\"@id\":\"https:\/\/verdadeon.com.br\/portal\/#\/schema\/person\/8994718f49ee62ba5610471e29ca1f62\",\"name\":\"Fernando Calixto\",\"image\":{\"@type\":\"ImageObject\",\"inLanguage\":\"pt-BR\",\"@id\":\"https:\/\/verdadeon.com.br\/portal\/#\/schema\/person\/image\/\",\"url\":\"https:\/\/secure.gravatar.com\/avatar\/7578910c24966c0316c340f9dbd601e93ee9f9212e1033968b367af9306bd9fb?s=96&d=mm&r=g\",\"contentUrl\":\"https:\/\/secure.gravatar.com\/avatar\/7578910c24966c0316c340f9dbd601e93ee9f9212e1033968b367af9306bd9fb?s=96&d=mm&r=g\",\"caption\":\"Fernando Calixto\"},\"url\":\"https:\/\/verdadeon.com.br\/portal\/author\/fernando-calixto\/\"}]}<\/script>\n<!-- \/ Yoast SEO plugin. -->","yoast_head_json":{"title":"As mudan\u00e7as tecnol\u00f3gicas e a percep\u00e7\u00e3o do tempo - VerdadeOn","robots":{"index":"index","follow":"follow","max-snippet":"max-snippet:-1","max-image-preview":"max-image-preview:large","max-video-preview":"max-video-preview:-1"},"canonical":"https:\/\/verdadeon.com.br\/portal\/2022\/02\/26\/as-mudancas-tecnologicas-e-a-percepcao-do-tempo\/","og_locale":"pt_BR","og_type":"article","og_title":"As mudan\u00e7as tecnol\u00f3gicas e a percep\u00e7\u00e3o do tempo - VerdadeOn","og_description":"De maneira geral, quando nos referimos a algo que ocorreu h\u00e1 dois ou tr\u00eas anos n\u00e3o parece algo t\u00e3o distante. Mas, quando pensamos especificamente nas mudan\u00e7as [\u2026]","og_url":"https:\/\/verdadeon.com.br\/portal\/2022\/02\/26\/as-mudancas-tecnologicas-e-a-percepcao-do-tempo\/","og_site_name":"VerdadeOn","article_published_time":"2022-02-26T04:00:30+00:00","author":"Fernando Calixto","twitter_card":"summary_large_image","twitter_misc":{"Escrito por":"Fernando Calixto","Est. tempo de leitura":"4 minutos"},"schema":{"@context":"https:\/\/schema.org","@graph":[{"@type":"WebPage","@id":"https:\/\/verdadeon.com.br\/portal\/2022\/02\/26\/as-mudancas-tecnologicas-e-a-percepcao-do-tempo\/","url":"https:\/\/verdadeon.com.br\/portal\/2022\/02\/26\/as-mudancas-tecnologicas-e-a-percepcao-do-tempo\/","name":"As mudan\u00e7as tecnol\u00f3gicas e a percep\u00e7\u00e3o do tempo - VerdadeOn","isPartOf":{"@id":"https:\/\/verdadeon.com.br\/portal\/#website"},"datePublished":"2022-02-26T04:00:30+00:00","author":{"@id":"https:\/\/verdadeon.com.br\/portal\/#\/schema\/person\/8994718f49ee62ba5610471e29ca1f62"},"breadcrumb":{"@id":"https:\/\/verdadeon.com.br\/portal\/2022\/02\/26\/as-mudancas-tecnologicas-e-a-percepcao-do-tempo\/#breadcrumb"},"inLanguage":"pt-BR","potentialAction":[{"@type":"ReadAction","target":["https:\/\/verdadeon.com.br\/portal\/2022\/02\/26\/as-mudancas-tecnologicas-e-a-percepcao-do-tempo\/"]}]},{"@type":"BreadcrumbList","@id":"https:\/\/verdadeon.com.br\/portal\/2022\/02\/26\/as-mudancas-tecnologicas-e-a-percepcao-do-tempo\/#breadcrumb","itemListElement":[{"@type":"ListItem","position":1,"name":"In\u00edcio","item":"https:\/\/verdadeon.com.br\/portal\/"},{"@type":"ListItem","position":2,"name":"As mudan\u00e7as tecnol\u00f3gicas e a percep\u00e7\u00e3o do tempo"}]},{"@type":"WebSite","@id":"https:\/\/verdadeon.com.br\/portal\/#website","url":"https:\/\/verdadeon.com.br\/portal\/","name":"VerdadeOn","description":"Not\u00edcias di\u00e1rias sobre Franca, Regi\u00e3o, Esporte, Cultura, Cotidiano, Colunas. Cobertura nos principais eventos da cidade \u00e9 aqui - Verdadeon Franca","potentialAction":[{"@type":"SearchAction","target":{"@type":"EntryPoint","urlTemplate":"https:\/\/verdadeon.com.br\/portal\/?s={search_term_string}"},"query-input":{"@type":"PropertyValueSpecification","valueRequired":true,"valueName":"search_term_string"}}],"inLanguage":"pt-BR"},{"@type":"Person","@id":"https:\/\/verdadeon.com.br\/portal\/#\/schema\/person\/8994718f49ee62ba5610471e29ca1f62","name":"Fernando Calixto","image":{"@type":"ImageObject","inLanguage":"pt-BR","@id":"https:\/\/verdadeon.com.br\/portal\/#\/schema\/person\/image\/","url":"https:\/\/secure.gravatar.com\/avatar\/7578910c24966c0316c340f9dbd601e93ee9f9212e1033968b367af9306bd9fb?s=96&d=mm&r=g","contentUrl":"https:\/\/secure.gravatar.com\/avatar\/7578910c24966c0316c340f9dbd601e93ee9f9212e1033968b367af9306bd9fb?s=96&d=mm&r=g","caption":"Fernando Calixto"},"url":"https:\/\/verdadeon.com.br\/portal\/author\/fernando-calixto\/"}]}},"jetpack_publicize_connections":[],"jetpack_featured_media_url":"","jetpack_sharing_enabled":true,"_links":{"self":[{"href":"https:\/\/verdadeon.com.br\/portal\/wp-json\/wp\/v2\/posts\/23326","targetHints":{"allow":["GET"]}}],"collection":[{"href":"https:\/\/verdadeon.com.br\/portal\/wp-json\/wp\/v2\/posts"}],"about":[{"href":"https:\/\/verdadeon.com.br\/portal\/wp-json\/wp\/v2\/types\/post"}],"author":[{"embeddable":true,"href":"https:\/\/verdadeon.com.br\/portal\/wp-json\/wp\/v2\/users\/4"}],"replies":[{"embeddable":true,"href":"https:\/\/verdadeon.com.br\/portal\/wp-json\/wp\/v2\/comments?post=23326"}],"version-history":[{"count":1,"href":"https:\/\/verdadeon.com.br\/portal\/wp-json\/wp\/v2\/posts\/23326\/revisions"}],"predecessor-version":[{"id":23327,"href":"https:\/\/verdadeon.com.br\/portal\/wp-json\/wp\/v2\/posts\/23326\/revisions\/23327"}],"wp:attachment":[{"href":"https:\/\/verdadeon.com.br\/portal\/wp-json\/wp\/v2\/media?parent=23326"}],"wp:term":[{"taxonomy":"category","embeddable":true,"href":"https:\/\/verdadeon.com.br\/portal\/wp-json\/wp\/v2\/categories?post=23326"},{"taxonomy":"post_tag","embeddable":true,"href":"https:\/\/verdadeon.com.br\/portal\/wp-json\/wp\/v2\/tags?post=23326"}],"curies":[{"name":"wp","href":"https:\/\/api.w.org\/{rel}","templated":true}]}}