{"id":23299,"date":"2022-02-24T17:32:44","date_gmt":"2022-02-24T20:32:44","guid":{"rendered":"https:\/\/verdadeon.com.br\/portal\/?p=23299"},"modified":"2022-02-24T17:32:44","modified_gmt":"2022-02-24T20:32:44","slug":"em-ritmo-intenso-selecao-de-basquete-entra-em-quadra-no-pedrocao-nesta-sexta-feira","status":"publish","type":"post","link":"https:\/\/verdadeon.com.br\/portal\/2022\/02\/24\/em-ritmo-intenso-selecao-de-basquete-entra-em-quadra-no-pedrocao-nesta-sexta-feira\/","title":{"rendered":"Em ritmo intenso, sele\u00e7\u00e3o de basquete entra em quadra no Pedroc\u00e3o nesta sexta-feira"},"content":{"rendered":"<h2>Atletas se apresentam no in\u00edcio da semana em Franca, time ocupa primeiro lugar do Grupo B das eliminat\u00f3rias<\/h2>\n<p>A Sele\u00e7\u00e3o Brasileira de Basquete se prepara de forma intensa para a partida desta sexta-feira (25), no Pedroc\u00e3o. O time comandado pelo t\u00e9cnico Gustavo de Conti, vai enfrentar o Uruguai pelas eliminat\u00f3rias da Copa do Mundo de Basquete de 2023.<\/p>\n<p>\u201cA expectativa \u00e9 a mais positiva poss\u00edvel, vai ser um grande jogo, estamos nos preparando muito para encarar as duas partidas por aqui. Os treinos est\u00e3o sendo intensos, o grupo est\u00e1 muito unido, \u00e9 um clima muito bom de descontra\u00e7\u00e3o j\u00e1 que corremos muito durante a temporada e n\u00e3o temos tempo de termos essa conex\u00e3o. Agora estamos com tempo de conversar, trocar ideias, experi\u00eancias, \u00e9 uma experi\u00eancia muito positiva e que reflete em quadra, al\u00e9m disso como estamos no meio da temporada os atletas est\u00e3o em plena forma\u201d, disse o t\u00e9cnico.<\/p>\n<p>Nesta sexta-feira a equipe treina na parte da manh\u00e3 no Pedroc\u00e3o, assim como os Uruguaios que j\u00e1 est\u00e3o na cidade. A partida come\u00e7a as 19h10, no Pedroc\u00e3o.\u00a0Os atletas n\u00e3o ter\u00e3o muito tempo de descanso, j\u00e1 que na segunda-feira (28), encaram a Col\u00f4mbia, tamb\u00e9m pelas eliminat\u00f3rias da Copa.<\/p>\n<p>O Brasil \u00e9 o primeiro colocado no grupo B das eliminat\u00f3rias, caso ven\u00e7a as duas partidas a classifica\u00e7\u00e3o para o mundial est\u00e1 consolidada. A Copa acontece em agosto e setembro do ano que vem, 32 sele\u00e7\u00f5es realizam partidas nas Filipinas, Indon\u00e9sia e no Jap\u00e3o.<\/p>\n<p>\u201cVoltar em Franca desta vez com a torcida a favor \u00e9 sempre muito emocionante, porque at\u00e9 ent\u00e3o s\u00f3 tinha voltado como advers\u00e1rio. \u00c9 uma sensa\u00e7\u00e3o muito boa imaginar o Pedroc\u00e3o lotado, com a torcida empurrando a gente, estou com a expectativa muito positiva\u201d, disse Alexey, que j\u00e1 atuou pelo Franca em temporadas passadas.<\/p>\n<h4>Experi\u00eancia \u00fanica<\/h4>\n<p>O auxiliar t\u00e9cnico da sele\u00e7\u00e3o Helinho Garcia, contou que a experi\u00eancia de trabalhar na sele\u00e7\u00e3o em um jogo t\u00e3o importante \u00e9 \u00fanica. Para ele a energia do Pedroc\u00e3o e da torcida francana s\u00e3o incompar\u00e1veis. \u201c\u00c9 uma experi\u00eancia sem igual, me sinto honrado em viver tudo isso aqui na minha cidade. Estamos muito animados e confiantes nas vit\u00f3rias, estamos trabalhando muito para isso. Quem vier aqui para assistir, pode esperar um jogo bem disputado, mas um Brasil confiante e que vai buscar o tempo todo o resultado positivo para a gente\u201d.<\/p>\n","protected":false},"excerpt":{"rendered":"<p>Atletas se apresentam no in\u00edcio da semana em Franca, time ocupa primeiro lugar do Grupo B das eliminat\u00f3rias A Sele\u00e7\u00e3o Brasileira de Basquete se prepara de<span class=\"excerpt-hellip\"> [\u2026]<\/span><\/p>\n","protected":false},"author":7,"featured_media":23301,"comment_status":"open","ping_status":"open","sticky":false,"template":"","format":"standard","meta":{"_jetpack_memberships_contains_paid_content":false,"footnotes":"","jetpack_publicize_message":"","jetpack_publicize_feature_enabled":true,"jetpack_social_post_already_shared":false,"jetpack_social_options":{"image_generator_settings":{"template":"highway","default_image_id":0,"enabled":false},"version":2}},"categories":[28,81],"tags":[],"class_list":["post-23299","post","type-post","status-publish","format-standard","has-post-thumbnail","hentry","category-cotidiano","category-manchete"],"yoast_head":"<!-- This site is optimized with the Yoast SEO plugin v25.6 - https:\/\/yoast.com\/wordpress\/plugins\/seo\/ -->\n<title>Em ritmo intenso, sele\u00e7\u00e3o de basquete entra em quadra no Pedroc\u00e3o nesta sexta-feira - VerdadeOn<\/title>\n<meta name=\"robots\" content=\"index, follow, max-snippet:-1, max-image-preview:large, max-video-preview:-1\" \/>\n<link rel=\"canonical\" href=\"https:\/\/verdadeon.com.br\/portal\/2022\/02\/24\/em-ritmo-intenso-selecao-de-basquete-entra-em-quadra-no-pedrocao-nesta-sexta-feira\/\" \/>\n<meta property=\"og:locale\" content=\"pt_BR\" \/>\n<meta property=\"og:type\" content=\"article\" \/>\n<meta property=\"og:title\" content=\"Em ritmo intenso, sele\u00e7\u00e3o de basquete entra em quadra no Pedroc\u00e3o nesta sexta-feira - VerdadeOn\" \/>\n<meta property=\"og:description\" content=\"Atletas se apresentam no in\u00edcio da semana em Franca, time ocupa primeiro lugar do Grupo B das eliminat\u00f3rias A Sele\u00e7\u00e3o Brasileira de Basquete se prepara de [\u2026]\" \/>\n<meta property=\"og:url\" content=\"https:\/\/verdadeon.com.br\/portal\/2022\/02\/24\/em-ritmo-intenso-selecao-de-basquete-entra-em-quadra-no-pedrocao-nesta-sexta-feira\/\" \/>\n<meta property=\"og:site_name\" content=\"VerdadeOn\" \/>\n<meta property=\"article:published_time\" content=\"2022-02-24T20:32:44+00:00\" \/>\n<meta property=\"og:image\" content=\"https:\/\/verdadeon.com.br\/portal\/wp-content\/uploads\/2022\/02\/WhatsApp-Image-2022-02-24-at-17.29.56.jpeg\" \/>\n\t<meta property=\"og:image:width\" content=\"1080\" \/>\n\t<meta property=\"og:image:height\" content=\"720\" \/>\n\t<meta property=\"og:image:type\" content=\"image\/jpeg\" \/>\n<meta name=\"author\" content=\"Fernando Lima\" \/>\n<meta name=\"twitter:card\" content=\"summary_large_image\" \/>\n<meta name=\"twitter:label1\" content=\"Escrito por\" \/>\n\t<meta name=\"twitter:data1\" content=\"Fernando Lima\" \/>\n\t<meta name=\"twitter:label2\" content=\"Est. tempo de leitura\" \/>\n\t<meta name=\"twitter:data2\" content=\"3 minutos\" \/>\n<script type=\"application\/ld+json\" class=\"yoast-schema-graph\">{\"@context\":\"https:\/\/schema.org\",\"@graph\":[{\"@type\":\"WebPage\",\"@id\":\"https:\/\/verdadeon.com.br\/portal\/2022\/02\/24\/em-ritmo-intenso-selecao-de-basquete-entra-em-quadra-no-pedrocao-nesta-sexta-feira\/\",\"url\":\"https:\/\/verdadeon.com.br\/portal\/2022\/02\/24\/em-ritmo-intenso-selecao-de-basquete-entra-em-quadra-no-pedrocao-nesta-sexta-feira\/\",\"name\":\"Em ritmo intenso, sele\u00e7\u00e3o de basquete entra em quadra no Pedroc\u00e3o nesta sexta-feira - VerdadeOn\",\"isPartOf\":{\"@id\":\"https:\/\/verdadeon.com.br\/portal\/#website\"},\"primaryImageOfPage\":{\"@id\":\"https:\/\/verdadeon.com.br\/portal\/2022\/02\/24\/em-ritmo-intenso-selecao-de-basquete-entra-em-quadra-no-pedrocao-nesta-sexta-feira\/#primaryimage\"},\"image\":{\"@id\":\"https:\/\/verdadeon.com.br\/portal\/2022\/02\/24\/em-ritmo-intenso-selecao-de-basquete-entra-em-quadra-no-pedrocao-nesta-sexta-feira\/#primaryimage\"},\"thumbnailUrl\":\"https:\/\/i0.wp.com\/verdadeon.com.br\/portal\/wp-content\/uploads\/2022\/02\/WhatsApp-Image-2022-02-24-at-17.29.56.jpeg?fit=1080%2C720&ssl=1\",\"datePublished\":\"2022-02-24T20:32:44+00:00\",\"author\":{\"@id\":\"https:\/\/verdadeon.com.br\/portal\/#\/schema\/person\/cc32be22b8e8599387c480bc83e1d11a\"},\"breadcrumb\":{\"@id\":\"https:\/\/verdadeon.com.br\/portal\/2022\/02\/24\/em-ritmo-intenso-selecao-de-basquete-entra-em-quadra-no-pedrocao-nesta-sexta-feira\/#breadcrumb\"},\"inLanguage\":\"pt-BR\",\"potentialAction\":[{\"@type\":\"ReadAction\",\"target\":[\"https:\/\/verdadeon.com.br\/portal\/2022\/02\/24\/em-ritmo-intenso-selecao-de-basquete-entra-em-quadra-no-pedrocao-nesta-sexta-feira\/\"]}]},{\"@type\":\"ImageObject\",\"inLanguage\":\"pt-BR\",\"@id\":\"https:\/\/verdadeon.com.br\/portal\/2022\/02\/24\/em-ritmo-intenso-selecao-de-basquete-entra-em-quadra-no-pedrocao-nesta-sexta-feira\/#primaryimage\",\"url\":\"https:\/\/i0.wp.com\/verdadeon.com.br\/portal\/wp-content\/uploads\/2022\/02\/WhatsApp-Image-2022-02-24-at-17.29.56.jpeg?fit=1080%2C720&ssl=1\",\"contentUrl\":\"https:\/\/i0.wp.com\/verdadeon.com.br\/portal\/wp-content\/uploads\/2022\/02\/WhatsApp-Image-2022-02-24-at-17.29.56.jpeg?fit=1080%2C720&ssl=1\",\"width\":1080,\"height\":720,\"caption\":\"Sele\u00e7\u00e3o treina no Pedroc\u00e3o onde vai encarar o Uruguai nesta sexta-feira. Na segunda desafio \u00e9 contra a Col\u00f4mbia | Foto: Marcos Limonti SFB\"},{\"@type\":\"BreadcrumbList\",\"@id\":\"https:\/\/verdadeon.com.br\/portal\/2022\/02\/24\/em-ritmo-intenso-selecao-de-basquete-entra-em-quadra-no-pedrocao-nesta-sexta-feira\/#breadcrumb\",\"itemListElement\":[{\"@type\":\"ListItem\",\"position\":1,\"name\":\"In\u00edcio\",\"item\":\"https:\/\/verdadeon.com.br\/portal\/\"},{\"@type\":\"ListItem\",\"position\":2,\"name\":\"Em ritmo intenso, sele\u00e7\u00e3o de basquete entra em quadra no Pedroc\u00e3o nesta sexta-feira\"}]},{\"@type\":\"WebSite\",\"@id\":\"https:\/\/verdadeon.com.br\/portal\/#website\",\"url\":\"https:\/\/verdadeon.com.br\/portal\/\",\"name\":\"VerdadeOn\",\"description\":\"Not\u00edcias di\u00e1rias sobre Franca, Regi\u00e3o, Esporte, Cultura, Cotidiano, Colunas. Cobertura nos principais eventos da cidade \u00e9 aqui - Verdadeon Franca\",\"potentialAction\":[{\"@type\":\"SearchAction\",\"target\":{\"@type\":\"EntryPoint\",\"urlTemplate\":\"https:\/\/verdadeon.com.br\/portal\/?s={search_term_string}\"},\"query-input\":{\"@type\":\"PropertyValueSpecification\",\"valueRequired\":true,\"valueName\":\"search_term_string\"}}],\"inLanguage\":\"pt-BR\"},{\"@type\":\"Person\",\"@id\":\"https:\/\/verdadeon.com.br\/portal\/#\/schema\/person\/cc32be22b8e8599387c480bc83e1d11a\",\"name\":\"Fernando Lima\",\"image\":{\"@type\":\"ImageObject\",\"inLanguage\":\"pt-BR\",\"@id\":\"https:\/\/verdadeon.com.br\/portal\/#\/schema\/person\/image\/\",\"url\":\"https:\/\/secure.gravatar.com\/avatar\/df4c8e132080d2b3a4841d5d232045464e0eed11a1d6e43115ca0843d48768d3?s=96&d=mm&r=g\",\"contentUrl\":\"https:\/\/secure.gravatar.com\/avatar\/df4c8e132080d2b3a4841d5d232045464e0eed11a1d6e43115ca0843d48768d3?s=96&d=mm&r=g\",\"caption\":\"Fernando Lima\"},\"sameAs\":[\"http:\/\/verdadeon.com.br\/\"],\"url\":\"https:\/\/verdadeon.com.br\/portal\/author\/fernando-lima\/\"}]}<\/script>\n<!-- \/ Yoast SEO plugin. -->","yoast_head_json":{"title":"Em ritmo intenso, sele\u00e7\u00e3o de basquete entra em quadra no Pedroc\u00e3o nesta sexta-feira - VerdadeOn","robots":{"index":"index","follow":"follow","max-snippet":"max-snippet:-1","max-image-preview":"max-image-preview:large","max-video-preview":"max-video-preview:-1"},"canonical":"https:\/\/verdadeon.com.br\/portal\/2022\/02\/24\/em-ritmo-intenso-selecao-de-basquete-entra-em-quadra-no-pedrocao-nesta-sexta-feira\/","og_locale":"pt_BR","og_type":"article","og_title":"Em ritmo intenso, sele\u00e7\u00e3o de basquete entra em quadra no Pedroc\u00e3o nesta sexta-feira - VerdadeOn","og_description":"Atletas se apresentam no in\u00edcio da semana em Franca, time ocupa primeiro lugar do Grupo B das eliminat\u00f3rias A Sele\u00e7\u00e3o Brasileira de Basquete se prepara de [\u2026]","og_url":"https:\/\/verdadeon.com.br\/portal\/2022\/02\/24\/em-ritmo-intenso-selecao-de-basquete-entra-em-quadra-no-pedrocao-nesta-sexta-feira\/","og_site_name":"VerdadeOn","article_published_time":"2022-02-24T20:32:44+00:00","og_image":[{"width":1080,"height":720,"url":"https:\/\/verdadeon.com.br\/portal\/wp-content\/uploads\/2022\/02\/WhatsApp-Image-2022-02-24-at-17.29.56.jpeg","type":"image\/jpeg"}],"author":"Fernando Lima","twitter_card":"summary_large_image","twitter_misc":{"Escrito por":"Fernando Lima","Est. tempo de leitura":"3 minutos"},"schema":{"@context":"https:\/\/schema.org","@graph":[{"@type":"WebPage","@id":"https:\/\/verdadeon.com.br\/portal\/2022\/02\/24\/em-ritmo-intenso-selecao-de-basquete-entra-em-quadra-no-pedrocao-nesta-sexta-feira\/","url":"https:\/\/verdadeon.com.br\/portal\/2022\/02\/24\/em-ritmo-intenso-selecao-de-basquete-entra-em-quadra-no-pedrocao-nesta-sexta-feira\/","name":"Em ritmo intenso, sele\u00e7\u00e3o de basquete entra em quadra no Pedroc\u00e3o nesta sexta-feira - VerdadeOn","isPartOf":{"@id":"https:\/\/verdadeon.com.br\/portal\/#website"},"primaryImageOfPage":{"@id":"https:\/\/verdadeon.com.br\/portal\/2022\/02\/24\/em-ritmo-intenso-selecao-de-basquete-entra-em-quadra-no-pedrocao-nesta-sexta-feira\/#primaryimage"},"image":{"@id":"https:\/\/verdadeon.com.br\/portal\/2022\/02\/24\/em-ritmo-intenso-selecao-de-basquete-entra-em-quadra-no-pedrocao-nesta-sexta-feira\/#primaryimage"},"thumbnailUrl":"https:\/\/i0.wp.com\/verdadeon.com.br\/portal\/wp-content\/uploads\/2022\/02\/WhatsApp-Image-2022-02-24-at-17.29.56.jpeg?fit=1080%2C720&ssl=1","datePublished":"2022-02-24T20:32:44+00:00","author":{"@id":"https:\/\/verdadeon.com.br\/portal\/#\/schema\/person\/cc32be22b8e8599387c480bc83e1d11a"},"breadcrumb":{"@id":"https:\/\/verdadeon.com.br\/portal\/2022\/02\/24\/em-ritmo-intenso-selecao-de-basquete-entra-em-quadra-no-pedrocao-nesta-sexta-feira\/#breadcrumb"},"inLanguage":"pt-BR","potentialAction":[{"@type":"ReadAction","target":["https:\/\/verdadeon.com.br\/portal\/2022\/02\/24\/em-ritmo-intenso-selecao-de-basquete-entra-em-quadra-no-pedrocao-nesta-sexta-feira\/"]}]},{"@type":"ImageObject","inLanguage":"pt-BR","@id":"https:\/\/verdadeon.com.br\/portal\/2022\/02\/24\/em-ritmo-intenso-selecao-de-basquete-entra-em-quadra-no-pedrocao-nesta-sexta-feira\/#primaryimage","url":"https:\/\/i0.wp.com\/verdadeon.com.br\/portal\/wp-content\/uploads\/2022\/02\/WhatsApp-Image-2022-02-24-at-17.29.56.jpeg?fit=1080%2C720&ssl=1","contentUrl":"https:\/\/i0.wp.com\/verdadeon.com.br\/portal\/wp-content\/uploads\/2022\/02\/WhatsApp-Image-2022-02-24-at-17.29.56.jpeg?fit=1080%2C720&ssl=1","width":1080,"height":720,"caption":"Sele\u00e7\u00e3o treina no Pedroc\u00e3o onde vai encarar o Uruguai nesta sexta-feira. Na segunda desafio \u00e9 contra a Col\u00f4mbia | Foto: Marcos Limonti SFB"},{"@type":"BreadcrumbList","@id":"https:\/\/verdadeon.com.br\/portal\/2022\/02\/24\/em-ritmo-intenso-selecao-de-basquete-entra-em-quadra-no-pedrocao-nesta-sexta-feira\/#breadcrumb","itemListElement":[{"@type":"ListItem","position":1,"name":"In\u00edcio","item":"https:\/\/verdadeon.com.br\/portal\/"},{"@type":"ListItem","position":2,"name":"Em ritmo intenso, sele\u00e7\u00e3o de basquete entra em quadra no Pedroc\u00e3o nesta sexta-feira"}]},{"@type":"WebSite","@id":"https:\/\/verdadeon.com.br\/portal\/#website","url":"https:\/\/verdadeon.com.br\/portal\/","name":"VerdadeOn","description":"Not\u00edcias di\u00e1rias sobre Franca, Regi\u00e3o, Esporte, Cultura, Cotidiano, Colunas. Cobertura nos principais eventos da cidade \u00e9 aqui - Verdadeon Franca","potentialAction":[{"@type":"SearchAction","target":{"@type":"EntryPoint","urlTemplate":"https:\/\/verdadeon.com.br\/portal\/?s={search_term_string}"},"query-input":{"@type":"PropertyValueSpecification","valueRequired":true,"valueName":"search_term_string"}}],"inLanguage":"pt-BR"},{"@type":"Person","@id":"https:\/\/verdadeon.com.br\/portal\/#\/schema\/person\/cc32be22b8e8599387c480bc83e1d11a","name":"Fernando Lima","image":{"@type":"ImageObject","inLanguage":"pt-BR","@id":"https:\/\/verdadeon.com.br\/portal\/#\/schema\/person\/image\/","url":"https:\/\/secure.gravatar.com\/avatar\/df4c8e132080d2b3a4841d5d232045464e0eed11a1d6e43115ca0843d48768d3?s=96&d=mm&r=g","contentUrl":"https:\/\/secure.gravatar.com\/avatar\/df4c8e132080d2b3a4841d5d232045464e0eed11a1d6e43115ca0843d48768d3?s=96&d=mm&r=g","caption":"Fernando Lima"},"sameAs":["http:\/\/verdadeon.com.br\/"],"url":"https:\/\/verdadeon.com.br\/portal\/author\/fernando-lima\/"}]}},"jetpack_publicize_connections":[],"jetpack_featured_media_url":"https:\/\/i0.wp.com\/verdadeon.com.br\/portal\/wp-content\/uploads\/2022\/02\/WhatsApp-Image-2022-02-24-at-17.29.56.jpeg?fit=1080%2C720&ssl=1","jetpack_sharing_enabled":true,"_links":{"self":[{"href":"https:\/\/verdadeon.com.br\/portal\/wp-json\/wp\/v2\/posts\/23299","targetHints":{"allow":["GET"]}}],"collection":[{"href":"https:\/\/verdadeon.com.br\/portal\/wp-json\/wp\/v2\/posts"}],"about":[{"href":"https:\/\/verdadeon.com.br\/portal\/wp-json\/wp\/v2\/types\/post"}],"author":[{"embeddable":true,"href":"https:\/\/verdadeon.com.br\/portal\/wp-json\/wp\/v2\/users\/7"}],"replies":[{"embeddable":true,"href":"https:\/\/verdadeon.com.br\/portal\/wp-json\/wp\/v2\/comments?post=23299"}],"version-history":[{"count":1,"href":"https:\/\/verdadeon.com.br\/portal\/wp-json\/wp\/v2\/posts\/23299\/revisions"}],"predecessor-version":[{"id":23302,"href":"https:\/\/verdadeon.com.br\/portal\/wp-json\/wp\/v2\/posts\/23299\/revisions\/23302"}],"wp:featuredmedia":[{"embeddable":true,"href":"https:\/\/verdadeon.com.br\/portal\/wp-json\/wp\/v2\/media\/23301"}],"wp:attachment":[{"href":"https:\/\/verdadeon.com.br\/portal\/wp-json\/wp\/v2\/media?parent=23299"}],"wp:term":[{"taxonomy":"category","embeddable":true,"href":"https:\/\/verdadeon.com.br\/portal\/wp-json\/wp\/v2\/categories?post=23299"},{"taxonomy":"post_tag","embeddable":true,"href":"https:\/\/verdadeon.com.br\/portal\/wp-json\/wp\/v2\/tags?post=23299"}],"curies":[{"name":"wp","href":"https:\/\/api.w.org\/{rel}","templated":true}]}}