{"id":23265,"date":"2022-02-22T18:41:12","date_gmt":"2022-02-22T21:41:12","guid":{"rendered":"https:\/\/verdadeon.com.br\/portal\/?p=23265"},"modified":"2022-02-22T18:40:57","modified_gmt":"2022-02-22T21:40:57","slug":"mesmo-com-pandemia-estradas-devem-ficar-movimentadas-no-carnaval","status":"publish","type":"post","link":"https:\/\/verdadeon.com.br\/portal\/2022\/02\/22\/mesmo-com-pandemia-estradas-devem-ficar-movimentadas-no-carnaval\/","title":{"rendered":"Mesmo com pandemia, estradas devem ficar movimentadas no Carnaval"},"content":{"rendered":"<h2><span style=\"font-weight: 400;\">Rodovi\u00e1ria de Franca estima aumento de at\u00e9 30% na venda por passagens e deve receber 3.600 passageiros durante o feriado<\/span><\/h2>\n<p>&nbsp;<\/p>\n<p><span style=\"font-weight: 400;\">Mesmo com a pandemia da Covid-19, as estradas e rodovi\u00e1rias devem registrar maior movimento no per\u00edodo do Carnaval, entre 25 de fevereiro e 2 de mar\u00e7o. Em Franca, o Terminal Rodovi\u00e1rio estima aumento de at\u00e9 30% na venda de passagens e tem expectativa de receber 3.600 passageiros, sendo o maior fluxo nos dias 25 (sexta-feira), 27 de fevereiro (domingo) e 1\u00ba de mar\u00e7o (ter\u00e7a-feira).<\/span><\/p>\n<p><span style=\"font-weight: 400;\">Segundo a Emdef (Empresa Municipal para o Desenvolvimento de Franca), respons\u00e1vel por gerenciar a Rodovi\u00e1ria, os destinos mais procurados pelos francanos t\u00eam sido S\u00e3o Paulo e Rio de Janeiro e os mais visitados via empresas de turismo s\u00e3o Caldas Novas e Guaruj\u00e1.<\/span><\/p>\n<p><span style=\"font-weight: 400;\">Os passageiros devem se atentar aos cuidados sanit\u00e1rios contra a Covid-19 e manter o uso de m\u00e1scaras faciais e \u00e1lcool em gel.<\/span><\/p>\n<h4><span style=\"font-weight: 400;\">Rodovias<\/span><\/h4>\n<p><span style=\"font-weight: 400;\">O feriado prolongado de Carnaval tem expectativa de 579 mil ve\u00edculos nos 720 quil\u00f4metros de rodovias administrados pela Arteris ViaPaulista nas regi\u00f5es de Ribeir\u00e3o Preto, Franca, Araraquara, S\u00e3o Carlos, Ja\u00fa e Taquarituba.\u00a0<\/span><\/p>\n<p><span style=\"font-weight: 400;\">A sa\u00edda para o feriad\u00e3o, na sexta-feira, dever\u00e1 concentrar o maior movimento de todos os dias, com mais de 125 mil ve\u00edculos em circula\u00e7\u00e3o. O retorno do recesso, na quarta-feira, poder\u00e1 ter tr\u00e1fego de 100 mil ve\u00edculos.\u00a0<\/span><\/p>\n<p><span style=\"font-weight: 400;\">O levantamento tamb\u00e9m indica que o trecho da Via Anhanguera (SP-330), entre Santa Rita do Passa Quatro e Ribeir\u00e3o Preto, ter\u00e1 o fluxo mais intenso do sistema Arteris ViaPaulista, seguido pela SP-255, entre Guatapar\u00e1 e Riversul, e pela Rodovia C\u00e2ndido Portinari (SP-334), de Ribeir\u00e3o Preto a Franca.\u00a0<\/span><\/p>\n<p><span style=\"font-weight: 400;\">Para atender a demanda, a concession\u00e1ria Arteris ViaPaulista colocar\u00e1 o total do efetivo em opera\u00e7\u00e3o com 21 ambul\u00e2ncias b\u00e1sicas, 19 guinchos, dois caminh\u00f5es-pipa, duas viaturas de apreens\u00e3o de animais e 15 viaturas de inspe\u00e7\u00e3o de tr\u00e1fego.\u00a0<\/span><\/p>\n<p><span style=\"font-weight: 400;\">Os usu\u00e1rios podem solicitar informa\u00e7\u00f5es ou atendimento pelo telefone 0800 001 1255, 24 horas por dia, al\u00e9m de contarem com 17 Servi\u00e7os de Atendimento ao Usu\u00e1rio ao longo do trecho. Durante o feriado as obras s\u00e3o suspensas.\u00a0<\/span><\/p>\n<p><span style=\"font-weight: 400;\">Al\u00e9m da central de 0800, as informa\u00e7\u00f5es em tempo real das rodovias podem ser acompanhadas pelo perfil da concession\u00e1ria no Twitter (@Arteris_VP). \u201cNo per\u00edodo de um feriado festivo refor\u00e7amos a import\u00e2ncia de dirigir com consci\u00eancia. N\u00e3o misture \u00e1lcool e dire\u00e7\u00e3o, n\u00e3o utilize o celular enquanto dirigir. Respeitem as sinaliza\u00e7\u00f5es de tr\u00e2nsito e os limites de velocidade\u201d, refor\u00e7a Marcos Carneiro, gerente de Opera\u00e7\u00f5es da concession\u00e1ria.<\/span><\/p>\n<h4><span style=\"font-weight: 400;\">Expediente na Prefeitura<\/span><\/h4>\n<p><span style=\"font-weight: 400;\">As reparti\u00e7\u00f5es municipais em Franca n\u00e3o ter\u00e3o expediente no feriad\u00e3o de Carnaval. As unidades funcionam na sexta-feira e s\u00f3 retornam ao meio-dia da Quarta-Feira de Cinzas. O funcionamento foi regulamentado pelo decreto municipal 11.409, de 2 de fevereiro, que instituiu o ponto facultativo nesses dias.\u00a0<\/span><\/p>\n","protected":false},"excerpt":{"rendered":"<p>Rodovi\u00e1ria de Franca estima aumento de at\u00e9 30% na venda por passagens e deve receber 3.600 passageiros durante o feriado &nbsp; Mesmo com a pandemia da<span class=\"excerpt-hellip\"> [\u2026]<\/span><\/p>\n","protected":false},"author":10,"featured_media":21969,"comment_status":"open","ping_status":"open","sticky":false,"template":"","format":"standard","meta":{"_jetpack_memberships_contains_paid_content":false,"footnotes":"","jetpack_publicize_message":"","jetpack_publicize_feature_enabled":true,"jetpack_social_post_already_shared":false,"jetpack_social_options":{"image_generator_settings":{"template":"highway","default_image_id":0,"enabled":false},"version":2}},"categories":[28,81],"tags":[],"class_list":["post-23265","post","type-post","status-publish","format-standard","has-post-thumbnail","hentry","category-cotidiano","category-manchete"],"yoast_head":"<!-- This site is optimized with the Yoast SEO plugin v25.6 - https:\/\/yoast.com\/wordpress\/plugins\/seo\/ -->\n<title>Mesmo com pandemia, estradas devem ficar movimentadas no Carnaval - VerdadeOn<\/title>\n<meta name=\"robots\" content=\"index, follow, max-snippet:-1, max-image-preview:large, max-video-preview:-1\" \/>\n<link rel=\"canonical\" href=\"https:\/\/verdadeon.com.br\/portal\/2022\/02\/22\/mesmo-com-pandemia-estradas-devem-ficar-movimentadas-no-carnaval\/\" \/>\n<meta property=\"og:locale\" content=\"pt_BR\" \/>\n<meta property=\"og:type\" content=\"article\" \/>\n<meta property=\"og:title\" content=\"Mesmo com pandemia, estradas devem ficar movimentadas no Carnaval - VerdadeOn\" \/>\n<meta property=\"og:description\" content=\"Rodovi\u00e1ria de Franca estima aumento de at\u00e9 30% na venda por passagens e deve receber 3.600 passageiros durante o feriado &nbsp; Mesmo com a pandemia da [\u2026]\" \/>\n<meta property=\"og:url\" content=\"https:\/\/verdadeon.com.br\/portal\/2022\/02\/22\/mesmo-com-pandemia-estradas-devem-ficar-movimentadas-no-carnaval\/\" \/>\n<meta property=\"og:site_name\" content=\"VerdadeOn\" \/>\n<meta property=\"article:published_time\" content=\"2022-02-22T21:41:12+00:00\" \/>\n<meta property=\"og:image\" content=\"https:\/\/verdadeon.com.br\/portal\/wp-content\/uploads\/2021\/12\/WhatsApp-Image-2021-12-30-at-14.39.24-e1640886115332.jpeg\" \/>\n\t<meta property=\"og:image:width\" content=\"1000\" \/>\n\t<meta property=\"og:image:height\" content=\"672\" \/>\n\t<meta property=\"og:image:type\" content=\"image\/jpeg\" \/>\n<meta name=\"author\" content=\"Redacao VerdadeOn\" \/>\n<meta name=\"twitter:card\" content=\"summary_large_image\" \/>\n<meta name=\"twitter:label1\" content=\"Escrito por\" \/>\n\t<meta name=\"twitter:data1\" content=\"Redacao VerdadeOn\" \/>\n\t<meta name=\"twitter:label2\" content=\"Est. tempo de leitura\" \/>\n\t<meta name=\"twitter:data2\" content=\"3 minutos\" \/>\n<script type=\"application\/ld+json\" class=\"yoast-schema-graph\">{\"@context\":\"https:\/\/schema.org\",\"@graph\":[{\"@type\":\"WebPage\",\"@id\":\"https:\/\/verdadeon.com.br\/portal\/2022\/02\/22\/mesmo-com-pandemia-estradas-devem-ficar-movimentadas-no-carnaval\/\",\"url\":\"https:\/\/verdadeon.com.br\/portal\/2022\/02\/22\/mesmo-com-pandemia-estradas-devem-ficar-movimentadas-no-carnaval\/\",\"name\":\"Mesmo com pandemia, estradas devem ficar movimentadas no Carnaval - VerdadeOn\",\"isPartOf\":{\"@id\":\"https:\/\/verdadeon.com.br\/portal\/#website\"},\"primaryImageOfPage\":{\"@id\":\"https:\/\/verdadeon.com.br\/portal\/2022\/02\/22\/mesmo-com-pandemia-estradas-devem-ficar-movimentadas-no-carnaval\/#primaryimage\"},\"image\":{\"@id\":\"https:\/\/verdadeon.com.br\/portal\/2022\/02\/22\/mesmo-com-pandemia-estradas-devem-ficar-movimentadas-no-carnaval\/#primaryimage\"},\"thumbnailUrl\":\"https:\/\/i0.wp.com\/verdadeon.com.br\/portal\/wp-content\/uploads\/2021\/12\/WhatsApp-Image-2021-12-30-at-14.39.24-e1640886115332.jpeg?fit=1000%2C672&ssl=1\",\"datePublished\":\"2022-02-22T21:41:12+00:00\",\"author\":{\"@id\":\"https:\/\/verdadeon.com.br\/portal\/#\/schema\/person\/a5060ad1e9ea3df545188fc93ce43d2f\"},\"breadcrumb\":{\"@id\":\"https:\/\/verdadeon.com.br\/portal\/2022\/02\/22\/mesmo-com-pandemia-estradas-devem-ficar-movimentadas-no-carnaval\/#breadcrumb\"},\"inLanguage\":\"pt-BR\",\"potentialAction\":[{\"@type\":\"ReadAction\",\"target\":[\"https:\/\/verdadeon.com.br\/portal\/2022\/02\/22\/mesmo-com-pandemia-estradas-devem-ficar-movimentadas-no-carnaval\/\"]}]},{\"@type\":\"ImageObject\",\"inLanguage\":\"pt-BR\",\"@id\":\"https:\/\/verdadeon.com.br\/portal\/2022\/02\/22\/mesmo-com-pandemia-estradas-devem-ficar-movimentadas-no-carnaval\/#primaryimage\",\"url\":\"https:\/\/i0.wp.com\/verdadeon.com.br\/portal\/wp-content\/uploads\/2021\/12\/WhatsApp-Image-2021-12-30-at-14.39.24-e1640886115332.jpeg?fit=1000%2C672&ssl=1\",\"contentUrl\":\"https:\/\/i0.wp.com\/verdadeon.com.br\/portal\/wp-content\/uploads\/2021\/12\/WhatsApp-Image-2021-12-30-at-14.39.24-e1640886115332.jpeg?fit=1000%2C672&ssl=1\",\"width\":1000,\"height\":672,\"caption\":\"Rodovia C\u00e2ndido Portinari (\u00a9Fernando Lima\/Jornal Verdade)\"},{\"@type\":\"BreadcrumbList\",\"@id\":\"https:\/\/verdadeon.com.br\/portal\/2022\/02\/22\/mesmo-com-pandemia-estradas-devem-ficar-movimentadas-no-carnaval\/#breadcrumb\",\"itemListElement\":[{\"@type\":\"ListItem\",\"position\":1,\"name\":\"In\u00edcio\",\"item\":\"https:\/\/verdadeon.com.br\/portal\/\"},{\"@type\":\"ListItem\",\"position\":2,\"name\":\"Mesmo com pandemia, estradas devem ficar movimentadas no Carnaval\"}]},{\"@type\":\"WebSite\",\"@id\":\"https:\/\/verdadeon.com.br\/portal\/#website\",\"url\":\"https:\/\/verdadeon.com.br\/portal\/\",\"name\":\"VerdadeOn\",\"description\":\"Not\u00edcias di\u00e1rias sobre Franca, Regi\u00e3o, Esporte, Cultura, Cotidiano, Colunas. Cobertura nos principais eventos da cidade \u00e9 aqui - Verdadeon Franca\",\"potentialAction\":[{\"@type\":\"SearchAction\",\"target\":{\"@type\":\"EntryPoint\",\"urlTemplate\":\"https:\/\/verdadeon.com.br\/portal\/?s={search_term_string}\"},\"query-input\":{\"@type\":\"PropertyValueSpecification\",\"valueRequired\":true,\"valueName\":\"search_term_string\"}}],\"inLanguage\":\"pt-BR\"},{\"@type\":\"Person\",\"@id\":\"https:\/\/verdadeon.com.br\/portal\/#\/schema\/person\/a5060ad1e9ea3df545188fc93ce43d2f\",\"name\":\"Redacao VerdadeOn\",\"image\":{\"@type\":\"ImageObject\",\"inLanguage\":\"pt-BR\",\"@id\":\"https:\/\/verdadeon.com.br\/portal\/#\/schema\/person\/image\/\",\"url\":\"https:\/\/secure.gravatar.com\/avatar\/459a9613caaaf07f582c3d0841eea68bdd66f533e465e6ba8b9cb45619572cf4?s=96&d=mm&r=g\",\"contentUrl\":\"https:\/\/secure.gravatar.com\/avatar\/459a9613caaaf07f582c3d0841eea68bdd66f533e465e6ba8b9cb45619572cf4?s=96&d=mm&r=g\",\"caption\":\"Redacao VerdadeOn\"},\"url\":\"https:\/\/verdadeon.com.br\/portal\/author\/redacao\/\"}]}<\/script>\n<!-- \/ Yoast SEO plugin. -->","yoast_head_json":{"title":"Mesmo com pandemia, estradas devem ficar movimentadas no Carnaval - VerdadeOn","robots":{"index":"index","follow":"follow","max-snippet":"max-snippet:-1","max-image-preview":"max-image-preview:large","max-video-preview":"max-video-preview:-1"},"canonical":"https:\/\/verdadeon.com.br\/portal\/2022\/02\/22\/mesmo-com-pandemia-estradas-devem-ficar-movimentadas-no-carnaval\/","og_locale":"pt_BR","og_type":"article","og_title":"Mesmo com pandemia, estradas devem ficar movimentadas no Carnaval - VerdadeOn","og_description":"Rodovi\u00e1ria de Franca estima aumento de at\u00e9 30% na venda por passagens e deve receber 3.600 passageiros durante o feriado &nbsp; Mesmo com a pandemia da [\u2026]","og_url":"https:\/\/verdadeon.com.br\/portal\/2022\/02\/22\/mesmo-com-pandemia-estradas-devem-ficar-movimentadas-no-carnaval\/","og_site_name":"VerdadeOn","article_published_time":"2022-02-22T21:41:12+00:00","og_image":[{"width":1000,"height":672,"url":"https:\/\/verdadeon.com.br\/portal\/wp-content\/uploads\/2021\/12\/WhatsApp-Image-2021-12-30-at-14.39.24-e1640886115332.jpeg","type":"image\/jpeg"}],"author":"Redacao VerdadeOn","twitter_card":"summary_large_image","twitter_misc":{"Escrito por":"Redacao VerdadeOn","Est. tempo de leitura":"3 minutos"},"schema":{"@context":"https:\/\/schema.org","@graph":[{"@type":"WebPage","@id":"https:\/\/verdadeon.com.br\/portal\/2022\/02\/22\/mesmo-com-pandemia-estradas-devem-ficar-movimentadas-no-carnaval\/","url":"https:\/\/verdadeon.com.br\/portal\/2022\/02\/22\/mesmo-com-pandemia-estradas-devem-ficar-movimentadas-no-carnaval\/","name":"Mesmo com pandemia, estradas devem ficar movimentadas no Carnaval - VerdadeOn","isPartOf":{"@id":"https:\/\/verdadeon.com.br\/portal\/#website"},"primaryImageOfPage":{"@id":"https:\/\/verdadeon.com.br\/portal\/2022\/02\/22\/mesmo-com-pandemia-estradas-devem-ficar-movimentadas-no-carnaval\/#primaryimage"},"image":{"@id":"https:\/\/verdadeon.com.br\/portal\/2022\/02\/22\/mesmo-com-pandemia-estradas-devem-ficar-movimentadas-no-carnaval\/#primaryimage"},"thumbnailUrl":"https:\/\/i0.wp.com\/verdadeon.com.br\/portal\/wp-content\/uploads\/2021\/12\/WhatsApp-Image-2021-12-30-at-14.39.24-e1640886115332.jpeg?fit=1000%2C672&ssl=1","datePublished":"2022-02-22T21:41:12+00:00","author":{"@id":"https:\/\/verdadeon.com.br\/portal\/#\/schema\/person\/a5060ad1e9ea3df545188fc93ce43d2f"},"breadcrumb":{"@id":"https:\/\/verdadeon.com.br\/portal\/2022\/02\/22\/mesmo-com-pandemia-estradas-devem-ficar-movimentadas-no-carnaval\/#breadcrumb"},"inLanguage":"pt-BR","potentialAction":[{"@type":"ReadAction","target":["https:\/\/verdadeon.com.br\/portal\/2022\/02\/22\/mesmo-com-pandemia-estradas-devem-ficar-movimentadas-no-carnaval\/"]}]},{"@type":"ImageObject","inLanguage":"pt-BR","@id":"https:\/\/verdadeon.com.br\/portal\/2022\/02\/22\/mesmo-com-pandemia-estradas-devem-ficar-movimentadas-no-carnaval\/#primaryimage","url":"https:\/\/i0.wp.com\/verdadeon.com.br\/portal\/wp-content\/uploads\/2021\/12\/WhatsApp-Image-2021-12-30-at-14.39.24-e1640886115332.jpeg?fit=1000%2C672&ssl=1","contentUrl":"https:\/\/i0.wp.com\/verdadeon.com.br\/portal\/wp-content\/uploads\/2021\/12\/WhatsApp-Image-2021-12-30-at-14.39.24-e1640886115332.jpeg?fit=1000%2C672&ssl=1","width":1000,"height":672,"caption":"Rodovia C\u00e2ndido Portinari (\u00a9Fernando Lima\/Jornal Verdade)"},{"@type":"BreadcrumbList","@id":"https:\/\/verdadeon.com.br\/portal\/2022\/02\/22\/mesmo-com-pandemia-estradas-devem-ficar-movimentadas-no-carnaval\/#breadcrumb","itemListElement":[{"@type":"ListItem","position":1,"name":"In\u00edcio","item":"https:\/\/verdadeon.com.br\/portal\/"},{"@type":"ListItem","position":2,"name":"Mesmo com pandemia, estradas devem ficar movimentadas no Carnaval"}]},{"@type":"WebSite","@id":"https:\/\/verdadeon.com.br\/portal\/#website","url":"https:\/\/verdadeon.com.br\/portal\/","name":"VerdadeOn","description":"Not\u00edcias di\u00e1rias sobre Franca, Regi\u00e3o, Esporte, Cultura, Cotidiano, Colunas. Cobertura nos principais eventos da cidade \u00e9 aqui - Verdadeon Franca","potentialAction":[{"@type":"SearchAction","target":{"@type":"EntryPoint","urlTemplate":"https:\/\/verdadeon.com.br\/portal\/?s={search_term_string}"},"query-input":{"@type":"PropertyValueSpecification","valueRequired":true,"valueName":"search_term_string"}}],"inLanguage":"pt-BR"},{"@type":"Person","@id":"https:\/\/verdadeon.com.br\/portal\/#\/schema\/person\/a5060ad1e9ea3df545188fc93ce43d2f","name":"Redacao VerdadeOn","image":{"@type":"ImageObject","inLanguage":"pt-BR","@id":"https:\/\/verdadeon.com.br\/portal\/#\/schema\/person\/image\/","url":"https:\/\/secure.gravatar.com\/avatar\/459a9613caaaf07f582c3d0841eea68bdd66f533e465e6ba8b9cb45619572cf4?s=96&d=mm&r=g","contentUrl":"https:\/\/secure.gravatar.com\/avatar\/459a9613caaaf07f582c3d0841eea68bdd66f533e465e6ba8b9cb45619572cf4?s=96&d=mm&r=g","caption":"Redacao VerdadeOn"},"url":"https:\/\/verdadeon.com.br\/portal\/author\/redacao\/"}]}},"jetpack_publicize_connections":[],"jetpack_featured_media_url":"https:\/\/i0.wp.com\/verdadeon.com.br\/portal\/wp-content\/uploads\/2021\/12\/WhatsApp-Image-2021-12-30-at-14.39.24-e1640886115332.jpeg?fit=1000%2C672&ssl=1","jetpack_sharing_enabled":true,"_links":{"self":[{"href":"https:\/\/verdadeon.com.br\/portal\/wp-json\/wp\/v2\/posts\/23265","targetHints":{"allow":["GET"]}}],"collection":[{"href":"https:\/\/verdadeon.com.br\/portal\/wp-json\/wp\/v2\/posts"}],"about":[{"href":"https:\/\/verdadeon.com.br\/portal\/wp-json\/wp\/v2\/types\/post"}],"author":[{"embeddable":true,"href":"https:\/\/verdadeon.com.br\/portal\/wp-json\/wp\/v2\/users\/10"}],"replies":[{"embeddable":true,"href":"https:\/\/verdadeon.com.br\/portal\/wp-json\/wp\/v2\/comments?post=23265"}],"version-history":[{"count":1,"href":"https:\/\/verdadeon.com.br\/portal\/wp-json\/wp\/v2\/posts\/23265\/revisions"}],"predecessor-version":[{"id":23266,"href":"https:\/\/verdadeon.com.br\/portal\/wp-json\/wp\/v2\/posts\/23265\/revisions\/23266"}],"wp:featuredmedia":[{"embeddable":true,"href":"https:\/\/verdadeon.com.br\/portal\/wp-json\/wp\/v2\/media\/21969"}],"wp:attachment":[{"href":"https:\/\/verdadeon.com.br\/portal\/wp-json\/wp\/v2\/media?parent=23265"}],"wp:term":[{"taxonomy":"category","embeddable":true,"href":"https:\/\/verdadeon.com.br\/portal\/wp-json\/wp\/v2\/categories?post=23265"},{"taxonomy":"post_tag","embeddable":true,"href":"https:\/\/verdadeon.com.br\/portal\/wp-json\/wp\/v2\/tags?post=23265"}],"curies":[{"name":"wp","href":"https:\/\/api.w.org\/{rel}","templated":true}]}}