{"id":23246,"date":"2022-02-22T17:30:26","date_gmt":"2022-02-22T20:30:26","guid":{"rendered":"https:\/\/verdadeon.com.br\/portal\/?p=23246"},"modified":"2022-02-22T17:31:37","modified_gmt":"2022-02-22T20:31:37","slug":"cachorro-agredido-em-guaira-passa-por-cirurgia-na-mandibula-e-nao-corre-risco-de-morte","status":"publish","type":"post","link":"https:\/\/verdadeon.com.br\/portal\/2022\/02\/22\/cachorro-agredido-em-guaira-passa-por-cirurgia-na-mandibula-e-nao-corre-risco-de-morte\/","title":{"rendered":"Cachorro agredido em Gua\u00edra passa por cirurgia na mand\u00edbula e n\u00e3o corre risco de morte"},"content":{"rendered":"<h2>Agressores permanecem presos, v\u00eddeo causou como\u00e7\u00e3o e protestos em Gua\u00edra<\/h2>\n<p>O c\u00e3o Black, que foi covardemente agredido pelos seus donos na cidade de Gua\u00edra, n\u00e3o corre o risco de morte. A informa\u00e7\u00e3o \u00e9 da veterin\u00e1ria da Prefeitura, Marina Vicente Trist\u00e3o.<\/p>\n<p>\u201cEle precisa passar por uma cirurgia de corre\u00e7\u00e3o da mand\u00edbula, apenas essa que deve ser feita em uma cl\u00ednica aqui de Gua\u00edra. Ap\u00f3s o procedimento, ele deve ser mantido sob os cuidados da zoonoses, para a\u00ed sim ser decidido o futuro dele, se \u00e9 ado\u00e7\u00e3o ou outro meio, tudo isso vai ser definido pela Justi\u00e7a. O caso ganhou muita repercuss\u00e3o, ent\u00e3o algumas decis\u00f5es est\u00e3o at\u00e9 mesmo sob sigilo\u201d, contou.<\/p>\n<p>Marina foi uma das primeiras a receber o v\u00eddeo, ela contou que ficou em choque com as cenas, mas logo j\u00e1 procurou a pol\u00edcia para que os agressores n\u00e3o sa\u00edssem do flagrante. A princ\u00edpio, o c\u00e3o estava agressivo e muito assustado, inclusive foi necess\u00e1ria uma seda\u00e7\u00e3o para que ele fosse retirado da ch\u00e1cara.<\/p>\n<p>\u201cEu fiquei abalada, chocada, fui para a delegacia aos prantos para conversar com o delegado. Quando fomos at\u00e9 a ch\u00e1cara, dei de cara com um dos agressores, fiquei ainda mais inconformada, n\u00e3o consegui olhar para a cara deles, mas minha preocupa\u00e7\u00e3o era o animal. Eu vi o Black com o olho inchado e sangrando muito. Fiquei com o cora\u00e7\u00e3o apertado e fora de mim, com sentimento de indigna\u00e7\u00e3o, raiva, mas gra\u00e7as a Deus est\u00e1 tendo um final feliz\u201d, desabafou Marina.<\/p>\n<p>Black j\u00e1 conseguiu comer e beber \u00e1gua e, segundo a veterin\u00e1ria, est\u00e1 respondendo bem aos medicamentos e vai ser operado ainda nesta ter\u00e7a-feira (22).<\/p>\n<h4>Protesto<\/h4>\n<p>A imagem da agress\u00e3o covarde dos tutores do animal repercutiu no pa\u00eds inteiro, logo ap\u00f3s o crime, pai e filho foram presos em flagrante e permanecem na cadeia. Na tarde de segunda-feira (21), diversos moradores de Gua\u00edra fizeram um protesto pelas ruas da cidade pedindo por justi\u00e7a.<\/p>\n<p>\u201cEsse apoio da popula\u00e7\u00e3o foi fundamental, o apoio da imprensa, tudo isso deve ser levado agora como uma forma de conscientiza\u00e7\u00e3o. Que sirva de exemplo e alerta para que ningu\u00e9m mais fa\u00e7a isso\u201d, completou Marina.<\/p>\n<h4>O crime<\/h4>\n<p>Na segunda-feira (21), pai e filho foram filmados agredindo o cachorro, ele foi atingido por v\u00e1rios chutes e desmaiou quando recebeu uma paulada na cabe\u00e7a. Os agressores ainda arrastam o animal para fora de um posto de combust\u00edveis, onde o crime aconteceu.<\/p>\n<p>Na delegacia eles disseram que o c\u00e3o havia avan\u00e7ado em outras pessoas e que mordeu outros cachorros na zona rural. Eles foram levados para a delegacia e depois recolhidos ao sistema prisional do Estado.<\/p>\n","protected":false},"excerpt":{"rendered":"<p>Agressores permanecem presos, v\u00eddeo causou como\u00e7\u00e3o e protestos em Gua\u00edra O c\u00e3o Black, que foi covardemente agredido pelos seus donos na cidade de Gua\u00edra, n\u00e3o corre<span class=\"excerpt-hellip\"> [\u2026]<\/span><\/p>\n","protected":false},"author":7,"featured_media":23247,"comment_status":"open","ping_status":"open","sticky":false,"template":"","format":"standard","meta":{"_jetpack_memberships_contains_paid_content":false,"footnotes":"","jetpack_publicize_message":"","jetpack_publicize_feature_enabled":true,"jetpack_social_post_already_shared":false,"jetpack_social_options":{"image_generator_settings":{"template":"highway","default_image_id":0,"enabled":false},"version":2}},"categories":[28,81],"tags":[],"class_list":["post-23246","post","type-post","status-publish","format-standard","has-post-thumbnail","hentry","category-cotidiano","category-manchete"],"yoast_head":"<!-- This site is optimized with the Yoast SEO plugin v25.6 - https:\/\/yoast.com\/wordpress\/plugins\/seo\/ -->\n<title>Cachorro agredido em Gua\u00edra passa por cirurgia na mand\u00edbula e n\u00e3o corre risco de morte - VerdadeOn<\/title>\n<meta name=\"robots\" content=\"index, follow, max-snippet:-1, max-image-preview:large, max-video-preview:-1\" \/>\n<link rel=\"canonical\" href=\"https:\/\/verdadeon.com.br\/portal\/2022\/02\/22\/cachorro-agredido-em-guaira-passa-por-cirurgia-na-mandibula-e-nao-corre-risco-de-morte\/\" \/>\n<meta property=\"og:locale\" content=\"pt_BR\" \/>\n<meta property=\"og:type\" content=\"article\" \/>\n<meta property=\"og:title\" content=\"Cachorro agredido em Gua\u00edra passa por cirurgia na mand\u00edbula e n\u00e3o corre risco de morte - VerdadeOn\" \/>\n<meta property=\"og:description\" content=\"Agressores permanecem presos, v\u00eddeo causou como\u00e7\u00e3o e protestos em Gua\u00edra O c\u00e3o Black, que foi covardemente agredido pelos seus donos na cidade de Gua\u00edra, n\u00e3o corre [\u2026]\" \/>\n<meta property=\"og:url\" content=\"https:\/\/verdadeon.com.br\/portal\/2022\/02\/22\/cachorro-agredido-em-guaira-passa-por-cirurgia-na-mandibula-e-nao-corre-risco-de-morte\/\" \/>\n<meta property=\"og:site_name\" content=\"VerdadeOn\" \/>\n<meta property=\"article:published_time\" content=\"2022-02-22T20:30:26+00:00\" \/>\n<meta property=\"article:modified_time\" content=\"2022-02-22T20:31:37+00:00\" \/>\n<meta property=\"og:image\" content=\"https:\/\/verdadeon.com.br\/portal\/wp-content\/uploads\/2022\/02\/WhatsApp-Image-2022-02-22-at-17.13.08.jpeg\" \/>\n\t<meta property=\"og:image:width\" content=\"1000\" \/>\n\t<meta property=\"og:image:height\" content=\"670\" \/>\n\t<meta property=\"og:image:type\" content=\"image\/jpeg\" \/>\n<meta name=\"author\" content=\"Fernando Lima\" \/>\n<meta name=\"twitter:card\" content=\"summary_large_image\" \/>\n<meta name=\"twitter:label1\" content=\"Escrito por\" \/>\n\t<meta name=\"twitter:data1\" content=\"Fernando Lima\" \/>\n\t<meta name=\"twitter:label2\" content=\"Est. tempo de leitura\" \/>\n\t<meta name=\"twitter:data2\" content=\"3 minutos\" \/>\n<script type=\"application\/ld+json\" class=\"yoast-schema-graph\">{\"@context\":\"https:\/\/schema.org\",\"@graph\":[{\"@type\":\"WebPage\",\"@id\":\"https:\/\/verdadeon.com.br\/portal\/2022\/02\/22\/cachorro-agredido-em-guaira-passa-por-cirurgia-na-mandibula-e-nao-corre-risco-de-morte\/\",\"url\":\"https:\/\/verdadeon.com.br\/portal\/2022\/02\/22\/cachorro-agredido-em-guaira-passa-por-cirurgia-na-mandibula-e-nao-corre-risco-de-morte\/\",\"name\":\"Cachorro agredido em Gua\u00edra passa por cirurgia na mand\u00edbula e n\u00e3o corre risco de morte - VerdadeOn\",\"isPartOf\":{\"@id\":\"https:\/\/verdadeon.com.br\/portal\/#website\"},\"primaryImageOfPage\":{\"@id\":\"https:\/\/verdadeon.com.br\/portal\/2022\/02\/22\/cachorro-agredido-em-guaira-passa-por-cirurgia-na-mandibula-e-nao-corre-risco-de-morte\/#primaryimage\"},\"image\":{\"@id\":\"https:\/\/verdadeon.com.br\/portal\/2022\/02\/22\/cachorro-agredido-em-guaira-passa-por-cirurgia-na-mandibula-e-nao-corre-risco-de-morte\/#primaryimage\"},\"thumbnailUrl\":\"https:\/\/i0.wp.com\/verdadeon.com.br\/portal\/wp-content\/uploads\/2022\/02\/WhatsApp-Image-2022-02-22-at-17.13.08.jpeg?fit=1000%2C670&ssl=1\",\"datePublished\":\"2022-02-22T20:30:26+00:00\",\"dateModified\":\"2022-02-22T20:31:37+00:00\",\"author\":{\"@id\":\"https:\/\/verdadeon.com.br\/portal\/#\/schema\/person\/cc32be22b8e8599387c480bc83e1d11a\"},\"breadcrumb\":{\"@id\":\"https:\/\/verdadeon.com.br\/portal\/2022\/02\/22\/cachorro-agredido-em-guaira-passa-por-cirurgia-na-mandibula-e-nao-corre-risco-de-morte\/#breadcrumb\"},\"inLanguage\":\"pt-BR\",\"potentialAction\":[{\"@type\":\"ReadAction\",\"target\":[\"https:\/\/verdadeon.com.br\/portal\/2022\/02\/22\/cachorro-agredido-em-guaira-passa-por-cirurgia-na-mandibula-e-nao-corre-risco-de-morte\/\"]}]},{\"@type\":\"ImageObject\",\"inLanguage\":\"pt-BR\",\"@id\":\"https:\/\/verdadeon.com.br\/portal\/2022\/02\/22\/cachorro-agredido-em-guaira-passa-por-cirurgia-na-mandibula-e-nao-corre-risco-de-morte\/#primaryimage\",\"url\":\"https:\/\/i0.wp.com\/verdadeon.com.br\/portal\/wp-content\/uploads\/2022\/02\/WhatsApp-Image-2022-02-22-at-17.13.08.jpeg?fit=1000%2C670&ssl=1\",\"contentUrl\":\"https:\/\/i0.wp.com\/verdadeon.com.br\/portal\/wp-content\/uploads\/2022\/02\/WhatsApp-Image-2022-02-22-at-17.13.08.jpeg?fit=1000%2C670&ssl=1\",\"width\":1000,\"height\":670,\"caption\":\"Montagem em redes sociais pede justi\u00e7a contra os agressores do c\u00e3o Black. Animal n\u00e3o corre o risco de morte e est\u00e1 sob cuidados da Prefeitura de Gua\u00edra | Foto: Reprodu\u00e7\u00e3o\"},{\"@type\":\"BreadcrumbList\",\"@id\":\"https:\/\/verdadeon.com.br\/portal\/2022\/02\/22\/cachorro-agredido-em-guaira-passa-por-cirurgia-na-mandibula-e-nao-corre-risco-de-morte\/#breadcrumb\",\"itemListElement\":[{\"@type\":\"ListItem\",\"position\":1,\"name\":\"In\u00edcio\",\"item\":\"https:\/\/verdadeon.com.br\/portal\/\"},{\"@type\":\"ListItem\",\"position\":2,\"name\":\"Cachorro agredido em Gua\u00edra passa por cirurgia na mand\u00edbula e n\u00e3o corre risco de morte\"}]},{\"@type\":\"WebSite\",\"@id\":\"https:\/\/verdadeon.com.br\/portal\/#website\",\"url\":\"https:\/\/verdadeon.com.br\/portal\/\",\"name\":\"VerdadeOn\",\"description\":\"Not\u00edcias di\u00e1rias sobre Franca, Regi\u00e3o, Esporte, Cultura, Cotidiano, Colunas. Cobertura nos principais eventos da cidade \u00e9 aqui - Verdadeon Franca\",\"potentialAction\":[{\"@type\":\"SearchAction\",\"target\":{\"@type\":\"EntryPoint\",\"urlTemplate\":\"https:\/\/verdadeon.com.br\/portal\/?s={search_term_string}\"},\"query-input\":{\"@type\":\"PropertyValueSpecification\",\"valueRequired\":true,\"valueName\":\"search_term_string\"}}],\"inLanguage\":\"pt-BR\"},{\"@type\":\"Person\",\"@id\":\"https:\/\/verdadeon.com.br\/portal\/#\/schema\/person\/cc32be22b8e8599387c480bc83e1d11a\",\"name\":\"Fernando Lima\",\"image\":{\"@type\":\"ImageObject\",\"inLanguage\":\"pt-BR\",\"@id\":\"https:\/\/verdadeon.com.br\/portal\/#\/schema\/person\/image\/\",\"url\":\"https:\/\/secure.gravatar.com\/avatar\/df4c8e132080d2b3a4841d5d232045464e0eed11a1d6e43115ca0843d48768d3?s=96&d=mm&r=g\",\"contentUrl\":\"https:\/\/secure.gravatar.com\/avatar\/df4c8e132080d2b3a4841d5d232045464e0eed11a1d6e43115ca0843d48768d3?s=96&d=mm&r=g\",\"caption\":\"Fernando Lima\"},\"sameAs\":[\"http:\/\/verdadeon.com.br\/\"],\"url\":\"https:\/\/verdadeon.com.br\/portal\/author\/fernando-lima\/\"}]}<\/script>\n<!-- \/ Yoast SEO plugin. -->","yoast_head_json":{"title":"Cachorro agredido em Gua\u00edra passa por cirurgia na mand\u00edbula e n\u00e3o corre risco de morte - VerdadeOn","robots":{"index":"index","follow":"follow","max-snippet":"max-snippet:-1","max-image-preview":"max-image-preview:large","max-video-preview":"max-video-preview:-1"},"canonical":"https:\/\/verdadeon.com.br\/portal\/2022\/02\/22\/cachorro-agredido-em-guaira-passa-por-cirurgia-na-mandibula-e-nao-corre-risco-de-morte\/","og_locale":"pt_BR","og_type":"article","og_title":"Cachorro agredido em Gua\u00edra passa por cirurgia na mand\u00edbula e n\u00e3o corre risco de morte - VerdadeOn","og_description":"Agressores permanecem presos, v\u00eddeo causou como\u00e7\u00e3o e protestos em Gua\u00edra O c\u00e3o Black, que foi covardemente agredido pelos seus donos na cidade de Gua\u00edra, n\u00e3o corre [\u2026]","og_url":"https:\/\/verdadeon.com.br\/portal\/2022\/02\/22\/cachorro-agredido-em-guaira-passa-por-cirurgia-na-mandibula-e-nao-corre-risco-de-morte\/","og_site_name":"VerdadeOn","article_published_time":"2022-02-22T20:30:26+00:00","article_modified_time":"2022-02-22T20:31:37+00:00","og_image":[{"width":1000,"height":670,"url":"https:\/\/verdadeon.com.br\/portal\/wp-content\/uploads\/2022\/02\/WhatsApp-Image-2022-02-22-at-17.13.08.jpeg","type":"image\/jpeg"}],"author":"Fernando Lima","twitter_card":"summary_large_image","twitter_misc":{"Escrito por":"Fernando Lima","Est. tempo de leitura":"3 minutos"},"schema":{"@context":"https:\/\/schema.org","@graph":[{"@type":"WebPage","@id":"https:\/\/verdadeon.com.br\/portal\/2022\/02\/22\/cachorro-agredido-em-guaira-passa-por-cirurgia-na-mandibula-e-nao-corre-risco-de-morte\/","url":"https:\/\/verdadeon.com.br\/portal\/2022\/02\/22\/cachorro-agredido-em-guaira-passa-por-cirurgia-na-mandibula-e-nao-corre-risco-de-morte\/","name":"Cachorro agredido em Gua\u00edra passa por cirurgia na mand\u00edbula e n\u00e3o corre risco de morte - VerdadeOn","isPartOf":{"@id":"https:\/\/verdadeon.com.br\/portal\/#website"},"primaryImageOfPage":{"@id":"https:\/\/verdadeon.com.br\/portal\/2022\/02\/22\/cachorro-agredido-em-guaira-passa-por-cirurgia-na-mandibula-e-nao-corre-risco-de-morte\/#primaryimage"},"image":{"@id":"https:\/\/verdadeon.com.br\/portal\/2022\/02\/22\/cachorro-agredido-em-guaira-passa-por-cirurgia-na-mandibula-e-nao-corre-risco-de-morte\/#primaryimage"},"thumbnailUrl":"https:\/\/i0.wp.com\/verdadeon.com.br\/portal\/wp-content\/uploads\/2022\/02\/WhatsApp-Image-2022-02-22-at-17.13.08.jpeg?fit=1000%2C670&ssl=1","datePublished":"2022-02-22T20:30:26+00:00","dateModified":"2022-02-22T20:31:37+00:00","author":{"@id":"https:\/\/verdadeon.com.br\/portal\/#\/schema\/person\/cc32be22b8e8599387c480bc83e1d11a"},"breadcrumb":{"@id":"https:\/\/verdadeon.com.br\/portal\/2022\/02\/22\/cachorro-agredido-em-guaira-passa-por-cirurgia-na-mandibula-e-nao-corre-risco-de-morte\/#breadcrumb"},"inLanguage":"pt-BR","potentialAction":[{"@type":"ReadAction","target":["https:\/\/verdadeon.com.br\/portal\/2022\/02\/22\/cachorro-agredido-em-guaira-passa-por-cirurgia-na-mandibula-e-nao-corre-risco-de-morte\/"]}]},{"@type":"ImageObject","inLanguage":"pt-BR","@id":"https:\/\/verdadeon.com.br\/portal\/2022\/02\/22\/cachorro-agredido-em-guaira-passa-por-cirurgia-na-mandibula-e-nao-corre-risco-de-morte\/#primaryimage","url":"https:\/\/i0.wp.com\/verdadeon.com.br\/portal\/wp-content\/uploads\/2022\/02\/WhatsApp-Image-2022-02-22-at-17.13.08.jpeg?fit=1000%2C670&ssl=1","contentUrl":"https:\/\/i0.wp.com\/verdadeon.com.br\/portal\/wp-content\/uploads\/2022\/02\/WhatsApp-Image-2022-02-22-at-17.13.08.jpeg?fit=1000%2C670&ssl=1","width":1000,"height":670,"caption":"Montagem em redes sociais pede justi\u00e7a contra os agressores do c\u00e3o Black. Animal n\u00e3o corre o risco de morte e est\u00e1 sob cuidados da Prefeitura de Gua\u00edra | Foto: Reprodu\u00e7\u00e3o"},{"@type":"BreadcrumbList","@id":"https:\/\/verdadeon.com.br\/portal\/2022\/02\/22\/cachorro-agredido-em-guaira-passa-por-cirurgia-na-mandibula-e-nao-corre-risco-de-morte\/#breadcrumb","itemListElement":[{"@type":"ListItem","position":1,"name":"In\u00edcio","item":"https:\/\/verdadeon.com.br\/portal\/"},{"@type":"ListItem","position":2,"name":"Cachorro agredido em Gua\u00edra passa por cirurgia na mand\u00edbula e n\u00e3o corre risco de morte"}]},{"@type":"WebSite","@id":"https:\/\/verdadeon.com.br\/portal\/#website","url":"https:\/\/verdadeon.com.br\/portal\/","name":"VerdadeOn","description":"Not\u00edcias di\u00e1rias sobre Franca, Regi\u00e3o, Esporte, Cultura, Cotidiano, Colunas. Cobertura nos principais eventos da cidade \u00e9 aqui - Verdadeon Franca","potentialAction":[{"@type":"SearchAction","target":{"@type":"EntryPoint","urlTemplate":"https:\/\/verdadeon.com.br\/portal\/?s={search_term_string}"},"query-input":{"@type":"PropertyValueSpecification","valueRequired":true,"valueName":"search_term_string"}}],"inLanguage":"pt-BR"},{"@type":"Person","@id":"https:\/\/verdadeon.com.br\/portal\/#\/schema\/person\/cc32be22b8e8599387c480bc83e1d11a","name":"Fernando Lima","image":{"@type":"ImageObject","inLanguage":"pt-BR","@id":"https:\/\/verdadeon.com.br\/portal\/#\/schema\/person\/image\/","url":"https:\/\/secure.gravatar.com\/avatar\/df4c8e132080d2b3a4841d5d232045464e0eed11a1d6e43115ca0843d48768d3?s=96&d=mm&r=g","contentUrl":"https:\/\/secure.gravatar.com\/avatar\/df4c8e132080d2b3a4841d5d232045464e0eed11a1d6e43115ca0843d48768d3?s=96&d=mm&r=g","caption":"Fernando Lima"},"sameAs":["http:\/\/verdadeon.com.br\/"],"url":"https:\/\/verdadeon.com.br\/portal\/author\/fernando-lima\/"}]}},"jetpack_publicize_connections":[],"jetpack_featured_media_url":"https:\/\/i0.wp.com\/verdadeon.com.br\/portal\/wp-content\/uploads\/2022\/02\/WhatsApp-Image-2022-02-22-at-17.13.08.jpeg?fit=1000%2C670&ssl=1","jetpack_sharing_enabled":true,"_links":{"self":[{"href":"https:\/\/verdadeon.com.br\/portal\/wp-json\/wp\/v2\/posts\/23246","targetHints":{"allow":["GET"]}}],"collection":[{"href":"https:\/\/verdadeon.com.br\/portal\/wp-json\/wp\/v2\/posts"}],"about":[{"href":"https:\/\/verdadeon.com.br\/portal\/wp-json\/wp\/v2\/types\/post"}],"author":[{"embeddable":true,"href":"https:\/\/verdadeon.com.br\/portal\/wp-json\/wp\/v2\/users\/7"}],"replies":[{"embeddable":true,"href":"https:\/\/verdadeon.com.br\/portal\/wp-json\/wp\/v2\/comments?post=23246"}],"version-history":[{"count":1,"href":"https:\/\/verdadeon.com.br\/portal\/wp-json\/wp\/v2\/posts\/23246\/revisions"}],"predecessor-version":[{"id":23249,"href":"https:\/\/verdadeon.com.br\/portal\/wp-json\/wp\/v2\/posts\/23246\/revisions\/23249"}],"wp:featuredmedia":[{"embeddable":true,"href":"https:\/\/verdadeon.com.br\/portal\/wp-json\/wp\/v2\/media\/23247"}],"wp:attachment":[{"href":"https:\/\/verdadeon.com.br\/portal\/wp-json\/wp\/v2\/media?parent=23246"}],"wp:term":[{"taxonomy":"category","embeddable":true,"href":"https:\/\/verdadeon.com.br\/portal\/wp-json\/wp\/v2\/categories?post=23246"},{"taxonomy":"post_tag","embeddable":true,"href":"https:\/\/verdadeon.com.br\/portal\/wp-json\/wp\/v2\/tags?post=23246"}],"curies":[{"name":"wp","href":"https:\/\/api.w.org\/{rel}","templated":true}]}}