{"id":23240,"date":"2022-02-21T18:50:34","date_gmt":"2022-02-21T21:50:34","guid":{"rendered":"https:\/\/verdadeon.com.br\/portal\/?p=23240"},"modified":"2022-02-21T18:49:53","modified_gmt":"2022-02-21T21:49:53","slug":"em-um-dia-vacina-franca-imuniza-3-500-pessoas-contra-a-covid-19","status":"publish","type":"post","link":"https:\/\/verdadeon.com.br\/portal\/2022\/02\/21\/em-um-dia-vacina-franca-imuniza-3-500-pessoas-contra-a-covid-19\/","title":{"rendered":"Em um dia, \u2018Vacina Franca\u2019 imuniza 3.500 pessoas contra a Covid-19"},"content":{"rendered":"<h2>Secretaria da Sa\u00fade mobilizou equipes no \u00faltimo s\u00e1bado para campanha de vacina\u00e7\u00e3o no Parque Fernando Costa<\/h2>\n<p>&nbsp;<\/p>\n<p>&nbsp;<\/p>\n<p>&nbsp;<\/p>\n<p><span style=\"font-weight: 400;\">A Secretaria de Sa\u00fade apresentou nesta segunda-feira (21) o balan\u00e7o do evento \u201cVacina Franca\u201d, realizado no \u00faltimo s\u00e1bado (19) no Parque Fernando Costa. Durante a mobiliza\u00e7\u00e3o, foram aplicadas 3.500 doses das vacinas contra a Covid-19.<\/span><\/p>\n<p><span style=\"font-weight: 400;\">Deste total, a maior quantidade foi para a terceira dose, com 2.377, seguida da primeira dose para crian\u00e7as de 5 a 11 anos, com a imuniza\u00e7\u00e3o de 853 pessoas e 220 aplica\u00e7\u00f5es feitas para a primeira dose de jovens com 12 anos ou mais e 50 francanos receberam a segunda dose, na faixa et\u00e1ria entre 11 anos ou mais.\u00a0\u00a0<\/span><\/p>\n<p><span style=\"font-weight: 400;\">Para este evento, a Secretaria de Sa\u00fade disponibilizou cerca de 10 mil doses, entre primeira, segunda e terceira aplica\u00e7\u00f5es dos imunizantes, possibilitando que milhares de pessoas que estavam em atraso com o calend\u00e1rio vacinal, pudessem iniciar ou completar o ciclo de imuniza\u00e7\u00e3o contra a Covid-19. Tamb\u00e9m foram oferecidos transporte gratuito nos bairros, distribu\u00eddas pipoca e algod\u00e3o doce para as crian\u00e7as, que tamb\u00e9m puderam se divertir no pula-pula.<\/span><\/p>\n<p><span style=\"font-weight: 400;\">&#8220;N\u00f3s aplicamos 3.500 doses das vacinas, fa\u00e7o um balan\u00e7o positivo do &#8216;Vacina Franca&#8217;, tendo em vista que, desta quantidade aplicada, aproximadamente 62% do p\u00fablico \u00e9 composto por pessoas que ainda n\u00e3o tinham recebido a terceira dose. A gente entende que essas pessoas foram at\u00e9 o Parque e completaram o seu esquema vacinal. Os mutir\u00f5es de s\u00e1bado s\u00e3o importantes para oferecer uma nova oportunidade de imuniza\u00e7\u00e3o para as pessoas que trabalham ou t\u00eam seus afazeres di\u00e1rios&#8221;, disse a secret\u00e1ria de Sa\u00fade Wal\u00e9ria Mascarenhas.<\/span><\/p>\n<h4>Programa\u00e7\u00e3o desta ter\u00e7a<\/h4>\n<p><span style=\"font-weight: 400;\">A Campanha de Vacina\u00e7\u00e3o contra a Covid-19 prossegue nesta ter\u00e7a-feira (22) em nove postos, com atendimento das 7h30 \u00e0s 16h.<\/span><\/p>\n<p><b>1\u00aa DOSE (CRIAN\u00c7AS DE 5 ANOS \u2013 POPULA\u00c7\u00c3O GERAL) \/ 1\u00aa DOSE (CRIAN\u00c7AS DE 5 A 11 ANOS &#8211; PCD, COMORBIDADES E IMUNOSSUPRIMIDOS)<\/b><\/p>\n<p><span style=\"font-weight: 400;\">Para esta ter\u00e7a-feira, 22, a aplica\u00e7\u00e3o da primeira dose para crian\u00e7as de 5 anos (popula\u00e7\u00e3o geral) e crian\u00e7as de 5 a 11 anos &#8211; PCD (Pessoas com Defici\u00eancia) com comorbidades e imunossuprimidos ser\u00e1 realizada na UBS Santa Terezinha.<\/span><\/p>\n<p><span style=\"font-weight: 400;\">As crian\u00e7as dever\u00e3o estar acompanhadas pelos pais ou um respons\u00e1vel legal, apresentar documento com foto para a comprova\u00e7\u00e3o da identidade e faixa et\u00e1ria, CPF e comprovante de resid\u00eancia.<\/span><\/p>\n<p><span style=\"font-weight: 400;\">J\u00e1 as crian\u00e7as dessa mesma faixa et\u00e1ria com comorbidades dever\u00e3o tamb\u00e9m apresentar receitas com validade de at\u00e9 6 meses, exames, relat\u00f3rio m\u00e9dico, prescri\u00e7\u00e3o m\u00e9dica dos \u00faltimos 60 dias, constando o CRM do m\u00e9dico.<\/span><\/p>\n<p><b>1\u00aa e 2\u00aa DOSES (6 A 11 ANOS GERAL) &#8211; COMORBIDADES E PCD &#8211; CORONAVAC<\/b><\/p>\n<p><span style=\"font-weight: 400;\">A primeira e a segunda doses para crian\u00e7as de 6 a 11 anos (popula\u00e7\u00e3o geral), que apresentam comorbidades ou pessoas com defici\u00eancia (PCD) ser\u00e3o realizadas nas UBSs S\u00e3o Sebasti\u00e3o, Paulistano, Progresso e Aeroporto 3, das 7h30 \u00e0s 16h. As crian\u00e7as dever\u00e3o estar acompanhadas pelos pais ou um respons\u00e1vel legal, apresentar documento com foto para comprova\u00e7\u00e3o da identidade e faixa et\u00e1ria, CPF e comprovante de resid\u00eancia. Para a segunda dose, dever\u00e1 ser apresentado o cart\u00e3o de vacina\u00e7\u00e3o para comprovar a primeira aplica\u00e7\u00e3o.<\/span><\/p>\n<p><span style=\"font-weight: 400;\">J\u00e1 as crian\u00e7as com comorbidades dever\u00e3o tamb\u00e9m apresentar receitas com validade de at\u00e9 6 meses, exames, relat\u00f3rio m\u00e9dico, prescri\u00e7\u00e3o m\u00e9dica dos \u00faltimos 60 dias, constando o CRM do m\u00e9dico.<\/span><\/p>\n<p><b>1\u00aa E 2\u00aa DOSES (12 ANOS OU MAIS) \/ 1\u00aa, 2\u00aa e 3\u00aa DOSES (GESTANTES E PU\u00c9RPERAS) \/\u00a0 4\u00aa DOSE IMUNOSSUPRIMIDOS (12 ANOS OU MAIS) &#8211; PFIZER\u00a0<\/b><\/p>\n<p><span style=\"font-weight: 400;\">A primeira dose para pessoas na faixa et\u00e1ria de 12 a 17 anos, segunda aplica\u00e7\u00e3o para pessoas de 12 anos ou mais, gestantes e pu\u00e9rperas, al\u00e9m da aplica\u00e7\u00e3o da quarta dose para imunossuprimidos, com 12 anos ou mais da vacina Pfizer, poder\u00e3o ser recebidas nesta ter\u00e7a-feira, na UBS Esta\u00e7\u00e3o, onde os interessados dever\u00e3o apresentar um documento de identidade com foto e o comprovante de recebimento das doses anteriores.<\/span><\/p>\n<p><span style=\"font-weight: 400;\">As pessoas com idade de 12 a 17 anos dever\u00e3o estar acompanhadas pelos pais ou um respons\u00e1vel legal, tendo em m\u00e3os um documento de identidade com foto e comprovante de endere\u00e7o. Caso n\u00e3o seja poss\u00edvel, dever\u00e1 ser apresentado o Termo de Assentimento preenchido com assinatura do respons\u00e1vel, que pode ser acessado pelo link <\/span><a href=\"https:\/\/www.franca.sp.gov.br\/administracao-municipal\/administracao-direta\/saude\/vacinacao-covid-19\"><span style=\"font-weight: 400;\">https:\/\/www.franca.sp.gov.br\/administracao-municipal\/administracao-direta\/saude\/vacinacao-covid-19<\/span><\/a><span style=\"font-weight: 400;\"> .<\/span><\/p>\n<p><span style=\"font-weight: 400;\">O intervalo da segunda para a terceira dose para as pessoas com 18 anos ou mais deve ser de 4 meses. Tamb\u00e9m estar\u00e3o dispon\u00edveis a primeira, segunda e terceira doses para gestantes e pu\u00e9rperas.<\/span><\/p>\n<p><span style=\"font-weight: 400;\">As pessoas com 12 anos ou mais poder\u00e3o receber a terceira dose do imunizante ap\u00f3s 4 meses da segunda aplica\u00e7\u00e3o. O primeiro refor\u00e7o para imunossuprimidos, maiores de 12 anos, com intervalo de 28 dias, ap\u00f3s a segunda dose. J\u00e1 o segundo refor\u00e7o para imunossuprimidos, deve acontecer com intervalo de 4 meses, ap\u00f3s a aplica\u00e7\u00e3o do primeiro refor\u00e7o.<\/span><\/p>\n<p><b>2\u00aa DOSE (12 ANOS OU MAIS) &#8211; CORONAVAC<\/b><\/p>\n<p><span style=\"font-weight: 400;\">A segunda dose da vacina Coronavac para pessoas com 12 anos ou mais ser\u00e1 aplicada nesta ter\u00e7a-feira, 22, nas UBSs S\u00e3o Sebasti\u00e3o, Paulistano, Progresso e Aeroporto 3, mediante a apresenta\u00e7\u00e3o do comprovante de aplica\u00e7\u00e3o da primeira dose, com intervalo de 28 dias.<\/span><\/p>\n<p><span style=\"font-weight: 400;\">As pessoas com idade de 12 a 17 anos dever\u00e3o estar acompanhadas pelos pais ou um respons\u00e1vel legal, tendo em m\u00e3os um documento de identidade com foto e comprovante de endere\u00e7o. Caso n\u00e3o seja poss\u00edvel, dever\u00e1 ser apresentado o Termo de Assentimento preenchido com assinatura do respons\u00e1vel, que pode ser acessado pelo link <\/span><a href=\"https:\/\/www.franca.sp.gov.br\/administracao-municipal\/administracao-direta\/saude\/vacinacao-covid-19\"><span style=\"font-weight: 400;\">https:\/\/www.franca.sp.gov.br\/administracao-municipal\/administracao-direta\/saude\/vacinacao-covid-19<\/span><\/a><span style=\"font-weight: 400;\"> .<\/span><\/p>\n<p><b>2\u00aa E 3\u00aa DOSES &#8211; ASTRAZENECA<\/b><\/p>\n<p><span style=\"font-weight: 400;\">Para esta ter\u00e7a-feira, 22, ser\u00e3o aplicadas nas UBS Leporace, \u00c2ngela Rosa e Paulista, das 7h30 \u00e0s 16h, as segunda e terceira doses da vacina Astrazeneca, mediante apresenta\u00e7\u00e3o do comprovante de vacina\u00e7\u00e3o e um documento de identidade com foto.<\/span><\/p>\n<p>&nbsp;<\/p>\n","protected":false},"excerpt":{"rendered":"<p>Secretaria da Sa\u00fade mobilizou equipes no \u00faltimo s\u00e1bado para campanha de vacina\u00e7\u00e3o no Parque Fernando Costa &nbsp; &nbsp; &nbsp; A Secretaria de Sa\u00fade apresentou nesta segunda-feira<span class=\"excerpt-hellip\"> [\u2026]<\/span><\/p>\n","protected":false},"author":10,"featured_media":23241,"comment_status":"open","ping_status":"open","sticky":false,"template":"","format":"standard","meta":{"_jetpack_memberships_contains_paid_content":false,"footnotes":"","jetpack_publicize_message":"","jetpack_publicize_feature_enabled":true,"jetpack_social_post_already_shared":false,"jetpack_social_options":{"image_generator_settings":{"template":"highway","default_image_id":0,"enabled":false},"version":2}},"categories":[28,81],"tags":[],"class_list":["post-23240","post","type-post","status-publish","format-standard","has-post-thumbnail","hentry","category-cotidiano","category-manchete"],"yoast_head":"<!-- This site is optimized with the Yoast SEO plugin v25.6 - https:\/\/yoast.com\/wordpress\/plugins\/seo\/ -->\n<title>Em um dia, \u2018Vacina Franca\u2019 imuniza 3.500 pessoas contra a Covid-19 - VerdadeOn<\/title>\n<meta name=\"robots\" content=\"index, follow, max-snippet:-1, max-image-preview:large, max-video-preview:-1\" \/>\n<link rel=\"canonical\" href=\"https:\/\/verdadeon.com.br\/portal\/2022\/02\/21\/em-um-dia-vacina-franca-imuniza-3-500-pessoas-contra-a-covid-19\/\" \/>\n<meta property=\"og:locale\" content=\"pt_BR\" \/>\n<meta property=\"og:type\" content=\"article\" \/>\n<meta property=\"og:title\" content=\"Em um dia, \u2018Vacina Franca\u2019 imuniza 3.500 pessoas contra a Covid-19 - VerdadeOn\" \/>\n<meta property=\"og:description\" content=\"Secretaria da Sa\u00fade mobilizou equipes no \u00faltimo s\u00e1bado para campanha de vacina\u00e7\u00e3o no Parque Fernando Costa &nbsp; &nbsp; &nbsp; A Secretaria de Sa\u00fade apresentou nesta segunda-feira [\u2026]\" \/>\n<meta property=\"og:url\" content=\"https:\/\/verdadeon.com.br\/portal\/2022\/02\/21\/em-um-dia-vacina-franca-imuniza-3-500-pessoas-contra-a-covid-19\/\" \/>\n<meta property=\"og:site_name\" content=\"VerdadeOn\" \/>\n<meta property=\"article:published_time\" content=\"2022-02-21T21:50:34+00:00\" \/>\n<meta property=\"og:image\" content=\"https:\/\/verdadeon.com.br\/portal\/wp-content\/uploads\/2022\/02\/DSC_3412.jpg\" \/>\n\t<meta property=\"og:image:width\" content=\"1000\" \/>\n\t<meta property=\"og:image:height\" content=\"670\" \/>\n\t<meta property=\"og:image:type\" content=\"image\/jpeg\" \/>\n<meta name=\"author\" content=\"Redacao VerdadeOn\" \/>\n<meta name=\"twitter:card\" content=\"summary_large_image\" \/>\n<meta name=\"twitter:label1\" content=\"Escrito por\" \/>\n\t<meta name=\"twitter:data1\" content=\"Redacao VerdadeOn\" \/>\n\t<meta name=\"twitter:label2\" content=\"Est. tempo de leitura\" \/>\n\t<meta name=\"twitter:data2\" content=\"6 minutos\" \/>\n<script type=\"application\/ld+json\" class=\"yoast-schema-graph\">{\"@context\":\"https:\/\/schema.org\",\"@graph\":[{\"@type\":\"WebPage\",\"@id\":\"https:\/\/verdadeon.com.br\/portal\/2022\/02\/21\/em-um-dia-vacina-franca-imuniza-3-500-pessoas-contra-a-covid-19\/\",\"url\":\"https:\/\/verdadeon.com.br\/portal\/2022\/02\/21\/em-um-dia-vacina-franca-imuniza-3-500-pessoas-contra-a-covid-19\/\",\"name\":\"Em um dia, \u2018Vacina Franca\u2019 imuniza 3.500 pessoas contra a Covid-19 - VerdadeOn\",\"isPartOf\":{\"@id\":\"https:\/\/verdadeon.com.br\/portal\/#website\"},\"primaryImageOfPage\":{\"@id\":\"https:\/\/verdadeon.com.br\/portal\/2022\/02\/21\/em-um-dia-vacina-franca-imuniza-3-500-pessoas-contra-a-covid-19\/#primaryimage\"},\"image\":{\"@id\":\"https:\/\/verdadeon.com.br\/portal\/2022\/02\/21\/em-um-dia-vacina-franca-imuniza-3-500-pessoas-contra-a-covid-19\/#primaryimage\"},\"thumbnailUrl\":\"https:\/\/i0.wp.com\/verdadeon.com.br\/portal\/wp-content\/uploads\/2022\/02\/DSC_3412.jpg?fit=1000%2C670&ssl=1\",\"datePublished\":\"2022-02-21T21:50:34+00:00\",\"author\":{\"@id\":\"https:\/\/verdadeon.com.br\/portal\/#\/schema\/person\/a5060ad1e9ea3df545188fc93ce43d2f\"},\"breadcrumb\":{\"@id\":\"https:\/\/verdadeon.com.br\/portal\/2022\/02\/21\/em-um-dia-vacina-franca-imuniza-3-500-pessoas-contra-a-covid-19\/#breadcrumb\"},\"inLanguage\":\"pt-BR\",\"potentialAction\":[{\"@type\":\"ReadAction\",\"target\":[\"https:\/\/verdadeon.com.br\/portal\/2022\/02\/21\/em-um-dia-vacina-franca-imuniza-3-500-pessoas-contra-a-covid-19\/\"]}]},{\"@type\":\"ImageObject\",\"inLanguage\":\"pt-BR\",\"@id\":\"https:\/\/verdadeon.com.br\/portal\/2022\/02\/21\/em-um-dia-vacina-franca-imuniza-3-500-pessoas-contra-a-covid-19\/#primaryimage\",\"url\":\"https:\/\/i0.wp.com\/verdadeon.com.br\/portal\/wp-content\/uploads\/2022\/02\/DSC_3412.jpg?fit=1000%2C670&ssl=1\",\"contentUrl\":\"https:\/\/i0.wp.com\/verdadeon.com.br\/portal\/wp-content\/uploads\/2022\/02\/DSC_3412.jpg?fit=1000%2C670&ssl=1\",\"width\":1000,\"height\":670,\"caption\":\"'Vacina Franca' foi realizado no \u00faltimo s\u00e1bado (19), no Parque Fernando Costa, e contou com atra\u00e7\u00f5es, como super her\u00f3is, para receber a popula\u00e7\u00e3o que precisava se vacinar contra a Covid-19 | Foto: Divulga\u00e7\u00e3o\"},{\"@type\":\"BreadcrumbList\",\"@id\":\"https:\/\/verdadeon.com.br\/portal\/2022\/02\/21\/em-um-dia-vacina-franca-imuniza-3-500-pessoas-contra-a-covid-19\/#breadcrumb\",\"itemListElement\":[{\"@type\":\"ListItem\",\"position\":1,\"name\":\"In\u00edcio\",\"item\":\"https:\/\/verdadeon.com.br\/portal\/\"},{\"@type\":\"ListItem\",\"position\":2,\"name\":\"Em um dia, \u2018Vacina Franca\u2019 imuniza 3.500 pessoas contra a Covid-19\"}]},{\"@type\":\"WebSite\",\"@id\":\"https:\/\/verdadeon.com.br\/portal\/#website\",\"url\":\"https:\/\/verdadeon.com.br\/portal\/\",\"name\":\"VerdadeOn\",\"description\":\"Not\u00edcias di\u00e1rias sobre Franca, Regi\u00e3o, Esporte, Cultura, Cotidiano, Colunas. Cobertura nos principais eventos da cidade \u00e9 aqui - Verdadeon Franca\",\"potentialAction\":[{\"@type\":\"SearchAction\",\"target\":{\"@type\":\"EntryPoint\",\"urlTemplate\":\"https:\/\/verdadeon.com.br\/portal\/?s={search_term_string}\"},\"query-input\":{\"@type\":\"PropertyValueSpecification\",\"valueRequired\":true,\"valueName\":\"search_term_string\"}}],\"inLanguage\":\"pt-BR\"},{\"@type\":\"Person\",\"@id\":\"https:\/\/verdadeon.com.br\/portal\/#\/schema\/person\/a5060ad1e9ea3df545188fc93ce43d2f\",\"name\":\"Redacao VerdadeOn\",\"image\":{\"@type\":\"ImageObject\",\"inLanguage\":\"pt-BR\",\"@id\":\"https:\/\/verdadeon.com.br\/portal\/#\/schema\/person\/image\/\",\"url\":\"https:\/\/secure.gravatar.com\/avatar\/459a9613caaaf07f582c3d0841eea68bdd66f533e465e6ba8b9cb45619572cf4?s=96&d=mm&r=g\",\"contentUrl\":\"https:\/\/secure.gravatar.com\/avatar\/459a9613caaaf07f582c3d0841eea68bdd66f533e465e6ba8b9cb45619572cf4?s=96&d=mm&r=g\",\"caption\":\"Redacao VerdadeOn\"},\"url\":\"https:\/\/verdadeon.com.br\/portal\/author\/redacao\/\"}]}<\/script>\n<!-- \/ Yoast SEO plugin. -->","yoast_head_json":{"title":"Em um dia, \u2018Vacina Franca\u2019 imuniza 3.500 pessoas contra a Covid-19 - VerdadeOn","robots":{"index":"index","follow":"follow","max-snippet":"max-snippet:-1","max-image-preview":"max-image-preview:large","max-video-preview":"max-video-preview:-1"},"canonical":"https:\/\/verdadeon.com.br\/portal\/2022\/02\/21\/em-um-dia-vacina-franca-imuniza-3-500-pessoas-contra-a-covid-19\/","og_locale":"pt_BR","og_type":"article","og_title":"Em um dia, \u2018Vacina Franca\u2019 imuniza 3.500 pessoas contra a Covid-19 - VerdadeOn","og_description":"Secretaria da Sa\u00fade mobilizou equipes no \u00faltimo s\u00e1bado para campanha de vacina\u00e7\u00e3o no Parque Fernando Costa &nbsp; &nbsp; &nbsp; A Secretaria de Sa\u00fade apresentou nesta segunda-feira [\u2026]","og_url":"https:\/\/verdadeon.com.br\/portal\/2022\/02\/21\/em-um-dia-vacina-franca-imuniza-3-500-pessoas-contra-a-covid-19\/","og_site_name":"VerdadeOn","article_published_time":"2022-02-21T21:50:34+00:00","og_image":[{"width":1000,"height":670,"url":"https:\/\/verdadeon.com.br\/portal\/wp-content\/uploads\/2022\/02\/DSC_3412.jpg","type":"image\/jpeg"}],"author":"Redacao VerdadeOn","twitter_card":"summary_large_image","twitter_misc":{"Escrito por":"Redacao VerdadeOn","Est. tempo de leitura":"6 minutos"},"schema":{"@context":"https:\/\/schema.org","@graph":[{"@type":"WebPage","@id":"https:\/\/verdadeon.com.br\/portal\/2022\/02\/21\/em-um-dia-vacina-franca-imuniza-3-500-pessoas-contra-a-covid-19\/","url":"https:\/\/verdadeon.com.br\/portal\/2022\/02\/21\/em-um-dia-vacina-franca-imuniza-3-500-pessoas-contra-a-covid-19\/","name":"Em um dia, \u2018Vacina Franca\u2019 imuniza 3.500 pessoas contra a Covid-19 - VerdadeOn","isPartOf":{"@id":"https:\/\/verdadeon.com.br\/portal\/#website"},"primaryImageOfPage":{"@id":"https:\/\/verdadeon.com.br\/portal\/2022\/02\/21\/em-um-dia-vacina-franca-imuniza-3-500-pessoas-contra-a-covid-19\/#primaryimage"},"image":{"@id":"https:\/\/verdadeon.com.br\/portal\/2022\/02\/21\/em-um-dia-vacina-franca-imuniza-3-500-pessoas-contra-a-covid-19\/#primaryimage"},"thumbnailUrl":"https:\/\/i0.wp.com\/verdadeon.com.br\/portal\/wp-content\/uploads\/2022\/02\/DSC_3412.jpg?fit=1000%2C670&ssl=1","datePublished":"2022-02-21T21:50:34+00:00","author":{"@id":"https:\/\/verdadeon.com.br\/portal\/#\/schema\/person\/a5060ad1e9ea3df545188fc93ce43d2f"},"breadcrumb":{"@id":"https:\/\/verdadeon.com.br\/portal\/2022\/02\/21\/em-um-dia-vacina-franca-imuniza-3-500-pessoas-contra-a-covid-19\/#breadcrumb"},"inLanguage":"pt-BR","potentialAction":[{"@type":"ReadAction","target":["https:\/\/verdadeon.com.br\/portal\/2022\/02\/21\/em-um-dia-vacina-franca-imuniza-3-500-pessoas-contra-a-covid-19\/"]}]},{"@type":"ImageObject","inLanguage":"pt-BR","@id":"https:\/\/verdadeon.com.br\/portal\/2022\/02\/21\/em-um-dia-vacina-franca-imuniza-3-500-pessoas-contra-a-covid-19\/#primaryimage","url":"https:\/\/i0.wp.com\/verdadeon.com.br\/portal\/wp-content\/uploads\/2022\/02\/DSC_3412.jpg?fit=1000%2C670&ssl=1","contentUrl":"https:\/\/i0.wp.com\/verdadeon.com.br\/portal\/wp-content\/uploads\/2022\/02\/DSC_3412.jpg?fit=1000%2C670&ssl=1","width":1000,"height":670,"caption":"'Vacina Franca' foi realizado no \u00faltimo s\u00e1bado (19), no Parque Fernando Costa, e contou com atra\u00e7\u00f5es, como super her\u00f3is, para receber a popula\u00e7\u00e3o que precisava se vacinar contra a Covid-19 | Foto: Divulga\u00e7\u00e3o"},{"@type":"BreadcrumbList","@id":"https:\/\/verdadeon.com.br\/portal\/2022\/02\/21\/em-um-dia-vacina-franca-imuniza-3-500-pessoas-contra-a-covid-19\/#breadcrumb","itemListElement":[{"@type":"ListItem","position":1,"name":"In\u00edcio","item":"https:\/\/verdadeon.com.br\/portal\/"},{"@type":"ListItem","position":2,"name":"Em um dia, \u2018Vacina Franca\u2019 imuniza 3.500 pessoas contra a Covid-19"}]},{"@type":"WebSite","@id":"https:\/\/verdadeon.com.br\/portal\/#website","url":"https:\/\/verdadeon.com.br\/portal\/","name":"VerdadeOn","description":"Not\u00edcias di\u00e1rias sobre Franca, Regi\u00e3o, Esporte, Cultura, Cotidiano, Colunas. Cobertura nos principais eventos da cidade \u00e9 aqui - Verdadeon Franca","potentialAction":[{"@type":"SearchAction","target":{"@type":"EntryPoint","urlTemplate":"https:\/\/verdadeon.com.br\/portal\/?s={search_term_string}"},"query-input":{"@type":"PropertyValueSpecification","valueRequired":true,"valueName":"search_term_string"}}],"inLanguage":"pt-BR"},{"@type":"Person","@id":"https:\/\/verdadeon.com.br\/portal\/#\/schema\/person\/a5060ad1e9ea3df545188fc93ce43d2f","name":"Redacao VerdadeOn","image":{"@type":"ImageObject","inLanguage":"pt-BR","@id":"https:\/\/verdadeon.com.br\/portal\/#\/schema\/person\/image\/","url":"https:\/\/secure.gravatar.com\/avatar\/459a9613caaaf07f582c3d0841eea68bdd66f533e465e6ba8b9cb45619572cf4?s=96&d=mm&r=g","contentUrl":"https:\/\/secure.gravatar.com\/avatar\/459a9613caaaf07f582c3d0841eea68bdd66f533e465e6ba8b9cb45619572cf4?s=96&d=mm&r=g","caption":"Redacao VerdadeOn"},"url":"https:\/\/verdadeon.com.br\/portal\/author\/redacao\/"}]}},"jetpack_publicize_connections":[],"jetpack_featured_media_url":"https:\/\/i0.wp.com\/verdadeon.com.br\/portal\/wp-content\/uploads\/2022\/02\/DSC_3412.jpg?fit=1000%2C670&ssl=1","jetpack_sharing_enabled":true,"_links":{"self":[{"href":"https:\/\/verdadeon.com.br\/portal\/wp-json\/wp\/v2\/posts\/23240","targetHints":{"allow":["GET"]}}],"collection":[{"href":"https:\/\/verdadeon.com.br\/portal\/wp-json\/wp\/v2\/posts"}],"about":[{"href":"https:\/\/verdadeon.com.br\/portal\/wp-json\/wp\/v2\/types\/post"}],"author":[{"embeddable":true,"href":"https:\/\/verdadeon.com.br\/portal\/wp-json\/wp\/v2\/users\/10"}],"replies":[{"embeddable":true,"href":"https:\/\/verdadeon.com.br\/portal\/wp-json\/wp\/v2\/comments?post=23240"}],"version-history":[{"count":1,"href":"https:\/\/verdadeon.com.br\/portal\/wp-json\/wp\/v2\/posts\/23240\/revisions"}],"predecessor-version":[{"id":23242,"href":"https:\/\/verdadeon.com.br\/portal\/wp-json\/wp\/v2\/posts\/23240\/revisions\/23242"}],"wp:featuredmedia":[{"embeddable":true,"href":"https:\/\/verdadeon.com.br\/portal\/wp-json\/wp\/v2\/media\/23241"}],"wp:attachment":[{"href":"https:\/\/verdadeon.com.br\/portal\/wp-json\/wp\/v2\/media?parent=23240"}],"wp:term":[{"taxonomy":"category","embeddable":true,"href":"https:\/\/verdadeon.com.br\/portal\/wp-json\/wp\/v2\/categories?post=23240"},{"taxonomy":"post_tag","embeddable":true,"href":"https:\/\/verdadeon.com.br\/portal\/wp-json\/wp\/v2\/tags?post=23240"}],"curies":[{"name":"wp","href":"https:\/\/api.w.org\/{rel}","templated":true}]}}