{"id":23186,"date":"2022-02-18T18:17:41","date_gmt":"2022-02-18T21:17:41","guid":{"rendered":"https:\/\/verdadeon.com.br\/portal\/?p=23186"},"modified":"2022-02-18T18:17:41","modified_gmt":"2022-02-18T21:17:41","slug":"franca-shopping-promove-desfile-de-carnaval-e-oficinas-de-mascaras-e-pandeiros","status":"publish","type":"post","link":"https:\/\/verdadeon.com.br\/portal\/2022\/02\/18\/franca-shopping-promove-desfile-de-carnaval-e-oficinas-de-mascaras-e-pandeiros\/","title":{"rendered":"Franca Shopping promove desfile de Carnaval e oficinas de m\u00e1scaras e pandeiros"},"content":{"rendered":"<h2><span style=\"font-weight: 400;\">Atividades gratuitas seguem protocolos de higiene e seguran\u00e7a e s\u00e3o destinadas a crian\u00e7as e adultos<\/span><\/h2>\n<p>&nbsp;<\/p>\n<p><span style=\"font-weight: 400;\">O Franca Shopping iniciou os preparativos para o Carnaval 2022. O objetivo \u00e9 n\u00e3o deixar a data passar em branco. Ser\u00e3o oferecidas oficinas gratuitas destinadas a crian\u00e7as e adultos; elas s\u00e3o realizadas, diariamente, das 13h \u00e0s 19h. Na pr\u00f3xima semana, um desfile com banda promete agitar o centro de compras.<\/span><\/p>\n<p><span style=\"font-weight: 400;\">Para os pequenos, entre 4 e 12 anos, a a\u00e7\u00e3o ensinar\u00e1 a confeccionar m\u00e1scaras e pandeiros. Durante 40 minutos, eles aprender\u00e3o t\u00e9cnicas artesanais para produzir e personalizar as pe\u00e7as com kits de fitas, canetinhas e guizos e, ao final, se divertir com as cria\u00e7\u00f5es, que poder\u00e3o ser levadas para casa.<\/span><\/p>\n<p><span style=\"font-weight: 400;\">Os adultos tamb\u00e9m ter\u00e3o vez no Carnaval do Franca Shopping. Com faixa et\u00e1ria livre, qualquer pessoa poder\u00e1 customizar uma pessoa de roupa em abad\u00e1. Os participantes poder\u00e3o transformar os itens, que dever\u00e3o ser trazidos de casa, com os materiais fornecidos pela oficina e, ao final, registrar com fotos suas cria\u00e7\u00f5es.<\/span><\/p>\n<h4><span style=\"font-weight: 400;\">Desfile<\/span><\/h4>\n<p><span style=\"font-weight: 400;\">Entre 26 de fevereiro e 1\u00b0 de mar\u00e7o, das 13h \u00e0s 17h, os foli\u00f5es est\u00e3o convidados a retornar ao centro de compras para desfilar as produ\u00e7\u00f5es e fantasias. Em formato pocket, a apresenta\u00e7\u00e3o contar\u00e1 com uma banda que dar\u00e1 o tom da festa com m\u00fasicas para a crian\u00e7ada e marchinhas t\u00edpicas do per\u00edodo, al\u00e9m de personagens infantis que prometem animar os participantes. Essa a\u00e7\u00e3o ser\u00e1 realizada pelos corredores do shopping.<\/span><\/p>\n<p><span style=\"font-weight: 400;\">J\u00e1 o Espa\u00e7o Brilhar estar\u00e1 instalado em frente \u00e0 C&amp;A com muitas cores e decora\u00e7\u00f5es de Carnaval. O local seguir\u00e1 todos os protocolos sanit\u00e1rios: as oficinas ser\u00e3o subdivididas com mesas e cadeiras para receber at\u00e9 15 crian\u00e7as; um ambiente exclusivo ser\u00e1 destinado aos pais e acompanhantes; e outro ser\u00e1 livre para as brincadeiras.\u00a0<\/span><\/p>\n<p><span style=\"font-weight: 400;\">As oficinas acontecem at\u00e9 1\u00b0 de mar\u00e7o, sob a curadoria do ateli\u00ea Pindorama e todas as atividades s\u00e3o acompanhadas por monitores. \u00c9 obrigat\u00f3ria a utiliza\u00e7\u00e3o da m\u00e1scara de prote\u00e7\u00e3o facial.<\/span><\/p>\n<p><span style=\"font-weight: 400;\">\u201cVamos festejar esse momento t\u00e3o brasileiro! \u00c9 uma alegria promover esse evento de forma segura, com muita anima\u00e7\u00e3o e, tamb\u00e9m, \u00e9 importante relembrar a alegria que o Carnaval nos proporciona. Seguiremos as diretrizes de distanciamento e o espa\u00e7o das atividades ser\u00e1 aberto, com \u00e1lcool em gel dispon\u00edvel para os participantes. Tudo para oferecer o melhor ao cliente do Franca Shopping\u201d, destaca Ana Carolina Lima, coordenadora de marketing do centro de compras.<\/span><\/p>\n<p>&nbsp;<\/p>\n","protected":false},"excerpt":{"rendered":"<p>Atividades gratuitas seguem protocolos de higiene e seguran\u00e7a e s\u00e3o destinadas a crian\u00e7as e adultos &nbsp; O Franca Shopping iniciou os preparativos para o Carnaval 2022.<span class=\"excerpt-hellip\"> [\u2026]<\/span><\/p>\n","protected":false},"author":12,"featured_media":23187,"comment_status":"open","ping_status":"open","sticky":false,"template":"","format":"standard","meta":{"_jetpack_memberships_contains_paid_content":false,"footnotes":"","jetpack_publicize_message":"","jetpack_publicize_feature_enabled":true,"jetpack_social_post_already_shared":false,"jetpack_social_options":{"image_generator_settings":{"template":"highway","default_image_id":0,"enabled":false},"version":2}},"categories":[28,44],"tags":[],"class_list":["post-23186","post","type-post","status-publish","format-standard","has-post-thumbnail","hentry","category-cotidiano","category-noticias"],"yoast_head":"<!-- This site is optimized with the Yoast SEO plugin v25.6 - https:\/\/yoast.com\/wordpress\/plugins\/seo\/ -->\n<title>Franca Shopping promove desfile de Carnaval e oficinas de m\u00e1scaras e pandeiros - VerdadeOn<\/title>\n<meta name=\"robots\" content=\"index, follow, max-snippet:-1, max-image-preview:large, max-video-preview:-1\" \/>\n<link rel=\"canonical\" href=\"https:\/\/verdadeon.com.br\/portal\/2022\/02\/18\/franca-shopping-promove-desfile-de-carnaval-e-oficinas-de-mascaras-e-pandeiros\/\" \/>\n<meta property=\"og:locale\" content=\"pt_BR\" \/>\n<meta property=\"og:type\" content=\"article\" \/>\n<meta property=\"og:title\" content=\"Franca Shopping promove desfile de Carnaval e oficinas de m\u00e1scaras e pandeiros - VerdadeOn\" \/>\n<meta property=\"og:description\" content=\"Atividades gratuitas seguem protocolos de higiene e seguran\u00e7a e s\u00e3o destinadas a crian\u00e7as e adultos &nbsp; O Franca Shopping iniciou os preparativos para o Carnaval 2022. [\u2026]\" \/>\n<meta property=\"og:url\" content=\"https:\/\/verdadeon.com.br\/portal\/2022\/02\/18\/franca-shopping-promove-desfile-de-carnaval-e-oficinas-de-mascaras-e-pandeiros\/\" \/>\n<meta property=\"og:site_name\" content=\"VerdadeOn\" \/>\n<meta property=\"article:published_time\" content=\"2022-02-18T21:17:41+00:00\" \/>\n<meta property=\"og:image\" content=\"https:\/\/verdadeon.com.br\/portal\/wp-content\/uploads\/2022\/02\/carnaval.jpg\" \/>\n\t<meta property=\"og:image:width\" content=\"1000\" \/>\n\t<meta property=\"og:image:height\" content=\"670\" \/>\n\t<meta property=\"og:image:type\" content=\"image\/jpeg\" \/>\n<meta name=\"author\" content=\"Nelise Luques\" \/>\n<meta name=\"twitter:card\" content=\"summary_large_image\" \/>\n<meta name=\"twitter:label1\" content=\"Escrito por\" \/>\n\t<meta name=\"twitter:data1\" content=\"Nelise Luques\" \/>\n\t<meta name=\"twitter:label2\" content=\"Est. tempo de leitura\" \/>\n\t<meta name=\"twitter:data2\" content=\"3 minutos\" \/>\n<script type=\"application\/ld+json\" class=\"yoast-schema-graph\">{\"@context\":\"https:\/\/schema.org\",\"@graph\":[{\"@type\":\"WebPage\",\"@id\":\"https:\/\/verdadeon.com.br\/portal\/2022\/02\/18\/franca-shopping-promove-desfile-de-carnaval-e-oficinas-de-mascaras-e-pandeiros\/\",\"url\":\"https:\/\/verdadeon.com.br\/portal\/2022\/02\/18\/franca-shopping-promove-desfile-de-carnaval-e-oficinas-de-mascaras-e-pandeiros\/\",\"name\":\"Franca Shopping promove desfile de Carnaval e oficinas de m\u00e1scaras e pandeiros - VerdadeOn\",\"isPartOf\":{\"@id\":\"https:\/\/verdadeon.com.br\/portal\/#website\"},\"primaryImageOfPage\":{\"@id\":\"https:\/\/verdadeon.com.br\/portal\/2022\/02\/18\/franca-shopping-promove-desfile-de-carnaval-e-oficinas-de-mascaras-e-pandeiros\/#primaryimage\"},\"image\":{\"@id\":\"https:\/\/verdadeon.com.br\/portal\/2022\/02\/18\/franca-shopping-promove-desfile-de-carnaval-e-oficinas-de-mascaras-e-pandeiros\/#primaryimage\"},\"thumbnailUrl\":\"https:\/\/i0.wp.com\/verdadeon.com.br\/portal\/wp-content\/uploads\/2022\/02\/carnaval.jpg?fit=1000%2C670&ssl=1\",\"datePublished\":\"2022-02-18T21:17:41+00:00\",\"author\":{\"@id\":\"https:\/\/verdadeon.com.br\/portal\/#\/schema\/person\/8248726d36015c1916636fabb175d972\"},\"breadcrumb\":{\"@id\":\"https:\/\/verdadeon.com.br\/portal\/2022\/02\/18\/franca-shopping-promove-desfile-de-carnaval-e-oficinas-de-mascaras-e-pandeiros\/#breadcrumb\"},\"inLanguage\":\"pt-BR\",\"potentialAction\":[{\"@type\":\"ReadAction\",\"target\":[\"https:\/\/verdadeon.com.br\/portal\/2022\/02\/18\/franca-shopping-promove-desfile-de-carnaval-e-oficinas-de-mascaras-e-pandeiros\/\"]}]},{\"@type\":\"ImageObject\",\"inLanguage\":\"pt-BR\",\"@id\":\"https:\/\/verdadeon.com.br\/portal\/2022\/02\/18\/franca-shopping-promove-desfile-de-carnaval-e-oficinas-de-mascaras-e-pandeiros\/#primaryimage\",\"url\":\"https:\/\/i0.wp.com\/verdadeon.com.br\/portal\/wp-content\/uploads\/2022\/02\/carnaval.jpg?fit=1000%2C670&ssl=1\",\"contentUrl\":\"https:\/\/i0.wp.com\/verdadeon.com.br\/portal\/wp-content\/uploads\/2022\/02\/carnaval.jpg?fit=1000%2C670&ssl=1\",\"width\":1000,\"height\":670,\"caption\":\"O Franca Shopping vai oferecer oficinas para ensinar crian\u00e7as de 4 a 12 anos a confeccionar m\u00e1scaras e pandeiros\"},{\"@type\":\"BreadcrumbList\",\"@id\":\"https:\/\/verdadeon.com.br\/portal\/2022\/02\/18\/franca-shopping-promove-desfile-de-carnaval-e-oficinas-de-mascaras-e-pandeiros\/#breadcrumb\",\"itemListElement\":[{\"@type\":\"ListItem\",\"position\":1,\"name\":\"In\u00edcio\",\"item\":\"https:\/\/verdadeon.com.br\/portal\/\"},{\"@type\":\"ListItem\",\"position\":2,\"name\":\"Franca Shopping promove desfile de Carnaval e oficinas de m\u00e1scaras e pandeiros\"}]},{\"@type\":\"WebSite\",\"@id\":\"https:\/\/verdadeon.com.br\/portal\/#website\",\"url\":\"https:\/\/verdadeon.com.br\/portal\/\",\"name\":\"VerdadeOn\",\"description\":\"Not\u00edcias di\u00e1rias sobre Franca, Regi\u00e3o, Esporte, Cultura, Cotidiano, Colunas. Cobertura nos principais eventos da cidade \u00e9 aqui - Verdadeon Franca\",\"potentialAction\":[{\"@type\":\"SearchAction\",\"target\":{\"@type\":\"EntryPoint\",\"urlTemplate\":\"https:\/\/verdadeon.com.br\/portal\/?s={search_term_string}\"},\"query-input\":{\"@type\":\"PropertyValueSpecification\",\"valueRequired\":true,\"valueName\":\"search_term_string\"}}],\"inLanguage\":\"pt-BR\"},{\"@type\":\"Person\",\"@id\":\"https:\/\/verdadeon.com.br\/portal\/#\/schema\/person\/8248726d36015c1916636fabb175d972\",\"name\":\"Nelise Luques\",\"image\":{\"@type\":\"ImageObject\",\"inLanguage\":\"pt-BR\",\"@id\":\"https:\/\/verdadeon.com.br\/portal\/#\/schema\/person\/image\/\",\"url\":\"https:\/\/secure.gravatar.com\/avatar\/29b2a17f5bcadeb827411b66f48ac13c3e0ecaf5906c0f5745ecc5d41c24eada?s=96&d=mm&r=g\",\"contentUrl\":\"https:\/\/secure.gravatar.com\/avatar\/29b2a17f5bcadeb827411b66f48ac13c3e0ecaf5906c0f5745ecc5d41c24eada?s=96&d=mm&r=g\",\"caption\":\"Nelise Luques\"},\"url\":\"https:\/\/verdadeon.com.br\/portal\/author\/verdade\/\"}]}<\/script>\n<!-- \/ Yoast SEO plugin. -->","yoast_head_json":{"title":"Franca Shopping promove desfile de Carnaval e oficinas de m\u00e1scaras e pandeiros - VerdadeOn","robots":{"index":"index","follow":"follow","max-snippet":"max-snippet:-1","max-image-preview":"max-image-preview:large","max-video-preview":"max-video-preview:-1"},"canonical":"https:\/\/verdadeon.com.br\/portal\/2022\/02\/18\/franca-shopping-promove-desfile-de-carnaval-e-oficinas-de-mascaras-e-pandeiros\/","og_locale":"pt_BR","og_type":"article","og_title":"Franca Shopping promove desfile de Carnaval e oficinas de m\u00e1scaras e pandeiros - VerdadeOn","og_description":"Atividades gratuitas seguem protocolos de higiene e seguran\u00e7a e s\u00e3o destinadas a crian\u00e7as e adultos &nbsp; O Franca Shopping iniciou os preparativos para o Carnaval 2022. [\u2026]","og_url":"https:\/\/verdadeon.com.br\/portal\/2022\/02\/18\/franca-shopping-promove-desfile-de-carnaval-e-oficinas-de-mascaras-e-pandeiros\/","og_site_name":"VerdadeOn","article_published_time":"2022-02-18T21:17:41+00:00","og_image":[{"width":1000,"height":670,"url":"https:\/\/verdadeon.com.br\/portal\/wp-content\/uploads\/2022\/02\/carnaval.jpg","type":"image\/jpeg"}],"author":"Nelise Luques","twitter_card":"summary_large_image","twitter_misc":{"Escrito por":"Nelise Luques","Est. tempo de leitura":"3 minutos"},"schema":{"@context":"https:\/\/schema.org","@graph":[{"@type":"WebPage","@id":"https:\/\/verdadeon.com.br\/portal\/2022\/02\/18\/franca-shopping-promove-desfile-de-carnaval-e-oficinas-de-mascaras-e-pandeiros\/","url":"https:\/\/verdadeon.com.br\/portal\/2022\/02\/18\/franca-shopping-promove-desfile-de-carnaval-e-oficinas-de-mascaras-e-pandeiros\/","name":"Franca Shopping promove desfile de Carnaval e oficinas de m\u00e1scaras e pandeiros - VerdadeOn","isPartOf":{"@id":"https:\/\/verdadeon.com.br\/portal\/#website"},"primaryImageOfPage":{"@id":"https:\/\/verdadeon.com.br\/portal\/2022\/02\/18\/franca-shopping-promove-desfile-de-carnaval-e-oficinas-de-mascaras-e-pandeiros\/#primaryimage"},"image":{"@id":"https:\/\/verdadeon.com.br\/portal\/2022\/02\/18\/franca-shopping-promove-desfile-de-carnaval-e-oficinas-de-mascaras-e-pandeiros\/#primaryimage"},"thumbnailUrl":"https:\/\/i0.wp.com\/verdadeon.com.br\/portal\/wp-content\/uploads\/2022\/02\/carnaval.jpg?fit=1000%2C670&ssl=1","datePublished":"2022-02-18T21:17:41+00:00","author":{"@id":"https:\/\/verdadeon.com.br\/portal\/#\/schema\/person\/8248726d36015c1916636fabb175d972"},"breadcrumb":{"@id":"https:\/\/verdadeon.com.br\/portal\/2022\/02\/18\/franca-shopping-promove-desfile-de-carnaval-e-oficinas-de-mascaras-e-pandeiros\/#breadcrumb"},"inLanguage":"pt-BR","potentialAction":[{"@type":"ReadAction","target":["https:\/\/verdadeon.com.br\/portal\/2022\/02\/18\/franca-shopping-promove-desfile-de-carnaval-e-oficinas-de-mascaras-e-pandeiros\/"]}]},{"@type":"ImageObject","inLanguage":"pt-BR","@id":"https:\/\/verdadeon.com.br\/portal\/2022\/02\/18\/franca-shopping-promove-desfile-de-carnaval-e-oficinas-de-mascaras-e-pandeiros\/#primaryimage","url":"https:\/\/i0.wp.com\/verdadeon.com.br\/portal\/wp-content\/uploads\/2022\/02\/carnaval.jpg?fit=1000%2C670&ssl=1","contentUrl":"https:\/\/i0.wp.com\/verdadeon.com.br\/portal\/wp-content\/uploads\/2022\/02\/carnaval.jpg?fit=1000%2C670&ssl=1","width":1000,"height":670,"caption":"O Franca Shopping vai oferecer oficinas para ensinar crian\u00e7as de 4 a 12 anos a confeccionar m\u00e1scaras e pandeiros"},{"@type":"BreadcrumbList","@id":"https:\/\/verdadeon.com.br\/portal\/2022\/02\/18\/franca-shopping-promove-desfile-de-carnaval-e-oficinas-de-mascaras-e-pandeiros\/#breadcrumb","itemListElement":[{"@type":"ListItem","position":1,"name":"In\u00edcio","item":"https:\/\/verdadeon.com.br\/portal\/"},{"@type":"ListItem","position":2,"name":"Franca Shopping promove desfile de Carnaval e oficinas de m\u00e1scaras e pandeiros"}]},{"@type":"WebSite","@id":"https:\/\/verdadeon.com.br\/portal\/#website","url":"https:\/\/verdadeon.com.br\/portal\/","name":"VerdadeOn","description":"Not\u00edcias di\u00e1rias sobre Franca, Regi\u00e3o, Esporte, Cultura, Cotidiano, Colunas. Cobertura nos principais eventos da cidade \u00e9 aqui - Verdadeon Franca","potentialAction":[{"@type":"SearchAction","target":{"@type":"EntryPoint","urlTemplate":"https:\/\/verdadeon.com.br\/portal\/?s={search_term_string}"},"query-input":{"@type":"PropertyValueSpecification","valueRequired":true,"valueName":"search_term_string"}}],"inLanguage":"pt-BR"},{"@type":"Person","@id":"https:\/\/verdadeon.com.br\/portal\/#\/schema\/person\/8248726d36015c1916636fabb175d972","name":"Nelise Luques","image":{"@type":"ImageObject","inLanguage":"pt-BR","@id":"https:\/\/verdadeon.com.br\/portal\/#\/schema\/person\/image\/","url":"https:\/\/secure.gravatar.com\/avatar\/29b2a17f5bcadeb827411b66f48ac13c3e0ecaf5906c0f5745ecc5d41c24eada?s=96&d=mm&r=g","contentUrl":"https:\/\/secure.gravatar.com\/avatar\/29b2a17f5bcadeb827411b66f48ac13c3e0ecaf5906c0f5745ecc5d41c24eada?s=96&d=mm&r=g","caption":"Nelise Luques"},"url":"https:\/\/verdadeon.com.br\/portal\/author\/verdade\/"}]}},"jetpack_publicize_connections":[],"jetpack_featured_media_url":"https:\/\/i0.wp.com\/verdadeon.com.br\/portal\/wp-content\/uploads\/2022\/02\/carnaval.jpg?fit=1000%2C670&ssl=1","jetpack_sharing_enabled":true,"_links":{"self":[{"href":"https:\/\/verdadeon.com.br\/portal\/wp-json\/wp\/v2\/posts\/23186","targetHints":{"allow":["GET"]}}],"collection":[{"href":"https:\/\/verdadeon.com.br\/portal\/wp-json\/wp\/v2\/posts"}],"about":[{"href":"https:\/\/verdadeon.com.br\/portal\/wp-json\/wp\/v2\/types\/post"}],"author":[{"embeddable":true,"href":"https:\/\/verdadeon.com.br\/portal\/wp-json\/wp\/v2\/users\/12"}],"replies":[{"embeddable":true,"href":"https:\/\/verdadeon.com.br\/portal\/wp-json\/wp\/v2\/comments?post=23186"}],"version-history":[{"count":1,"href":"https:\/\/verdadeon.com.br\/portal\/wp-json\/wp\/v2\/posts\/23186\/revisions"}],"predecessor-version":[{"id":23188,"href":"https:\/\/verdadeon.com.br\/portal\/wp-json\/wp\/v2\/posts\/23186\/revisions\/23188"}],"wp:featuredmedia":[{"embeddable":true,"href":"https:\/\/verdadeon.com.br\/portal\/wp-json\/wp\/v2\/media\/23187"}],"wp:attachment":[{"href":"https:\/\/verdadeon.com.br\/portal\/wp-json\/wp\/v2\/media?parent=23186"}],"wp:term":[{"taxonomy":"category","embeddable":true,"href":"https:\/\/verdadeon.com.br\/portal\/wp-json\/wp\/v2\/categories?post=23186"},{"taxonomy":"post_tag","embeddable":true,"href":"https:\/\/verdadeon.com.br\/portal\/wp-json\/wp\/v2\/tags?post=23186"}],"curies":[{"name":"wp","href":"https:\/\/api.w.org\/{rel}","templated":true}]}}