{"id":23180,"date":"2022-02-18T18:30:21","date_gmt":"2022-02-18T21:30:21","guid":{"rendered":"https:\/\/verdadeon.com.br\/portal\/?p=23180"},"modified":"2022-02-18T17:44:18","modified_gmt":"2022-02-18T20:44:18","slug":"cartoes-do-programa-vale-gas-comecam-a-ser-distribuidos","status":"publish","type":"post","link":"https:\/\/verdadeon.com.br\/portal\/2022\/02\/18\/cartoes-do-programa-vale-gas-comecam-a-ser-distribuidos\/","title":{"rendered":"Cart\u00f5es do programa &#8220;Vale G\u00e1s&#8221; come\u00e7am a ser distribu\u00eddos"},"content":{"rendered":"<h2>A entrega do cart\u00e3o ser\u00e1 realizada a partir de segunda-feira (21) at\u00e9 a quinta-feira (24)<\/h2>\n<div>Come\u00e7a na pr\u00f3xima segunda-feira (21), a entrega dos cart\u00f5es do programa &#8220;Vale G\u00e1s&#8221;, o cronograma foi definido pela Secretaria de Desenvolvimento, ap\u00f3s o envio dos benef\u00edcios pelo Governo do Estado de S\u00e3o Paulo. Em Franca, ser\u00e3o atendidas 782 pessoas, que receber\u00e3o o valor de R$ 100,00, que ser\u00e1 pago a cada dois meses, totalizando R$ 300,00 para a compra de g\u00e1s.<\/div>\n<div>A entrega do cart\u00e3o ser\u00e1 realizada a partir de segunda-feira at\u00e9 o dia 24, das 9h \u00e0s 15h, no Parque Fernando Costa. Os contemplados dever\u00e3o apresentar um documento de identidade com foto e o CPF. A distribui\u00e7\u00e3o dos cart\u00f5es ser\u00e1 feita por ordem alfab\u00e9tica.<\/div>\n<div><\/div>\n<div>Confira o cronograma:<\/div>\n<div><\/div>\n<div>21\/02 &#8211; Segunda-feira<\/div>\n<div>1\u00ba a 199 &#8211; Iniciais dos nomes de A &#8211; D<\/div>\n<div><\/div>\n<div><\/div>\n<div>22\/02 &#8211; Ter\u00e7a-feira<\/div>\n<div>200 ao 397 &#8211; Iniciais de E &#8211; J<\/div>\n<div><\/div>\n<div><\/div>\n<div>23\/02 &#8211; Quarta-feira<\/div>\n<div>398 a 592 &#8211; Iniciais de K a O<\/div>\n<div><\/div>\n<div><\/div>\n<div>24\/02 &#8211; Quinta-feira<\/div>\n<div>593 a 782 &#8211; Iniciais de P a Z<\/div>\n<div><\/div>\n<div>A rela\u00e7\u00e3o com o nome dos contemplados poder\u00e1 ser conferida no site da Prefeitura.\u00a0O &#8216;Vale G\u00e1s&#8217; \u00e9 um programa de transfer\u00eancia de renda para a compra de botij\u00e3o de g\u00e1s de cozinha, \u00e0s fam\u00edlias em situa\u00e7\u00e3o de vulnerabilidade em comunidades, que tem a gest\u00e3o da Secretaria de Desenvolvimento Social do Estado de S\u00e3o Paulo.<\/div>\n<div>Poder\u00e3o ser beneficiadas as fam\u00edlias inscritas no Cad\u00danico at\u00e9 14 de maio de 2.021, com cadastro ativo e que tenha sido atualizado nos \u00faltimos 24 meses. Fam\u00edlias que n\u00e3o recebem o Bolsa Fam\u00edlia, com renda per capita de at\u00e9 R$ 178,00.<\/div>\n<div>Caso esteja dentro dos crit\u00e9rios, verifique se a fam\u00edlia poder\u00e1 ser contemplada, efetuando a consulta pelo site\u00a0www.bolsadopovo.sp.gov.br, tendo em m\u00e3os o n\u00famero do NIS (N\u00famero de Identifica\u00e7\u00e3o Social).<\/div>\n","protected":false},"excerpt":{"rendered":"<p>A entrega do cart\u00e3o ser\u00e1 realizada a partir de segunda-feira (21) at\u00e9 a quinta-feira (24) Come\u00e7a na pr\u00f3xima segunda-feira (21), a entrega dos cart\u00f5es do programa<span class=\"excerpt-hellip\"> [\u2026]<\/span><\/p>\n","protected":false},"author":7,"featured_media":20349,"comment_status":"open","ping_status":"open","sticky":false,"template":"","format":"standard","meta":{"_jetpack_memberships_contains_paid_content":false,"footnotes":"","jetpack_publicize_message":"","jetpack_publicize_feature_enabled":true,"jetpack_social_post_already_shared":false,"jetpack_social_options":{"image_generator_settings":{"template":"highway","default_image_id":0,"enabled":false},"version":2}},"categories":[28,44],"tags":[],"class_list":["post-23180","post","type-post","status-publish","format-standard","has-post-thumbnail","hentry","category-cotidiano","category-noticias"],"yoast_head":"<!-- This site is optimized with the Yoast SEO plugin v25.6 - https:\/\/yoast.com\/wordpress\/plugins\/seo\/ -->\n<title>Cart\u00f5es do programa &quot;Vale G\u00e1s&quot; come\u00e7am a ser distribu\u00eddos - VerdadeOn<\/title>\n<meta name=\"robots\" content=\"index, follow, max-snippet:-1, max-image-preview:large, max-video-preview:-1\" \/>\n<link rel=\"canonical\" href=\"https:\/\/verdadeon.com.br\/portal\/2022\/02\/18\/cartoes-do-programa-vale-gas-comecam-a-ser-distribuidos\/\" \/>\n<meta property=\"og:locale\" content=\"pt_BR\" \/>\n<meta property=\"og:type\" content=\"article\" \/>\n<meta property=\"og:title\" content=\"Cart\u00f5es do programa &quot;Vale G\u00e1s&quot; come\u00e7am a ser distribu\u00eddos - VerdadeOn\" \/>\n<meta property=\"og:description\" content=\"A entrega do cart\u00e3o ser\u00e1 realizada a partir de segunda-feira (21) at\u00e9 a quinta-feira (24) Come\u00e7a na pr\u00f3xima segunda-feira (21), a entrega dos cart\u00f5es do programa [\u2026]\" \/>\n<meta property=\"og:url\" content=\"https:\/\/verdadeon.com.br\/portal\/2022\/02\/18\/cartoes-do-programa-vale-gas-comecam-a-ser-distribuidos\/\" \/>\n<meta property=\"og:site_name\" content=\"VerdadeOn\" \/>\n<meta property=\"article:published_time\" content=\"2022-02-18T21:30:21+00:00\" \/>\n<meta property=\"og:image\" content=\"https:\/\/verdadeon.com.br\/portal\/wp-content\/uploads\/2021\/10\/GAS-DE-COZINHA-e1634338934172.jpg\" \/>\n\t<meta property=\"og:image:width\" content=\"1000\" \/>\n\t<meta property=\"og:image:height\" content=\"669\" \/>\n\t<meta property=\"og:image:type\" content=\"image\/jpeg\" \/>\n<meta name=\"author\" content=\"Fernando Lima\" \/>\n<meta name=\"twitter:card\" content=\"summary_large_image\" \/>\n<meta name=\"twitter:label1\" content=\"Escrito por\" \/>\n\t<meta name=\"twitter:data1\" content=\"Fernando Lima\" \/>\n\t<meta name=\"twitter:label2\" content=\"Est. tempo de leitura\" \/>\n\t<meta name=\"twitter:data2\" content=\"2 minutos\" \/>\n<script type=\"application\/ld+json\" class=\"yoast-schema-graph\">{\"@context\":\"https:\/\/schema.org\",\"@graph\":[{\"@type\":\"WebPage\",\"@id\":\"https:\/\/verdadeon.com.br\/portal\/2022\/02\/18\/cartoes-do-programa-vale-gas-comecam-a-ser-distribuidos\/\",\"url\":\"https:\/\/verdadeon.com.br\/portal\/2022\/02\/18\/cartoes-do-programa-vale-gas-comecam-a-ser-distribuidos\/\",\"name\":\"Cart\u00f5es do programa \\\"Vale G\u00e1s\\\" come\u00e7am a ser distribu\u00eddos - VerdadeOn\",\"isPartOf\":{\"@id\":\"https:\/\/verdadeon.com.br\/portal\/#website\"},\"primaryImageOfPage\":{\"@id\":\"https:\/\/verdadeon.com.br\/portal\/2022\/02\/18\/cartoes-do-programa-vale-gas-comecam-a-ser-distribuidos\/#primaryimage\"},\"image\":{\"@id\":\"https:\/\/verdadeon.com.br\/portal\/2022\/02\/18\/cartoes-do-programa-vale-gas-comecam-a-ser-distribuidos\/#primaryimage\"},\"thumbnailUrl\":\"https:\/\/i0.wp.com\/verdadeon.com.br\/portal\/wp-content\/uploads\/2021\/10\/GAS-DE-COZINHA-e1634338934172.jpg?fit=1000%2C669&ssl=1\",\"datePublished\":\"2022-02-18T21:30:21+00:00\",\"author\":{\"@id\":\"https:\/\/verdadeon.com.br\/portal\/#\/schema\/person\/cc32be22b8e8599387c480bc83e1d11a\"},\"breadcrumb\":{\"@id\":\"https:\/\/verdadeon.com.br\/portal\/2022\/02\/18\/cartoes-do-programa-vale-gas-comecam-a-ser-distribuidos\/#breadcrumb\"},\"inLanguage\":\"pt-BR\",\"potentialAction\":[{\"@type\":\"ReadAction\",\"target\":[\"https:\/\/verdadeon.com.br\/portal\/2022\/02\/18\/cartoes-do-programa-vale-gas-comecam-a-ser-distribuidos\/\"]}]},{\"@type\":\"ImageObject\",\"inLanguage\":\"pt-BR\",\"@id\":\"https:\/\/verdadeon.com.br\/portal\/2022\/02\/18\/cartoes-do-programa-vale-gas-comecam-a-ser-distribuidos\/#primaryimage\",\"url\":\"https:\/\/i0.wp.com\/verdadeon.com.br\/portal\/wp-content\/uploads\/2021\/10\/GAS-DE-COZINHA-e1634338934172.jpg?fit=1000%2C669&ssl=1\",\"contentUrl\":\"https:\/\/i0.wp.com\/verdadeon.com.br\/portal\/wp-content\/uploads\/2021\/10\/GAS-DE-COZINHA-e1634338934172.jpg?fit=1000%2C669&ssl=1\",\"width\":1000,\"height\":669,\"caption\":\"O 'Vale G\u00e1s' \u00e9 um programa de transfer\u00eancia de renda para a compra de botij\u00e3o de g\u00e1s de cozinha, \u00e0s fam\u00edlias em situa\u00e7\u00e3o de vulnerabilidade | Foto: Ag\u00eancia Brasil\"},{\"@type\":\"BreadcrumbList\",\"@id\":\"https:\/\/verdadeon.com.br\/portal\/2022\/02\/18\/cartoes-do-programa-vale-gas-comecam-a-ser-distribuidos\/#breadcrumb\",\"itemListElement\":[{\"@type\":\"ListItem\",\"position\":1,\"name\":\"In\u00edcio\",\"item\":\"https:\/\/verdadeon.com.br\/portal\/\"},{\"@type\":\"ListItem\",\"position\":2,\"name\":\"Cart\u00f5es do programa &#8220;Vale G\u00e1s&#8221; come\u00e7am a ser distribu\u00eddos\"}]},{\"@type\":\"WebSite\",\"@id\":\"https:\/\/verdadeon.com.br\/portal\/#website\",\"url\":\"https:\/\/verdadeon.com.br\/portal\/\",\"name\":\"VerdadeOn\",\"description\":\"Not\u00edcias di\u00e1rias sobre Franca, Regi\u00e3o, Esporte, Cultura, Cotidiano, Colunas. Cobertura nos principais eventos da cidade \u00e9 aqui - Verdadeon Franca\",\"potentialAction\":[{\"@type\":\"SearchAction\",\"target\":{\"@type\":\"EntryPoint\",\"urlTemplate\":\"https:\/\/verdadeon.com.br\/portal\/?s={search_term_string}\"},\"query-input\":{\"@type\":\"PropertyValueSpecification\",\"valueRequired\":true,\"valueName\":\"search_term_string\"}}],\"inLanguage\":\"pt-BR\"},{\"@type\":\"Person\",\"@id\":\"https:\/\/verdadeon.com.br\/portal\/#\/schema\/person\/cc32be22b8e8599387c480bc83e1d11a\",\"name\":\"Fernando Lima\",\"image\":{\"@type\":\"ImageObject\",\"inLanguage\":\"pt-BR\",\"@id\":\"https:\/\/verdadeon.com.br\/portal\/#\/schema\/person\/image\/\",\"url\":\"https:\/\/secure.gravatar.com\/avatar\/df4c8e132080d2b3a4841d5d232045464e0eed11a1d6e43115ca0843d48768d3?s=96&d=mm&r=g\",\"contentUrl\":\"https:\/\/secure.gravatar.com\/avatar\/df4c8e132080d2b3a4841d5d232045464e0eed11a1d6e43115ca0843d48768d3?s=96&d=mm&r=g\",\"caption\":\"Fernando Lima\"},\"sameAs\":[\"http:\/\/verdadeon.com.br\/\"],\"url\":\"https:\/\/verdadeon.com.br\/portal\/author\/fernando-lima\/\"}]}<\/script>\n<!-- \/ Yoast SEO plugin. -->","yoast_head_json":{"title":"Cart\u00f5es do programa \"Vale G\u00e1s\" come\u00e7am a ser distribu\u00eddos - VerdadeOn","robots":{"index":"index","follow":"follow","max-snippet":"max-snippet:-1","max-image-preview":"max-image-preview:large","max-video-preview":"max-video-preview:-1"},"canonical":"https:\/\/verdadeon.com.br\/portal\/2022\/02\/18\/cartoes-do-programa-vale-gas-comecam-a-ser-distribuidos\/","og_locale":"pt_BR","og_type":"article","og_title":"Cart\u00f5es do programa \"Vale G\u00e1s\" come\u00e7am a ser distribu\u00eddos - VerdadeOn","og_description":"A entrega do cart\u00e3o ser\u00e1 realizada a partir de segunda-feira (21) at\u00e9 a quinta-feira (24) Come\u00e7a na pr\u00f3xima segunda-feira (21), a entrega dos cart\u00f5es do programa [\u2026]","og_url":"https:\/\/verdadeon.com.br\/portal\/2022\/02\/18\/cartoes-do-programa-vale-gas-comecam-a-ser-distribuidos\/","og_site_name":"VerdadeOn","article_published_time":"2022-02-18T21:30:21+00:00","og_image":[{"width":1000,"height":669,"url":"https:\/\/verdadeon.com.br\/portal\/wp-content\/uploads\/2021\/10\/GAS-DE-COZINHA-e1634338934172.jpg","type":"image\/jpeg"}],"author":"Fernando Lima","twitter_card":"summary_large_image","twitter_misc":{"Escrito por":"Fernando Lima","Est. tempo de leitura":"2 minutos"},"schema":{"@context":"https:\/\/schema.org","@graph":[{"@type":"WebPage","@id":"https:\/\/verdadeon.com.br\/portal\/2022\/02\/18\/cartoes-do-programa-vale-gas-comecam-a-ser-distribuidos\/","url":"https:\/\/verdadeon.com.br\/portal\/2022\/02\/18\/cartoes-do-programa-vale-gas-comecam-a-ser-distribuidos\/","name":"Cart\u00f5es do programa \"Vale G\u00e1s\" come\u00e7am a ser distribu\u00eddos - VerdadeOn","isPartOf":{"@id":"https:\/\/verdadeon.com.br\/portal\/#website"},"primaryImageOfPage":{"@id":"https:\/\/verdadeon.com.br\/portal\/2022\/02\/18\/cartoes-do-programa-vale-gas-comecam-a-ser-distribuidos\/#primaryimage"},"image":{"@id":"https:\/\/verdadeon.com.br\/portal\/2022\/02\/18\/cartoes-do-programa-vale-gas-comecam-a-ser-distribuidos\/#primaryimage"},"thumbnailUrl":"https:\/\/i0.wp.com\/verdadeon.com.br\/portal\/wp-content\/uploads\/2021\/10\/GAS-DE-COZINHA-e1634338934172.jpg?fit=1000%2C669&ssl=1","datePublished":"2022-02-18T21:30:21+00:00","author":{"@id":"https:\/\/verdadeon.com.br\/portal\/#\/schema\/person\/cc32be22b8e8599387c480bc83e1d11a"},"breadcrumb":{"@id":"https:\/\/verdadeon.com.br\/portal\/2022\/02\/18\/cartoes-do-programa-vale-gas-comecam-a-ser-distribuidos\/#breadcrumb"},"inLanguage":"pt-BR","potentialAction":[{"@type":"ReadAction","target":["https:\/\/verdadeon.com.br\/portal\/2022\/02\/18\/cartoes-do-programa-vale-gas-comecam-a-ser-distribuidos\/"]}]},{"@type":"ImageObject","inLanguage":"pt-BR","@id":"https:\/\/verdadeon.com.br\/portal\/2022\/02\/18\/cartoes-do-programa-vale-gas-comecam-a-ser-distribuidos\/#primaryimage","url":"https:\/\/i0.wp.com\/verdadeon.com.br\/portal\/wp-content\/uploads\/2021\/10\/GAS-DE-COZINHA-e1634338934172.jpg?fit=1000%2C669&ssl=1","contentUrl":"https:\/\/i0.wp.com\/verdadeon.com.br\/portal\/wp-content\/uploads\/2021\/10\/GAS-DE-COZINHA-e1634338934172.jpg?fit=1000%2C669&ssl=1","width":1000,"height":669,"caption":"O 'Vale G\u00e1s' \u00e9 um programa de transfer\u00eancia de renda para a compra de botij\u00e3o de g\u00e1s de cozinha, \u00e0s fam\u00edlias em situa\u00e7\u00e3o de vulnerabilidade | Foto: Ag\u00eancia Brasil"},{"@type":"BreadcrumbList","@id":"https:\/\/verdadeon.com.br\/portal\/2022\/02\/18\/cartoes-do-programa-vale-gas-comecam-a-ser-distribuidos\/#breadcrumb","itemListElement":[{"@type":"ListItem","position":1,"name":"In\u00edcio","item":"https:\/\/verdadeon.com.br\/portal\/"},{"@type":"ListItem","position":2,"name":"Cart\u00f5es do programa &#8220;Vale G\u00e1s&#8221; come\u00e7am a ser distribu\u00eddos"}]},{"@type":"WebSite","@id":"https:\/\/verdadeon.com.br\/portal\/#website","url":"https:\/\/verdadeon.com.br\/portal\/","name":"VerdadeOn","description":"Not\u00edcias di\u00e1rias sobre Franca, Regi\u00e3o, Esporte, Cultura, Cotidiano, Colunas. Cobertura nos principais eventos da cidade \u00e9 aqui - Verdadeon Franca","potentialAction":[{"@type":"SearchAction","target":{"@type":"EntryPoint","urlTemplate":"https:\/\/verdadeon.com.br\/portal\/?s={search_term_string}"},"query-input":{"@type":"PropertyValueSpecification","valueRequired":true,"valueName":"search_term_string"}}],"inLanguage":"pt-BR"},{"@type":"Person","@id":"https:\/\/verdadeon.com.br\/portal\/#\/schema\/person\/cc32be22b8e8599387c480bc83e1d11a","name":"Fernando Lima","image":{"@type":"ImageObject","inLanguage":"pt-BR","@id":"https:\/\/verdadeon.com.br\/portal\/#\/schema\/person\/image\/","url":"https:\/\/secure.gravatar.com\/avatar\/df4c8e132080d2b3a4841d5d232045464e0eed11a1d6e43115ca0843d48768d3?s=96&d=mm&r=g","contentUrl":"https:\/\/secure.gravatar.com\/avatar\/df4c8e132080d2b3a4841d5d232045464e0eed11a1d6e43115ca0843d48768d3?s=96&d=mm&r=g","caption":"Fernando Lima"},"sameAs":["http:\/\/verdadeon.com.br\/"],"url":"https:\/\/verdadeon.com.br\/portal\/author\/fernando-lima\/"}]}},"jetpack_publicize_connections":[],"jetpack_featured_media_url":"https:\/\/i0.wp.com\/verdadeon.com.br\/portal\/wp-content\/uploads\/2021\/10\/GAS-DE-COZINHA-e1634338934172.jpg?fit=1000%2C669&ssl=1","jetpack_sharing_enabled":true,"_links":{"self":[{"href":"https:\/\/verdadeon.com.br\/portal\/wp-json\/wp\/v2\/posts\/23180","targetHints":{"allow":["GET"]}}],"collection":[{"href":"https:\/\/verdadeon.com.br\/portal\/wp-json\/wp\/v2\/posts"}],"about":[{"href":"https:\/\/verdadeon.com.br\/portal\/wp-json\/wp\/v2\/types\/post"}],"author":[{"embeddable":true,"href":"https:\/\/verdadeon.com.br\/portal\/wp-json\/wp\/v2\/users\/7"}],"replies":[{"embeddable":true,"href":"https:\/\/verdadeon.com.br\/portal\/wp-json\/wp\/v2\/comments?post=23180"}],"version-history":[{"count":1,"href":"https:\/\/verdadeon.com.br\/portal\/wp-json\/wp\/v2\/posts\/23180\/revisions"}],"predecessor-version":[{"id":23184,"href":"https:\/\/verdadeon.com.br\/portal\/wp-json\/wp\/v2\/posts\/23180\/revisions\/23184"}],"wp:featuredmedia":[{"embeddable":true,"href":"https:\/\/verdadeon.com.br\/portal\/wp-json\/wp\/v2\/media\/20349"}],"wp:attachment":[{"href":"https:\/\/verdadeon.com.br\/portal\/wp-json\/wp\/v2\/media?parent=23180"}],"wp:term":[{"taxonomy":"category","embeddable":true,"href":"https:\/\/verdadeon.com.br\/portal\/wp-json\/wp\/v2\/categories?post=23180"},{"taxonomy":"post_tag","embeddable":true,"href":"https:\/\/verdadeon.com.br\/portal\/wp-json\/wp\/v2\/tags?post=23180"}],"curies":[{"name":"wp","href":"https:\/\/api.w.org\/{rel}","templated":true}]}}