{"id":23176,"date":"2022-02-18T17:20:44","date_gmt":"2022-02-18T20:20:44","guid":{"rendered":"https:\/\/verdadeon.com.br\/portal\/?p=23176"},"modified":"2022-02-18T17:20:44","modified_gmt":"2022-02-18T20:20:44","slug":"franca-basquete-entra-em-quadra-neste-sabado-pelo-nbb","status":"publish","type":"post","link":"https:\/\/verdadeon.com.br\/portal\/2022\/02\/18\/franca-basquete-entra-em-quadra-neste-sabado-pelo-nbb\/","title":{"rendered":"Franca Basquete entra em quadra neste s\u00e1bado pelo NBB"},"content":{"rendered":"<h2>Partida acontece contra o Corinthians acontece na casa do advers\u00e1rio em S\u00e3o Paulo<\/h2>\n<p>O Sesi Franca Basquete entra em quadra neste s\u00e1bado (19) contra o Corinthians, pelo Novo Basquete Brasil (NBB). A partida acontece na casa do advers\u00e1rio em S\u00e3o Paulo. Os francanos seguem com a melhor campanha, na ponta da tabela com 21 vit\u00f3rias em 22 jogos.<\/p>\n<p>\u201cFinal de semana intenso de trabalho onde n\u00f3s focamos em buscar um crescimento tanto na parte f\u00edsica quanto na parte t\u00e1tica. A gente vem de dois jogos com grandes vit\u00f3rias na nossa casa, o Pedroc\u00e3o, mas agora a gente sai para enfrentar o Corinthians, um advers\u00e1rio dif\u00edcil e que a gente precisa realmente ter uma defesa forte e consistente. Eles t\u00eam um volume de jogo muito alto, para que a gente possa buscar a vit\u00f3ria antes da janela da sele\u00e7\u00e3o. Essa vit\u00f3ria nos mant\u00e9m no primeiro lugar, o que para n\u00f3s \u00e9 muito importante neste momento\u201d, disse Helinho Garcia, t\u00e9cnico do Franca.<\/p>\n<p>Do outro lado o advers\u00e1rio Corinthians vem de uma campanha bem mais modesta, ocupando a 13\u00b0 posi\u00e7\u00e3o da tabela. Em 21 jogos s\u00e3o 13 derrotas e apenas oito vit\u00f3rias. O \u00faltimo confronto entre as equipes foi em novembro no Pedroc\u00e3o, que terminou em 86 a 62 para os francanos.<\/p>\n<h4>Sele\u00e7\u00e3o<\/h4>\n<p>Tr\u00eas atletas do Franca Basquete foram convocados pela sele\u00e7\u00e3o brasileira, para os dois jogos pelas Eliminat\u00f3rias da Copa do Mundo de Basquete, que v\u00e3o acontecer no Pedroc\u00e3o. Georginho, Lucas Dias e Lucas Mariano foram chamados.<\/p>\n<p>O Brasil encara o Uruguai no dia 25 de fevereiro, e a Col\u00f4mbia no dia 28, eles se apresentam na pr\u00f3xima segunda-feira (21). Na sele\u00e7\u00e3o o Franca \u00e9 a equipe que mais tem convocados. Nas eliminat\u00f3rias, o Brasil \u00e9 l\u00edder do grupo B com duas vit\u00f3rias em dois jogos. Os tr\u00eas melhores da chave avan\u00e7am para a segunda fase.<\/p>\n","protected":false},"excerpt":{"rendered":"<p>Partida acontece contra o Corinthians acontece na casa do advers\u00e1rio em S\u00e3o Paulo O Sesi Franca Basquete entra em quadra neste s\u00e1bado (19) contra o Corinthians,<span class=\"excerpt-hellip\"> [\u2026]<\/span><\/p>\n","protected":false},"author":7,"featured_media":18185,"comment_status":"open","ping_status":"open","sticky":false,"template":"","format":"standard","meta":{"_jetpack_memberships_contains_paid_content":false,"footnotes":"","jetpack_publicize_message":"","jetpack_publicize_feature_enabled":true,"jetpack_social_post_already_shared":false,"jetpack_social_options":{"image_generator_settings":{"template":"highway","default_image_id":0,"enabled":false},"version":2}},"categories":[28,81],"tags":[],"class_list":["post-23176","post","type-post","status-publish","format-standard","has-post-thumbnail","hentry","category-cotidiano","category-manchete"],"yoast_head":"<!-- This site is optimized with the Yoast SEO plugin v25.6 - https:\/\/yoast.com\/wordpress\/plugins\/seo\/ -->\n<title>Franca Basquete entra em quadra neste s\u00e1bado pelo NBB - VerdadeOn<\/title>\n<meta name=\"robots\" content=\"index, follow, max-snippet:-1, max-image-preview:large, max-video-preview:-1\" \/>\n<link rel=\"canonical\" href=\"https:\/\/verdadeon.com.br\/portal\/2022\/02\/18\/franca-basquete-entra-em-quadra-neste-sabado-pelo-nbb\/\" \/>\n<meta property=\"og:locale\" content=\"pt_BR\" \/>\n<meta property=\"og:type\" content=\"article\" \/>\n<meta property=\"og:title\" content=\"Franca Basquete entra em quadra neste s\u00e1bado pelo NBB - VerdadeOn\" \/>\n<meta property=\"og:description\" content=\"Partida acontece contra o Corinthians acontece na casa do advers\u00e1rio em S\u00e3o Paulo O Sesi Franca Basquete entra em quadra neste s\u00e1bado (19) contra o Corinthians, [\u2026]\" \/>\n<meta property=\"og:url\" content=\"https:\/\/verdadeon.com.br\/portal\/2022\/02\/18\/franca-basquete-entra-em-quadra-neste-sabado-pelo-nbb\/\" \/>\n<meta property=\"og:site_name\" content=\"VerdadeOn\" \/>\n<meta property=\"article:published_time\" content=\"2022-02-18T20:20:44+00:00\" \/>\n<meta property=\"og:image\" content=\"https:\/\/verdadeon.com.br\/portal\/wp-content\/uploads\/2021\/07\/HELINHHO-TREINADOR-SESI-FRANCA-BASQUETE-FOTO-MARCOS-LIMONTI-SESI-FRANCA-BASQUETE-e1642266628774.jpeg\" \/>\n\t<meta property=\"og:image:width\" content=\"1001\" \/>\n\t<meta property=\"og:image:height\" content=\"668\" \/>\n\t<meta property=\"og:image:type\" content=\"image\/jpeg\" \/>\n<meta name=\"author\" content=\"Fernando Lima\" \/>\n<meta name=\"twitter:card\" content=\"summary_large_image\" \/>\n<meta name=\"twitter:label1\" content=\"Escrito por\" \/>\n\t<meta name=\"twitter:data1\" content=\"Fernando Lima\" \/>\n\t<meta name=\"twitter:label2\" content=\"Est. tempo de leitura\" \/>\n\t<meta name=\"twitter:data2\" content=\"2 minutos\" \/>\n<script type=\"application\/ld+json\" class=\"yoast-schema-graph\">{\"@context\":\"https:\/\/schema.org\",\"@graph\":[{\"@type\":\"WebPage\",\"@id\":\"https:\/\/verdadeon.com.br\/portal\/2022\/02\/18\/franca-basquete-entra-em-quadra-neste-sabado-pelo-nbb\/\",\"url\":\"https:\/\/verdadeon.com.br\/portal\/2022\/02\/18\/franca-basquete-entra-em-quadra-neste-sabado-pelo-nbb\/\",\"name\":\"Franca Basquete entra em quadra neste s\u00e1bado pelo NBB - VerdadeOn\",\"isPartOf\":{\"@id\":\"https:\/\/verdadeon.com.br\/portal\/#website\"},\"primaryImageOfPage\":{\"@id\":\"https:\/\/verdadeon.com.br\/portal\/2022\/02\/18\/franca-basquete-entra-em-quadra-neste-sabado-pelo-nbb\/#primaryimage\"},\"image\":{\"@id\":\"https:\/\/verdadeon.com.br\/portal\/2022\/02\/18\/franca-basquete-entra-em-quadra-neste-sabado-pelo-nbb\/#primaryimage\"},\"thumbnailUrl\":\"https:\/\/i0.wp.com\/verdadeon.com.br\/portal\/wp-content\/uploads\/2021\/07\/HELINHHO-TREINADOR-SESI-FRANCA-BASQUETE-FOTO-MARCOS-LIMONTI-SESI-FRANCA-BASQUETE-e1642266628774.jpeg?fit=1001%2C668&ssl=1\",\"datePublished\":\"2022-02-18T20:20:44+00:00\",\"author\":{\"@id\":\"https:\/\/verdadeon.com.br\/portal\/#\/schema\/person\/cc32be22b8e8599387c480bc83e1d11a\"},\"breadcrumb\":{\"@id\":\"https:\/\/verdadeon.com.br\/portal\/2022\/02\/18\/franca-basquete-entra-em-quadra-neste-sabado-pelo-nbb\/#breadcrumb\"},\"inLanguage\":\"pt-BR\",\"potentialAction\":[{\"@type\":\"ReadAction\",\"target\":[\"https:\/\/verdadeon.com.br\/portal\/2022\/02\/18\/franca-basquete-entra-em-quadra-neste-sabado-pelo-nbb\/\"]}]},{\"@type\":\"ImageObject\",\"inLanguage\":\"pt-BR\",\"@id\":\"https:\/\/verdadeon.com.br\/portal\/2022\/02\/18\/franca-basquete-entra-em-quadra-neste-sabado-pelo-nbb\/#primaryimage\",\"url\":\"https:\/\/i0.wp.com\/verdadeon.com.br\/portal\/wp-content\/uploads\/2021\/07\/HELINHHO-TREINADOR-SESI-FRANCA-BASQUETE-FOTO-MARCOS-LIMONTI-SESI-FRANCA-BASQUETE-e1642266628774.jpeg?fit=1001%2C668&ssl=1\",\"contentUrl\":\"https:\/\/i0.wp.com\/verdadeon.com.br\/portal\/wp-content\/uploads\/2021\/07\/HELINHHO-TREINADOR-SESI-FRANCA-BASQUETE-FOTO-MARCOS-LIMONTI-SESI-FRANCA-BASQUETE-e1642266628774.jpeg?fit=1001%2C668&ssl=1\",\"width\":1001,\"height\":668,\"caption\":\"Helinho destacou que apesar da vit\u00f3ria, equipe precisa focar nos erros cometidos pela defesa contra a equipe de S\u00e3o Jos\u00e9 | Foto: Marcos Limonti Sesi Franca Basquete\"},{\"@type\":\"BreadcrumbList\",\"@id\":\"https:\/\/verdadeon.com.br\/portal\/2022\/02\/18\/franca-basquete-entra-em-quadra-neste-sabado-pelo-nbb\/#breadcrumb\",\"itemListElement\":[{\"@type\":\"ListItem\",\"position\":1,\"name\":\"In\u00edcio\",\"item\":\"https:\/\/verdadeon.com.br\/portal\/\"},{\"@type\":\"ListItem\",\"position\":2,\"name\":\"Franca Basquete entra em quadra neste s\u00e1bado pelo NBB\"}]},{\"@type\":\"WebSite\",\"@id\":\"https:\/\/verdadeon.com.br\/portal\/#website\",\"url\":\"https:\/\/verdadeon.com.br\/portal\/\",\"name\":\"VerdadeOn\",\"description\":\"Not\u00edcias di\u00e1rias sobre Franca, Regi\u00e3o, Esporte, Cultura, Cotidiano, Colunas. Cobertura nos principais eventos da cidade \u00e9 aqui - Verdadeon Franca\",\"potentialAction\":[{\"@type\":\"SearchAction\",\"target\":{\"@type\":\"EntryPoint\",\"urlTemplate\":\"https:\/\/verdadeon.com.br\/portal\/?s={search_term_string}\"},\"query-input\":{\"@type\":\"PropertyValueSpecification\",\"valueRequired\":true,\"valueName\":\"search_term_string\"}}],\"inLanguage\":\"pt-BR\"},{\"@type\":\"Person\",\"@id\":\"https:\/\/verdadeon.com.br\/portal\/#\/schema\/person\/cc32be22b8e8599387c480bc83e1d11a\",\"name\":\"Fernando Lima\",\"image\":{\"@type\":\"ImageObject\",\"inLanguage\":\"pt-BR\",\"@id\":\"https:\/\/verdadeon.com.br\/portal\/#\/schema\/person\/image\/\",\"url\":\"https:\/\/secure.gravatar.com\/avatar\/df4c8e132080d2b3a4841d5d232045464e0eed11a1d6e43115ca0843d48768d3?s=96&d=mm&r=g\",\"contentUrl\":\"https:\/\/secure.gravatar.com\/avatar\/df4c8e132080d2b3a4841d5d232045464e0eed11a1d6e43115ca0843d48768d3?s=96&d=mm&r=g\",\"caption\":\"Fernando Lima\"},\"sameAs\":[\"http:\/\/verdadeon.com.br\/\"],\"url\":\"https:\/\/verdadeon.com.br\/portal\/author\/fernando-lima\/\"}]}<\/script>\n<!-- \/ Yoast SEO plugin. -->","yoast_head_json":{"title":"Franca Basquete entra em quadra neste s\u00e1bado pelo NBB - VerdadeOn","robots":{"index":"index","follow":"follow","max-snippet":"max-snippet:-1","max-image-preview":"max-image-preview:large","max-video-preview":"max-video-preview:-1"},"canonical":"https:\/\/verdadeon.com.br\/portal\/2022\/02\/18\/franca-basquete-entra-em-quadra-neste-sabado-pelo-nbb\/","og_locale":"pt_BR","og_type":"article","og_title":"Franca Basquete entra em quadra neste s\u00e1bado pelo NBB - VerdadeOn","og_description":"Partida acontece contra o Corinthians acontece na casa do advers\u00e1rio em S\u00e3o Paulo O Sesi Franca Basquete entra em quadra neste s\u00e1bado (19) contra o Corinthians, [\u2026]","og_url":"https:\/\/verdadeon.com.br\/portal\/2022\/02\/18\/franca-basquete-entra-em-quadra-neste-sabado-pelo-nbb\/","og_site_name":"VerdadeOn","article_published_time":"2022-02-18T20:20:44+00:00","og_image":[{"width":1001,"height":668,"url":"https:\/\/verdadeon.com.br\/portal\/wp-content\/uploads\/2021\/07\/HELINHHO-TREINADOR-SESI-FRANCA-BASQUETE-FOTO-MARCOS-LIMONTI-SESI-FRANCA-BASQUETE-e1642266628774.jpeg","type":"image\/jpeg"}],"author":"Fernando Lima","twitter_card":"summary_large_image","twitter_misc":{"Escrito por":"Fernando Lima","Est. tempo de leitura":"2 minutos"},"schema":{"@context":"https:\/\/schema.org","@graph":[{"@type":"WebPage","@id":"https:\/\/verdadeon.com.br\/portal\/2022\/02\/18\/franca-basquete-entra-em-quadra-neste-sabado-pelo-nbb\/","url":"https:\/\/verdadeon.com.br\/portal\/2022\/02\/18\/franca-basquete-entra-em-quadra-neste-sabado-pelo-nbb\/","name":"Franca Basquete entra em quadra neste s\u00e1bado pelo NBB - VerdadeOn","isPartOf":{"@id":"https:\/\/verdadeon.com.br\/portal\/#website"},"primaryImageOfPage":{"@id":"https:\/\/verdadeon.com.br\/portal\/2022\/02\/18\/franca-basquete-entra-em-quadra-neste-sabado-pelo-nbb\/#primaryimage"},"image":{"@id":"https:\/\/verdadeon.com.br\/portal\/2022\/02\/18\/franca-basquete-entra-em-quadra-neste-sabado-pelo-nbb\/#primaryimage"},"thumbnailUrl":"https:\/\/i0.wp.com\/verdadeon.com.br\/portal\/wp-content\/uploads\/2021\/07\/HELINHHO-TREINADOR-SESI-FRANCA-BASQUETE-FOTO-MARCOS-LIMONTI-SESI-FRANCA-BASQUETE-e1642266628774.jpeg?fit=1001%2C668&ssl=1","datePublished":"2022-02-18T20:20:44+00:00","author":{"@id":"https:\/\/verdadeon.com.br\/portal\/#\/schema\/person\/cc32be22b8e8599387c480bc83e1d11a"},"breadcrumb":{"@id":"https:\/\/verdadeon.com.br\/portal\/2022\/02\/18\/franca-basquete-entra-em-quadra-neste-sabado-pelo-nbb\/#breadcrumb"},"inLanguage":"pt-BR","potentialAction":[{"@type":"ReadAction","target":["https:\/\/verdadeon.com.br\/portal\/2022\/02\/18\/franca-basquete-entra-em-quadra-neste-sabado-pelo-nbb\/"]}]},{"@type":"ImageObject","inLanguage":"pt-BR","@id":"https:\/\/verdadeon.com.br\/portal\/2022\/02\/18\/franca-basquete-entra-em-quadra-neste-sabado-pelo-nbb\/#primaryimage","url":"https:\/\/i0.wp.com\/verdadeon.com.br\/portal\/wp-content\/uploads\/2021\/07\/HELINHHO-TREINADOR-SESI-FRANCA-BASQUETE-FOTO-MARCOS-LIMONTI-SESI-FRANCA-BASQUETE-e1642266628774.jpeg?fit=1001%2C668&ssl=1","contentUrl":"https:\/\/i0.wp.com\/verdadeon.com.br\/portal\/wp-content\/uploads\/2021\/07\/HELINHHO-TREINADOR-SESI-FRANCA-BASQUETE-FOTO-MARCOS-LIMONTI-SESI-FRANCA-BASQUETE-e1642266628774.jpeg?fit=1001%2C668&ssl=1","width":1001,"height":668,"caption":"Helinho destacou que apesar da vit\u00f3ria, equipe precisa focar nos erros cometidos pela defesa contra a equipe de S\u00e3o Jos\u00e9 | Foto: Marcos Limonti Sesi Franca Basquete"},{"@type":"BreadcrumbList","@id":"https:\/\/verdadeon.com.br\/portal\/2022\/02\/18\/franca-basquete-entra-em-quadra-neste-sabado-pelo-nbb\/#breadcrumb","itemListElement":[{"@type":"ListItem","position":1,"name":"In\u00edcio","item":"https:\/\/verdadeon.com.br\/portal\/"},{"@type":"ListItem","position":2,"name":"Franca Basquete entra em quadra neste s\u00e1bado pelo NBB"}]},{"@type":"WebSite","@id":"https:\/\/verdadeon.com.br\/portal\/#website","url":"https:\/\/verdadeon.com.br\/portal\/","name":"VerdadeOn","description":"Not\u00edcias di\u00e1rias sobre Franca, Regi\u00e3o, Esporte, Cultura, Cotidiano, Colunas. Cobertura nos principais eventos da cidade \u00e9 aqui - Verdadeon Franca","potentialAction":[{"@type":"SearchAction","target":{"@type":"EntryPoint","urlTemplate":"https:\/\/verdadeon.com.br\/portal\/?s={search_term_string}"},"query-input":{"@type":"PropertyValueSpecification","valueRequired":true,"valueName":"search_term_string"}}],"inLanguage":"pt-BR"},{"@type":"Person","@id":"https:\/\/verdadeon.com.br\/portal\/#\/schema\/person\/cc32be22b8e8599387c480bc83e1d11a","name":"Fernando Lima","image":{"@type":"ImageObject","inLanguage":"pt-BR","@id":"https:\/\/verdadeon.com.br\/portal\/#\/schema\/person\/image\/","url":"https:\/\/secure.gravatar.com\/avatar\/df4c8e132080d2b3a4841d5d232045464e0eed11a1d6e43115ca0843d48768d3?s=96&d=mm&r=g","contentUrl":"https:\/\/secure.gravatar.com\/avatar\/df4c8e132080d2b3a4841d5d232045464e0eed11a1d6e43115ca0843d48768d3?s=96&d=mm&r=g","caption":"Fernando Lima"},"sameAs":["http:\/\/verdadeon.com.br\/"],"url":"https:\/\/verdadeon.com.br\/portal\/author\/fernando-lima\/"}]}},"jetpack_publicize_connections":[],"jetpack_featured_media_url":"https:\/\/i0.wp.com\/verdadeon.com.br\/portal\/wp-content\/uploads\/2021\/07\/HELINHHO-TREINADOR-SESI-FRANCA-BASQUETE-FOTO-MARCOS-LIMONTI-SESI-FRANCA-BASQUETE-e1642266628774.jpeg?fit=1001%2C668&ssl=1","jetpack_sharing_enabled":true,"_links":{"self":[{"href":"https:\/\/verdadeon.com.br\/portal\/wp-json\/wp\/v2\/posts\/23176","targetHints":{"allow":["GET"]}}],"collection":[{"href":"https:\/\/verdadeon.com.br\/portal\/wp-json\/wp\/v2\/posts"}],"about":[{"href":"https:\/\/verdadeon.com.br\/portal\/wp-json\/wp\/v2\/types\/post"}],"author":[{"embeddable":true,"href":"https:\/\/verdadeon.com.br\/portal\/wp-json\/wp\/v2\/users\/7"}],"replies":[{"embeddable":true,"href":"https:\/\/verdadeon.com.br\/portal\/wp-json\/wp\/v2\/comments?post=23176"}],"version-history":[{"count":1,"href":"https:\/\/verdadeon.com.br\/portal\/wp-json\/wp\/v2\/posts\/23176\/revisions"}],"predecessor-version":[{"id":23179,"href":"https:\/\/verdadeon.com.br\/portal\/wp-json\/wp\/v2\/posts\/23176\/revisions\/23179"}],"wp:featuredmedia":[{"embeddable":true,"href":"https:\/\/verdadeon.com.br\/portal\/wp-json\/wp\/v2\/media\/18185"}],"wp:attachment":[{"href":"https:\/\/verdadeon.com.br\/portal\/wp-json\/wp\/v2\/media?parent=23176"}],"wp:term":[{"taxonomy":"category","embeddable":true,"href":"https:\/\/verdadeon.com.br\/portal\/wp-json\/wp\/v2\/categories?post=23176"},{"taxonomy":"post_tag","embeddable":true,"href":"https:\/\/verdadeon.com.br\/portal\/wp-json\/wp\/v2\/tags?post=23176"}],"curies":[{"name":"wp","href":"https:\/\/api.w.org\/{rel}","templated":true}]}}