{"id":23167,"date":"2022-02-18T16:07:57","date_gmt":"2022-02-18T19:07:57","guid":{"rendered":"https:\/\/verdadeon.com.br\/portal\/?p=23167"},"modified":"2022-02-18T16:08:53","modified_gmt":"2022-02-18T19:08:53","slug":"saude-quer-mobilizar-cidade-no-vacina-franca-no-parque-fernando-costa","status":"publish","type":"post","link":"https:\/\/verdadeon.com.br\/portal\/2022\/02\/18\/saude-quer-mobilizar-cidade-no-vacina-franca-no-parque-fernando-costa\/","title":{"rendered":"Sa\u00fade quer mobilizar cidade com o &#8216;Vacina Franca&#8217; no Parque Fernando Costa"},"content":{"rendered":"<h2>Ser\u00e3o disponibilizadas 10 mil doses para crian\u00e7as a partir de 5 anos; haver\u00e1 transporte gratuito e atra\u00e7\u00f5es para p\u00fablico infantil<\/h2>\n<p><span style=\"font-weight: 400;\">Quem ainda n\u00e3o recebeu a vacina contra o coronav\u00edrus ou est\u00e1 com doses atrasadas ter\u00e1 uma boa oportunidade neste s\u00e1bado (18), quando a Secretaria Municipal de Sa\u00fade promove uma grande mobiliza\u00e7\u00e3o para imunizar a comunidade. O evento \u201cVacina Franca\u201d acontecer\u00e1 das 8 \u00e0s 13 horas, no Parque \u201cFernando Costa\u201d, e \u00e9 voltado para crian\u00e7as a partir dos 5 anos, adultos e idosos.<\/span><\/p>\n<p><span style=\"font-weight: 400;\">A Secretaria de Sa\u00fade informou que ser\u00e3o disponibilizadas 10 mil doses, podendo ser repostas, se necess\u00e1rio. A expectativa \u00e9 ampliar o n\u00famero de crian\u00e7as vacinadas e reduzir a aus\u00eancia dos adultos. At\u00e9 dia 17 de fevereiro, foram aplicadas 709.477 doses em Franca.<\/span><\/p>\n<p><span style=\"font-weight: 400;\">Al\u00e9m da vacina\u00e7\u00e3o, ser\u00e3o oferecidas v\u00e1rias atra\u00e7\u00f5es para o p\u00fablico infantil, com a presen\u00e7a de super-her\u00f3is, a Galinha Vacinadinha (personagem propaganda da Campanha de Imuniza\u00e7\u00e3o Infantil do Governo Estadual de S\u00e3o Paulo), distribui\u00e7\u00e3o de pipoca, algod\u00e3o doce e espa\u00e7o com pula-pula. As crian\u00e7as imunizadas tamb\u00e9m receber\u00e3o o &#8220;Certificado Coragem&#8221;<\/span><\/p>\n<p><span style=\"font-weight: 400;\">Para a organiza\u00e7\u00e3o do evento, a Prefeitura contar\u00e1 com o apoio das equipes das Escolas T\u00e9cnicas de Enfermagem da ETEC Paula Souza e de Bombeiro Civil do Col\u00e9gio Gandolfi.\u00a0<\/span><\/p>\n<p><span style=\"font-weight: 400;\">A Guarda Civil tamb\u00e9m estar\u00e1 presente para garantir a seguran\u00e7a dos participantes. Cerca de 60 servidores estar\u00e3o envolvidos nesta a\u00e7\u00e3o.\u00a0<\/span><\/p>\n<h4><span style=\"font-weight: 400;\">Transporte<\/span><\/h4>\n<p><span style=\"font-weight: 400;\">Estar\u00e3o dispon\u00edveis \u00f4nibus gratuitos, a partir das 7h at\u00e9 as 12h, com embarque de 14 UBS (Unidades B\u00e1sicas de Sa\u00fade), sendo Aeroporto 1 e 3, Progresso, ESF (Estrat\u00e9gia de Sa\u00fade da Fam\u00edlia) Esmeralda, Santa Clara, S\u00e3o Sebasti\u00e3o, \u00c2ngela Rosa, Brasil\u00e2ndia, Paulistano, Paulista, ESF City Petr\u00f3polis, Horto, Luiza e Leporace at\u00e9 \u00e0s 12h, com destino ao Parque Fernando Costa\u00b4.<\/span><\/p>\n","protected":false},"excerpt":{"rendered":"<p>Ser\u00e3o disponibilizadas 10 mil doses para crian\u00e7as a partir de 5 anos; haver\u00e1 transporte gratuito e atra\u00e7\u00f5es para p\u00fablico infantil Quem ainda n\u00e3o recebeu a vacina<span class=\"excerpt-hellip\"> [\u2026]<\/span><\/p>\n","protected":false},"author":10,"featured_media":21137,"comment_status":"open","ping_status":"open","sticky":false,"template":"","format":"standard","meta":{"_jetpack_memberships_contains_paid_content":false,"footnotes":"","jetpack_publicize_message":"","jetpack_publicize_feature_enabled":true,"jetpack_social_post_already_shared":false,"jetpack_social_options":{"image_generator_settings":{"template":"highway","default_image_id":0,"enabled":false},"version":2}},"categories":[28,81],"tags":[],"class_list":["post-23167","post","type-post","status-publish","format-standard","has-post-thumbnail","hentry","category-cotidiano","category-manchete"],"yoast_head":"<!-- This site is optimized with the Yoast SEO plugin v25.6 - https:\/\/yoast.com\/wordpress\/plugins\/seo\/ -->\n<title>Sa\u00fade quer mobilizar cidade com o &#039;Vacina Franca&#039; no Parque Fernando Costa - VerdadeOn<\/title>\n<meta name=\"robots\" content=\"index, follow, max-snippet:-1, max-image-preview:large, max-video-preview:-1\" \/>\n<link rel=\"canonical\" href=\"https:\/\/verdadeon.com.br\/portal\/2022\/02\/18\/saude-quer-mobilizar-cidade-no-vacina-franca-no-parque-fernando-costa\/\" \/>\n<meta property=\"og:locale\" content=\"pt_BR\" \/>\n<meta property=\"og:type\" content=\"article\" \/>\n<meta property=\"og:title\" content=\"Sa\u00fade quer mobilizar cidade com o &#039;Vacina Franca&#039; no Parque Fernando Costa - VerdadeOn\" \/>\n<meta property=\"og:description\" content=\"Ser\u00e3o disponibilizadas 10 mil doses para crian\u00e7as a partir de 5 anos; haver\u00e1 transporte gratuito e atra\u00e7\u00f5es para p\u00fablico infantil Quem ainda n\u00e3o recebeu a vacina [\u2026]\" \/>\n<meta property=\"og:url\" content=\"https:\/\/verdadeon.com.br\/portal\/2022\/02\/18\/saude-quer-mobilizar-cidade-no-vacina-franca-no-parque-fernando-costa\/\" \/>\n<meta property=\"og:site_name\" content=\"VerdadeOn\" \/>\n<meta property=\"article:published_time\" content=\"2022-02-18T19:07:57+00:00\" \/>\n<meta property=\"article:modified_time\" content=\"2022-02-18T19:08:53+00:00\" \/>\n<meta property=\"og:image\" content=\"https:\/\/verdadeon.com.br\/portal\/wp-content\/uploads\/2021\/11\/VACINA-e1637607628339.jpg\" \/>\n\t<meta property=\"og:image:width\" content=\"1000\" \/>\n\t<meta property=\"og:image:height\" content=\"669\" \/>\n\t<meta property=\"og:image:type\" content=\"image\/jpeg\" \/>\n<meta name=\"author\" content=\"Redacao VerdadeOn\" \/>\n<meta name=\"twitter:card\" content=\"summary_large_image\" \/>\n<meta name=\"twitter:label1\" content=\"Escrito por\" \/>\n\t<meta name=\"twitter:data1\" content=\"Redacao VerdadeOn\" \/>\n\t<meta name=\"twitter:label2\" content=\"Est. tempo de leitura\" \/>\n\t<meta name=\"twitter:data2\" content=\"2 minutos\" \/>\n<script type=\"application\/ld+json\" class=\"yoast-schema-graph\">{\"@context\":\"https:\/\/schema.org\",\"@graph\":[{\"@type\":\"WebPage\",\"@id\":\"https:\/\/verdadeon.com.br\/portal\/2022\/02\/18\/saude-quer-mobilizar-cidade-no-vacina-franca-no-parque-fernando-costa\/\",\"url\":\"https:\/\/verdadeon.com.br\/portal\/2022\/02\/18\/saude-quer-mobilizar-cidade-no-vacina-franca-no-parque-fernando-costa\/\",\"name\":\"Sa\u00fade quer mobilizar cidade com o 'Vacina Franca' no Parque Fernando Costa - VerdadeOn\",\"isPartOf\":{\"@id\":\"https:\/\/verdadeon.com.br\/portal\/#website\"},\"primaryImageOfPage\":{\"@id\":\"https:\/\/verdadeon.com.br\/portal\/2022\/02\/18\/saude-quer-mobilizar-cidade-no-vacina-franca-no-parque-fernando-costa\/#primaryimage\"},\"image\":{\"@id\":\"https:\/\/verdadeon.com.br\/portal\/2022\/02\/18\/saude-quer-mobilizar-cidade-no-vacina-franca-no-parque-fernando-costa\/#primaryimage\"},\"thumbnailUrl\":\"https:\/\/i0.wp.com\/verdadeon.com.br\/portal\/wp-content\/uploads\/2021\/11\/VACINA-e1637607628339.jpg?fit=1000%2C669&ssl=1\",\"datePublished\":\"2022-02-18T19:07:57+00:00\",\"dateModified\":\"2022-02-18T19:08:53+00:00\",\"author\":{\"@id\":\"https:\/\/verdadeon.com.br\/portal\/#\/schema\/person\/a5060ad1e9ea3df545188fc93ce43d2f\"},\"breadcrumb\":{\"@id\":\"https:\/\/verdadeon.com.br\/portal\/2022\/02\/18\/saude-quer-mobilizar-cidade-no-vacina-franca-no-parque-fernando-costa\/#breadcrumb\"},\"inLanguage\":\"pt-BR\",\"potentialAction\":[{\"@type\":\"ReadAction\",\"target\":[\"https:\/\/verdadeon.com.br\/portal\/2022\/02\/18\/saude-quer-mobilizar-cidade-no-vacina-franca-no-parque-fernando-costa\/\"]}]},{\"@type\":\"ImageObject\",\"inLanguage\":\"pt-BR\",\"@id\":\"https:\/\/verdadeon.com.br\/portal\/2022\/02\/18\/saude-quer-mobilizar-cidade-no-vacina-franca-no-parque-fernando-costa\/#primaryimage\",\"url\":\"https:\/\/i0.wp.com\/verdadeon.com.br\/portal\/wp-content\/uploads\/2021\/11\/VACINA-e1637607628339.jpg?fit=1000%2C669&ssl=1\",\"contentUrl\":\"https:\/\/i0.wp.com\/verdadeon.com.br\/portal\/wp-content\/uploads\/2021\/11\/VACINA-e1637607628339.jpg?fit=1000%2C669&ssl=1\",\"width\":1000,\"height\":669,\"caption\":\"Sa\u00fade convoca popula\u00e7\u00e3o a partir dos 5 anos para aderir ao 'Vacina Franca' neste s\u00e1bado, 19 | Foto: Ag\u00eancia Brasil\"},{\"@type\":\"BreadcrumbList\",\"@id\":\"https:\/\/verdadeon.com.br\/portal\/2022\/02\/18\/saude-quer-mobilizar-cidade-no-vacina-franca-no-parque-fernando-costa\/#breadcrumb\",\"itemListElement\":[{\"@type\":\"ListItem\",\"position\":1,\"name\":\"In\u00edcio\",\"item\":\"https:\/\/verdadeon.com.br\/portal\/\"},{\"@type\":\"ListItem\",\"position\":2,\"name\":\"Sa\u00fade quer mobilizar cidade com o &#8216;Vacina Franca&#8217; no Parque Fernando Costa\"}]},{\"@type\":\"WebSite\",\"@id\":\"https:\/\/verdadeon.com.br\/portal\/#website\",\"url\":\"https:\/\/verdadeon.com.br\/portal\/\",\"name\":\"VerdadeOn\",\"description\":\"Not\u00edcias di\u00e1rias sobre Franca, Regi\u00e3o, Esporte, Cultura, Cotidiano, Colunas. Cobertura nos principais eventos da cidade \u00e9 aqui - Verdadeon Franca\",\"potentialAction\":[{\"@type\":\"SearchAction\",\"target\":{\"@type\":\"EntryPoint\",\"urlTemplate\":\"https:\/\/verdadeon.com.br\/portal\/?s={search_term_string}\"},\"query-input\":{\"@type\":\"PropertyValueSpecification\",\"valueRequired\":true,\"valueName\":\"search_term_string\"}}],\"inLanguage\":\"pt-BR\"},{\"@type\":\"Person\",\"@id\":\"https:\/\/verdadeon.com.br\/portal\/#\/schema\/person\/a5060ad1e9ea3df545188fc93ce43d2f\",\"name\":\"Redacao VerdadeOn\",\"image\":{\"@type\":\"ImageObject\",\"inLanguage\":\"pt-BR\",\"@id\":\"https:\/\/verdadeon.com.br\/portal\/#\/schema\/person\/image\/\",\"url\":\"https:\/\/secure.gravatar.com\/avatar\/459a9613caaaf07f582c3d0841eea68bdd66f533e465e6ba8b9cb45619572cf4?s=96&d=mm&r=g\",\"contentUrl\":\"https:\/\/secure.gravatar.com\/avatar\/459a9613caaaf07f582c3d0841eea68bdd66f533e465e6ba8b9cb45619572cf4?s=96&d=mm&r=g\",\"caption\":\"Redacao VerdadeOn\"},\"url\":\"https:\/\/verdadeon.com.br\/portal\/author\/redacao\/\"}]}<\/script>\n<!-- \/ Yoast SEO plugin. -->","yoast_head_json":{"title":"Sa\u00fade quer mobilizar cidade com o 'Vacina Franca' no Parque Fernando Costa - VerdadeOn","robots":{"index":"index","follow":"follow","max-snippet":"max-snippet:-1","max-image-preview":"max-image-preview:large","max-video-preview":"max-video-preview:-1"},"canonical":"https:\/\/verdadeon.com.br\/portal\/2022\/02\/18\/saude-quer-mobilizar-cidade-no-vacina-franca-no-parque-fernando-costa\/","og_locale":"pt_BR","og_type":"article","og_title":"Sa\u00fade quer mobilizar cidade com o 'Vacina Franca' no Parque Fernando Costa - VerdadeOn","og_description":"Ser\u00e3o disponibilizadas 10 mil doses para crian\u00e7as a partir de 5 anos; haver\u00e1 transporte gratuito e atra\u00e7\u00f5es para p\u00fablico infantil Quem ainda n\u00e3o recebeu a vacina [\u2026]","og_url":"https:\/\/verdadeon.com.br\/portal\/2022\/02\/18\/saude-quer-mobilizar-cidade-no-vacina-franca-no-parque-fernando-costa\/","og_site_name":"VerdadeOn","article_published_time":"2022-02-18T19:07:57+00:00","article_modified_time":"2022-02-18T19:08:53+00:00","og_image":[{"width":1000,"height":669,"url":"https:\/\/verdadeon.com.br\/portal\/wp-content\/uploads\/2021\/11\/VACINA-e1637607628339.jpg","type":"image\/jpeg"}],"author":"Redacao VerdadeOn","twitter_card":"summary_large_image","twitter_misc":{"Escrito por":"Redacao VerdadeOn","Est. tempo de leitura":"2 minutos"},"schema":{"@context":"https:\/\/schema.org","@graph":[{"@type":"WebPage","@id":"https:\/\/verdadeon.com.br\/portal\/2022\/02\/18\/saude-quer-mobilizar-cidade-no-vacina-franca-no-parque-fernando-costa\/","url":"https:\/\/verdadeon.com.br\/portal\/2022\/02\/18\/saude-quer-mobilizar-cidade-no-vacina-franca-no-parque-fernando-costa\/","name":"Sa\u00fade quer mobilizar cidade com o 'Vacina Franca' no Parque Fernando Costa - VerdadeOn","isPartOf":{"@id":"https:\/\/verdadeon.com.br\/portal\/#website"},"primaryImageOfPage":{"@id":"https:\/\/verdadeon.com.br\/portal\/2022\/02\/18\/saude-quer-mobilizar-cidade-no-vacina-franca-no-parque-fernando-costa\/#primaryimage"},"image":{"@id":"https:\/\/verdadeon.com.br\/portal\/2022\/02\/18\/saude-quer-mobilizar-cidade-no-vacina-franca-no-parque-fernando-costa\/#primaryimage"},"thumbnailUrl":"https:\/\/i0.wp.com\/verdadeon.com.br\/portal\/wp-content\/uploads\/2021\/11\/VACINA-e1637607628339.jpg?fit=1000%2C669&ssl=1","datePublished":"2022-02-18T19:07:57+00:00","dateModified":"2022-02-18T19:08:53+00:00","author":{"@id":"https:\/\/verdadeon.com.br\/portal\/#\/schema\/person\/a5060ad1e9ea3df545188fc93ce43d2f"},"breadcrumb":{"@id":"https:\/\/verdadeon.com.br\/portal\/2022\/02\/18\/saude-quer-mobilizar-cidade-no-vacina-franca-no-parque-fernando-costa\/#breadcrumb"},"inLanguage":"pt-BR","potentialAction":[{"@type":"ReadAction","target":["https:\/\/verdadeon.com.br\/portal\/2022\/02\/18\/saude-quer-mobilizar-cidade-no-vacina-franca-no-parque-fernando-costa\/"]}]},{"@type":"ImageObject","inLanguage":"pt-BR","@id":"https:\/\/verdadeon.com.br\/portal\/2022\/02\/18\/saude-quer-mobilizar-cidade-no-vacina-franca-no-parque-fernando-costa\/#primaryimage","url":"https:\/\/i0.wp.com\/verdadeon.com.br\/portal\/wp-content\/uploads\/2021\/11\/VACINA-e1637607628339.jpg?fit=1000%2C669&ssl=1","contentUrl":"https:\/\/i0.wp.com\/verdadeon.com.br\/portal\/wp-content\/uploads\/2021\/11\/VACINA-e1637607628339.jpg?fit=1000%2C669&ssl=1","width":1000,"height":669,"caption":"Sa\u00fade convoca popula\u00e7\u00e3o a partir dos 5 anos para aderir ao 'Vacina Franca' neste s\u00e1bado, 19 | Foto: Ag\u00eancia Brasil"},{"@type":"BreadcrumbList","@id":"https:\/\/verdadeon.com.br\/portal\/2022\/02\/18\/saude-quer-mobilizar-cidade-no-vacina-franca-no-parque-fernando-costa\/#breadcrumb","itemListElement":[{"@type":"ListItem","position":1,"name":"In\u00edcio","item":"https:\/\/verdadeon.com.br\/portal\/"},{"@type":"ListItem","position":2,"name":"Sa\u00fade quer mobilizar cidade com o &#8216;Vacina Franca&#8217; no Parque Fernando Costa"}]},{"@type":"WebSite","@id":"https:\/\/verdadeon.com.br\/portal\/#website","url":"https:\/\/verdadeon.com.br\/portal\/","name":"VerdadeOn","description":"Not\u00edcias di\u00e1rias sobre Franca, Regi\u00e3o, Esporte, Cultura, Cotidiano, Colunas. Cobertura nos principais eventos da cidade \u00e9 aqui - Verdadeon Franca","potentialAction":[{"@type":"SearchAction","target":{"@type":"EntryPoint","urlTemplate":"https:\/\/verdadeon.com.br\/portal\/?s={search_term_string}"},"query-input":{"@type":"PropertyValueSpecification","valueRequired":true,"valueName":"search_term_string"}}],"inLanguage":"pt-BR"},{"@type":"Person","@id":"https:\/\/verdadeon.com.br\/portal\/#\/schema\/person\/a5060ad1e9ea3df545188fc93ce43d2f","name":"Redacao VerdadeOn","image":{"@type":"ImageObject","inLanguage":"pt-BR","@id":"https:\/\/verdadeon.com.br\/portal\/#\/schema\/person\/image\/","url":"https:\/\/secure.gravatar.com\/avatar\/459a9613caaaf07f582c3d0841eea68bdd66f533e465e6ba8b9cb45619572cf4?s=96&d=mm&r=g","contentUrl":"https:\/\/secure.gravatar.com\/avatar\/459a9613caaaf07f582c3d0841eea68bdd66f533e465e6ba8b9cb45619572cf4?s=96&d=mm&r=g","caption":"Redacao VerdadeOn"},"url":"https:\/\/verdadeon.com.br\/portal\/author\/redacao\/"}]}},"jetpack_publicize_connections":[],"jetpack_featured_media_url":"https:\/\/i0.wp.com\/verdadeon.com.br\/portal\/wp-content\/uploads\/2021\/11\/VACINA-e1637607628339.jpg?fit=1000%2C669&ssl=1","jetpack_sharing_enabled":true,"_links":{"self":[{"href":"https:\/\/verdadeon.com.br\/portal\/wp-json\/wp\/v2\/posts\/23167","targetHints":{"allow":["GET"]}}],"collection":[{"href":"https:\/\/verdadeon.com.br\/portal\/wp-json\/wp\/v2\/posts"}],"about":[{"href":"https:\/\/verdadeon.com.br\/portal\/wp-json\/wp\/v2\/types\/post"}],"author":[{"embeddable":true,"href":"https:\/\/verdadeon.com.br\/portal\/wp-json\/wp\/v2\/users\/10"}],"replies":[{"embeddable":true,"href":"https:\/\/verdadeon.com.br\/portal\/wp-json\/wp\/v2\/comments?post=23167"}],"version-history":[{"count":2,"href":"https:\/\/verdadeon.com.br\/portal\/wp-json\/wp\/v2\/posts\/23167\/revisions"}],"predecessor-version":[{"id":23172,"href":"https:\/\/verdadeon.com.br\/portal\/wp-json\/wp\/v2\/posts\/23167\/revisions\/23172"}],"wp:featuredmedia":[{"embeddable":true,"href":"https:\/\/verdadeon.com.br\/portal\/wp-json\/wp\/v2\/media\/21137"}],"wp:attachment":[{"href":"https:\/\/verdadeon.com.br\/portal\/wp-json\/wp\/v2\/media?parent=23167"}],"wp:term":[{"taxonomy":"category","embeddable":true,"href":"https:\/\/verdadeon.com.br\/portal\/wp-json\/wp\/v2\/categories?post=23167"},{"taxonomy":"post_tag","embeddable":true,"href":"https:\/\/verdadeon.com.br\/portal\/wp-json\/wp\/v2\/tags?post=23167"}],"curies":[{"name":"wp","href":"https:\/\/api.w.org\/{rel}","templated":true}]}}