{"id":23158,"date":"2022-02-17T20:04:07","date_gmt":"2022-02-17T23:04:07","guid":{"rendered":"https:\/\/verdadeon.com.br\/portal\/?p=23158"},"modified":"2022-02-18T08:46:18","modified_gmt":"2022-02-18T11:46:18","slug":"grupo-santa-casa-de-franca-realiza-colocacao-de-grau-em-especialidades-medicas","status":"publish","type":"post","link":"https:\/\/verdadeon.com.br\/portal\/2022\/02\/17\/grupo-santa-casa-de-franca-realiza-colocacao-de-grau-em-especialidades-medicas\/","title":{"rendered":"Grupo Santa Casa de Franca realiza Cola\u00e7\u00e3o de Grau em  Especialidades M\u00e9dicas"},"content":{"rendered":"<h2><em>Santa Casa profissionalizando talentos para o mercado<\/em><\/h2>\n<p>O Grupo Santa Casa de Franca, o qual \u00e9 credenciado para forma\u00e7\u00e3o em especialidades m\u00e9dicas, realizou na \u00faltima quinta-feira dia 10, no Espa\u00e7o Madeira, o Evento de Cola\u00e7\u00e3o de Grau dos m\u00e9dicos residentes dos Programas de Resid\u00eancia M\u00e9dica em: Anestesiologia, Cl\u00ednica M\u00e9dica, Obstetr\u00edcia e Ginecologia, Ortopedia e Traumatologia, Pediatra e Pr\u00e9-Requisito em \u00c1rea Cir\u00fargica B\u00e1sica da Santa Casa de Franca. As especialidades t\u00eam dura\u00e7\u00e3o entre 2 e 3 anos e s\u00e3o ministradas em todas as edifica\u00e7\u00f5es que comp\u00f5em o Grupo Santa Casa de Franca.<\/p>\n<p>A cerim\u00f4nia, contou com a presen\u00e7a dos residentes, seus familiares e m\u00e9dicos do corpo cl\u00ednico do grupo Santa Casa de Franca. Na mesa diretiva, estava o presidente da Santa Casa de Franca, Sr. Tony Graciano, o administrador do grupo Sr. Thiago da Silva, Dr. Laurence Dias de Oliveira \u2013 Coordenador da Comiss\u00e3o de Resid\u00eancia M\u00e9dica e Diretor T\u00e9cnico do Hospital do Cora\u00e7\u00e3o\/Hospital do C\u00e2ncer, Dr. Eduardo Migani Teixeira &#8211; Diretor T\u00e9cnico do Hospital Geral e Dr. Ciro de Castro Botto \u2013 Coordenador M\u00e9dico do Departamento de Ensino e Pesquisa.<\/p>\n<p>Ap\u00f3s os integrantes da mesa terem feito o uso da palavra, os m\u00e9dicos residentes, agora especialistas, prestaram suas homenagens agradecendo e reverenciando seus preceptores que lecionaram ao decorrer da forma\u00e7\u00e3o, al\u00e9m do reconhecimento da necessidade do apoio familiar durante o percurso.<\/p>\n<div id=\"attachment_23160\" style=\"width: 1010px\" class=\"wp-caption alignnone\"><img data-recalc-dims=\"1\" loading=\"lazy\" decoding=\"async\" aria-describedby=\"caption-attachment-23160\" class=\"size-full wp-image-23160\" src=\"https:\/\/i0.wp.com\/verdadeon.com.br\/portal\/wp-content\/uploads\/2022\/02\/WhatsApp-Image-2022-02-17-at-19.18.00-1.jpeg?resize=1000%2C670&#038;ssl=1\" alt=\"\" width=\"1000\" height=\"670\" srcset=\"https:\/\/i0.wp.com\/verdadeon.com.br\/portal\/wp-content\/uploads\/2022\/02\/WhatsApp-Image-2022-02-17-at-19.18.00-1.jpeg?w=1000&amp;ssl=1 1000w, https:\/\/i0.wp.com\/verdadeon.com.br\/portal\/wp-content\/uploads\/2022\/02\/WhatsApp-Image-2022-02-17-at-19.18.00-1.jpeg?resize=300%2C201&amp;ssl=1 300w, https:\/\/i0.wp.com\/verdadeon.com.br\/portal\/wp-content\/uploads\/2022\/02\/WhatsApp-Image-2022-02-17-at-19.18.00-1.jpeg?resize=768%2C515&amp;ssl=1 768w, https:\/\/i0.wp.com\/verdadeon.com.br\/portal\/wp-content\/uploads\/2022\/02\/WhatsApp-Image-2022-02-17-at-19.18.00-1.jpeg?resize=218%2C146&amp;ssl=1 218w, https:\/\/i0.wp.com\/verdadeon.com.br\/portal\/wp-content\/uploads\/2022\/02\/WhatsApp-Image-2022-02-17-at-19.18.00-1.jpeg?resize=50%2C34&amp;ssl=1 50w, https:\/\/i0.wp.com\/verdadeon.com.br\/portal\/wp-content\/uploads\/2022\/02\/WhatsApp-Image-2022-02-17-at-19.18.00-1.jpeg?resize=112%2C75&amp;ssl=1 112w\" sizes=\"auto, (max-width: 1000px) 100vw, 1000px\" \/><p id=\"caption-attachment-23160\" class=\"wp-caption-text\">Tony Graciano \u2013 Presidente do Grupo Santa de Franca<\/p><\/div>\n<p>&nbsp;<\/p>\n<p>O presidente do Grupo Santa Casa de Franca, Tony Graciano, e diretores t\u00e9cnicos, parabenizaram os m\u00e9dicos rec\u00e9m-especialistas, por todo empenho durante curso, em um momento t\u00e3o dif\u00edcil em que o mundo tem enfrentado nos \u00faltimos dois anos de pandemia, e que com mais profissionais especializados na \u00e1rea da sa\u00fade, mais pessoas ser\u00e3o beneficiadas.<\/p>\n<p>Receberam o t\u00edtulo de especialista:<\/p>\n<p>Anestesiologia:<\/p>\n<p>&#8211; Dra. Daniela Harumy Murakawa;<\/p>\n<p>&#8211; Dra. Gabrielle Picolo de Souza;<\/p>\n<p>&#8211; Dra. Let\u00edcia Magri Teixeira;<\/p>\n<p>-Dr. Rafy Fernandes Hamdy<\/p>\n<p>Cl\u00ednica M\u00e9dica:<\/p>\n<p>-Dra. Aim\u00e9e Murad Pinton;<\/p>\n<p>-Dra. Daniela Arbache Paulino;<\/p>\n<p>-Dra. Daniela de Souza Barbieri;<\/p>\n<p>-Dr. Jo\u00e3o Hercos Neto.<\/p>\n<p>&nbsp;<\/p>\n<p><img data-recalc-dims=\"1\" loading=\"lazy\" decoding=\"async\" class=\"alignnone size-full wp-image-23161\" src=\"https:\/\/i0.wp.com\/verdadeon.com.br\/portal\/wp-content\/uploads\/2022\/02\/WhatsApp-Image-2022-02-17-at-19.18.00.jpeg?resize=1000%2C670&#038;ssl=1\" alt=\"\" width=\"1000\" height=\"670\" srcset=\"https:\/\/i0.wp.com\/verdadeon.com.br\/portal\/wp-content\/uploads\/2022\/02\/WhatsApp-Image-2022-02-17-at-19.18.00.jpeg?w=1000&amp;ssl=1 1000w, https:\/\/i0.wp.com\/verdadeon.com.br\/portal\/wp-content\/uploads\/2022\/02\/WhatsApp-Image-2022-02-17-at-19.18.00.jpeg?resize=300%2C201&amp;ssl=1 300w, https:\/\/i0.wp.com\/verdadeon.com.br\/portal\/wp-content\/uploads\/2022\/02\/WhatsApp-Image-2022-02-17-at-19.18.00.jpeg?resize=768%2C515&amp;ssl=1 768w, https:\/\/i0.wp.com\/verdadeon.com.br\/portal\/wp-content\/uploads\/2022\/02\/WhatsApp-Image-2022-02-17-at-19.18.00.jpeg?resize=218%2C146&amp;ssl=1 218w, https:\/\/i0.wp.com\/verdadeon.com.br\/portal\/wp-content\/uploads\/2022\/02\/WhatsApp-Image-2022-02-17-at-19.18.00.jpeg?resize=50%2C34&amp;ssl=1 50w, https:\/\/i0.wp.com\/verdadeon.com.br\/portal\/wp-content\/uploads\/2022\/02\/WhatsApp-Image-2022-02-17-at-19.18.00.jpeg?resize=112%2C75&amp;ssl=1 112w\" sizes=\"auto, (max-width: 1000px) 100vw, 1000px\" \/><\/p>\n<p>Ginecologia e Obstetr\u00edcia:<\/p>\n<p>&nbsp;<\/p>\n<p>&#8211; Dr. L\u00e1zaro Luiz de Paula Neto;<\/p>\n<p>&#8211; Dra. Nath\u00e1lia Barbosa Furlan;<\/p>\n<p>&#8211; Dra. Tatiane Nicolela Prata Costa.<\/p>\n<p>Ortopedia e Traumatologia:<\/p>\n<p>&#8211; Dr. Andr\u00e9 do Carmo Nascimento;<\/p>\n<p>&#8211; Dr. Daniel Pereira Barbosa;<\/p>\n<p>&#8211; Dr. Esteban de Figueiredo de Los Reyes;<\/p>\n<p>&#8211; Dr. Lu\u00eds Eduardo de L\u00e1bio Parra.<\/p>\n<p>Pediatria:<\/p>\n<p>&#8211; Dra. Gabriela Ricardo Vaz;<\/p>\n<p>&#8211; Dra. Marina Dal Monte Freitas;<\/p>\n<p>&#8211; Dr. Rodrigo Santana Arruda;<\/p>\n<p>&#8211; Dra. Ta\u00edssa Naves Ara\u00fajo.<\/p>\n<p>Pr\u00e9-Requisito em \u00c1rea Cir\u00fargica B\u00e1sica:<\/p>\n<p>&#8211; Dr. C\u00e1ssio Henrique Cerruti;<\/p>\n<p>&#8211; Dra. Ma\u00edsa Bueno Vasconcellos;<\/p>\n<p>&#8211; Dr. Matheus Lucas de Souza;<\/p>\n<p>&#8211; Dr. Tiago Brito Bastos Ribeiro.<\/p>\n","protected":false},"excerpt":{"rendered":"<p>Santa Casa profissionalizando talentos para o mercado O Grupo Santa Casa de Franca, o qual \u00e9 credenciado para forma\u00e7\u00e3o em especialidades m\u00e9dicas, realizou na \u00faltima quinta-feira<span class=\"excerpt-hellip\"> [\u2026]<\/span><\/p>\n","protected":false},"author":4,"featured_media":23159,"comment_status":"open","ping_status":"open","sticky":false,"template":"","format":"standard","meta":{"_jetpack_memberships_contains_paid_content":false,"footnotes":"","jetpack_publicize_message":"","jetpack_publicize_feature_enabled":true,"jetpack_social_post_already_shared":false,"jetpack_social_options":{"image_generator_settings":{"template":"highway","default_image_id":0,"enabled":false},"version":2}},"categories":[28,44],"tags":[],"class_list":["post-23158","post","type-post","status-publish","format-standard","has-post-thumbnail","hentry","category-cotidiano","category-noticias"],"yoast_head":"<!-- This site is optimized with the Yoast SEO plugin v25.6 - https:\/\/yoast.com\/wordpress\/plugins\/seo\/ -->\n<title>Grupo Santa Casa de Franca realiza Cola\u00e7\u00e3o de Grau em Especialidades M\u00e9dicas - VerdadeOn<\/title>\n<meta name=\"robots\" content=\"index, follow, max-snippet:-1, max-image-preview:large, max-video-preview:-1\" \/>\n<link rel=\"canonical\" href=\"https:\/\/verdadeon.com.br\/portal\/2022\/02\/17\/grupo-santa-casa-de-franca-realiza-colocacao-de-grau-em-especialidades-medicas\/\" \/>\n<meta property=\"og:locale\" content=\"pt_BR\" \/>\n<meta property=\"og:type\" content=\"article\" \/>\n<meta property=\"og:title\" content=\"Grupo Santa Casa de Franca realiza Cola\u00e7\u00e3o de Grau em Especialidades M\u00e9dicas - VerdadeOn\" \/>\n<meta property=\"og:description\" content=\"Santa Casa profissionalizando talentos para o mercado O Grupo Santa Casa de Franca, o qual \u00e9 credenciado para forma\u00e7\u00e3o em especialidades m\u00e9dicas, realizou na \u00faltima quinta-feira [\u2026]\" \/>\n<meta property=\"og:url\" content=\"https:\/\/verdadeon.com.br\/portal\/2022\/02\/17\/grupo-santa-casa-de-franca-realiza-colocacao-de-grau-em-especialidades-medicas\/\" \/>\n<meta property=\"og:site_name\" content=\"VerdadeOn\" \/>\n<meta property=\"article:published_time\" content=\"2022-02-17T23:04:07+00:00\" \/>\n<meta property=\"article:modified_time\" content=\"2022-02-18T11:46:18+00:00\" \/>\n<meta property=\"og:image\" content=\"https:\/\/verdadeon.com.br\/portal\/wp-content\/uploads\/2022\/02\/Imagem1.png\" \/>\n\t<meta property=\"og:image:width\" content=\"1000\" \/>\n\t<meta property=\"og:image:height\" content=\"670\" \/>\n\t<meta property=\"og:image:type\" content=\"image\/png\" \/>\n<meta name=\"author\" content=\"Fernando Calixto\" \/>\n<meta name=\"twitter:card\" content=\"summary_large_image\" \/>\n<meta name=\"twitter:label1\" content=\"Escrito por\" \/>\n\t<meta name=\"twitter:data1\" content=\"Fernando Calixto\" \/>\n\t<meta name=\"twitter:label2\" content=\"Est. tempo de leitura\" \/>\n\t<meta name=\"twitter:data2\" content=\"3 minutos\" \/>\n<script type=\"application\/ld+json\" class=\"yoast-schema-graph\">{\"@context\":\"https:\/\/schema.org\",\"@graph\":[{\"@type\":\"WebPage\",\"@id\":\"https:\/\/verdadeon.com.br\/portal\/2022\/02\/17\/grupo-santa-casa-de-franca-realiza-colocacao-de-grau-em-especialidades-medicas\/\",\"url\":\"https:\/\/verdadeon.com.br\/portal\/2022\/02\/17\/grupo-santa-casa-de-franca-realiza-colocacao-de-grau-em-especialidades-medicas\/\",\"name\":\"Grupo Santa Casa de Franca realiza Cola\u00e7\u00e3o de Grau em Especialidades M\u00e9dicas - VerdadeOn\",\"isPartOf\":{\"@id\":\"https:\/\/verdadeon.com.br\/portal\/#website\"},\"primaryImageOfPage\":{\"@id\":\"https:\/\/verdadeon.com.br\/portal\/2022\/02\/17\/grupo-santa-casa-de-franca-realiza-colocacao-de-grau-em-especialidades-medicas\/#primaryimage\"},\"image\":{\"@id\":\"https:\/\/verdadeon.com.br\/portal\/2022\/02\/17\/grupo-santa-casa-de-franca-realiza-colocacao-de-grau-em-especialidades-medicas\/#primaryimage\"},\"thumbnailUrl\":\"https:\/\/i0.wp.com\/verdadeon.com.br\/portal\/wp-content\/uploads\/2022\/02\/Imagem1.png?fit=1000%2C670&ssl=1\",\"datePublished\":\"2022-02-17T23:04:07+00:00\",\"dateModified\":\"2022-02-18T11:46:18+00:00\",\"author\":{\"@id\":\"https:\/\/verdadeon.com.br\/portal\/#\/schema\/person\/8994718f49ee62ba5610471e29ca1f62\"},\"breadcrumb\":{\"@id\":\"https:\/\/verdadeon.com.br\/portal\/2022\/02\/17\/grupo-santa-casa-de-franca-realiza-colocacao-de-grau-em-especialidades-medicas\/#breadcrumb\"},\"inLanguage\":\"pt-BR\",\"potentialAction\":[{\"@type\":\"ReadAction\",\"target\":[\"https:\/\/verdadeon.com.br\/portal\/2022\/02\/17\/grupo-santa-casa-de-franca-realiza-colocacao-de-grau-em-especialidades-medicas\/\"]}]},{\"@type\":\"ImageObject\",\"inLanguage\":\"pt-BR\",\"@id\":\"https:\/\/verdadeon.com.br\/portal\/2022\/02\/17\/grupo-santa-casa-de-franca-realiza-colocacao-de-grau-em-especialidades-medicas\/#primaryimage\",\"url\":\"https:\/\/i0.wp.com\/verdadeon.com.br\/portal\/wp-content\/uploads\/2022\/02\/Imagem1.png?fit=1000%2C670&ssl=1\",\"contentUrl\":\"https:\/\/i0.wp.com\/verdadeon.com.br\/portal\/wp-content\/uploads\/2022\/02\/Imagem1.png?fit=1000%2C670&ssl=1\",\"width\":1000,\"height\":670,\"caption\":\"Dr. Eduardo Migani Teixeira - Diretor T\u00e9cnico do Hospital Geral, Dr. Laurence Dias de Oliveira \u2013 Coordenador da Comiss\u00e3o de Resid\u00eancia M\u00e9dica, Tony Graciano \u2013 Presidente do Grupo Santa de Franca e Dr. Ciro Botto - Coordenador M\u00e9dico do Departamento de Ensino e Pesquisa\"},{\"@type\":\"BreadcrumbList\",\"@id\":\"https:\/\/verdadeon.com.br\/portal\/2022\/02\/17\/grupo-santa-casa-de-franca-realiza-colocacao-de-grau-em-especialidades-medicas\/#breadcrumb\",\"itemListElement\":[{\"@type\":\"ListItem\",\"position\":1,\"name\":\"In\u00edcio\",\"item\":\"https:\/\/verdadeon.com.br\/portal\/\"},{\"@type\":\"ListItem\",\"position\":2,\"name\":\"Grupo Santa Casa de Franca realiza Cola\u00e7\u00e3o de Grau em Especialidades M\u00e9dicas\"}]},{\"@type\":\"WebSite\",\"@id\":\"https:\/\/verdadeon.com.br\/portal\/#website\",\"url\":\"https:\/\/verdadeon.com.br\/portal\/\",\"name\":\"VerdadeOn\",\"description\":\"Not\u00edcias di\u00e1rias sobre Franca, Regi\u00e3o, Esporte, Cultura, Cotidiano, Colunas. Cobertura nos principais eventos da cidade \u00e9 aqui - Verdadeon Franca\",\"potentialAction\":[{\"@type\":\"SearchAction\",\"target\":{\"@type\":\"EntryPoint\",\"urlTemplate\":\"https:\/\/verdadeon.com.br\/portal\/?s={search_term_string}\"},\"query-input\":{\"@type\":\"PropertyValueSpecification\",\"valueRequired\":true,\"valueName\":\"search_term_string\"}}],\"inLanguage\":\"pt-BR\"},{\"@type\":\"Person\",\"@id\":\"https:\/\/verdadeon.com.br\/portal\/#\/schema\/person\/8994718f49ee62ba5610471e29ca1f62\",\"name\":\"Fernando Calixto\",\"image\":{\"@type\":\"ImageObject\",\"inLanguage\":\"pt-BR\",\"@id\":\"https:\/\/verdadeon.com.br\/portal\/#\/schema\/person\/image\/\",\"url\":\"https:\/\/secure.gravatar.com\/avatar\/7578910c24966c0316c340f9dbd601e93ee9f9212e1033968b367af9306bd9fb?s=96&d=mm&r=g\",\"contentUrl\":\"https:\/\/secure.gravatar.com\/avatar\/7578910c24966c0316c340f9dbd601e93ee9f9212e1033968b367af9306bd9fb?s=96&d=mm&r=g\",\"caption\":\"Fernando Calixto\"},\"url\":\"https:\/\/verdadeon.com.br\/portal\/author\/fernando-calixto\/\"}]}<\/script>\n<!-- \/ Yoast SEO plugin. -->","yoast_head_json":{"title":"Grupo Santa Casa de Franca realiza Cola\u00e7\u00e3o de Grau em Especialidades M\u00e9dicas - VerdadeOn","robots":{"index":"index","follow":"follow","max-snippet":"max-snippet:-1","max-image-preview":"max-image-preview:large","max-video-preview":"max-video-preview:-1"},"canonical":"https:\/\/verdadeon.com.br\/portal\/2022\/02\/17\/grupo-santa-casa-de-franca-realiza-colocacao-de-grau-em-especialidades-medicas\/","og_locale":"pt_BR","og_type":"article","og_title":"Grupo Santa Casa de Franca realiza Cola\u00e7\u00e3o de Grau em Especialidades M\u00e9dicas - VerdadeOn","og_description":"Santa Casa profissionalizando talentos para o mercado O Grupo Santa Casa de Franca, o qual \u00e9 credenciado para forma\u00e7\u00e3o em especialidades m\u00e9dicas, realizou na \u00faltima quinta-feira [\u2026]","og_url":"https:\/\/verdadeon.com.br\/portal\/2022\/02\/17\/grupo-santa-casa-de-franca-realiza-colocacao-de-grau-em-especialidades-medicas\/","og_site_name":"VerdadeOn","article_published_time":"2022-02-17T23:04:07+00:00","article_modified_time":"2022-02-18T11:46:18+00:00","og_image":[{"width":1000,"height":670,"url":"https:\/\/verdadeon.com.br\/portal\/wp-content\/uploads\/2022\/02\/Imagem1.png","type":"image\/png"}],"author":"Fernando Calixto","twitter_card":"summary_large_image","twitter_misc":{"Escrito por":"Fernando Calixto","Est. tempo de leitura":"3 minutos"},"schema":{"@context":"https:\/\/schema.org","@graph":[{"@type":"WebPage","@id":"https:\/\/verdadeon.com.br\/portal\/2022\/02\/17\/grupo-santa-casa-de-franca-realiza-colocacao-de-grau-em-especialidades-medicas\/","url":"https:\/\/verdadeon.com.br\/portal\/2022\/02\/17\/grupo-santa-casa-de-franca-realiza-colocacao-de-grau-em-especialidades-medicas\/","name":"Grupo Santa Casa de Franca realiza Cola\u00e7\u00e3o de Grau em Especialidades M\u00e9dicas - VerdadeOn","isPartOf":{"@id":"https:\/\/verdadeon.com.br\/portal\/#website"},"primaryImageOfPage":{"@id":"https:\/\/verdadeon.com.br\/portal\/2022\/02\/17\/grupo-santa-casa-de-franca-realiza-colocacao-de-grau-em-especialidades-medicas\/#primaryimage"},"image":{"@id":"https:\/\/verdadeon.com.br\/portal\/2022\/02\/17\/grupo-santa-casa-de-franca-realiza-colocacao-de-grau-em-especialidades-medicas\/#primaryimage"},"thumbnailUrl":"https:\/\/i0.wp.com\/verdadeon.com.br\/portal\/wp-content\/uploads\/2022\/02\/Imagem1.png?fit=1000%2C670&ssl=1","datePublished":"2022-02-17T23:04:07+00:00","dateModified":"2022-02-18T11:46:18+00:00","author":{"@id":"https:\/\/verdadeon.com.br\/portal\/#\/schema\/person\/8994718f49ee62ba5610471e29ca1f62"},"breadcrumb":{"@id":"https:\/\/verdadeon.com.br\/portal\/2022\/02\/17\/grupo-santa-casa-de-franca-realiza-colocacao-de-grau-em-especialidades-medicas\/#breadcrumb"},"inLanguage":"pt-BR","potentialAction":[{"@type":"ReadAction","target":["https:\/\/verdadeon.com.br\/portal\/2022\/02\/17\/grupo-santa-casa-de-franca-realiza-colocacao-de-grau-em-especialidades-medicas\/"]}]},{"@type":"ImageObject","inLanguage":"pt-BR","@id":"https:\/\/verdadeon.com.br\/portal\/2022\/02\/17\/grupo-santa-casa-de-franca-realiza-colocacao-de-grau-em-especialidades-medicas\/#primaryimage","url":"https:\/\/i0.wp.com\/verdadeon.com.br\/portal\/wp-content\/uploads\/2022\/02\/Imagem1.png?fit=1000%2C670&ssl=1","contentUrl":"https:\/\/i0.wp.com\/verdadeon.com.br\/portal\/wp-content\/uploads\/2022\/02\/Imagem1.png?fit=1000%2C670&ssl=1","width":1000,"height":670,"caption":"Dr. Eduardo Migani Teixeira - Diretor T\u00e9cnico do Hospital Geral, Dr. Laurence Dias de Oliveira \u2013 Coordenador da Comiss\u00e3o de Resid\u00eancia M\u00e9dica, Tony Graciano \u2013 Presidente do Grupo Santa de Franca e Dr. Ciro Botto - Coordenador M\u00e9dico do Departamento de Ensino e Pesquisa"},{"@type":"BreadcrumbList","@id":"https:\/\/verdadeon.com.br\/portal\/2022\/02\/17\/grupo-santa-casa-de-franca-realiza-colocacao-de-grau-em-especialidades-medicas\/#breadcrumb","itemListElement":[{"@type":"ListItem","position":1,"name":"In\u00edcio","item":"https:\/\/verdadeon.com.br\/portal\/"},{"@type":"ListItem","position":2,"name":"Grupo Santa Casa de Franca realiza Cola\u00e7\u00e3o de Grau em Especialidades M\u00e9dicas"}]},{"@type":"WebSite","@id":"https:\/\/verdadeon.com.br\/portal\/#website","url":"https:\/\/verdadeon.com.br\/portal\/","name":"VerdadeOn","description":"Not\u00edcias di\u00e1rias sobre Franca, Regi\u00e3o, Esporte, Cultura, Cotidiano, Colunas. Cobertura nos principais eventos da cidade \u00e9 aqui - Verdadeon Franca","potentialAction":[{"@type":"SearchAction","target":{"@type":"EntryPoint","urlTemplate":"https:\/\/verdadeon.com.br\/portal\/?s={search_term_string}"},"query-input":{"@type":"PropertyValueSpecification","valueRequired":true,"valueName":"search_term_string"}}],"inLanguage":"pt-BR"},{"@type":"Person","@id":"https:\/\/verdadeon.com.br\/portal\/#\/schema\/person\/8994718f49ee62ba5610471e29ca1f62","name":"Fernando Calixto","image":{"@type":"ImageObject","inLanguage":"pt-BR","@id":"https:\/\/verdadeon.com.br\/portal\/#\/schema\/person\/image\/","url":"https:\/\/secure.gravatar.com\/avatar\/7578910c24966c0316c340f9dbd601e93ee9f9212e1033968b367af9306bd9fb?s=96&d=mm&r=g","contentUrl":"https:\/\/secure.gravatar.com\/avatar\/7578910c24966c0316c340f9dbd601e93ee9f9212e1033968b367af9306bd9fb?s=96&d=mm&r=g","caption":"Fernando Calixto"},"url":"https:\/\/verdadeon.com.br\/portal\/author\/fernando-calixto\/"}]}},"jetpack_publicize_connections":[],"jetpack_featured_media_url":"https:\/\/i0.wp.com\/verdadeon.com.br\/portal\/wp-content\/uploads\/2022\/02\/Imagem1.png?fit=1000%2C670&ssl=1","jetpack_sharing_enabled":true,"_links":{"self":[{"href":"https:\/\/verdadeon.com.br\/portal\/wp-json\/wp\/v2\/posts\/23158","targetHints":{"allow":["GET"]}}],"collection":[{"href":"https:\/\/verdadeon.com.br\/portal\/wp-json\/wp\/v2\/posts"}],"about":[{"href":"https:\/\/verdadeon.com.br\/portal\/wp-json\/wp\/v2\/types\/post"}],"author":[{"embeddable":true,"href":"https:\/\/verdadeon.com.br\/portal\/wp-json\/wp\/v2\/users\/4"}],"replies":[{"embeddable":true,"href":"https:\/\/verdadeon.com.br\/portal\/wp-json\/wp\/v2\/comments?post=23158"}],"version-history":[{"count":2,"href":"https:\/\/verdadeon.com.br\/portal\/wp-json\/wp\/v2\/posts\/23158\/revisions"}],"predecessor-version":[{"id":23166,"href":"https:\/\/verdadeon.com.br\/portal\/wp-json\/wp\/v2\/posts\/23158\/revisions\/23166"}],"wp:featuredmedia":[{"embeddable":true,"href":"https:\/\/verdadeon.com.br\/portal\/wp-json\/wp\/v2\/media\/23159"}],"wp:attachment":[{"href":"https:\/\/verdadeon.com.br\/portal\/wp-json\/wp\/v2\/media?parent=23158"}],"wp:term":[{"taxonomy":"category","embeddable":true,"href":"https:\/\/verdadeon.com.br\/portal\/wp-json\/wp\/v2\/categories?post=23158"},{"taxonomy":"post_tag","embeddable":true,"href":"https:\/\/verdadeon.com.br\/portal\/wp-json\/wp\/v2\/tags?post=23158"}],"curies":[{"name":"wp","href":"https:\/\/api.w.org\/{rel}","templated":true}]}}