{"id":23143,"date":"2022-02-17T17:56:57","date_gmt":"2022-02-17T20:56:57","guid":{"rendered":"https:\/\/verdadeon.com.br\/portal\/?p=23143"},"modified":"2022-02-17T17:56:57","modified_gmt":"2022-02-17T20:56:57","slug":"prefeitura-de-cristais-abre-1-200-vagas-em-escolinhas-esportivas","status":"publish","type":"post","link":"https:\/\/verdadeon.com.br\/portal\/2022\/02\/17\/prefeitura-de-cristais-abre-1-200-vagas-em-escolinhas-esportivas\/","title":{"rendered":"Prefeitura de Cristais abre 1.200 vagas em escolinhas esportivas"},"content":{"rendered":"<h2>Inscri\u00e7\u00f5es s\u00e3o gratuitas e abertas para crian\u00e7as a partir de 5 anos; interessados devem se cadastrar no Gin\u00e1sio de Esportes<\/h2>\n<p>&nbsp;<\/p>\n<p><span style=\"font-weight: 400;\">A Prefeitura de Cristais Paulista oferece 1.200 vagas em escolinhas de bal\u00e9, nata\u00e7\u00e3o, jud\u00f4, futebol e outras modalidades esportivas, com aulas gratuitas voltadas para crian\u00e7as a partir de 5 anos at\u00e9 pessoas da terceira idade.\u00a0<\/span><\/p>\n<p><span style=\"font-weight: 400;\">Os interessados devem se inscrever no Gin\u00e1sio de Esportes Municipal, em hor\u00e1rio comercial. \u00c9 necess\u00e1rio apresentar documentos pessoais e, se for menor de idade, comparecer ao local acompanhado dos pais.<\/span><\/p>\n<p><span style=\"font-weight: 400;\">As modalidades esportivas dos programas da Prefeitura come\u00e7aram a retornar nesta semana. A retomada das atividades ser\u00e1 feita de forma gradual, segundo o secret\u00e1rio de Esportes Ludmar Bertinatto. \u201cNesta semana, recome\u00e7aram as aulas de bal\u00e9, jud\u00f4, nata\u00e7\u00e3o, futebol e a banda. Na pr\u00f3xima semana, ser\u00e1 a vez do v\u00f4lei, hidrogin\u00e1stica e zumba. Depois, capoeira, futsal, muay thai e v\u00f4lei da melhor idade\u201d, afirmou ele.<\/span><\/p>\n<p><span style=\"font-weight: 400;\">Mais informa\u00e7\u00f5es podem ser obtidas pelos telefones (16) 3133-1658 e (16) 99100-7024 (WhatsApp).<\/span><\/p>\n<p>&nbsp;<\/p>\n<p><img data-recalc-dims=\"1\" loading=\"lazy\" decoding=\"async\" class=\"alignnone wp-image-23145 size-full\" src=\"https:\/\/i0.wp.com\/verdadeon.com.br\/portal\/wp-content\/uploads\/2022\/02\/Aula_natacao-3.jpg?resize=1000%2C670&#038;ssl=1\" alt=\"\" width=\"1000\" height=\"670\" \/><\/p>\n<p><img data-recalc-dims=\"1\" loading=\"lazy\" decoding=\"async\" class=\"alignnone wp-image-23146 size-full\" src=\"https:\/\/i0.wp.com\/verdadeon.com.br\/portal\/wp-content\/uploads\/2022\/02\/Aula_natacao-2.jpg?resize=1000%2C670&#038;ssl=1\" alt=\"\" width=\"1000\" height=\"670\" srcset=\"https:\/\/i0.wp.com\/verdadeon.com.br\/portal\/wp-content\/uploads\/2022\/02\/Aula_natacao-2.jpg?w=1000&amp;ssl=1 1000w, https:\/\/i0.wp.com\/verdadeon.com.br\/portal\/wp-content\/uploads\/2022\/02\/Aula_natacao-2.jpg?resize=300%2C201&amp;ssl=1 300w, https:\/\/i0.wp.com\/verdadeon.com.br\/portal\/wp-content\/uploads\/2022\/02\/Aula_natacao-2.jpg?resize=768%2C515&amp;ssl=1 768w, https:\/\/i0.wp.com\/verdadeon.com.br\/portal\/wp-content\/uploads\/2022\/02\/Aula_natacao-2.jpg?resize=218%2C146&amp;ssl=1 218w, https:\/\/i0.wp.com\/verdadeon.com.br\/portal\/wp-content\/uploads\/2022\/02\/Aula_natacao-2.jpg?resize=50%2C34&amp;ssl=1 50w, https:\/\/i0.wp.com\/verdadeon.com.br\/portal\/wp-content\/uploads\/2022\/02\/Aula_natacao-2.jpg?resize=112%2C75&amp;ssl=1 112w\" sizes=\"auto, (max-width: 1000px) 100vw, 1000px\" \/><\/p>\n","protected":false},"excerpt":{"rendered":"<p>Inscri\u00e7\u00f5es s\u00e3o gratuitas e abertas para crian\u00e7as a partir de 5 anos; interessados devem se cadastrar no Gin\u00e1sio de Esportes &nbsp; A Prefeitura de Cristais Paulista<span class=\"excerpt-hellip\"> [\u2026]<\/span><\/p>\n","protected":false},"author":12,"featured_media":0,"comment_status":"open","ping_status":"open","sticky":false,"template":"","format":"standard","meta":{"_jetpack_memberships_contains_paid_content":false,"footnotes":"","jetpack_publicize_message":"","jetpack_publicize_feature_enabled":true,"jetpack_social_post_already_shared":false,"jetpack_social_options":{"image_generator_settings":{"template":"highway","default_image_id":0,"enabled":false},"version":2}},"categories":[28,81],"tags":[],"class_list":["post-23143","post","type-post","status-publish","format-standard","hentry","category-cotidiano","category-manchete"],"yoast_head":"<!-- This site is optimized with the Yoast SEO plugin v25.6 - https:\/\/yoast.com\/wordpress\/plugins\/seo\/ -->\n<title>Prefeitura de Cristais abre 1.200 vagas em escolinhas esportivas - VerdadeOn<\/title>\n<meta name=\"robots\" content=\"index, follow, max-snippet:-1, max-image-preview:large, max-video-preview:-1\" \/>\n<link rel=\"canonical\" href=\"https:\/\/verdadeon.com.br\/portal\/2022\/02\/17\/prefeitura-de-cristais-abre-1-200-vagas-em-escolinhas-esportivas\/\" \/>\n<meta property=\"og:locale\" content=\"pt_BR\" \/>\n<meta property=\"og:type\" content=\"article\" \/>\n<meta property=\"og:title\" content=\"Prefeitura de Cristais abre 1.200 vagas em escolinhas esportivas - VerdadeOn\" \/>\n<meta property=\"og:description\" content=\"Inscri\u00e7\u00f5es s\u00e3o gratuitas e abertas para crian\u00e7as a partir de 5 anos; interessados devem se cadastrar no Gin\u00e1sio de Esportes &nbsp; A Prefeitura de Cristais Paulista [\u2026]\" \/>\n<meta property=\"og:url\" content=\"https:\/\/verdadeon.com.br\/portal\/2022\/02\/17\/prefeitura-de-cristais-abre-1-200-vagas-em-escolinhas-esportivas\/\" \/>\n<meta property=\"og:site_name\" content=\"VerdadeOn\" \/>\n<meta property=\"article:published_time\" content=\"2022-02-17T20:56:57+00:00\" \/>\n<meta property=\"og:image\" content=\"https:\/\/verdadeon.com.br\/portal\/wp-content\/uploads\/2022\/02\/Aula_natacao-1.jpg\" \/>\n\t<meta property=\"og:image:width\" content=\"1000\" \/>\n\t<meta property=\"og:image:height\" content=\"670\" \/>\n\t<meta property=\"og:image:type\" content=\"image\/jpeg\" \/>\n<meta name=\"author\" content=\"Nelise Luques\" \/>\n<meta name=\"twitter:card\" content=\"summary_large_image\" \/>\n<meta name=\"twitter:label1\" content=\"Escrito por\" \/>\n\t<meta name=\"twitter:data1\" content=\"Nelise Luques\" \/>\n\t<meta name=\"twitter:label2\" content=\"Est. tempo de leitura\" \/>\n\t<meta name=\"twitter:data2\" content=\"1 minuto\" \/>\n<script type=\"application\/ld+json\" class=\"yoast-schema-graph\">{\"@context\":\"https:\/\/schema.org\",\"@graph\":[{\"@type\":\"WebPage\",\"@id\":\"https:\/\/verdadeon.com.br\/portal\/2022\/02\/17\/prefeitura-de-cristais-abre-1-200-vagas-em-escolinhas-esportivas\/\",\"url\":\"https:\/\/verdadeon.com.br\/portal\/2022\/02\/17\/prefeitura-de-cristais-abre-1-200-vagas-em-escolinhas-esportivas\/\",\"name\":\"Prefeitura de Cristais abre 1.200 vagas em escolinhas esportivas - VerdadeOn\",\"isPartOf\":{\"@id\":\"https:\/\/verdadeon.com.br\/portal\/#website\"},\"primaryImageOfPage\":{\"@id\":\"https:\/\/verdadeon.com.br\/portal\/2022\/02\/17\/prefeitura-de-cristais-abre-1-200-vagas-em-escolinhas-esportivas\/#primaryimage\"},\"image\":{\"@id\":\"https:\/\/verdadeon.com.br\/portal\/2022\/02\/17\/prefeitura-de-cristais-abre-1-200-vagas-em-escolinhas-esportivas\/#primaryimage\"},\"thumbnailUrl\":\"https:\/\/verdadeon.com.br\/portal\/wp-content\/uploads\/2022\/02\/Aula_natacao-3.jpg\",\"datePublished\":\"2022-02-17T20:56:57+00:00\",\"author\":{\"@id\":\"https:\/\/verdadeon.com.br\/portal\/#\/schema\/person\/8248726d36015c1916636fabb175d972\"},\"breadcrumb\":{\"@id\":\"https:\/\/verdadeon.com.br\/portal\/2022\/02\/17\/prefeitura-de-cristais-abre-1-200-vagas-em-escolinhas-esportivas\/#breadcrumb\"},\"inLanguage\":\"pt-BR\",\"potentialAction\":[{\"@type\":\"ReadAction\",\"target\":[\"https:\/\/verdadeon.com.br\/portal\/2022\/02\/17\/prefeitura-de-cristais-abre-1-200-vagas-em-escolinhas-esportivas\/\"]}]},{\"@type\":\"ImageObject\",\"inLanguage\":\"pt-BR\",\"@id\":\"https:\/\/verdadeon.com.br\/portal\/2022\/02\/17\/prefeitura-de-cristais-abre-1-200-vagas-em-escolinhas-esportivas\/#primaryimage\",\"url\":\"\",\"contentUrl\":\"\"},{\"@type\":\"BreadcrumbList\",\"@id\":\"https:\/\/verdadeon.com.br\/portal\/2022\/02\/17\/prefeitura-de-cristais-abre-1-200-vagas-em-escolinhas-esportivas\/#breadcrumb\",\"itemListElement\":[{\"@type\":\"ListItem\",\"position\":1,\"name\":\"In\u00edcio\",\"item\":\"https:\/\/verdadeon.com.br\/portal\/\"},{\"@type\":\"ListItem\",\"position\":2,\"name\":\"Prefeitura de Cristais abre 1.200 vagas em escolinhas esportivas\"}]},{\"@type\":\"WebSite\",\"@id\":\"https:\/\/verdadeon.com.br\/portal\/#website\",\"url\":\"https:\/\/verdadeon.com.br\/portal\/\",\"name\":\"VerdadeOn\",\"description\":\"Not\u00edcias di\u00e1rias sobre Franca, Regi\u00e3o, Esporte, Cultura, Cotidiano, Colunas. Cobertura nos principais eventos da cidade \u00e9 aqui - Verdadeon Franca\",\"potentialAction\":[{\"@type\":\"SearchAction\",\"target\":{\"@type\":\"EntryPoint\",\"urlTemplate\":\"https:\/\/verdadeon.com.br\/portal\/?s={search_term_string}\"},\"query-input\":{\"@type\":\"PropertyValueSpecification\",\"valueRequired\":true,\"valueName\":\"search_term_string\"}}],\"inLanguage\":\"pt-BR\"},{\"@type\":\"Person\",\"@id\":\"https:\/\/verdadeon.com.br\/portal\/#\/schema\/person\/8248726d36015c1916636fabb175d972\",\"name\":\"Nelise Luques\",\"image\":{\"@type\":\"ImageObject\",\"inLanguage\":\"pt-BR\",\"@id\":\"https:\/\/verdadeon.com.br\/portal\/#\/schema\/person\/image\/\",\"url\":\"https:\/\/secure.gravatar.com\/avatar\/29b2a17f5bcadeb827411b66f48ac13c3e0ecaf5906c0f5745ecc5d41c24eada?s=96&d=mm&r=g\",\"contentUrl\":\"https:\/\/secure.gravatar.com\/avatar\/29b2a17f5bcadeb827411b66f48ac13c3e0ecaf5906c0f5745ecc5d41c24eada?s=96&d=mm&r=g\",\"caption\":\"Nelise Luques\"},\"url\":\"https:\/\/verdadeon.com.br\/portal\/author\/verdade\/\"}]}<\/script>\n<!-- \/ Yoast SEO plugin. -->","yoast_head_json":{"title":"Prefeitura de Cristais abre 1.200 vagas em escolinhas esportivas - VerdadeOn","robots":{"index":"index","follow":"follow","max-snippet":"max-snippet:-1","max-image-preview":"max-image-preview:large","max-video-preview":"max-video-preview:-1"},"canonical":"https:\/\/verdadeon.com.br\/portal\/2022\/02\/17\/prefeitura-de-cristais-abre-1-200-vagas-em-escolinhas-esportivas\/","og_locale":"pt_BR","og_type":"article","og_title":"Prefeitura de Cristais abre 1.200 vagas em escolinhas esportivas - VerdadeOn","og_description":"Inscri\u00e7\u00f5es s\u00e3o gratuitas e abertas para crian\u00e7as a partir de 5 anos; interessados devem se cadastrar no Gin\u00e1sio de Esportes &nbsp; A Prefeitura de Cristais Paulista [\u2026]","og_url":"https:\/\/verdadeon.com.br\/portal\/2022\/02\/17\/prefeitura-de-cristais-abre-1-200-vagas-em-escolinhas-esportivas\/","og_site_name":"VerdadeOn","article_published_time":"2022-02-17T20:56:57+00:00","og_image":[{"width":1000,"height":670,"url":"https:\/\/verdadeon.com.br\/portal\/wp-content\/uploads\/2022\/02\/Aula_natacao-1.jpg","type":"image\/jpeg"}],"author":"Nelise Luques","twitter_card":"summary_large_image","twitter_misc":{"Escrito por":"Nelise Luques","Est. tempo de leitura":"1 minuto"},"schema":{"@context":"https:\/\/schema.org","@graph":[{"@type":"WebPage","@id":"https:\/\/verdadeon.com.br\/portal\/2022\/02\/17\/prefeitura-de-cristais-abre-1-200-vagas-em-escolinhas-esportivas\/","url":"https:\/\/verdadeon.com.br\/portal\/2022\/02\/17\/prefeitura-de-cristais-abre-1-200-vagas-em-escolinhas-esportivas\/","name":"Prefeitura de Cristais abre 1.200 vagas em escolinhas esportivas - VerdadeOn","isPartOf":{"@id":"https:\/\/verdadeon.com.br\/portal\/#website"},"primaryImageOfPage":{"@id":"https:\/\/verdadeon.com.br\/portal\/2022\/02\/17\/prefeitura-de-cristais-abre-1-200-vagas-em-escolinhas-esportivas\/#primaryimage"},"image":{"@id":"https:\/\/verdadeon.com.br\/portal\/2022\/02\/17\/prefeitura-de-cristais-abre-1-200-vagas-em-escolinhas-esportivas\/#primaryimage"},"thumbnailUrl":"https:\/\/verdadeon.com.br\/portal\/wp-content\/uploads\/2022\/02\/Aula_natacao-3.jpg","datePublished":"2022-02-17T20:56:57+00:00","author":{"@id":"https:\/\/verdadeon.com.br\/portal\/#\/schema\/person\/8248726d36015c1916636fabb175d972"},"breadcrumb":{"@id":"https:\/\/verdadeon.com.br\/portal\/2022\/02\/17\/prefeitura-de-cristais-abre-1-200-vagas-em-escolinhas-esportivas\/#breadcrumb"},"inLanguage":"pt-BR","potentialAction":[{"@type":"ReadAction","target":["https:\/\/verdadeon.com.br\/portal\/2022\/02\/17\/prefeitura-de-cristais-abre-1-200-vagas-em-escolinhas-esportivas\/"]}]},{"@type":"ImageObject","inLanguage":"pt-BR","@id":"https:\/\/verdadeon.com.br\/portal\/2022\/02\/17\/prefeitura-de-cristais-abre-1-200-vagas-em-escolinhas-esportivas\/#primaryimage","url":"","contentUrl":""},{"@type":"BreadcrumbList","@id":"https:\/\/verdadeon.com.br\/portal\/2022\/02\/17\/prefeitura-de-cristais-abre-1-200-vagas-em-escolinhas-esportivas\/#breadcrumb","itemListElement":[{"@type":"ListItem","position":1,"name":"In\u00edcio","item":"https:\/\/verdadeon.com.br\/portal\/"},{"@type":"ListItem","position":2,"name":"Prefeitura de Cristais abre 1.200 vagas em escolinhas esportivas"}]},{"@type":"WebSite","@id":"https:\/\/verdadeon.com.br\/portal\/#website","url":"https:\/\/verdadeon.com.br\/portal\/","name":"VerdadeOn","description":"Not\u00edcias di\u00e1rias sobre Franca, Regi\u00e3o, Esporte, Cultura, Cotidiano, Colunas. Cobertura nos principais eventos da cidade \u00e9 aqui - Verdadeon Franca","potentialAction":[{"@type":"SearchAction","target":{"@type":"EntryPoint","urlTemplate":"https:\/\/verdadeon.com.br\/portal\/?s={search_term_string}"},"query-input":{"@type":"PropertyValueSpecification","valueRequired":true,"valueName":"search_term_string"}}],"inLanguage":"pt-BR"},{"@type":"Person","@id":"https:\/\/verdadeon.com.br\/portal\/#\/schema\/person\/8248726d36015c1916636fabb175d972","name":"Nelise Luques","image":{"@type":"ImageObject","inLanguage":"pt-BR","@id":"https:\/\/verdadeon.com.br\/portal\/#\/schema\/person\/image\/","url":"https:\/\/secure.gravatar.com\/avatar\/29b2a17f5bcadeb827411b66f48ac13c3e0ecaf5906c0f5745ecc5d41c24eada?s=96&d=mm&r=g","contentUrl":"https:\/\/secure.gravatar.com\/avatar\/29b2a17f5bcadeb827411b66f48ac13c3e0ecaf5906c0f5745ecc5d41c24eada?s=96&d=mm&r=g","caption":"Nelise Luques"},"url":"https:\/\/verdadeon.com.br\/portal\/author\/verdade\/"}]}},"jetpack_publicize_connections":[],"jetpack_featured_media_url":"","jetpack_sharing_enabled":true,"_links":{"self":[{"href":"https:\/\/verdadeon.com.br\/portal\/wp-json\/wp\/v2\/posts\/23143","targetHints":{"allow":["GET"]}}],"collection":[{"href":"https:\/\/verdadeon.com.br\/portal\/wp-json\/wp\/v2\/posts"}],"about":[{"href":"https:\/\/verdadeon.com.br\/portal\/wp-json\/wp\/v2\/types\/post"}],"author":[{"embeddable":true,"href":"https:\/\/verdadeon.com.br\/portal\/wp-json\/wp\/v2\/users\/12"}],"replies":[{"embeddable":true,"href":"https:\/\/verdadeon.com.br\/portal\/wp-json\/wp\/v2\/comments?post=23143"}],"version-history":[{"count":1,"href":"https:\/\/verdadeon.com.br\/portal\/wp-json\/wp\/v2\/posts\/23143\/revisions"}],"predecessor-version":[{"id":23147,"href":"https:\/\/verdadeon.com.br\/portal\/wp-json\/wp\/v2\/posts\/23143\/revisions\/23147"}],"wp:attachment":[{"href":"https:\/\/verdadeon.com.br\/portal\/wp-json\/wp\/v2\/media?parent=23143"}],"wp:term":[{"taxonomy":"category","embeddable":true,"href":"https:\/\/verdadeon.com.br\/portal\/wp-json\/wp\/v2\/categories?post=23143"},{"taxonomy":"post_tag","embeddable":true,"href":"https:\/\/verdadeon.com.br\/portal\/wp-json\/wp\/v2\/tags?post=23143"}],"curies":[{"name":"wp","href":"https:\/\/api.w.org\/{rel}","templated":true}]}}