{"id":23100,"date":"2022-02-15T18:15:42","date_gmt":"2022-02-15T21:15:42","guid":{"rendered":"https:\/\/verdadeon.com.br\/portal\/?p=23100"},"modified":"2022-02-15T18:15:42","modified_gmt":"2022-02-15T21:15:42","slug":"abono-do-fundeb-para-servidores-da-educacao-e-aprovado-na-camara","status":"publish","type":"post","link":"https:\/\/verdadeon.com.br\/portal\/2022\/02\/15\/abono-do-fundeb-para-servidores-da-educacao-e-aprovado-na-camara\/","title":{"rendered":"Abono do FUNDEB para servidores da educa\u00e7\u00e3o \u00e9 aprovado na C\u00e2mara"},"content":{"rendered":"<h2>Assunto foi alvo de pol\u00eamicas e amplamente debatido no Legislativo nas \u00faltimas semanas<\/h2>\n<p>Foi aprovado na C\u00e2mara Municipal de Franca, o Projeto de Lei que cria a Gratifica\u00e7\u00e3o de Valoriza\u00e7\u00e3o do Ensino Municipal, que vai ser paga aos profissionais da educa\u00e7\u00e3o escolar b\u00e1sica com recursos do FUNDEB &#8211;\u00a0Fundo de Manuten\u00e7\u00e3o e Desenvolvimento da Educa\u00e7\u00e3o B\u00e1sica e de Valoriza\u00e7\u00e3o dos Profissionais da Educa\u00e7\u00e3o.<\/p>\n<p>\u201cA Gratifica\u00e7\u00e3o de Valoriza\u00e7\u00e3o do Ensino Municipal ser\u00e1 vari\u00e1vel e paga anualmente segundo os crit\u00e9rios estabelecidos no anexo \u00fanico desta Lei, considerando diversos crit\u00e9rios: como o grau de escolaridade, tempo efetivo de exerc\u00edcio profissional, dentre outros\u201d, explicou o Executivo na justificativa do texto.<\/p>\n<p>De acordo com o texto, os servidores far\u00e3o jus ao benef\u00edcio se a soma da remunera\u00e7\u00e3o dos profissionais da educa\u00e7\u00e3o b\u00e1sica, no exerc\u00edcio de refer\u00eancia, n\u00e3o superar 70% por cento dos recursos do FUNDEB, nos termos do art. 26 da Lei Federal 14.113, de 25 de dezembro de 2020.<\/p>\n<p>Gilson Pelizaro (PT)\u00a0foi \u00e0 tribuna e criticou o Poder Executivo por n\u00e3o ter enviado representante \u00e0 C\u00e2mara para explicar a proposta aos vereadores. Gilson esclareceu alguns pontos questionados por professores e pelo Sindicato dos Servidores P\u00fablicos Municipais e disse ainda concordar apenas com os crit\u00e9rios de assiduidade e carga hor\u00e1ria propostos pelo prefeito. \u201cN\u00e3o custaria nada ter vindo algu\u00e9m aqui, ter trazido os esclarecimentos, esse di\u00e1logo entre o Poder Legislativo e o Poder Executivo \u00e9 importante. Se tivesse, o prefeito, estabelecido um di\u00e1logo com os conselhos, com a comunidade escolar, discutido o rateio que poderia ter sido feito, ele seria a pessoa a ser ovacionada neste instante com a aprova\u00e7\u00e3o deste projeto\u201d.<\/p>\n<p>Gilson apresentou uma emenda \u00e0 proposta do Executivo, por\u00e9m o texto foi rejeitado pelo Plen\u00e1rio da C\u00e2mara. O parlamentar pretendia alterar a reda\u00e7\u00e3o do inciso II, do par\u00e1grafo 4\u00ba, com a finalidade de n\u00e3o permitir que o Executivo fixasse atrav\u00e9s de Decreto o montante a ser rateado entre os Profissionais da Educa\u00e7\u00e3o Escolar B\u00e1sica, caso em que seriam utilizados os mesmos crit\u00e9rios da Gratifica\u00e7\u00e3o de Valoriza\u00e7\u00e3o do Ensino Municipal como metodologia de rateio. Gilson defendia que o processo acontecesse por meio de Projeto de Lei, com aval dos vereadores.<\/p>\n<p>Carlinho Petr\u00f3polis Farm\u00e1cia (PL)\u00a0explicou que as comiss\u00f5es analisaram o projeto, mas n\u00e3o encontraram irregularidades no texto. \u201cO projeto n\u00e3o tem irregularidade nem ilegalidade. L\u00f3gico que ele tem aqui os crit\u00e9rios, as fun\u00e7\u00f5es, que, \u00e0s vezes, cada grupo tem um entendimento diferente\u201d, explicou Carlinho.<\/p>\n<p>Marcelo Tidy (DEM)\u00a0cobrou do Poder Executivo e da Secretaria Municipal da Educa\u00e7\u00e3o a implanta\u00e7\u00e3o de um plano de investimentos no setor, com a valoriza\u00e7\u00e3o dos profissionais. \u201cEu acho que tem que ter um planejamento melhor, um estudo a\u00ed para valorizar os professores, para que eles n\u00e3o cheguem ao final do ano pensando assim, quanto que vai ganhar, porque \u00e9 uma conta que voc\u00ea n\u00e3o consegue prever de forma antecipada.<\/p>\n<p>\u201cEsses crit\u00e9rios utilizados neste projeto est\u00e3o na cartilha do Tribunal de Contas, n\u00e3o veio da imagina\u00e7\u00e3o de ningu\u00e9m. Ningu\u00e9m inventou crit\u00e9rio\u2019, afirmou Lurdinha Granzoti.<\/p>\n<p>Della Motta (PODE)\u00a0votou favor\u00e1vel ao projeto, por\u00e9m demonstrou receio pela rejei\u00e7\u00e3o da emenda de Gilson:<\/p>\n<p>\u201cEu n\u00e3o votaria nunca contra um projeto deste, porque o servidor est\u00e1 esperando este dinheiro. Mas n\u00e3o podemos amarrar as nossas m\u00e3os\u2019 e acrescentou \u2018no momento que n\u00e3o vier mais projeto para n\u00f3s discutirmos, entregamos a chave para o Executivo\u201d.<\/p>\n","protected":false},"excerpt":{"rendered":"<p>Assunto foi alvo de pol\u00eamicas e amplamente debatido no Legislativo nas \u00faltimas semanas Foi aprovado na C\u00e2mara Municipal de Franca, o Projeto de Lei que cria<span class=\"excerpt-hellip\"> [\u2026]<\/span><\/p>\n","protected":false},"author":7,"featured_media":19541,"comment_status":"open","ping_status":"open","sticky":false,"template":"","format":"standard","meta":{"_jetpack_memberships_contains_paid_content":false,"footnotes":"","jetpack_publicize_message":"","jetpack_publicize_feature_enabled":true,"jetpack_social_post_already_shared":false,"jetpack_social_options":{"image_generator_settings":{"template":"highway","default_image_id":0,"enabled":false},"version":2}},"categories":[28,81],"tags":[],"class_list":["post-23100","post","type-post","status-publish","format-standard","has-post-thumbnail","hentry","category-cotidiano","category-manchete"],"yoast_head":"<!-- This site is optimized with the Yoast SEO plugin v25.6 - https:\/\/yoast.com\/wordpress\/plugins\/seo\/ -->\n<title>Abono do FUNDEB para servidores da educa\u00e7\u00e3o \u00e9 aprovado na C\u00e2mara - VerdadeOn<\/title>\n<meta name=\"robots\" content=\"index, follow, max-snippet:-1, max-image-preview:large, max-video-preview:-1\" \/>\n<link rel=\"canonical\" href=\"https:\/\/verdadeon.com.br\/portal\/2022\/02\/15\/abono-do-fundeb-para-servidores-da-educacao-e-aprovado-na-camara\/\" \/>\n<meta property=\"og:locale\" content=\"pt_BR\" \/>\n<meta property=\"og:type\" content=\"article\" \/>\n<meta property=\"og:title\" content=\"Abono do FUNDEB para servidores da educa\u00e7\u00e3o \u00e9 aprovado na C\u00e2mara - VerdadeOn\" \/>\n<meta property=\"og:description\" content=\"Assunto foi alvo de pol\u00eamicas e amplamente debatido no Legislativo nas \u00faltimas semanas Foi aprovado na C\u00e2mara Municipal de Franca, o Projeto de Lei que cria [\u2026]\" \/>\n<meta property=\"og:url\" content=\"https:\/\/verdadeon.com.br\/portal\/2022\/02\/15\/abono-do-fundeb-para-servidores-da-educacao-e-aprovado-na-camara\/\" \/>\n<meta property=\"og:site_name\" content=\"VerdadeOn\" \/>\n<meta property=\"article:published_time\" content=\"2022-02-15T21:15:42+00:00\" \/>\n<meta property=\"og:image\" content=\"https:\/\/verdadeon.com.br\/portal\/wp-content\/uploads\/2021\/09\/camarafachada-scaled.jpg\" \/>\n\t<meta property=\"og:image:width\" content=\"2560\" \/>\n\t<meta property=\"og:image:height\" content=\"1673\" \/>\n\t<meta property=\"og:image:type\" content=\"image\/jpeg\" \/>\n<meta name=\"author\" content=\"Fernando Lima\" \/>\n<meta name=\"twitter:card\" content=\"summary_large_image\" \/>\n<meta name=\"twitter:label1\" content=\"Escrito por\" \/>\n\t<meta name=\"twitter:data1\" content=\"Fernando Lima\" \/>\n\t<meta name=\"twitter:label2\" content=\"Est. tempo de leitura\" \/>\n\t<meta name=\"twitter:data2\" content=\"4 minutos\" \/>\n<script type=\"application\/ld+json\" class=\"yoast-schema-graph\">{\"@context\":\"https:\/\/schema.org\",\"@graph\":[{\"@type\":\"WebPage\",\"@id\":\"https:\/\/verdadeon.com.br\/portal\/2022\/02\/15\/abono-do-fundeb-para-servidores-da-educacao-e-aprovado-na-camara\/\",\"url\":\"https:\/\/verdadeon.com.br\/portal\/2022\/02\/15\/abono-do-fundeb-para-servidores-da-educacao-e-aprovado-na-camara\/\",\"name\":\"Abono do FUNDEB para servidores da educa\u00e7\u00e3o \u00e9 aprovado na C\u00e2mara - VerdadeOn\",\"isPartOf\":{\"@id\":\"https:\/\/verdadeon.com.br\/portal\/#website\"},\"primaryImageOfPage\":{\"@id\":\"https:\/\/verdadeon.com.br\/portal\/2022\/02\/15\/abono-do-fundeb-para-servidores-da-educacao-e-aprovado-na-camara\/#primaryimage\"},\"image\":{\"@id\":\"https:\/\/verdadeon.com.br\/portal\/2022\/02\/15\/abono-do-fundeb-para-servidores-da-educacao-e-aprovado-na-camara\/#primaryimage\"},\"thumbnailUrl\":\"https:\/\/i0.wp.com\/verdadeon.com.br\/portal\/wp-content\/uploads\/2021\/09\/camarafachada-scaled.jpg?fit=2560%2C1673&ssl=1\",\"datePublished\":\"2022-02-15T21:15:42+00:00\",\"author\":{\"@id\":\"https:\/\/verdadeon.com.br\/portal\/#\/schema\/person\/cc32be22b8e8599387c480bc83e1d11a\"},\"breadcrumb\":{\"@id\":\"https:\/\/verdadeon.com.br\/portal\/2022\/02\/15\/abono-do-fundeb-para-servidores-da-educacao-e-aprovado-na-camara\/#breadcrumb\"},\"inLanguage\":\"pt-BR\",\"potentialAction\":[{\"@type\":\"ReadAction\",\"target\":[\"https:\/\/verdadeon.com.br\/portal\/2022\/02\/15\/abono-do-fundeb-para-servidores-da-educacao-e-aprovado-na-camara\/\"]}]},{\"@type\":\"ImageObject\",\"inLanguage\":\"pt-BR\",\"@id\":\"https:\/\/verdadeon.com.br\/portal\/2022\/02\/15\/abono-do-fundeb-para-servidores-da-educacao-e-aprovado-na-camara\/#primaryimage\",\"url\":\"https:\/\/i0.wp.com\/verdadeon.com.br\/portal\/wp-content\/uploads\/2021\/09\/camarafachada-scaled.jpg?fit=2560%2C1673&ssl=1\",\"contentUrl\":\"https:\/\/i0.wp.com\/verdadeon.com.br\/portal\/wp-content\/uploads\/2021\/09\/camarafachada-scaled.jpg?fit=2560%2C1673&ssl=1\",\"width\":2560,\"height\":1673,\"caption\":\"A sess\u00e3o aconteceu nesta ter\u00e7a-feira (15), no Legislativo, a reuni\u00e3o tamb\u00e9m \u00e9 transmitida pela TV e pelas redes sociais da C\u00e2mara Municipal | Foto: Divulga\u00e7\u00e3o\"},{\"@type\":\"BreadcrumbList\",\"@id\":\"https:\/\/verdadeon.com.br\/portal\/2022\/02\/15\/abono-do-fundeb-para-servidores-da-educacao-e-aprovado-na-camara\/#breadcrumb\",\"itemListElement\":[{\"@type\":\"ListItem\",\"position\":1,\"name\":\"In\u00edcio\",\"item\":\"https:\/\/verdadeon.com.br\/portal\/\"},{\"@type\":\"ListItem\",\"position\":2,\"name\":\"Abono do FUNDEB para servidores da educa\u00e7\u00e3o \u00e9 aprovado na C\u00e2mara\"}]},{\"@type\":\"WebSite\",\"@id\":\"https:\/\/verdadeon.com.br\/portal\/#website\",\"url\":\"https:\/\/verdadeon.com.br\/portal\/\",\"name\":\"VerdadeOn\",\"description\":\"Not\u00edcias di\u00e1rias sobre Franca, Regi\u00e3o, Esporte, Cultura, Cotidiano, Colunas. Cobertura nos principais eventos da cidade \u00e9 aqui - Verdadeon Franca\",\"potentialAction\":[{\"@type\":\"SearchAction\",\"target\":{\"@type\":\"EntryPoint\",\"urlTemplate\":\"https:\/\/verdadeon.com.br\/portal\/?s={search_term_string}\"},\"query-input\":{\"@type\":\"PropertyValueSpecification\",\"valueRequired\":true,\"valueName\":\"search_term_string\"}}],\"inLanguage\":\"pt-BR\"},{\"@type\":\"Person\",\"@id\":\"https:\/\/verdadeon.com.br\/portal\/#\/schema\/person\/cc32be22b8e8599387c480bc83e1d11a\",\"name\":\"Fernando Lima\",\"image\":{\"@type\":\"ImageObject\",\"inLanguage\":\"pt-BR\",\"@id\":\"https:\/\/verdadeon.com.br\/portal\/#\/schema\/person\/image\/\",\"url\":\"https:\/\/secure.gravatar.com\/avatar\/df4c8e132080d2b3a4841d5d232045464e0eed11a1d6e43115ca0843d48768d3?s=96&d=mm&r=g\",\"contentUrl\":\"https:\/\/secure.gravatar.com\/avatar\/df4c8e132080d2b3a4841d5d232045464e0eed11a1d6e43115ca0843d48768d3?s=96&d=mm&r=g\",\"caption\":\"Fernando Lima\"},\"sameAs\":[\"http:\/\/verdadeon.com.br\/\"],\"url\":\"https:\/\/verdadeon.com.br\/portal\/author\/fernando-lima\/\"}]}<\/script>\n<!-- \/ Yoast SEO plugin. -->","yoast_head_json":{"title":"Abono do FUNDEB para servidores da educa\u00e7\u00e3o \u00e9 aprovado na C\u00e2mara - VerdadeOn","robots":{"index":"index","follow":"follow","max-snippet":"max-snippet:-1","max-image-preview":"max-image-preview:large","max-video-preview":"max-video-preview:-1"},"canonical":"https:\/\/verdadeon.com.br\/portal\/2022\/02\/15\/abono-do-fundeb-para-servidores-da-educacao-e-aprovado-na-camara\/","og_locale":"pt_BR","og_type":"article","og_title":"Abono do FUNDEB para servidores da educa\u00e7\u00e3o \u00e9 aprovado na C\u00e2mara - VerdadeOn","og_description":"Assunto foi alvo de pol\u00eamicas e amplamente debatido no Legislativo nas \u00faltimas semanas Foi aprovado na C\u00e2mara Municipal de Franca, o Projeto de Lei que cria [\u2026]","og_url":"https:\/\/verdadeon.com.br\/portal\/2022\/02\/15\/abono-do-fundeb-para-servidores-da-educacao-e-aprovado-na-camara\/","og_site_name":"VerdadeOn","article_published_time":"2022-02-15T21:15:42+00:00","og_image":[{"width":2560,"height":1673,"url":"https:\/\/verdadeon.com.br\/portal\/wp-content\/uploads\/2021\/09\/camarafachada-scaled.jpg","type":"image\/jpeg"}],"author":"Fernando Lima","twitter_card":"summary_large_image","twitter_misc":{"Escrito por":"Fernando Lima","Est. tempo de leitura":"4 minutos"},"schema":{"@context":"https:\/\/schema.org","@graph":[{"@type":"WebPage","@id":"https:\/\/verdadeon.com.br\/portal\/2022\/02\/15\/abono-do-fundeb-para-servidores-da-educacao-e-aprovado-na-camara\/","url":"https:\/\/verdadeon.com.br\/portal\/2022\/02\/15\/abono-do-fundeb-para-servidores-da-educacao-e-aprovado-na-camara\/","name":"Abono do FUNDEB para servidores da educa\u00e7\u00e3o \u00e9 aprovado na C\u00e2mara - VerdadeOn","isPartOf":{"@id":"https:\/\/verdadeon.com.br\/portal\/#website"},"primaryImageOfPage":{"@id":"https:\/\/verdadeon.com.br\/portal\/2022\/02\/15\/abono-do-fundeb-para-servidores-da-educacao-e-aprovado-na-camara\/#primaryimage"},"image":{"@id":"https:\/\/verdadeon.com.br\/portal\/2022\/02\/15\/abono-do-fundeb-para-servidores-da-educacao-e-aprovado-na-camara\/#primaryimage"},"thumbnailUrl":"https:\/\/i0.wp.com\/verdadeon.com.br\/portal\/wp-content\/uploads\/2021\/09\/camarafachada-scaled.jpg?fit=2560%2C1673&ssl=1","datePublished":"2022-02-15T21:15:42+00:00","author":{"@id":"https:\/\/verdadeon.com.br\/portal\/#\/schema\/person\/cc32be22b8e8599387c480bc83e1d11a"},"breadcrumb":{"@id":"https:\/\/verdadeon.com.br\/portal\/2022\/02\/15\/abono-do-fundeb-para-servidores-da-educacao-e-aprovado-na-camara\/#breadcrumb"},"inLanguage":"pt-BR","potentialAction":[{"@type":"ReadAction","target":["https:\/\/verdadeon.com.br\/portal\/2022\/02\/15\/abono-do-fundeb-para-servidores-da-educacao-e-aprovado-na-camara\/"]}]},{"@type":"ImageObject","inLanguage":"pt-BR","@id":"https:\/\/verdadeon.com.br\/portal\/2022\/02\/15\/abono-do-fundeb-para-servidores-da-educacao-e-aprovado-na-camara\/#primaryimage","url":"https:\/\/i0.wp.com\/verdadeon.com.br\/portal\/wp-content\/uploads\/2021\/09\/camarafachada-scaled.jpg?fit=2560%2C1673&ssl=1","contentUrl":"https:\/\/i0.wp.com\/verdadeon.com.br\/portal\/wp-content\/uploads\/2021\/09\/camarafachada-scaled.jpg?fit=2560%2C1673&ssl=1","width":2560,"height":1673,"caption":"A sess\u00e3o aconteceu nesta ter\u00e7a-feira (15), no Legislativo, a reuni\u00e3o tamb\u00e9m \u00e9 transmitida pela TV e pelas redes sociais da C\u00e2mara Municipal | Foto: Divulga\u00e7\u00e3o"},{"@type":"BreadcrumbList","@id":"https:\/\/verdadeon.com.br\/portal\/2022\/02\/15\/abono-do-fundeb-para-servidores-da-educacao-e-aprovado-na-camara\/#breadcrumb","itemListElement":[{"@type":"ListItem","position":1,"name":"In\u00edcio","item":"https:\/\/verdadeon.com.br\/portal\/"},{"@type":"ListItem","position":2,"name":"Abono do FUNDEB para servidores da educa\u00e7\u00e3o \u00e9 aprovado na C\u00e2mara"}]},{"@type":"WebSite","@id":"https:\/\/verdadeon.com.br\/portal\/#website","url":"https:\/\/verdadeon.com.br\/portal\/","name":"VerdadeOn","description":"Not\u00edcias di\u00e1rias sobre Franca, Regi\u00e3o, Esporte, Cultura, Cotidiano, Colunas. Cobertura nos principais eventos da cidade \u00e9 aqui - Verdadeon Franca","potentialAction":[{"@type":"SearchAction","target":{"@type":"EntryPoint","urlTemplate":"https:\/\/verdadeon.com.br\/portal\/?s={search_term_string}"},"query-input":{"@type":"PropertyValueSpecification","valueRequired":true,"valueName":"search_term_string"}}],"inLanguage":"pt-BR"},{"@type":"Person","@id":"https:\/\/verdadeon.com.br\/portal\/#\/schema\/person\/cc32be22b8e8599387c480bc83e1d11a","name":"Fernando Lima","image":{"@type":"ImageObject","inLanguage":"pt-BR","@id":"https:\/\/verdadeon.com.br\/portal\/#\/schema\/person\/image\/","url":"https:\/\/secure.gravatar.com\/avatar\/df4c8e132080d2b3a4841d5d232045464e0eed11a1d6e43115ca0843d48768d3?s=96&d=mm&r=g","contentUrl":"https:\/\/secure.gravatar.com\/avatar\/df4c8e132080d2b3a4841d5d232045464e0eed11a1d6e43115ca0843d48768d3?s=96&d=mm&r=g","caption":"Fernando Lima"},"sameAs":["http:\/\/verdadeon.com.br\/"],"url":"https:\/\/verdadeon.com.br\/portal\/author\/fernando-lima\/"}]}},"jetpack_publicize_connections":[],"jetpack_featured_media_url":"https:\/\/i0.wp.com\/verdadeon.com.br\/portal\/wp-content\/uploads\/2021\/09\/camarafachada-scaled.jpg?fit=2560%2C1673&ssl=1","jetpack_sharing_enabled":true,"_links":{"self":[{"href":"https:\/\/verdadeon.com.br\/portal\/wp-json\/wp\/v2\/posts\/23100","targetHints":{"allow":["GET"]}}],"collection":[{"href":"https:\/\/verdadeon.com.br\/portal\/wp-json\/wp\/v2\/posts"}],"about":[{"href":"https:\/\/verdadeon.com.br\/portal\/wp-json\/wp\/v2\/types\/post"}],"author":[{"embeddable":true,"href":"https:\/\/verdadeon.com.br\/portal\/wp-json\/wp\/v2\/users\/7"}],"replies":[{"embeddable":true,"href":"https:\/\/verdadeon.com.br\/portal\/wp-json\/wp\/v2\/comments?post=23100"}],"version-history":[{"count":1,"href":"https:\/\/verdadeon.com.br\/portal\/wp-json\/wp\/v2\/posts\/23100\/revisions"}],"predecessor-version":[{"id":23104,"href":"https:\/\/verdadeon.com.br\/portal\/wp-json\/wp\/v2\/posts\/23100\/revisions\/23104"}],"wp:featuredmedia":[{"embeddable":true,"href":"https:\/\/verdadeon.com.br\/portal\/wp-json\/wp\/v2\/media\/19541"}],"wp:attachment":[{"href":"https:\/\/verdadeon.com.br\/portal\/wp-json\/wp\/v2\/media?parent=23100"}],"wp:term":[{"taxonomy":"category","embeddable":true,"href":"https:\/\/verdadeon.com.br\/portal\/wp-json\/wp\/v2\/categories?post=23100"},{"taxonomy":"post_tag","embeddable":true,"href":"https:\/\/verdadeon.com.br\/portal\/wp-json\/wp\/v2\/tags?post=23100"}],"curies":[{"name":"wp","href":"https:\/\/api.w.org\/{rel}","templated":true}]}}