{"id":23093,"date":"2022-02-15T16:58:55","date_gmt":"2022-02-15T19:58:55","guid":{"rendered":"https:\/\/verdadeon.com.br\/portal\/?p=23093"},"modified":"2022-02-15T17:52:25","modified_gmt":"2022-02-15T20:52:25","slug":"defesa-de-ambulante-pretende-abrir-representacao-contra-prefeitura-de-franca","status":"publish","type":"post","link":"https:\/\/verdadeon.com.br\/portal\/2022\/02\/15\/defesa-de-ambulante-pretende-abrir-representacao-contra-prefeitura-de-franca\/","title":{"rendered":"Defesa de ambulante agredido abrir\u00e1 representa\u00e7\u00e3o contra Prefeitura de Franca"},"content":{"rendered":"<h2>Advogado se reuniu com Promotoria de Justi\u00e7a do Minist\u00e9rio P\u00fablico na tarde desta ter\u00e7a-feira<\/h2>\n<p>A defesa do ambulante Amadeu Neto, esteve na tarde desta ter\u00e7a-feira (15), no Minist\u00e9rio P\u00fablico de Franca, onde se reuniu com a Promotoria de Justi\u00e7a. Na audi\u00eancia o advogado Adriel Cunha, destacou que vai entrar com uma representa\u00e7\u00e3o contra a Prefeitura de Franca, por conta da a\u00e7\u00e3o de fiscais no centro da cidade na segunda-feira (14). A representa\u00e7\u00e3o n\u00e3o foi aberta, mas deve se concretizar nos pr\u00f3ximos dias.<\/p>\n<p>Na manh\u00e3 desta ter\u00e7a-feira ambulantes do centro estiveram na C\u00e2mara Municipal,\u00a0 Marinea Pereira, filha do vendedor agredido,\u00a0 demonstrou indigna\u00e7\u00e3o com o ocorrido. &#8220;Meu pai \u00e9 um trabalhador, somos daqui da cidade de Franca. Ele trabalha h\u00e1 mais de 35 anos ali na pra\u00e7a&#8221;, contou a mulher, que ressaltou ainda que o pai recebeu sete pontos na cabe\u00e7a.<\/p>\n<p>A briga foi parar na delegacia, o fiscal afirmou aos policiais que a confus\u00e3o teve in\u00edcio quando ele foi agredido com uma barra de ferro pelo comerciante, o que foi gravado em v\u00eddeo. J\u00e1 o ambulante negou as agress\u00f5es, afirmou apenas que tentava evitar que os produtos dele fossem levados pelos servidores.<\/p>\n<h4>Novo \u00e2ngulo<\/h4>\n<p>Nesta ter\u00e7a-feira um novo \u00e2ngulo mostrou que o ambulante Amadeu Neto agrediu o fiscal primeiro, que revidou a agress\u00e3o com uma barra de ferro, atingindo a cabe\u00e7a da v\u00edtima. A a\u00e7\u00e3o revoltou quem assistia a cena no centro da cidade, alguns ainda tentaram impedir a a\u00e7\u00e3o dos fiscais que estavam recolhendo as mercadorias do idoso.<\/p>\n<p>Uma confus\u00e3o generalizada foi formada no local, com populares pedindo que as mercadorias, como doces e m\u00e1scaras n\u00e3o fossem levadas.<\/p>\n<h4>O Jornal Verdade questionou a Prefeitura de Franca sobre o acontecimento. Confira a nota na \u00edntegra:<\/h4>\n<p>\u201cA Vigil\u00e2ncia Sanit\u00e1ria realiza a\u00e7\u00f5es de orienta\u00e7\u00e3o e fiscaliza\u00e7\u00e3o sobre o com\u00e9rcio ambulante. Na manh\u00e3 desta segunda-feira, 14, em trabalho de rotina, os fiscais detectaram a presen\u00e7a de um ambulante que j\u00e1 havia sido notificado, anteriormente, por 6 vezes. Durante abordagem houve o registro de m\u00fatuas agress\u00f5es. A Prefeitura de Franca n\u00e3o compactua com nenhuma forma ou tentativa de agress\u00e3o. O fato, que j\u00e1 est\u00e1 em apura\u00e7\u00e3o pelas autoridades policiais, ser\u00e1 tamb\u00e9m rigorosamente apurado pelo departamento de corregedoria do munic\u00edpio.<br \/>\nComo parte dos trabalhos da Vigil\u00e2ncia Sanit\u00e1ria, os fiscais orientam, inclusive, sobre meios de legalizar a atividade dos ambulantes, atrav\u00e9s do Programa \u201cVenda Legal\u201d, que consiste em suporte financeiro, atrav\u00e9s do Banco do Povo, cursos de qualifica\u00e7\u00e3o e assessoria t\u00e9cnica\u201d.<\/p>\n","protected":false},"excerpt":{"rendered":"<p>Advogado se reuniu com Promotoria de Justi\u00e7a do Minist\u00e9rio P\u00fablico na tarde desta ter\u00e7a-feira A defesa do ambulante Amadeu Neto, esteve na tarde desta ter\u00e7a-feira (15),<span class=\"excerpt-hellip\"> [\u2026]<\/span><\/p>\n","protected":false},"author":7,"featured_media":23050,"comment_status":"open","ping_status":"open","sticky":false,"template":"","format":"standard","meta":{"_jetpack_memberships_contains_paid_content":false,"footnotes":"","jetpack_publicize_message":"","jetpack_publicize_feature_enabled":true,"jetpack_social_post_already_shared":false,"jetpack_social_options":{"image_generator_settings":{"template":"highway","default_image_id":0,"enabled":false},"version":2}},"categories":[28,81],"tags":[],"class_list":["post-23093","post","type-post","status-publish","format-standard","has-post-thumbnail","hentry","category-cotidiano","category-manchete"],"yoast_head":"<!-- This site is optimized with the Yoast SEO plugin v25.6 - https:\/\/yoast.com\/wordpress\/plugins\/seo\/ -->\n<title>Defesa de ambulante agredido abrir\u00e1 representa\u00e7\u00e3o contra Prefeitura de Franca - VerdadeOn<\/title>\n<meta name=\"robots\" content=\"index, follow, max-snippet:-1, max-image-preview:large, max-video-preview:-1\" \/>\n<link rel=\"canonical\" href=\"https:\/\/verdadeon.com.br\/portal\/2022\/02\/15\/defesa-de-ambulante-pretende-abrir-representacao-contra-prefeitura-de-franca\/\" \/>\n<meta property=\"og:locale\" content=\"pt_BR\" \/>\n<meta property=\"og:type\" content=\"article\" \/>\n<meta property=\"og:title\" content=\"Defesa de ambulante agredido abrir\u00e1 representa\u00e7\u00e3o contra Prefeitura de Franca - VerdadeOn\" \/>\n<meta property=\"og:description\" content=\"Advogado se reuniu com Promotoria de Justi\u00e7a do Minist\u00e9rio P\u00fablico na tarde desta ter\u00e7a-feira A defesa do ambulante Amadeu Neto, esteve na tarde desta ter\u00e7a-feira (15), [\u2026]\" \/>\n<meta property=\"og:url\" content=\"https:\/\/verdadeon.com.br\/portal\/2022\/02\/15\/defesa-de-ambulante-pretende-abrir-representacao-contra-prefeitura-de-franca\/\" \/>\n<meta property=\"og:site_name\" content=\"VerdadeOn\" \/>\n<meta property=\"article:published_time\" content=\"2022-02-15T19:58:55+00:00\" \/>\n<meta property=\"article:modified_time\" content=\"2022-02-15T20:52:25+00:00\" \/>\n<meta property=\"og:image\" content=\"https:\/\/verdadeon.com.br\/portal\/wp-content\/uploads\/2022\/02\/WhatsApp-Image-2022-02-14-at-15.13.19.jpeg\" \/>\n\t<meta property=\"og:image:width\" content=\"1000\" \/>\n\t<meta property=\"og:image:height\" content=\"670\" \/>\n\t<meta property=\"og:image:type\" content=\"image\/jpeg\" \/>\n<meta name=\"author\" content=\"Fernando Lima\" \/>\n<meta name=\"twitter:card\" content=\"summary_large_image\" \/>\n<meta name=\"twitter:label1\" content=\"Escrito por\" \/>\n\t<meta name=\"twitter:data1\" content=\"Fernando Lima\" \/>\n\t<meta name=\"twitter:label2\" content=\"Est. tempo de leitura\" \/>\n\t<meta name=\"twitter:data2\" content=\"3 minutos\" \/>\n<script type=\"application\/ld+json\" class=\"yoast-schema-graph\">{\"@context\":\"https:\/\/schema.org\",\"@graph\":[{\"@type\":\"WebPage\",\"@id\":\"https:\/\/verdadeon.com.br\/portal\/2022\/02\/15\/defesa-de-ambulante-pretende-abrir-representacao-contra-prefeitura-de-franca\/\",\"url\":\"https:\/\/verdadeon.com.br\/portal\/2022\/02\/15\/defesa-de-ambulante-pretende-abrir-representacao-contra-prefeitura-de-franca\/\",\"name\":\"Defesa de ambulante agredido abrir\u00e1 representa\u00e7\u00e3o contra Prefeitura de Franca - VerdadeOn\",\"isPartOf\":{\"@id\":\"https:\/\/verdadeon.com.br\/portal\/#website\"},\"primaryImageOfPage\":{\"@id\":\"https:\/\/verdadeon.com.br\/portal\/2022\/02\/15\/defesa-de-ambulante-pretende-abrir-representacao-contra-prefeitura-de-franca\/#primaryimage\"},\"image\":{\"@id\":\"https:\/\/verdadeon.com.br\/portal\/2022\/02\/15\/defesa-de-ambulante-pretende-abrir-representacao-contra-prefeitura-de-franca\/#primaryimage\"},\"thumbnailUrl\":\"https:\/\/i0.wp.com\/verdadeon.com.br\/portal\/wp-content\/uploads\/2022\/02\/WhatsApp-Image-2022-02-14-at-15.13.19.jpeg?fit=1000%2C670&ssl=1\",\"datePublished\":\"2022-02-15T19:58:55+00:00\",\"dateModified\":\"2022-02-15T20:52:25+00:00\",\"author\":{\"@id\":\"https:\/\/verdadeon.com.br\/portal\/#\/schema\/person\/cc32be22b8e8599387c480bc83e1d11a\"},\"breadcrumb\":{\"@id\":\"https:\/\/verdadeon.com.br\/portal\/2022\/02\/15\/defesa-de-ambulante-pretende-abrir-representacao-contra-prefeitura-de-franca\/#breadcrumb\"},\"inLanguage\":\"pt-BR\",\"potentialAction\":[{\"@type\":\"ReadAction\",\"target\":[\"https:\/\/verdadeon.com.br\/portal\/2022\/02\/15\/defesa-de-ambulante-pretende-abrir-representacao-contra-prefeitura-de-franca\/\"]}]},{\"@type\":\"ImageObject\",\"inLanguage\":\"pt-BR\",\"@id\":\"https:\/\/verdadeon.com.br\/portal\/2022\/02\/15\/defesa-de-ambulante-pretende-abrir-representacao-contra-prefeitura-de-franca\/#primaryimage\",\"url\":\"https:\/\/i0.wp.com\/verdadeon.com.br\/portal\/wp-content\/uploads\/2022\/02\/WhatsApp-Image-2022-02-14-at-15.13.19.jpeg?fit=1000%2C670&ssl=1\",\"contentUrl\":\"https:\/\/i0.wp.com\/verdadeon.com.br\/portal\/wp-content\/uploads\/2022\/02\/WhatsApp-Image-2022-02-14-at-15.13.19.jpeg?fit=1000%2C670&ssl=1\",\"width\":1000,\"height\":670,\"caption\":\"V\u00e1rias testemunhas filmaram as agress\u00f5es, imagens est\u00e3o circulando nas redes sociais | Foto: Reprodu\u00e7\u00e3o\"},{\"@type\":\"BreadcrumbList\",\"@id\":\"https:\/\/verdadeon.com.br\/portal\/2022\/02\/15\/defesa-de-ambulante-pretende-abrir-representacao-contra-prefeitura-de-franca\/#breadcrumb\",\"itemListElement\":[{\"@type\":\"ListItem\",\"position\":1,\"name\":\"In\u00edcio\",\"item\":\"https:\/\/verdadeon.com.br\/portal\/\"},{\"@type\":\"ListItem\",\"position\":2,\"name\":\"Defesa de ambulante agredido abrir\u00e1 representa\u00e7\u00e3o contra Prefeitura de Franca\"}]},{\"@type\":\"WebSite\",\"@id\":\"https:\/\/verdadeon.com.br\/portal\/#website\",\"url\":\"https:\/\/verdadeon.com.br\/portal\/\",\"name\":\"VerdadeOn\",\"description\":\"Not\u00edcias di\u00e1rias sobre Franca, Regi\u00e3o, Esporte, Cultura, Cotidiano, Colunas. Cobertura nos principais eventos da cidade \u00e9 aqui - Verdadeon Franca\",\"potentialAction\":[{\"@type\":\"SearchAction\",\"target\":{\"@type\":\"EntryPoint\",\"urlTemplate\":\"https:\/\/verdadeon.com.br\/portal\/?s={search_term_string}\"},\"query-input\":{\"@type\":\"PropertyValueSpecification\",\"valueRequired\":true,\"valueName\":\"search_term_string\"}}],\"inLanguage\":\"pt-BR\"},{\"@type\":\"Person\",\"@id\":\"https:\/\/verdadeon.com.br\/portal\/#\/schema\/person\/cc32be22b8e8599387c480bc83e1d11a\",\"name\":\"Fernando Lima\",\"image\":{\"@type\":\"ImageObject\",\"inLanguage\":\"pt-BR\",\"@id\":\"https:\/\/verdadeon.com.br\/portal\/#\/schema\/person\/image\/\",\"url\":\"https:\/\/secure.gravatar.com\/avatar\/df4c8e132080d2b3a4841d5d232045464e0eed11a1d6e43115ca0843d48768d3?s=96&d=mm&r=g\",\"contentUrl\":\"https:\/\/secure.gravatar.com\/avatar\/df4c8e132080d2b3a4841d5d232045464e0eed11a1d6e43115ca0843d48768d3?s=96&d=mm&r=g\",\"caption\":\"Fernando Lima\"},\"sameAs\":[\"http:\/\/verdadeon.com.br\/\"],\"url\":\"https:\/\/verdadeon.com.br\/portal\/author\/fernando-lima\/\"}]}<\/script>\n<!-- \/ Yoast SEO plugin. -->","yoast_head_json":{"title":"Defesa de ambulante agredido abrir\u00e1 representa\u00e7\u00e3o contra Prefeitura de Franca - VerdadeOn","robots":{"index":"index","follow":"follow","max-snippet":"max-snippet:-1","max-image-preview":"max-image-preview:large","max-video-preview":"max-video-preview:-1"},"canonical":"https:\/\/verdadeon.com.br\/portal\/2022\/02\/15\/defesa-de-ambulante-pretende-abrir-representacao-contra-prefeitura-de-franca\/","og_locale":"pt_BR","og_type":"article","og_title":"Defesa de ambulante agredido abrir\u00e1 representa\u00e7\u00e3o contra Prefeitura de Franca - VerdadeOn","og_description":"Advogado se reuniu com Promotoria de Justi\u00e7a do Minist\u00e9rio P\u00fablico na tarde desta ter\u00e7a-feira A defesa do ambulante Amadeu Neto, esteve na tarde desta ter\u00e7a-feira (15), [\u2026]","og_url":"https:\/\/verdadeon.com.br\/portal\/2022\/02\/15\/defesa-de-ambulante-pretende-abrir-representacao-contra-prefeitura-de-franca\/","og_site_name":"VerdadeOn","article_published_time":"2022-02-15T19:58:55+00:00","article_modified_time":"2022-02-15T20:52:25+00:00","og_image":[{"width":1000,"height":670,"url":"https:\/\/verdadeon.com.br\/portal\/wp-content\/uploads\/2022\/02\/WhatsApp-Image-2022-02-14-at-15.13.19.jpeg","type":"image\/jpeg"}],"author":"Fernando Lima","twitter_card":"summary_large_image","twitter_misc":{"Escrito por":"Fernando Lima","Est. tempo de leitura":"3 minutos"},"schema":{"@context":"https:\/\/schema.org","@graph":[{"@type":"WebPage","@id":"https:\/\/verdadeon.com.br\/portal\/2022\/02\/15\/defesa-de-ambulante-pretende-abrir-representacao-contra-prefeitura-de-franca\/","url":"https:\/\/verdadeon.com.br\/portal\/2022\/02\/15\/defesa-de-ambulante-pretende-abrir-representacao-contra-prefeitura-de-franca\/","name":"Defesa de ambulante agredido abrir\u00e1 representa\u00e7\u00e3o contra Prefeitura de Franca - VerdadeOn","isPartOf":{"@id":"https:\/\/verdadeon.com.br\/portal\/#website"},"primaryImageOfPage":{"@id":"https:\/\/verdadeon.com.br\/portal\/2022\/02\/15\/defesa-de-ambulante-pretende-abrir-representacao-contra-prefeitura-de-franca\/#primaryimage"},"image":{"@id":"https:\/\/verdadeon.com.br\/portal\/2022\/02\/15\/defesa-de-ambulante-pretende-abrir-representacao-contra-prefeitura-de-franca\/#primaryimage"},"thumbnailUrl":"https:\/\/i0.wp.com\/verdadeon.com.br\/portal\/wp-content\/uploads\/2022\/02\/WhatsApp-Image-2022-02-14-at-15.13.19.jpeg?fit=1000%2C670&ssl=1","datePublished":"2022-02-15T19:58:55+00:00","dateModified":"2022-02-15T20:52:25+00:00","author":{"@id":"https:\/\/verdadeon.com.br\/portal\/#\/schema\/person\/cc32be22b8e8599387c480bc83e1d11a"},"breadcrumb":{"@id":"https:\/\/verdadeon.com.br\/portal\/2022\/02\/15\/defesa-de-ambulante-pretende-abrir-representacao-contra-prefeitura-de-franca\/#breadcrumb"},"inLanguage":"pt-BR","potentialAction":[{"@type":"ReadAction","target":["https:\/\/verdadeon.com.br\/portal\/2022\/02\/15\/defesa-de-ambulante-pretende-abrir-representacao-contra-prefeitura-de-franca\/"]}]},{"@type":"ImageObject","inLanguage":"pt-BR","@id":"https:\/\/verdadeon.com.br\/portal\/2022\/02\/15\/defesa-de-ambulante-pretende-abrir-representacao-contra-prefeitura-de-franca\/#primaryimage","url":"https:\/\/i0.wp.com\/verdadeon.com.br\/portal\/wp-content\/uploads\/2022\/02\/WhatsApp-Image-2022-02-14-at-15.13.19.jpeg?fit=1000%2C670&ssl=1","contentUrl":"https:\/\/i0.wp.com\/verdadeon.com.br\/portal\/wp-content\/uploads\/2022\/02\/WhatsApp-Image-2022-02-14-at-15.13.19.jpeg?fit=1000%2C670&ssl=1","width":1000,"height":670,"caption":"V\u00e1rias testemunhas filmaram as agress\u00f5es, imagens est\u00e3o circulando nas redes sociais | Foto: Reprodu\u00e7\u00e3o"},{"@type":"BreadcrumbList","@id":"https:\/\/verdadeon.com.br\/portal\/2022\/02\/15\/defesa-de-ambulante-pretende-abrir-representacao-contra-prefeitura-de-franca\/#breadcrumb","itemListElement":[{"@type":"ListItem","position":1,"name":"In\u00edcio","item":"https:\/\/verdadeon.com.br\/portal\/"},{"@type":"ListItem","position":2,"name":"Defesa de ambulante agredido abrir\u00e1 representa\u00e7\u00e3o contra Prefeitura de Franca"}]},{"@type":"WebSite","@id":"https:\/\/verdadeon.com.br\/portal\/#website","url":"https:\/\/verdadeon.com.br\/portal\/","name":"VerdadeOn","description":"Not\u00edcias di\u00e1rias sobre Franca, Regi\u00e3o, Esporte, Cultura, Cotidiano, Colunas. Cobertura nos principais eventos da cidade \u00e9 aqui - Verdadeon Franca","potentialAction":[{"@type":"SearchAction","target":{"@type":"EntryPoint","urlTemplate":"https:\/\/verdadeon.com.br\/portal\/?s={search_term_string}"},"query-input":{"@type":"PropertyValueSpecification","valueRequired":true,"valueName":"search_term_string"}}],"inLanguage":"pt-BR"},{"@type":"Person","@id":"https:\/\/verdadeon.com.br\/portal\/#\/schema\/person\/cc32be22b8e8599387c480bc83e1d11a","name":"Fernando Lima","image":{"@type":"ImageObject","inLanguage":"pt-BR","@id":"https:\/\/verdadeon.com.br\/portal\/#\/schema\/person\/image\/","url":"https:\/\/secure.gravatar.com\/avatar\/df4c8e132080d2b3a4841d5d232045464e0eed11a1d6e43115ca0843d48768d3?s=96&d=mm&r=g","contentUrl":"https:\/\/secure.gravatar.com\/avatar\/df4c8e132080d2b3a4841d5d232045464e0eed11a1d6e43115ca0843d48768d3?s=96&d=mm&r=g","caption":"Fernando Lima"},"sameAs":["http:\/\/verdadeon.com.br\/"],"url":"https:\/\/verdadeon.com.br\/portal\/author\/fernando-lima\/"}]}},"jetpack_publicize_connections":[],"jetpack_featured_media_url":"https:\/\/i0.wp.com\/verdadeon.com.br\/portal\/wp-content\/uploads\/2022\/02\/WhatsApp-Image-2022-02-14-at-15.13.19.jpeg?fit=1000%2C670&ssl=1","jetpack_sharing_enabled":true,"_links":{"self":[{"href":"https:\/\/verdadeon.com.br\/portal\/wp-json\/wp\/v2\/posts\/23093","targetHints":{"allow":["GET"]}}],"collection":[{"href":"https:\/\/verdadeon.com.br\/portal\/wp-json\/wp\/v2\/posts"}],"about":[{"href":"https:\/\/verdadeon.com.br\/portal\/wp-json\/wp\/v2\/types\/post"}],"author":[{"embeddable":true,"href":"https:\/\/verdadeon.com.br\/portal\/wp-json\/wp\/v2\/users\/7"}],"replies":[{"embeddable":true,"href":"https:\/\/verdadeon.com.br\/portal\/wp-json\/wp\/v2\/comments?post=23093"}],"version-history":[{"count":3,"href":"https:\/\/verdadeon.com.br\/portal\/wp-json\/wp\/v2\/posts\/23093\/revisions"}],"predecessor-version":[{"id":23099,"href":"https:\/\/verdadeon.com.br\/portal\/wp-json\/wp\/v2\/posts\/23093\/revisions\/23099"}],"wp:featuredmedia":[{"embeddable":true,"href":"https:\/\/verdadeon.com.br\/portal\/wp-json\/wp\/v2\/media\/23050"}],"wp:attachment":[{"href":"https:\/\/verdadeon.com.br\/portal\/wp-json\/wp\/v2\/media?parent=23093"}],"wp:term":[{"taxonomy":"category","embeddable":true,"href":"https:\/\/verdadeon.com.br\/portal\/wp-json\/wp\/v2\/categories?post=23093"},{"taxonomy":"post_tag","embeddable":true,"href":"https:\/\/verdadeon.com.br\/portal\/wp-json\/wp\/v2\/tags?post=23093"}],"curies":[{"name":"wp","href":"https:\/\/api.w.org\/{rel}","templated":true}]}}