{"id":23068,"date":"2022-02-14T13:52:47","date_gmt":"2022-02-14T16:52:47","guid":{"rendered":"https:\/\/verdadeon.com.br\/portal\/?p=23068"},"modified":"2022-02-14T17:06:31","modified_gmt":"2022-02-14T20:06:31","slug":"canil-municipal-promove-feira-de-adocao-de-cachorros-na-praca-central-no-sabado","status":"publish","type":"post","link":"https:\/\/verdadeon.com.br\/portal\/2022\/02\/14\/canil-municipal-promove-feira-de-adocao-de-cachorros-na-praca-central-no-sabado\/","title":{"rendered":"Canil Municipal promove Feira de Ado\u00e7\u00e3o de cachorros na pra\u00e7a central no s\u00e1bado"},"content":{"rendered":"<h2><span style=\"font-weight: 400;\">Animais ser\u00e3o doados castrados e vacinados contra raiva.\u00a0 Para adotar, \u00e9 preciso apresentar RG, CPF e comprovante de endere\u00e7o<\/span><\/h2>\n<p>&nbsp;<\/p>\n<p><span style=\"font-weight: 400;\">Quem tem vontade de adotar um animal ter\u00e1 a chance de participar da Feira de Ado\u00e7\u00e3o organizada pelo Canil Municipal de Franca para o pr\u00f3ximo s\u00e1bado, 19, das 9h \u00e0s 13h, na Pra\u00e7a Nossa Senhora da Concei\u00e7\u00e3o, no Centro (em frente \u00e0 Concha Ac\u00fastica).<\/span><\/p>\n<p><span style=\"font-weight: 400;\">Cerca de dez cachorros far\u00e3o parte do projeto e todos eles ser\u00e3o doados castrados e vacinados contra raiva. A campanha de divulga\u00e7\u00e3o da feira est\u00e1 sendo feita de uma forma criativa e tenta sensibilizar os futuros donos dos bichinhos. As artes para informar sobre a Feira de Ado\u00e7\u00e3o exibem fotos dos c\u00e3es com a tag \u201cT\u00f4 dispon\u00edvel para doa\u00e7\u00e3o!\u201d, o nome, caracter\u00edsticas do animal e uma breve hist\u00f3ria da vida deles. Um exemplo \u00e9 o Drico, um macho sem ra\u00e7a definida, de porte m\u00e9dio que deu entrada em junho de 2019 no Canil Municipal. A foto dele vem acompanhada da seguinte legenda: \u201cOi, pessoal! Quando eu era pequeno, passei por um probleminha e por isso n\u00e3o tenho minha patinha dianteira. Sou bastante companheiro, quero muito um lar para poder distribuir todo o meu amor, posso ir para sua casa?\u201d.<\/span><\/p>\n<p><span style=\"font-weight: 400;\">A cachorrinha Flora, que vive no Canil desde novembro de 2020, tamb\u00e9m faz o apelo para ganhar um novo lar: \u201cOl\u00e1, tias! Me chamo Flora, sou uma senhorinha. Vivi com uma fam\u00edlia um pouco malvada e agora procuro um lar aconchegante para descansar. Adoraria ser sua companheira, me leva com voc\u00ea?\u201d.<\/span><\/p>\n<h4><span style=\"font-weight: 400;\">Como adotar<\/span><\/h4>\n<p><span style=\"font-weight: 400;\">Para adotar um dos cachorros, o mun\u00edcipe dever\u00e1 apresentar c\u00f3pias do CPF, RG e comprovante de resid\u00eancia.<\/span><\/p>\n<p><span style=\"font-weight: 400;\">Mais informa\u00e7\u00f5es sobre ado\u00e7\u00e3o de animais recolhidos no Canil Municipal podem ser obtidas diretamente no local, que fica na Rua Jos\u00e9 Gianesella, 415, no Bairro City Petr\u00f3polis ou pelo telefone 3703-9389.<\/span><\/p>\n<p>&nbsp;<\/p>\n<p><img data-recalc-dims=\"1\" loading=\"lazy\" decoding=\"async\" class=\"alignnone wp-image-23074 size-full\" src=\"https:\/\/i0.wp.com\/verdadeon.com.br\/portal\/wp-content\/uploads\/2022\/02\/WhatsApp-Image-2022-02-14-at-16.39.20-2.jpeg?resize=1080%2C1080&#038;ssl=1\" alt=\"\" width=\"1080\" height=\"1080\" \/><\/p>\n<p><img data-recalc-dims=\"1\" loading=\"lazy\" decoding=\"async\" class=\"alignnone wp-image-23073 size-full\" src=\"https:\/\/i0.wp.com\/verdadeon.com.br\/portal\/wp-content\/uploads\/2022\/02\/WhatsApp-Image-2022-02-14-at-16.39.20-1.jpeg?resize=1080%2C1080&#038;ssl=1\" alt=\"\" width=\"1080\" height=\"1080\" \/><\/p>\n<p><img data-recalc-dims=\"1\" loading=\"lazy\" decoding=\"async\" class=\"alignnone wp-image-23072 size-full\" src=\"https:\/\/i0.wp.com\/verdadeon.com.br\/portal\/wp-content\/uploads\/2022\/02\/WhatsApp-Image-2022-02-14-at-16.39.20.jpeg?resize=1080%2C1080&#038;ssl=1\" alt=\"\" width=\"1080\" height=\"1080\" \/><\/p>\n<p><img data-recalc-dims=\"1\" loading=\"lazy\" decoding=\"async\" class=\"alignnone wp-image-23070 size-full\" src=\"https:\/\/i0.wp.com\/verdadeon.com.br\/portal\/wp-content\/uploads\/2022\/02\/WhatsApp-Image-2022-02-14-at-16.39.20-4.jpeg?resize=1080%2C1080&#038;ssl=1\" alt=\"\" width=\"1080\" height=\"1080\" \/><\/p>\n<p><img data-recalc-dims=\"1\" loading=\"lazy\" decoding=\"async\" class=\"alignnone wp-image-23069 size-full\" src=\"https:\/\/i0.wp.com\/verdadeon.com.br\/portal\/wp-content\/uploads\/2022\/02\/WhatsApp-Image-2022-02-14-at-16.39.20-3.jpeg?resize=1080%2C1080&#038;ssl=1\" alt=\"\" width=\"1080\" height=\"1080\" \/><\/p>\n","protected":false},"excerpt":{"rendered":"<p>Animais ser\u00e3o doados castrados e vacinados contra raiva.\u00a0 Para adotar, \u00e9 preciso apresentar RG, CPF e comprovante de endere\u00e7o &nbsp; Quem tem vontade de adotar um<span class=\"excerpt-hellip\"> [\u2026]<\/span><\/p>\n","protected":false},"author":12,"featured_media":0,"comment_status":"open","ping_status":"open","sticky":false,"template":"","format":"standard","meta":{"_jetpack_memberships_contains_paid_content":false,"footnotes":"","jetpack_publicize_message":"","jetpack_publicize_feature_enabled":true,"jetpack_social_post_already_shared":false,"jetpack_social_options":{"image_generator_settings":{"template":"highway","default_image_id":0,"enabled":false},"version":2}},"categories":[28,81],"tags":[],"class_list":["post-23068","post","type-post","status-publish","format-standard","hentry","category-cotidiano","category-manchete"],"yoast_head":"<!-- This site is optimized with the Yoast SEO plugin v25.6 - https:\/\/yoast.com\/wordpress\/plugins\/seo\/ -->\n<title>Canil Municipal promove Feira de Ado\u00e7\u00e3o de cachorros na pra\u00e7a central no s\u00e1bado - VerdadeOn<\/title>\n<meta name=\"robots\" content=\"index, follow, max-snippet:-1, max-image-preview:large, max-video-preview:-1\" \/>\n<link rel=\"canonical\" href=\"https:\/\/verdadeon.com.br\/portal\/2022\/02\/14\/canil-municipal-promove-feira-de-adocao-de-cachorros-na-praca-central-no-sabado\/\" \/>\n<meta property=\"og:locale\" content=\"pt_BR\" \/>\n<meta property=\"og:type\" content=\"article\" \/>\n<meta property=\"og:title\" content=\"Canil Municipal promove Feira de Ado\u00e7\u00e3o de cachorros na pra\u00e7a central no s\u00e1bado - VerdadeOn\" \/>\n<meta property=\"og:description\" content=\"Animais ser\u00e3o doados castrados e vacinados contra raiva.\u00a0 Para adotar, \u00e9 preciso apresentar RG, CPF e comprovante de endere\u00e7o &nbsp; Quem tem vontade de adotar um [\u2026]\" \/>\n<meta property=\"og:url\" content=\"https:\/\/verdadeon.com.br\/portal\/2022\/02\/14\/canil-municipal-promove-feira-de-adocao-de-cachorros-na-praca-central-no-sabado\/\" \/>\n<meta property=\"og:site_name\" content=\"VerdadeOn\" \/>\n<meta property=\"article:published_time\" content=\"2022-02-14T16:52:47+00:00\" \/>\n<meta property=\"article:modified_time\" content=\"2022-02-14T20:06:31+00:00\" \/>\n<meta property=\"og:image\" content=\"https:\/\/verdadeon.com.br\/portal\/wp-content\/uploads\/2022\/02\/WhatsApp-Image-2022-02-14-at-16.39.25.jpeg\" \/>\n\t<meta property=\"og:image:width\" content=\"1000\" \/>\n\t<meta property=\"og:image:height\" content=\"670\" \/>\n\t<meta property=\"og:image:type\" content=\"image\/jpeg\" \/>\n<meta name=\"author\" content=\"Nelise Luques\" \/>\n<meta name=\"twitter:card\" content=\"summary_large_image\" \/>\n<meta name=\"twitter:label1\" content=\"Escrito por\" \/>\n\t<meta name=\"twitter:data1\" content=\"Nelise Luques\" \/>\n\t<meta name=\"twitter:label2\" content=\"Est. tempo de leitura\" \/>\n\t<meta name=\"twitter:data2\" content=\"3 minutos\" \/>\n<script type=\"application\/ld+json\" class=\"yoast-schema-graph\">{\"@context\":\"https:\/\/schema.org\",\"@graph\":[{\"@type\":\"WebPage\",\"@id\":\"https:\/\/verdadeon.com.br\/portal\/2022\/02\/14\/canil-municipal-promove-feira-de-adocao-de-cachorros-na-praca-central-no-sabado\/\",\"url\":\"https:\/\/verdadeon.com.br\/portal\/2022\/02\/14\/canil-municipal-promove-feira-de-adocao-de-cachorros-na-praca-central-no-sabado\/\",\"name\":\"Canil Municipal promove Feira de Ado\u00e7\u00e3o de cachorros na pra\u00e7a central no s\u00e1bado - VerdadeOn\",\"isPartOf\":{\"@id\":\"https:\/\/verdadeon.com.br\/portal\/#website\"},\"primaryImageOfPage\":{\"@id\":\"https:\/\/verdadeon.com.br\/portal\/2022\/02\/14\/canil-municipal-promove-feira-de-adocao-de-cachorros-na-praca-central-no-sabado\/#primaryimage\"},\"image\":{\"@id\":\"https:\/\/verdadeon.com.br\/portal\/2022\/02\/14\/canil-municipal-promove-feira-de-adocao-de-cachorros-na-praca-central-no-sabado\/#primaryimage\"},\"thumbnailUrl\":\"https:\/\/verdadeon.com.br\/portal\/wp-content\/uploads\/2022\/02\/WhatsApp-Image-2022-02-14-at-16.39.20-2.jpeg\",\"datePublished\":\"2022-02-14T16:52:47+00:00\",\"dateModified\":\"2022-02-14T20:06:31+00:00\",\"author\":{\"@id\":\"https:\/\/verdadeon.com.br\/portal\/#\/schema\/person\/8248726d36015c1916636fabb175d972\"},\"breadcrumb\":{\"@id\":\"https:\/\/verdadeon.com.br\/portal\/2022\/02\/14\/canil-municipal-promove-feira-de-adocao-de-cachorros-na-praca-central-no-sabado\/#breadcrumb\"},\"inLanguage\":\"pt-BR\",\"potentialAction\":[{\"@type\":\"ReadAction\",\"target\":[\"https:\/\/verdadeon.com.br\/portal\/2022\/02\/14\/canil-municipal-promove-feira-de-adocao-de-cachorros-na-praca-central-no-sabado\/\"]}]},{\"@type\":\"ImageObject\",\"inLanguage\":\"pt-BR\",\"@id\":\"https:\/\/verdadeon.com.br\/portal\/2022\/02\/14\/canil-municipal-promove-feira-de-adocao-de-cachorros-na-praca-central-no-sabado\/#primaryimage\",\"url\":\"\",\"contentUrl\":\"\"},{\"@type\":\"BreadcrumbList\",\"@id\":\"https:\/\/verdadeon.com.br\/portal\/2022\/02\/14\/canil-municipal-promove-feira-de-adocao-de-cachorros-na-praca-central-no-sabado\/#breadcrumb\",\"itemListElement\":[{\"@type\":\"ListItem\",\"position\":1,\"name\":\"In\u00edcio\",\"item\":\"https:\/\/verdadeon.com.br\/portal\/\"},{\"@type\":\"ListItem\",\"position\":2,\"name\":\"Canil Municipal promove Feira de Ado\u00e7\u00e3o de cachorros na pra\u00e7a central no s\u00e1bado\"}]},{\"@type\":\"WebSite\",\"@id\":\"https:\/\/verdadeon.com.br\/portal\/#website\",\"url\":\"https:\/\/verdadeon.com.br\/portal\/\",\"name\":\"VerdadeOn\",\"description\":\"Not\u00edcias di\u00e1rias sobre Franca, Regi\u00e3o, Esporte, Cultura, Cotidiano, Colunas. Cobertura nos principais eventos da cidade \u00e9 aqui - Verdadeon Franca\",\"potentialAction\":[{\"@type\":\"SearchAction\",\"target\":{\"@type\":\"EntryPoint\",\"urlTemplate\":\"https:\/\/verdadeon.com.br\/portal\/?s={search_term_string}\"},\"query-input\":{\"@type\":\"PropertyValueSpecification\",\"valueRequired\":true,\"valueName\":\"search_term_string\"}}],\"inLanguage\":\"pt-BR\"},{\"@type\":\"Person\",\"@id\":\"https:\/\/verdadeon.com.br\/portal\/#\/schema\/person\/8248726d36015c1916636fabb175d972\",\"name\":\"Nelise Luques\",\"image\":{\"@type\":\"ImageObject\",\"inLanguage\":\"pt-BR\",\"@id\":\"https:\/\/verdadeon.com.br\/portal\/#\/schema\/person\/image\/\",\"url\":\"https:\/\/secure.gravatar.com\/avatar\/29b2a17f5bcadeb827411b66f48ac13c3e0ecaf5906c0f5745ecc5d41c24eada?s=96&d=mm&r=g\",\"contentUrl\":\"https:\/\/secure.gravatar.com\/avatar\/29b2a17f5bcadeb827411b66f48ac13c3e0ecaf5906c0f5745ecc5d41c24eada?s=96&d=mm&r=g\",\"caption\":\"Nelise Luques\"},\"url\":\"https:\/\/verdadeon.com.br\/portal\/author\/verdade\/\"}]}<\/script>\n<!-- \/ Yoast SEO plugin. -->","yoast_head_json":{"title":"Canil Municipal promove Feira de Ado\u00e7\u00e3o de cachorros na pra\u00e7a central no s\u00e1bado - VerdadeOn","robots":{"index":"index","follow":"follow","max-snippet":"max-snippet:-1","max-image-preview":"max-image-preview:large","max-video-preview":"max-video-preview:-1"},"canonical":"https:\/\/verdadeon.com.br\/portal\/2022\/02\/14\/canil-municipal-promove-feira-de-adocao-de-cachorros-na-praca-central-no-sabado\/","og_locale":"pt_BR","og_type":"article","og_title":"Canil Municipal promove Feira de Ado\u00e7\u00e3o de cachorros na pra\u00e7a central no s\u00e1bado - VerdadeOn","og_description":"Animais ser\u00e3o doados castrados e vacinados contra raiva.\u00a0 Para adotar, \u00e9 preciso apresentar RG, CPF e comprovante de endere\u00e7o &nbsp; Quem tem vontade de adotar um [\u2026]","og_url":"https:\/\/verdadeon.com.br\/portal\/2022\/02\/14\/canil-municipal-promove-feira-de-adocao-de-cachorros-na-praca-central-no-sabado\/","og_site_name":"VerdadeOn","article_published_time":"2022-02-14T16:52:47+00:00","article_modified_time":"2022-02-14T20:06:31+00:00","og_image":[{"width":1000,"height":670,"url":"https:\/\/verdadeon.com.br\/portal\/wp-content\/uploads\/2022\/02\/WhatsApp-Image-2022-02-14-at-16.39.25.jpeg","type":"image\/jpeg"}],"author":"Nelise Luques","twitter_card":"summary_large_image","twitter_misc":{"Escrito por":"Nelise Luques","Est. tempo de leitura":"3 minutos"},"schema":{"@context":"https:\/\/schema.org","@graph":[{"@type":"WebPage","@id":"https:\/\/verdadeon.com.br\/portal\/2022\/02\/14\/canil-municipal-promove-feira-de-adocao-de-cachorros-na-praca-central-no-sabado\/","url":"https:\/\/verdadeon.com.br\/portal\/2022\/02\/14\/canil-municipal-promove-feira-de-adocao-de-cachorros-na-praca-central-no-sabado\/","name":"Canil Municipal promove Feira de Ado\u00e7\u00e3o de cachorros na pra\u00e7a central no s\u00e1bado - VerdadeOn","isPartOf":{"@id":"https:\/\/verdadeon.com.br\/portal\/#website"},"primaryImageOfPage":{"@id":"https:\/\/verdadeon.com.br\/portal\/2022\/02\/14\/canil-municipal-promove-feira-de-adocao-de-cachorros-na-praca-central-no-sabado\/#primaryimage"},"image":{"@id":"https:\/\/verdadeon.com.br\/portal\/2022\/02\/14\/canil-municipal-promove-feira-de-adocao-de-cachorros-na-praca-central-no-sabado\/#primaryimage"},"thumbnailUrl":"https:\/\/verdadeon.com.br\/portal\/wp-content\/uploads\/2022\/02\/WhatsApp-Image-2022-02-14-at-16.39.20-2.jpeg","datePublished":"2022-02-14T16:52:47+00:00","dateModified":"2022-02-14T20:06:31+00:00","author":{"@id":"https:\/\/verdadeon.com.br\/portal\/#\/schema\/person\/8248726d36015c1916636fabb175d972"},"breadcrumb":{"@id":"https:\/\/verdadeon.com.br\/portal\/2022\/02\/14\/canil-municipal-promove-feira-de-adocao-de-cachorros-na-praca-central-no-sabado\/#breadcrumb"},"inLanguage":"pt-BR","potentialAction":[{"@type":"ReadAction","target":["https:\/\/verdadeon.com.br\/portal\/2022\/02\/14\/canil-municipal-promove-feira-de-adocao-de-cachorros-na-praca-central-no-sabado\/"]}]},{"@type":"ImageObject","inLanguage":"pt-BR","@id":"https:\/\/verdadeon.com.br\/portal\/2022\/02\/14\/canil-municipal-promove-feira-de-adocao-de-cachorros-na-praca-central-no-sabado\/#primaryimage","url":"","contentUrl":""},{"@type":"BreadcrumbList","@id":"https:\/\/verdadeon.com.br\/portal\/2022\/02\/14\/canil-municipal-promove-feira-de-adocao-de-cachorros-na-praca-central-no-sabado\/#breadcrumb","itemListElement":[{"@type":"ListItem","position":1,"name":"In\u00edcio","item":"https:\/\/verdadeon.com.br\/portal\/"},{"@type":"ListItem","position":2,"name":"Canil Municipal promove Feira de Ado\u00e7\u00e3o de cachorros na pra\u00e7a central no s\u00e1bado"}]},{"@type":"WebSite","@id":"https:\/\/verdadeon.com.br\/portal\/#website","url":"https:\/\/verdadeon.com.br\/portal\/","name":"VerdadeOn","description":"Not\u00edcias di\u00e1rias sobre Franca, Regi\u00e3o, Esporte, Cultura, Cotidiano, Colunas. Cobertura nos principais eventos da cidade \u00e9 aqui - Verdadeon Franca","potentialAction":[{"@type":"SearchAction","target":{"@type":"EntryPoint","urlTemplate":"https:\/\/verdadeon.com.br\/portal\/?s={search_term_string}"},"query-input":{"@type":"PropertyValueSpecification","valueRequired":true,"valueName":"search_term_string"}}],"inLanguage":"pt-BR"},{"@type":"Person","@id":"https:\/\/verdadeon.com.br\/portal\/#\/schema\/person\/8248726d36015c1916636fabb175d972","name":"Nelise Luques","image":{"@type":"ImageObject","inLanguage":"pt-BR","@id":"https:\/\/verdadeon.com.br\/portal\/#\/schema\/person\/image\/","url":"https:\/\/secure.gravatar.com\/avatar\/29b2a17f5bcadeb827411b66f48ac13c3e0ecaf5906c0f5745ecc5d41c24eada?s=96&d=mm&r=g","contentUrl":"https:\/\/secure.gravatar.com\/avatar\/29b2a17f5bcadeb827411b66f48ac13c3e0ecaf5906c0f5745ecc5d41c24eada?s=96&d=mm&r=g","caption":"Nelise Luques"},"url":"https:\/\/verdadeon.com.br\/portal\/author\/verdade\/"}]}},"jetpack_publicize_connections":[],"jetpack_featured_media_url":"","jetpack_sharing_enabled":true,"_links":{"self":[{"href":"https:\/\/verdadeon.com.br\/portal\/wp-json\/wp\/v2\/posts\/23068","targetHints":{"allow":["GET"]}}],"collection":[{"href":"https:\/\/verdadeon.com.br\/portal\/wp-json\/wp\/v2\/posts"}],"about":[{"href":"https:\/\/verdadeon.com.br\/portal\/wp-json\/wp\/v2\/types\/post"}],"author":[{"embeddable":true,"href":"https:\/\/verdadeon.com.br\/portal\/wp-json\/wp\/v2\/users\/12"}],"replies":[{"embeddable":true,"href":"https:\/\/verdadeon.com.br\/portal\/wp-json\/wp\/v2\/comments?post=23068"}],"version-history":[{"count":1,"href":"https:\/\/verdadeon.com.br\/portal\/wp-json\/wp\/v2\/posts\/23068\/revisions"}],"predecessor-version":[{"id":23076,"href":"https:\/\/verdadeon.com.br\/portal\/wp-json\/wp\/v2\/posts\/23068\/revisions\/23076"}],"wp:attachment":[{"href":"https:\/\/verdadeon.com.br\/portal\/wp-json\/wp\/v2\/media?parent=23068"}],"wp:term":[{"taxonomy":"category","embeddable":true,"href":"https:\/\/verdadeon.com.br\/portal\/wp-json\/wp\/v2\/categories?post=23068"},{"taxonomy":"post_tag","embeddable":true,"href":"https:\/\/verdadeon.com.br\/portal\/wp-json\/wp\/v2\/tags?post=23068"}],"curies":[{"name":"wp","href":"https:\/\/api.w.org\/{rel}","templated":true}]}}