{"id":23055,"date":"2022-02-14T16:21:05","date_gmt":"2022-02-14T19:21:05","guid":{"rendered":"https:\/\/verdadeon.com.br\/portal\/?p=23055"},"modified":"2022-02-14T16:21:05","modified_gmt":"2022-02-14T19:21:05","slug":"homem-e-multado-em-r-10-mil-por-manter-aves-em-cativeiros-no-aeroporto-iii","status":"publish","type":"post","link":"https:\/\/verdadeon.com.br\/portal\/2022\/02\/14\/homem-e-multado-em-r-10-mil-por-manter-aves-em-cativeiros-no-aeroporto-iii\/","title":{"rendered":"Homem \u00e9 multado em R$ 10 mil por manter aves em cativeiros no Aeroporto III"},"content":{"rendered":"<h2>Pol\u00edcia Ambiental chegou at\u00e9 ele ap\u00f3s den\u00fancias an\u00f4nimas, p\u00e1ssaros foram recolhidos e gaiolas destru\u00eddas<\/h2>\n<p>Um morador do Jardim Aeroporto III, na zona sul de Franca, foi multado em R$ 10 mil por manter 19 aves da fauna silvestre nativa, presas em gaiolas de arame e madeira, sem a devida autoriza\u00e7\u00e3o do \u00f3rg\u00e3o ambiental. &#8220;A equipe de pol\u00edcia militar ambiental em atendimento de den\u00fancia an\u00f4nima sobre aves silvestres em cativeiro, deslocou-se at\u00e9 o endere\u00e7o e ap\u00f3s contatar o respons\u00e1vel do im\u00f3vel constataram 19 aves aprisionadas em gaiolas. Al\u00e9m das aves em cativeiro que est\u00e3o em desacordo com a licen\u00e7a do criador, visto se tratar de criador amador de passeriformes com cadastro no \u00f3rg\u00e3o ambiental competente SISPASS, constataram ainda outra ave silvestre nativa tamb\u00e9m desprovida de anilha de identifica\u00e7\u00e3o sendo mantida em gaiola de arame e madeira com al\u00e7ap\u00e3o acoplado, que no momento da fiscaliza\u00e7\u00e3o estava sendo utilizada como chama para capturar outra&#8221;, informou a pol\u00edcia.<\/p>\n<p>Diante a situa\u00e7\u00e3o foram lavradas multas para o homem que somam R$ 10 mil,\u00a0 al\u00e9m da apreens\u00e3o das aves, gaiolas e al\u00e7ap\u00e3o, sendo as aves destinadas ao centro de triagem e as gaiolas e al\u00e7ap\u00e3o destru\u00eddos.<\/p>\n<h4>Investiga\u00e7\u00e3o<\/h4>\n<p>A Pol\u00edcia Civil de Ituverava na regi\u00e3o de Franca, investiga a morte de um idoso de 68 anos, registrada no final de semana. Segundo as informa\u00e7\u00f5es, Jos\u00e9 Antero teria sido empurrado e agredido em um bar da cidade.<\/p>\n<p>Ap\u00f3s o idoso procurou atendimento no Pronto Socorro da Santa Casa com sangramento na cabe\u00e7a. Por conta da gravidade dos ferimentos ele foi transferido para a Santa Casa de Franca, mas n\u00e3o resistiu aos ferimentos.<\/p>\n<p>A pol\u00edcia j\u00e1 possui um suspeito das agress\u00f5es, e as investiga\u00e7\u00f5es continuam nos pr\u00f3ximos dias.<\/p>\n","protected":false},"excerpt":{"rendered":"<p>Pol\u00edcia Ambiental chegou at\u00e9 ele ap\u00f3s den\u00fancias an\u00f4nimas, p\u00e1ssaros foram recolhidos e gaiolas destru\u00eddas Um morador do Jardim Aeroporto III, na zona sul de Franca, foi<span class=\"excerpt-hellip\"> [\u2026]<\/span><\/p>\n","protected":false},"author":7,"featured_media":23065,"comment_status":"open","ping_status":"open","sticky":false,"template":"","format":"standard","meta":{"_jetpack_memberships_contains_paid_content":false,"footnotes":"","jetpack_publicize_message":"","jetpack_publicize_feature_enabled":true,"jetpack_social_post_already_shared":false,"jetpack_social_options":{"image_generator_settings":{"template":"highway","default_image_id":0,"enabled":false},"version":2}},"categories":[28,81],"tags":[],"class_list":["post-23055","post","type-post","status-publish","format-standard","has-post-thumbnail","hentry","category-cotidiano","category-manchete"],"yoast_head":"<!-- This site is optimized with the Yoast SEO plugin v25.6 - https:\/\/yoast.com\/wordpress\/plugins\/seo\/ -->\n<title>Homem \u00e9 multado em R$ 10 mil por manter aves em cativeiros no Aeroporto III - VerdadeOn<\/title>\n<meta name=\"robots\" content=\"index, follow, max-snippet:-1, max-image-preview:large, max-video-preview:-1\" \/>\n<link rel=\"canonical\" href=\"https:\/\/verdadeon.com.br\/portal\/2022\/02\/14\/homem-e-multado-em-r-10-mil-por-manter-aves-em-cativeiros-no-aeroporto-iii\/\" \/>\n<meta property=\"og:locale\" content=\"pt_BR\" \/>\n<meta property=\"og:type\" content=\"article\" \/>\n<meta property=\"og:title\" content=\"Homem \u00e9 multado em R$ 10 mil por manter aves em cativeiros no Aeroporto III - VerdadeOn\" \/>\n<meta property=\"og:description\" content=\"Pol\u00edcia Ambiental chegou at\u00e9 ele ap\u00f3s den\u00fancias an\u00f4nimas, p\u00e1ssaros foram recolhidos e gaiolas destru\u00eddas Um morador do Jardim Aeroporto III, na zona sul de Franca, foi [\u2026]\" \/>\n<meta property=\"og:url\" content=\"https:\/\/verdadeon.com.br\/portal\/2022\/02\/14\/homem-e-multado-em-r-10-mil-por-manter-aves-em-cativeiros-no-aeroporto-iii\/\" \/>\n<meta property=\"og:site_name\" content=\"VerdadeOn\" \/>\n<meta property=\"article:published_time\" content=\"2022-02-14T19:21:05+00:00\" \/>\n<meta property=\"og:image\" content=\"https:\/\/verdadeon.com.br\/portal\/wp-content\/uploads\/2022\/02\/AMBIENTAL-1024x686.png\" \/>\n\t<meta property=\"og:image:width\" content=\"1024\" \/>\n\t<meta property=\"og:image:height\" content=\"686\" \/>\n\t<meta property=\"og:image:type\" content=\"image\/png\" \/>\n<meta name=\"author\" content=\"Fernando Lima\" \/>\n<meta name=\"twitter:card\" content=\"summary_large_image\" \/>\n<meta name=\"twitter:label1\" content=\"Escrito por\" \/>\n\t<meta name=\"twitter:data1\" content=\"Fernando Lima\" \/>\n\t<meta name=\"twitter:label2\" content=\"Est. tempo de leitura\" \/>\n\t<meta name=\"twitter:data2\" content=\"2 minutos\" \/>\n<script type=\"application\/ld+json\" class=\"yoast-schema-graph\">{\"@context\":\"https:\/\/schema.org\",\"@graph\":[{\"@type\":\"WebPage\",\"@id\":\"https:\/\/verdadeon.com.br\/portal\/2022\/02\/14\/homem-e-multado-em-r-10-mil-por-manter-aves-em-cativeiros-no-aeroporto-iii\/\",\"url\":\"https:\/\/verdadeon.com.br\/portal\/2022\/02\/14\/homem-e-multado-em-r-10-mil-por-manter-aves-em-cativeiros-no-aeroporto-iii\/\",\"name\":\"Homem \u00e9 multado em R$ 10 mil por manter aves em cativeiros no Aeroporto III - VerdadeOn\",\"isPartOf\":{\"@id\":\"https:\/\/verdadeon.com.br\/portal\/#website\"},\"primaryImageOfPage\":{\"@id\":\"https:\/\/verdadeon.com.br\/portal\/2022\/02\/14\/homem-e-multado-em-r-10-mil-por-manter-aves-em-cativeiros-no-aeroporto-iii\/#primaryimage\"},\"image\":{\"@id\":\"https:\/\/verdadeon.com.br\/portal\/2022\/02\/14\/homem-e-multado-em-r-10-mil-por-manter-aves-em-cativeiros-no-aeroporto-iii\/#primaryimage\"},\"thumbnailUrl\":\"https:\/\/i0.wp.com\/verdadeon.com.br\/portal\/wp-content\/uploads\/2022\/02\/AMBIENTAL.png?fit=1912%2C1280&ssl=1\",\"datePublished\":\"2022-02-14T19:21:05+00:00\",\"author\":{\"@id\":\"https:\/\/verdadeon.com.br\/portal\/#\/schema\/person\/cc32be22b8e8599387c480bc83e1d11a\"},\"breadcrumb\":{\"@id\":\"https:\/\/verdadeon.com.br\/portal\/2022\/02\/14\/homem-e-multado-em-r-10-mil-por-manter-aves-em-cativeiros-no-aeroporto-iii\/#breadcrumb\"},\"inLanguage\":\"pt-BR\",\"potentialAction\":[{\"@type\":\"ReadAction\",\"target\":[\"https:\/\/verdadeon.com.br\/portal\/2022\/02\/14\/homem-e-multado-em-r-10-mil-por-manter-aves-em-cativeiros-no-aeroporto-iii\/\"]}]},{\"@type\":\"ImageObject\",\"inLanguage\":\"pt-BR\",\"@id\":\"https:\/\/verdadeon.com.br\/portal\/2022\/02\/14\/homem-e-multado-em-r-10-mil-por-manter-aves-em-cativeiros-no-aeroporto-iii\/#primaryimage\",\"url\":\"https:\/\/i0.wp.com\/verdadeon.com.br\/portal\/wp-content\/uploads\/2022\/02\/AMBIENTAL.png?fit=1912%2C1280&ssl=1\",\"contentUrl\":\"https:\/\/i0.wp.com\/verdadeon.com.br\/portal\/wp-content\/uploads\/2022\/02\/AMBIENTAL.png?fit=1912%2C1280&ssl=1\",\"width\":1912,\"height\":1280,\"caption\":\"Homem foi detido e multado em R$10 mil, Pol\u00edcia Ambiental chegou at\u00e9 ele ap\u00f3s den\u00fancias an\u00f4nimas | Foto: Pol\u00edcia Ambiental\"},{\"@type\":\"BreadcrumbList\",\"@id\":\"https:\/\/verdadeon.com.br\/portal\/2022\/02\/14\/homem-e-multado-em-r-10-mil-por-manter-aves-em-cativeiros-no-aeroporto-iii\/#breadcrumb\",\"itemListElement\":[{\"@type\":\"ListItem\",\"position\":1,\"name\":\"In\u00edcio\",\"item\":\"https:\/\/verdadeon.com.br\/portal\/\"},{\"@type\":\"ListItem\",\"position\":2,\"name\":\"Homem \u00e9 multado em R$ 10 mil por manter aves em cativeiros no Aeroporto III\"}]},{\"@type\":\"WebSite\",\"@id\":\"https:\/\/verdadeon.com.br\/portal\/#website\",\"url\":\"https:\/\/verdadeon.com.br\/portal\/\",\"name\":\"VerdadeOn\",\"description\":\"Not\u00edcias di\u00e1rias sobre Franca, Regi\u00e3o, Esporte, Cultura, Cotidiano, Colunas. Cobertura nos principais eventos da cidade \u00e9 aqui - Verdadeon Franca\",\"potentialAction\":[{\"@type\":\"SearchAction\",\"target\":{\"@type\":\"EntryPoint\",\"urlTemplate\":\"https:\/\/verdadeon.com.br\/portal\/?s={search_term_string}\"},\"query-input\":{\"@type\":\"PropertyValueSpecification\",\"valueRequired\":true,\"valueName\":\"search_term_string\"}}],\"inLanguage\":\"pt-BR\"},{\"@type\":\"Person\",\"@id\":\"https:\/\/verdadeon.com.br\/portal\/#\/schema\/person\/cc32be22b8e8599387c480bc83e1d11a\",\"name\":\"Fernando Lima\",\"image\":{\"@type\":\"ImageObject\",\"inLanguage\":\"pt-BR\",\"@id\":\"https:\/\/verdadeon.com.br\/portal\/#\/schema\/person\/image\/\",\"url\":\"https:\/\/secure.gravatar.com\/avatar\/df4c8e132080d2b3a4841d5d232045464e0eed11a1d6e43115ca0843d48768d3?s=96&d=mm&r=g\",\"contentUrl\":\"https:\/\/secure.gravatar.com\/avatar\/df4c8e132080d2b3a4841d5d232045464e0eed11a1d6e43115ca0843d48768d3?s=96&d=mm&r=g\",\"caption\":\"Fernando Lima\"},\"sameAs\":[\"http:\/\/verdadeon.com.br\/\"],\"url\":\"https:\/\/verdadeon.com.br\/portal\/author\/fernando-lima\/\"}]}<\/script>\n<!-- \/ Yoast SEO plugin. -->","yoast_head_json":{"title":"Homem \u00e9 multado em R$ 10 mil por manter aves em cativeiros no Aeroporto III - VerdadeOn","robots":{"index":"index","follow":"follow","max-snippet":"max-snippet:-1","max-image-preview":"max-image-preview:large","max-video-preview":"max-video-preview:-1"},"canonical":"https:\/\/verdadeon.com.br\/portal\/2022\/02\/14\/homem-e-multado-em-r-10-mil-por-manter-aves-em-cativeiros-no-aeroporto-iii\/","og_locale":"pt_BR","og_type":"article","og_title":"Homem \u00e9 multado em R$ 10 mil por manter aves em cativeiros no Aeroporto III - VerdadeOn","og_description":"Pol\u00edcia Ambiental chegou at\u00e9 ele ap\u00f3s den\u00fancias an\u00f4nimas, p\u00e1ssaros foram recolhidos e gaiolas destru\u00eddas Um morador do Jardim Aeroporto III, na zona sul de Franca, foi [\u2026]","og_url":"https:\/\/verdadeon.com.br\/portal\/2022\/02\/14\/homem-e-multado-em-r-10-mil-por-manter-aves-em-cativeiros-no-aeroporto-iii\/","og_site_name":"VerdadeOn","article_published_time":"2022-02-14T19:21:05+00:00","og_image":[{"width":1024,"height":686,"url":"https:\/\/verdadeon.com.br\/portal\/wp-content\/uploads\/2022\/02\/AMBIENTAL-1024x686.png","type":"image\/png"}],"author":"Fernando Lima","twitter_card":"summary_large_image","twitter_misc":{"Escrito por":"Fernando Lima","Est. tempo de leitura":"2 minutos"},"schema":{"@context":"https:\/\/schema.org","@graph":[{"@type":"WebPage","@id":"https:\/\/verdadeon.com.br\/portal\/2022\/02\/14\/homem-e-multado-em-r-10-mil-por-manter-aves-em-cativeiros-no-aeroporto-iii\/","url":"https:\/\/verdadeon.com.br\/portal\/2022\/02\/14\/homem-e-multado-em-r-10-mil-por-manter-aves-em-cativeiros-no-aeroporto-iii\/","name":"Homem \u00e9 multado em R$ 10 mil por manter aves em cativeiros no Aeroporto III - VerdadeOn","isPartOf":{"@id":"https:\/\/verdadeon.com.br\/portal\/#website"},"primaryImageOfPage":{"@id":"https:\/\/verdadeon.com.br\/portal\/2022\/02\/14\/homem-e-multado-em-r-10-mil-por-manter-aves-em-cativeiros-no-aeroporto-iii\/#primaryimage"},"image":{"@id":"https:\/\/verdadeon.com.br\/portal\/2022\/02\/14\/homem-e-multado-em-r-10-mil-por-manter-aves-em-cativeiros-no-aeroporto-iii\/#primaryimage"},"thumbnailUrl":"https:\/\/i0.wp.com\/verdadeon.com.br\/portal\/wp-content\/uploads\/2022\/02\/AMBIENTAL.png?fit=1912%2C1280&ssl=1","datePublished":"2022-02-14T19:21:05+00:00","author":{"@id":"https:\/\/verdadeon.com.br\/portal\/#\/schema\/person\/cc32be22b8e8599387c480bc83e1d11a"},"breadcrumb":{"@id":"https:\/\/verdadeon.com.br\/portal\/2022\/02\/14\/homem-e-multado-em-r-10-mil-por-manter-aves-em-cativeiros-no-aeroporto-iii\/#breadcrumb"},"inLanguage":"pt-BR","potentialAction":[{"@type":"ReadAction","target":["https:\/\/verdadeon.com.br\/portal\/2022\/02\/14\/homem-e-multado-em-r-10-mil-por-manter-aves-em-cativeiros-no-aeroporto-iii\/"]}]},{"@type":"ImageObject","inLanguage":"pt-BR","@id":"https:\/\/verdadeon.com.br\/portal\/2022\/02\/14\/homem-e-multado-em-r-10-mil-por-manter-aves-em-cativeiros-no-aeroporto-iii\/#primaryimage","url":"https:\/\/i0.wp.com\/verdadeon.com.br\/portal\/wp-content\/uploads\/2022\/02\/AMBIENTAL.png?fit=1912%2C1280&ssl=1","contentUrl":"https:\/\/i0.wp.com\/verdadeon.com.br\/portal\/wp-content\/uploads\/2022\/02\/AMBIENTAL.png?fit=1912%2C1280&ssl=1","width":1912,"height":1280,"caption":"Homem foi detido e multado em R$10 mil, Pol\u00edcia Ambiental chegou at\u00e9 ele ap\u00f3s den\u00fancias an\u00f4nimas | Foto: Pol\u00edcia Ambiental"},{"@type":"BreadcrumbList","@id":"https:\/\/verdadeon.com.br\/portal\/2022\/02\/14\/homem-e-multado-em-r-10-mil-por-manter-aves-em-cativeiros-no-aeroporto-iii\/#breadcrumb","itemListElement":[{"@type":"ListItem","position":1,"name":"In\u00edcio","item":"https:\/\/verdadeon.com.br\/portal\/"},{"@type":"ListItem","position":2,"name":"Homem \u00e9 multado em R$ 10 mil por manter aves em cativeiros no Aeroporto III"}]},{"@type":"WebSite","@id":"https:\/\/verdadeon.com.br\/portal\/#website","url":"https:\/\/verdadeon.com.br\/portal\/","name":"VerdadeOn","description":"Not\u00edcias di\u00e1rias sobre Franca, Regi\u00e3o, Esporte, Cultura, Cotidiano, Colunas. Cobertura nos principais eventos da cidade \u00e9 aqui - Verdadeon Franca","potentialAction":[{"@type":"SearchAction","target":{"@type":"EntryPoint","urlTemplate":"https:\/\/verdadeon.com.br\/portal\/?s={search_term_string}"},"query-input":{"@type":"PropertyValueSpecification","valueRequired":true,"valueName":"search_term_string"}}],"inLanguage":"pt-BR"},{"@type":"Person","@id":"https:\/\/verdadeon.com.br\/portal\/#\/schema\/person\/cc32be22b8e8599387c480bc83e1d11a","name":"Fernando Lima","image":{"@type":"ImageObject","inLanguage":"pt-BR","@id":"https:\/\/verdadeon.com.br\/portal\/#\/schema\/person\/image\/","url":"https:\/\/secure.gravatar.com\/avatar\/df4c8e132080d2b3a4841d5d232045464e0eed11a1d6e43115ca0843d48768d3?s=96&d=mm&r=g","contentUrl":"https:\/\/secure.gravatar.com\/avatar\/df4c8e132080d2b3a4841d5d232045464e0eed11a1d6e43115ca0843d48768d3?s=96&d=mm&r=g","caption":"Fernando Lima"},"sameAs":["http:\/\/verdadeon.com.br\/"],"url":"https:\/\/verdadeon.com.br\/portal\/author\/fernando-lima\/"}]}},"jetpack_publicize_connections":[],"jetpack_featured_media_url":"https:\/\/i0.wp.com\/verdadeon.com.br\/portal\/wp-content\/uploads\/2022\/02\/AMBIENTAL.png?fit=1912%2C1280&ssl=1","jetpack_sharing_enabled":true,"_links":{"self":[{"href":"https:\/\/verdadeon.com.br\/portal\/wp-json\/wp\/v2\/posts\/23055","targetHints":{"allow":["GET"]}}],"collection":[{"href":"https:\/\/verdadeon.com.br\/portal\/wp-json\/wp\/v2\/posts"}],"about":[{"href":"https:\/\/verdadeon.com.br\/portal\/wp-json\/wp\/v2\/types\/post"}],"author":[{"embeddable":true,"href":"https:\/\/verdadeon.com.br\/portal\/wp-json\/wp\/v2\/users\/7"}],"replies":[{"embeddable":true,"href":"https:\/\/verdadeon.com.br\/portal\/wp-json\/wp\/v2\/comments?post=23055"}],"version-history":[{"count":1,"href":"https:\/\/verdadeon.com.br\/portal\/wp-json\/wp\/v2\/posts\/23055\/revisions"}],"predecessor-version":[{"id":23066,"href":"https:\/\/verdadeon.com.br\/portal\/wp-json\/wp\/v2\/posts\/23055\/revisions\/23066"}],"wp:featuredmedia":[{"embeddable":true,"href":"https:\/\/verdadeon.com.br\/portal\/wp-json\/wp\/v2\/media\/23065"}],"wp:attachment":[{"href":"https:\/\/verdadeon.com.br\/portal\/wp-json\/wp\/v2\/media?parent=23055"}],"wp:term":[{"taxonomy":"category","embeddable":true,"href":"https:\/\/verdadeon.com.br\/portal\/wp-json\/wp\/v2\/categories?post=23055"},{"taxonomy":"post_tag","embeddable":true,"href":"https:\/\/verdadeon.com.br\/portal\/wp-json\/wp\/v2\/tags?post=23055"}],"curies":[{"name":"wp","href":"https:\/\/api.w.org\/{rel}","templated":true}]}}