{"id":23034,"date":"2022-02-12T18:00:14","date_gmt":"2022-02-12T21:00:14","guid":{"rendered":"https:\/\/verdadeon.com.br\/portal\/?p=23034"},"modified":"2022-02-12T13:29:10","modified_gmt":"2022-02-12T16:29:10","slug":"o-santuario-precisa-favorecer-a-aproximacao-dos-fieis-com-deus-afirma-o-monsenhor-jose-geraldo-segantin","status":"publish","type":"post","link":"https:\/\/verdadeon.com.br\/portal\/2022\/02\/12\/o-santuario-precisa-favorecer-a-aproximacao-dos-fieis-com-deus-afirma-o-monsenhor-jose-geraldo-segantin\/","title":{"rendered":"\u2018O Santu\u00e1rio precisa favorecer a aproxima\u00e7\u00e3o dos fi\u00e9is com Deus\u2019, afirma o monsenhor Jos\u00e9 Geraldo Segantin"},"content":{"rendered":"<h2>Celebra\u00e7\u00e3o solene para eleva\u00e7\u00e3o da Par\u00f3quia Santo Ant\u00f4nio a 1\u00ba Santu\u00e1rio Diocesano de Franca ser\u00e1 dia 18 de fevereiro, \u00e0s 19h30<\/h2>\n<p><strong>Nelise Luques<\/strong><\/p>\n<p><span style=\"font-weight: 400;\">Nesta semana, Franca se prepara para ter seu primeiro Santu\u00e1rio Diocesano. Com celebra\u00e7\u00e3o solene a ser presidida pelo bispo Dom Paulo Roberto Beloto, \u00e0s 19h30, do dia 18 de fevereiro, pr\u00f3xima sexta-feira, a Par\u00f3quia Santo Ant\u00f4nio, no Bairro Cidade Nova, ser\u00e1 elevada a santu\u00e1rio e o monsenhor Jos\u00e9 Geraldo Segantin empossado reitor do local.\u00a0<\/span><\/p>\n<p><span style=\"font-weight: 400;\">A iniciativa de instalar o Santu\u00e1rio na cidade \u00e9 dele em conjunto com fi\u00e9is e paroquianos. Segantin acredita que o local ir\u00e1 favorecer a aproxima\u00e7\u00e3o dos fi\u00e9is com Deus e fortalecer a peregrina\u00e7\u00e3o de devotos de Santo Ant\u00f4nio \u00e0 cidade de Franca. Durante a celebra\u00e7\u00e3o solene, ser\u00e1 apresentada \u00e0 comunidade uma rel\u00edquia do padroeiro que ficar\u00e1 exposta no santu\u00e1rio, \u00e9 um fragmento de &#8220;osso&#8221; enviado pela Bas\u00edlica em P\u00e1dua, na It\u00e1lia.<\/span><\/p>\n<p><span style=\"font-weight: 400;\">Jos\u00e9 Geraldo Segantin tem 62 anos de idade, nasceu em Orl\u00e2ndia, mas reside em Franca desde 1981, quando foi transferido por determina\u00e7\u00e3o do bispo Dom Di\u00f3genes Silva Matthes. Em janeiro de 2017, ap\u00f3s 27 anos \u00e0 frente da Igreja Nossa Senhora da Concei\u00e7\u00e3o &#8211; Catedral, ele foi transferido para a Par\u00f3quia Santo Ant\u00f4nio. Desde ent\u00e3o, vem promovendo melhorias importantes no templo e na programa\u00e7\u00e3o religiosa.\u00a0<\/span><\/p>\n<p><span style=\"font-weight: 400;\">Daqui a poucos dias, ser\u00e1 um dos protagonistas de mais um marco na hist\u00f3ria da Par\u00f3quia e da Diocese de Franca: a instala\u00e7\u00e3o do primeiro santu\u00e1rio francano. <\/span><span style=\"font-weight: 400;\">\u201cDesejo que todos encontrem no primeiro Santu\u00e1rio Diocesano, dedicado a Santo Ant\u00f4nio, um local aconchegante e que preencha o cora\u00e7\u00e3o de todos pela f\u00e9\u201d.<\/span><\/p>\n<p>&nbsp;<\/p>\n<p><b>O senhor est\u00e1 prestes a se tornar reitor do primeiro Santu\u00e1rio na cidade de Franca. Como est\u00e3o as suas expectativas para este momento?<\/b><\/p>\n<p><span style=\"font-weight: 400;\">A expectativa para a chegada ou eleva\u00e7\u00e3o da Par\u00f3quia a Santu\u00e1rio \u00e9 totalmente pastoral. Desejo que todos encontrem no primeiro Santu\u00e1rio Diocesano, dedicado a Santo Ant\u00f4nio, um local aconchegante e que preencha o cora\u00e7\u00e3o de todos pela f\u00e9.<\/span><\/p>\n<p><b>Padre Jos\u00e9 Geraldo, sabemos que a eleva\u00e7\u00e3o da Par\u00f3quia Santo Ant\u00f4nio a Santu\u00e1rio contou com forte iniciativa sua, junto a fi\u00e9is e paroquianos. O que o motivou fazer esse pedido ao bispo?<\/b><\/p>\n<p><span style=\"font-weight: 400;\">Os motivos que abriram oportunidade para fazer o pedido: A devo\u00e7\u00e3o \u201cuniversal\u201d a Santo Ant\u00f4nio; a participa\u00e7\u00e3o dos fi\u00e9is na par\u00f3quia e o n\u00famero permanente de pessoas que visitam a igreja e a imagem do padroeiro.<\/span><\/p>\n<p><b>A aprova\u00e7\u00e3o para que fosse transformada em Santu\u00e1rio foi relativamente r\u00e1pida e de forma un\u00e2nime. Como o senhor se sentiu ao ver o processo fluir dessa forma?<\/b><\/p>\n<p><span style=\"font-weight: 400;\">Ao ver como o processo caminhou, a cada etapa, eu pensava: \u00c9 a vontade de Deus se cumprindo e atendendo \u00e0s nossas necessidades.<\/span><\/p>\n<p><b>O senhor tamb\u00e9m teve a iniciativa de solicitar uma rel\u00edquia de Santo Ant\u00f4nio \u00e0 <\/b><b>Bas\u00edlica em P\u00e1dua, na It\u00e1lia<\/b><b>. Franca conseguiu algum objeto do padroeiro?<\/b><\/p>\n<p><span style=\"font-weight: 400;\">Teremos exposta a rel\u00edquia de Santo Ant\u00f4nio. Veio de P\u00e1dua (It\u00e1lia), onde est\u00e1 sepultado o santo. Foi concedida ao nosso Santu\u00e1rio uma rel\u00edquia considerada de \u201cprimeira grandeza\u201d por ser um fragmento de \u201cosso\u201d de Santo Ant\u00f4nio. Tem documento que comprova a autenticidade.<\/span><\/p>\n<p><b>Uma vez transformada em santu\u00e1rio, a par\u00f3quia sofrer\u00e1 altera\u00e7\u00f5es em suas programa\u00e7\u00f5es rotineiras. O senhor havia comentado sobre missas tem\u00e1ticas, como da Fam\u00edlia e das Crian\u00e7as. O que ficou definido e ser\u00e1 oferecido para a comunidade a partir da instala\u00e7\u00e3o do Santu\u00e1rio no dia 18 de fevereiro e qual a import\u00e2ncia de oferecer essas atividades?<\/b><\/p>\n<p><span style=\"font-weight: 400;\">Sobre a rotina no Santu\u00e1rio, teremos algumas atividades pastorais e devocionais: Continuaremos com as missas normais j\u00e1 celebradas; o Ter\u00e7o dos Homens; o Ter\u00e7o das Mulheres; o dia 13, mensalmente, ser\u00e1 celebrado com devo\u00e7\u00e3o especial, lembrando o dia de Santo Ant\u00f4nio que \u00e9 13 de junho; teremos \u00e0s quintas-feiras a ben\u00e7\u00e3o do Sant\u00edssimo e tamb\u00e9m as missas especiais, al\u00e9m do sacramento da penit\u00eancia. O Santu\u00e1rio precisa favorecer a aproxima\u00e7\u00e3o dos fi\u00e9is com Deus.<\/span><\/p>\n<p><b>Como ser\u00e1 a celebra\u00e7\u00e3o de instala\u00e7\u00e3o do Santu\u00e1rio de Santo Ant\u00f4nio?\u00a0<\/b><\/p>\n<p><span style=\"font-weight: 400;\">A celebra\u00e7\u00e3o ser\u00e1 presidida pelo Sr. Bispo Diocesano Dom Paulo Roberto Beloto, \u00e0s 19h30, do dia dezoito 18 de fevereiro pr\u00f3ximo. A eleva\u00e7\u00e3o se d\u00e1 durante a Celebra\u00e7\u00e3o da Eucaristia. S\u00e3o proclamados os Decretos instituindo o Santu\u00e1rio Diocesano e a nomea\u00e7\u00e3o do primeiro reitor. Neste dia ser\u00e1 apresentada a rel\u00edquia que permanecer\u00e1 exposta na Igreja.<\/span><\/p>\n<p><b>Na sua opini\u00e3o, ser\u00e1 um presente para a cidade contar com um santu\u00e1rio?<\/b><\/p>\n<p><span style=\"font-weight: 400;\">Acredito e rezo para que este \u201cpresente \u201c que Deus nos concedeu, pela intercess\u00e3o de Santo Ant\u00f4nio, continue sendo um \u201co\u00e1sis\u201d para nos fortalecer na f\u00e9 e nos ajudar na vida di\u00e1ria.<\/span><\/p>\n<p><b>Padre Jos\u00e9 Geraldo, gostaria de relembrar a sua vida sacerdotal. Como surgiu a voca\u00e7\u00e3o para o sacerd\u00f3cio?<\/b><\/p>\n<p><span style=\"font-weight: 400;\">Desde crian\u00e7a, quando perguntavam, sempre respondia: Quero ser padre. Na par\u00f3quia onde residia minha fam\u00edlia, havia um sacerdote que, pelo seu trabalho, encantava toda a comunidade paroquial. Ele foi uma pessoa que Deus usou para fortalecer o meu desejo de ser padre.<\/span><\/p>\n<p><b>Como se deu a trajet\u00f3ria do senhor desde a ordena\u00e7\u00e3o?\u00a0<\/b><\/p>\n<p><span style=\"font-weight: 400;\">Ap\u00f3s terminar o terceiro ano do colegial, ingressei no Semin\u00e1rio da Diocese e cursei Filosofia e Teologia em Ribeir\u00e3o Preto. A faculdade era filial da Faculdade da Assun\u00e7\u00e3o de S\u00e3o Paulo.\u00a0<\/span><\/p>\n<p><b>O senhor foi ordenado em 1982, que experi\u00eancias pode compartilhar que mais o marcaram neste per\u00edodo?<\/b><\/p>\n<p><span style=\"font-weight: 400;\">Ap\u00f3s a ordena\u00e7\u00e3o sacerdotal, exerci o minist\u00e9rio na Catedral, Menino Jesus de Praga e Santa Ifig\u00eania e atualmente no futuro Santu\u00e1rio Santo Ant\u00f4nio.<\/span><\/p>\n<p><b>Em Franca, o senhor permaneceu por quantos anos na Catedral? Ali\u00e1s, falar em Catedral era sin\u00f4nimo de falar em padre ou monsenhor Jos\u00e9 Geraldo Segantin. Como foi a transi\u00e7\u00e3o para outra comunidade, no caso, a Par\u00f3quia Santo Ant\u00f4nio?<\/b><\/p>\n<p><span style=\"font-weight: 400;\">Na Catedral trabalhei durante vinte e sete anos, tempo dividido em duas etapas. O Padre que trabalha na Catedral \u00e9 chamado de P\u00e1roco ou Cura. O t\u00edtulo de \u201cMonsenhor\u201d \u00e9 dado a um sacerdote pela fun\u00e7\u00e3o que exerce na Diocese, no meu caso: Vig\u00e1rio Geral. A transi\u00e7\u00e3o para a Par\u00f3quia Santo Ant\u00f4nio foi tranquila.<\/span><\/p>\n<p>&nbsp;<\/p>\n","protected":false},"excerpt":{"rendered":"<p>Celebra\u00e7\u00e3o solene para eleva\u00e7\u00e3o da Par\u00f3quia Santo Ant\u00f4nio a 1\u00ba Santu\u00e1rio Diocesano de Franca ser\u00e1 dia 18 de fevereiro, \u00e0s 19h30 Nelise Luques Nesta semana, Franca<span class=\"excerpt-hellip\"> [\u2026]<\/span><\/p>\n","protected":false},"author":12,"featured_media":23035,"comment_status":"open","ping_status":"open","sticky":false,"template":"","format":"standard","meta":{"_jetpack_memberships_contains_paid_content":false,"footnotes":"","jetpack_publicize_message":"","jetpack_publicize_feature_enabled":true,"jetpack_social_post_already_shared":false,"jetpack_social_options":{"image_generator_settings":{"template":"highway","default_image_id":0,"enabled":false},"version":2}},"categories":[28,81],"tags":[],"class_list":["post-23034","post","type-post","status-publish","format-standard","has-post-thumbnail","hentry","category-cotidiano","category-manchete"],"yoast_head":"<!-- This site is optimized with the Yoast SEO plugin v25.6 - https:\/\/yoast.com\/wordpress\/plugins\/seo\/ -->\n<title>\u2018O Santu\u00e1rio precisa favorecer a aproxima\u00e7\u00e3o dos fi\u00e9is com Deus\u2019, afirma o monsenhor Jos\u00e9 Geraldo Segantin - VerdadeOn<\/title>\n<meta name=\"robots\" content=\"index, follow, max-snippet:-1, max-image-preview:large, max-video-preview:-1\" \/>\n<link rel=\"canonical\" href=\"https:\/\/verdadeon.com.br\/portal\/2022\/02\/12\/o-santuario-precisa-favorecer-a-aproximacao-dos-fieis-com-deus-afirma-o-monsenhor-jose-geraldo-segantin\/\" \/>\n<meta property=\"og:locale\" content=\"pt_BR\" \/>\n<meta property=\"og:type\" content=\"article\" \/>\n<meta property=\"og:title\" content=\"\u2018O Santu\u00e1rio precisa favorecer a aproxima\u00e7\u00e3o dos fi\u00e9is com Deus\u2019, afirma o monsenhor Jos\u00e9 Geraldo Segantin - VerdadeOn\" \/>\n<meta property=\"og:description\" content=\"Celebra\u00e7\u00e3o solene para eleva\u00e7\u00e3o da Par\u00f3quia Santo Ant\u00f4nio a 1\u00ba Santu\u00e1rio Diocesano de Franca ser\u00e1 dia 18 de fevereiro, \u00e0s 19h30 Nelise Luques Nesta semana, Franca [\u2026]\" \/>\n<meta property=\"og:url\" content=\"https:\/\/verdadeon.com.br\/portal\/2022\/02\/12\/o-santuario-precisa-favorecer-a-aproximacao-dos-fieis-com-deus-afirma-o-monsenhor-jose-geraldo-segantin\/\" \/>\n<meta property=\"og:site_name\" content=\"VerdadeOn\" \/>\n<meta property=\"article:published_time\" content=\"2022-02-12T21:00:14+00:00\" \/>\n<meta property=\"og:image\" content=\"https:\/\/verdadeon.com.br\/portal\/wp-content\/uploads\/2022\/02\/JOSE-GERALDO-SEGANTIN.jpg\" \/>\n\t<meta property=\"og:image:width\" content=\"629\" \/>\n\t<meta property=\"og:image:height\" content=\"458\" \/>\n\t<meta property=\"og:image:type\" content=\"image\/jpeg\" \/>\n<meta name=\"author\" content=\"Nelise Luques\" \/>\n<meta name=\"twitter:card\" content=\"summary_large_image\" \/>\n<meta name=\"twitter:label1\" content=\"Escrito por\" \/>\n\t<meta name=\"twitter:data1\" content=\"Nelise Luques\" \/>\n\t<meta name=\"twitter:label2\" content=\"Est. tempo de leitura\" \/>\n\t<meta name=\"twitter:data2\" content=\"6 minutos\" \/>\n<script type=\"application\/ld+json\" class=\"yoast-schema-graph\">{\"@context\":\"https:\/\/schema.org\",\"@graph\":[{\"@type\":\"WebPage\",\"@id\":\"https:\/\/verdadeon.com.br\/portal\/2022\/02\/12\/o-santuario-precisa-favorecer-a-aproximacao-dos-fieis-com-deus-afirma-o-monsenhor-jose-geraldo-segantin\/\",\"url\":\"https:\/\/verdadeon.com.br\/portal\/2022\/02\/12\/o-santuario-precisa-favorecer-a-aproximacao-dos-fieis-com-deus-afirma-o-monsenhor-jose-geraldo-segantin\/\",\"name\":\"\u2018O Santu\u00e1rio precisa favorecer a aproxima\u00e7\u00e3o dos fi\u00e9is com Deus\u2019, afirma o monsenhor Jos\u00e9 Geraldo Segantin - VerdadeOn\",\"isPartOf\":{\"@id\":\"https:\/\/verdadeon.com.br\/portal\/#website\"},\"primaryImageOfPage\":{\"@id\":\"https:\/\/verdadeon.com.br\/portal\/2022\/02\/12\/o-santuario-precisa-favorecer-a-aproximacao-dos-fieis-com-deus-afirma-o-monsenhor-jose-geraldo-segantin\/#primaryimage\"},\"image\":{\"@id\":\"https:\/\/verdadeon.com.br\/portal\/2022\/02\/12\/o-santuario-precisa-favorecer-a-aproximacao-dos-fieis-com-deus-afirma-o-monsenhor-jose-geraldo-segantin\/#primaryimage\"},\"thumbnailUrl\":\"https:\/\/i0.wp.com\/verdadeon.com.br\/portal\/wp-content\/uploads\/2022\/02\/JOSE-GERALDO-SEGANTIN.jpg?fit=629%2C458&ssl=1\",\"datePublished\":\"2022-02-12T21:00:14+00:00\",\"author\":{\"@id\":\"https:\/\/verdadeon.com.br\/portal\/#\/schema\/person\/8248726d36015c1916636fabb175d972\"},\"breadcrumb\":{\"@id\":\"https:\/\/verdadeon.com.br\/portal\/2022\/02\/12\/o-santuario-precisa-favorecer-a-aproximacao-dos-fieis-com-deus-afirma-o-monsenhor-jose-geraldo-segantin\/#breadcrumb\"},\"inLanguage\":\"pt-BR\",\"potentialAction\":[{\"@type\":\"ReadAction\",\"target\":[\"https:\/\/verdadeon.com.br\/portal\/2022\/02\/12\/o-santuario-precisa-favorecer-a-aproximacao-dos-fieis-com-deus-afirma-o-monsenhor-jose-geraldo-segantin\/\"]}]},{\"@type\":\"ImageObject\",\"inLanguage\":\"pt-BR\",\"@id\":\"https:\/\/verdadeon.com.br\/portal\/2022\/02\/12\/o-santuario-precisa-favorecer-a-aproximacao-dos-fieis-com-deus-afirma-o-monsenhor-jose-geraldo-segantin\/#primaryimage\",\"url\":\"https:\/\/i0.wp.com\/verdadeon.com.br\/portal\/wp-content\/uploads\/2022\/02\/JOSE-GERALDO-SEGANTIN.jpg?fit=629%2C458&ssl=1\",\"contentUrl\":\"https:\/\/i0.wp.com\/verdadeon.com.br\/portal\/wp-content\/uploads\/2022\/02\/JOSE-GERALDO-SEGANTIN.jpg?fit=629%2C458&ssl=1\",\"width\":629,\"height\":458,\"caption\":\"O monsenhor Jos\u00e9 Geraldo Segantin (\u00a9Arquivo Pessoal)\"},{\"@type\":\"BreadcrumbList\",\"@id\":\"https:\/\/verdadeon.com.br\/portal\/2022\/02\/12\/o-santuario-precisa-favorecer-a-aproximacao-dos-fieis-com-deus-afirma-o-monsenhor-jose-geraldo-segantin\/#breadcrumb\",\"itemListElement\":[{\"@type\":\"ListItem\",\"position\":1,\"name\":\"In\u00edcio\",\"item\":\"https:\/\/verdadeon.com.br\/portal\/\"},{\"@type\":\"ListItem\",\"position\":2,\"name\":\"\u2018O Santu\u00e1rio precisa favorecer a aproxima\u00e7\u00e3o dos fi\u00e9is com Deus\u2019, afirma o monsenhor Jos\u00e9 Geraldo Segantin\"}]},{\"@type\":\"WebSite\",\"@id\":\"https:\/\/verdadeon.com.br\/portal\/#website\",\"url\":\"https:\/\/verdadeon.com.br\/portal\/\",\"name\":\"VerdadeOn\",\"description\":\"Not\u00edcias di\u00e1rias sobre Franca, Regi\u00e3o, Esporte, Cultura, Cotidiano, Colunas. Cobertura nos principais eventos da cidade \u00e9 aqui - Verdadeon Franca\",\"potentialAction\":[{\"@type\":\"SearchAction\",\"target\":{\"@type\":\"EntryPoint\",\"urlTemplate\":\"https:\/\/verdadeon.com.br\/portal\/?s={search_term_string}\"},\"query-input\":{\"@type\":\"PropertyValueSpecification\",\"valueRequired\":true,\"valueName\":\"search_term_string\"}}],\"inLanguage\":\"pt-BR\"},{\"@type\":\"Person\",\"@id\":\"https:\/\/verdadeon.com.br\/portal\/#\/schema\/person\/8248726d36015c1916636fabb175d972\",\"name\":\"Nelise Luques\",\"image\":{\"@type\":\"ImageObject\",\"inLanguage\":\"pt-BR\",\"@id\":\"https:\/\/verdadeon.com.br\/portal\/#\/schema\/person\/image\/\",\"url\":\"https:\/\/secure.gravatar.com\/avatar\/29b2a17f5bcadeb827411b66f48ac13c3e0ecaf5906c0f5745ecc5d41c24eada?s=96&d=mm&r=g\",\"contentUrl\":\"https:\/\/secure.gravatar.com\/avatar\/29b2a17f5bcadeb827411b66f48ac13c3e0ecaf5906c0f5745ecc5d41c24eada?s=96&d=mm&r=g\",\"caption\":\"Nelise Luques\"},\"url\":\"https:\/\/verdadeon.com.br\/portal\/author\/verdade\/\"}]}<\/script>\n<!-- \/ Yoast SEO plugin. -->","yoast_head_json":{"title":"\u2018O Santu\u00e1rio precisa favorecer a aproxima\u00e7\u00e3o dos fi\u00e9is com Deus\u2019, afirma o monsenhor Jos\u00e9 Geraldo Segantin - VerdadeOn","robots":{"index":"index","follow":"follow","max-snippet":"max-snippet:-1","max-image-preview":"max-image-preview:large","max-video-preview":"max-video-preview:-1"},"canonical":"https:\/\/verdadeon.com.br\/portal\/2022\/02\/12\/o-santuario-precisa-favorecer-a-aproximacao-dos-fieis-com-deus-afirma-o-monsenhor-jose-geraldo-segantin\/","og_locale":"pt_BR","og_type":"article","og_title":"\u2018O Santu\u00e1rio precisa favorecer a aproxima\u00e7\u00e3o dos fi\u00e9is com Deus\u2019, afirma o monsenhor Jos\u00e9 Geraldo Segantin - VerdadeOn","og_description":"Celebra\u00e7\u00e3o solene para eleva\u00e7\u00e3o da Par\u00f3quia Santo Ant\u00f4nio a 1\u00ba Santu\u00e1rio Diocesano de Franca ser\u00e1 dia 18 de fevereiro, \u00e0s 19h30 Nelise Luques Nesta semana, Franca [\u2026]","og_url":"https:\/\/verdadeon.com.br\/portal\/2022\/02\/12\/o-santuario-precisa-favorecer-a-aproximacao-dos-fieis-com-deus-afirma-o-monsenhor-jose-geraldo-segantin\/","og_site_name":"VerdadeOn","article_published_time":"2022-02-12T21:00:14+00:00","og_image":[{"width":629,"height":458,"url":"https:\/\/verdadeon.com.br\/portal\/wp-content\/uploads\/2022\/02\/JOSE-GERALDO-SEGANTIN.jpg","type":"image\/jpeg"}],"author":"Nelise Luques","twitter_card":"summary_large_image","twitter_misc":{"Escrito por":"Nelise Luques","Est. tempo de leitura":"6 minutos"},"schema":{"@context":"https:\/\/schema.org","@graph":[{"@type":"WebPage","@id":"https:\/\/verdadeon.com.br\/portal\/2022\/02\/12\/o-santuario-precisa-favorecer-a-aproximacao-dos-fieis-com-deus-afirma-o-monsenhor-jose-geraldo-segantin\/","url":"https:\/\/verdadeon.com.br\/portal\/2022\/02\/12\/o-santuario-precisa-favorecer-a-aproximacao-dos-fieis-com-deus-afirma-o-monsenhor-jose-geraldo-segantin\/","name":"\u2018O Santu\u00e1rio precisa favorecer a aproxima\u00e7\u00e3o dos fi\u00e9is com Deus\u2019, afirma o monsenhor Jos\u00e9 Geraldo Segantin - VerdadeOn","isPartOf":{"@id":"https:\/\/verdadeon.com.br\/portal\/#website"},"primaryImageOfPage":{"@id":"https:\/\/verdadeon.com.br\/portal\/2022\/02\/12\/o-santuario-precisa-favorecer-a-aproximacao-dos-fieis-com-deus-afirma-o-monsenhor-jose-geraldo-segantin\/#primaryimage"},"image":{"@id":"https:\/\/verdadeon.com.br\/portal\/2022\/02\/12\/o-santuario-precisa-favorecer-a-aproximacao-dos-fieis-com-deus-afirma-o-monsenhor-jose-geraldo-segantin\/#primaryimage"},"thumbnailUrl":"https:\/\/i0.wp.com\/verdadeon.com.br\/portal\/wp-content\/uploads\/2022\/02\/JOSE-GERALDO-SEGANTIN.jpg?fit=629%2C458&ssl=1","datePublished":"2022-02-12T21:00:14+00:00","author":{"@id":"https:\/\/verdadeon.com.br\/portal\/#\/schema\/person\/8248726d36015c1916636fabb175d972"},"breadcrumb":{"@id":"https:\/\/verdadeon.com.br\/portal\/2022\/02\/12\/o-santuario-precisa-favorecer-a-aproximacao-dos-fieis-com-deus-afirma-o-monsenhor-jose-geraldo-segantin\/#breadcrumb"},"inLanguage":"pt-BR","potentialAction":[{"@type":"ReadAction","target":["https:\/\/verdadeon.com.br\/portal\/2022\/02\/12\/o-santuario-precisa-favorecer-a-aproximacao-dos-fieis-com-deus-afirma-o-monsenhor-jose-geraldo-segantin\/"]}]},{"@type":"ImageObject","inLanguage":"pt-BR","@id":"https:\/\/verdadeon.com.br\/portal\/2022\/02\/12\/o-santuario-precisa-favorecer-a-aproximacao-dos-fieis-com-deus-afirma-o-monsenhor-jose-geraldo-segantin\/#primaryimage","url":"https:\/\/i0.wp.com\/verdadeon.com.br\/portal\/wp-content\/uploads\/2022\/02\/JOSE-GERALDO-SEGANTIN.jpg?fit=629%2C458&ssl=1","contentUrl":"https:\/\/i0.wp.com\/verdadeon.com.br\/portal\/wp-content\/uploads\/2022\/02\/JOSE-GERALDO-SEGANTIN.jpg?fit=629%2C458&ssl=1","width":629,"height":458,"caption":"O monsenhor Jos\u00e9 Geraldo Segantin (\u00a9Arquivo Pessoal)"},{"@type":"BreadcrumbList","@id":"https:\/\/verdadeon.com.br\/portal\/2022\/02\/12\/o-santuario-precisa-favorecer-a-aproximacao-dos-fieis-com-deus-afirma-o-monsenhor-jose-geraldo-segantin\/#breadcrumb","itemListElement":[{"@type":"ListItem","position":1,"name":"In\u00edcio","item":"https:\/\/verdadeon.com.br\/portal\/"},{"@type":"ListItem","position":2,"name":"\u2018O Santu\u00e1rio precisa favorecer a aproxima\u00e7\u00e3o dos fi\u00e9is com Deus\u2019, afirma o monsenhor Jos\u00e9 Geraldo Segantin"}]},{"@type":"WebSite","@id":"https:\/\/verdadeon.com.br\/portal\/#website","url":"https:\/\/verdadeon.com.br\/portal\/","name":"VerdadeOn","description":"Not\u00edcias di\u00e1rias sobre Franca, Regi\u00e3o, Esporte, Cultura, Cotidiano, Colunas. Cobertura nos principais eventos da cidade \u00e9 aqui - Verdadeon Franca","potentialAction":[{"@type":"SearchAction","target":{"@type":"EntryPoint","urlTemplate":"https:\/\/verdadeon.com.br\/portal\/?s={search_term_string}"},"query-input":{"@type":"PropertyValueSpecification","valueRequired":true,"valueName":"search_term_string"}}],"inLanguage":"pt-BR"},{"@type":"Person","@id":"https:\/\/verdadeon.com.br\/portal\/#\/schema\/person\/8248726d36015c1916636fabb175d972","name":"Nelise Luques","image":{"@type":"ImageObject","inLanguage":"pt-BR","@id":"https:\/\/verdadeon.com.br\/portal\/#\/schema\/person\/image\/","url":"https:\/\/secure.gravatar.com\/avatar\/29b2a17f5bcadeb827411b66f48ac13c3e0ecaf5906c0f5745ecc5d41c24eada?s=96&d=mm&r=g","contentUrl":"https:\/\/secure.gravatar.com\/avatar\/29b2a17f5bcadeb827411b66f48ac13c3e0ecaf5906c0f5745ecc5d41c24eada?s=96&d=mm&r=g","caption":"Nelise Luques"},"url":"https:\/\/verdadeon.com.br\/portal\/author\/verdade\/"}]}},"jetpack_publicize_connections":[],"jetpack_featured_media_url":"https:\/\/i0.wp.com\/verdadeon.com.br\/portal\/wp-content\/uploads\/2022\/02\/JOSE-GERALDO-SEGANTIN.jpg?fit=629%2C458&ssl=1","jetpack_sharing_enabled":true,"_links":{"self":[{"href":"https:\/\/verdadeon.com.br\/portal\/wp-json\/wp\/v2\/posts\/23034","targetHints":{"allow":["GET"]}}],"collection":[{"href":"https:\/\/verdadeon.com.br\/portal\/wp-json\/wp\/v2\/posts"}],"about":[{"href":"https:\/\/verdadeon.com.br\/portal\/wp-json\/wp\/v2\/types\/post"}],"author":[{"embeddable":true,"href":"https:\/\/verdadeon.com.br\/portal\/wp-json\/wp\/v2\/users\/12"}],"replies":[{"embeddable":true,"href":"https:\/\/verdadeon.com.br\/portal\/wp-json\/wp\/v2\/comments?post=23034"}],"version-history":[{"count":1,"href":"https:\/\/verdadeon.com.br\/portal\/wp-json\/wp\/v2\/posts\/23034\/revisions"}],"predecessor-version":[{"id":23036,"href":"https:\/\/verdadeon.com.br\/portal\/wp-json\/wp\/v2\/posts\/23034\/revisions\/23036"}],"wp:featuredmedia":[{"embeddable":true,"href":"https:\/\/verdadeon.com.br\/portal\/wp-json\/wp\/v2\/media\/23035"}],"wp:attachment":[{"href":"https:\/\/verdadeon.com.br\/portal\/wp-json\/wp\/v2\/media?parent=23034"}],"wp:term":[{"taxonomy":"category","embeddable":true,"href":"https:\/\/verdadeon.com.br\/portal\/wp-json\/wp\/v2\/categories?post=23034"},{"taxonomy":"post_tag","embeddable":true,"href":"https:\/\/verdadeon.com.br\/portal\/wp-json\/wp\/v2\/tags?post=23034"}],"curies":[{"name":"wp","href":"https:\/\/api.w.org\/{rel}","templated":true}]}}