{"id":22969,"date":"2022-02-10T16:03:46","date_gmt":"2022-02-10T19:03:46","guid":{"rendered":"https:\/\/verdadeon.com.br\/portal\/?p=22969"},"modified":"2022-02-10T16:09:40","modified_gmt":"2022-02-10T19:09:40","slug":"regiao-tera-conferencia-com-mais-de-20-municipios-para-debater-formas-de-combate-ao-racismo","status":"publish","type":"post","link":"https:\/\/verdadeon.com.br\/portal\/2022\/02\/10\/regiao-tera-conferencia-com-mais-de-20-municipios-para-debater-formas-de-combate-ao-racismo\/","title":{"rendered":"Regi\u00e3o ter\u00e1 confer\u00eancia com mais de 20 munic\u00edpios para debater formas de combate ao racismo"},"content":{"rendered":"<h2>Depois da etapa municipal, no pr\u00f3ximo s\u00e1bado, acontece a 1\u00aa Confer\u00eancia Regional de Promo\u00e7\u00e3o da Igualdade Racial<\/h2>\n<p>&nbsp;<\/p>\n<p><span style=\"font-weight: 400;\">A regi\u00e3o administrativa de Franca, que conta com mais de 22 munic\u00edpios, ter\u00e1 um evento importante no pr\u00f3ximo s\u00e1bado, 12: a 1\u00aa Confer\u00eancia Regional da Promo\u00e7\u00e3o da Igualdade Racial (Corepir), sob coordena\u00e7\u00e3o do Comdecon (<\/span><span style=\"font-weight: 400;\">Conselho Municipal de Participa\u00e7\u00e3o e Desenvolvimento da Comunidade Negra de Franca<\/span><span style=\"font-weight: 400;\">).\u00a0<\/span><\/p>\n<p><span style=\"font-weight: 400;\">O evento ser\u00e1 online e tem como <\/span><span style=\"font-weight: 400;\">intuito propor alternativas para a supera\u00e7\u00e3o das desigualdades \u00e9tnico-raciais, sejam elas econ\u00f4micas, sociais, pol\u00edticas e culturais para a tentativa de ampliar os processos de controle social sobre as pol\u00edticas p\u00fablicas.<\/span><\/p>\n<p><span style=\"font-weight: 400;\">A confer\u00eancia<\/span><span style=\"font-weight: 400;\"> acontecer\u00e1 das 9h \u00e0s 12h e das 13h \u00e0s 16h, por videoconfer\u00eancia (plataforma online Zoom). As inscri\u00e7\u00f5es, gratuitas, devem ser feitas pelo link tinyurl.com\/corepirfranca. O link para acesso \u00e0 confer\u00eancia ser\u00e1 enviado por email um dia antes.<\/span> <span style=\"font-weight: 400;\">\u00a0\u00a0\u00a0\u00a0\u00a0\u00a0\u00a0\u00a0\u00a0\u00a0\u00a0\u00a0\u00a0\u00a0\u00a0\u00a0\u00a0\u00a0\u00a0\u00a0\u00a0\u00a0\u00a0\u00a0\u00a0\u00a0\u00a0\u00a0\u00a0<\/span><\/p>\n<h4><span style=\"font-weight: 400;\">Edi\u00e7\u00e3o municipal<\/span><\/h4>\n<p><span style=\"font-weight: 400;\">Franca sediou no \u00faltimo dia 5 de fevereiro a 1\u00aa Confer\u00eancia Municipal de Promo\u00e7\u00e3o da Igualdade Racial (Compir). Os participantes debataram sobre formas de enfrentamento ao racismo e de discrimina\u00e7\u00e3o \u00e9tnico-raciais, al\u00e9m de intoler\u00e2ncia religiosa.\u00a0<\/span><\/p>\n<p><span style=\"font-weight: 400;\">\u201cNos dias atuais, \u00e9 importante manter acesas as discuss\u00f5es em torno destes temas e a tomada de decis\u00f5es para extinguir qualquer tipo de preconceito. Somos a maior parte da popula\u00e7\u00e3o deste pa\u00eds e estamos longe da maioria estar entre os melhores \u00edndices sociais e econ\u00f4micos. Representamos mais da metade da popula\u00e7\u00e3o, segundo o IBGE, quase 55%, e lideramos os piores \u00edndices socioecon\u00f4micos do pa\u00eds. \u00c9 preciso repensar e agir\u201d, afirma Rose Morais, presidente do Comdecon.\u00a0<\/span><\/p>\n<p><span style=\"font-weight: 400;\">As propostas elaboradas a partir da Compir poder\u00e3o ser acessadas no Di\u00e1rio Oficial para que a popula\u00e7\u00e3o tenha acesso ao que pode ser feito para combater o racismo.<\/span><\/p>\n<p><span style=\"font-weight: 400;\">Mais informa\u00e7\u00f5es sobre as Confer\u00eancias podem ser obtidas pelo telefone <\/span><span style=\"font-weight: 400;\">(16) 99287-9033.\u00a0\u00a0\u00a0\u00a0\u00a0\u00a0\u00a0\u00a0\u00a0<\/span><\/p>\n<p><img data-recalc-dims=\"1\" loading=\"lazy\" decoding=\"async\" class=\"alignnone wp-image-22972 size-full\" src=\"https:\/\/i0.wp.com\/verdadeon.com.br\/portal\/wp-content\/uploads\/2022\/02\/WhatsApp-Image-2022-02-10-at-15.52.47.jpeg?resize=1000%2C670&#038;ssl=1\" alt=\"\" width=\"1000\" height=\"670\" srcset=\"https:\/\/i0.wp.com\/verdadeon.com.br\/portal\/wp-content\/uploads\/2022\/02\/WhatsApp-Image-2022-02-10-at-15.52.47.jpeg?w=1000&amp;ssl=1 1000w, https:\/\/i0.wp.com\/verdadeon.com.br\/portal\/wp-content\/uploads\/2022\/02\/WhatsApp-Image-2022-02-10-at-15.52.47.jpeg?resize=300%2C201&amp;ssl=1 300w, https:\/\/i0.wp.com\/verdadeon.com.br\/portal\/wp-content\/uploads\/2022\/02\/WhatsApp-Image-2022-02-10-at-15.52.47.jpeg?resize=768%2C515&amp;ssl=1 768w, https:\/\/i0.wp.com\/verdadeon.com.br\/portal\/wp-content\/uploads\/2022\/02\/WhatsApp-Image-2022-02-10-at-15.52.47.jpeg?resize=218%2C146&amp;ssl=1 218w, https:\/\/i0.wp.com\/verdadeon.com.br\/portal\/wp-content\/uploads\/2022\/02\/WhatsApp-Image-2022-02-10-at-15.52.47.jpeg?resize=50%2C34&amp;ssl=1 50w, https:\/\/i0.wp.com\/verdadeon.com.br\/portal\/wp-content\/uploads\/2022\/02\/WhatsApp-Image-2022-02-10-at-15.52.47.jpeg?resize=112%2C75&amp;ssl=1 112w\" sizes=\"auto, (max-width: 1000px) 100vw, 1000px\" \/><\/p>\n<p><span style=\"font-weight: 400;\">\u00a0\u00a0\u00a0\u00a0\u00a0\u00a0\u00a0<\/span><\/p>\n","protected":false},"excerpt":{"rendered":"<p>Depois da etapa municipal, no pr\u00f3ximo s\u00e1bado, acontece a 1\u00aa Confer\u00eancia Regional de Promo\u00e7\u00e3o da Igualdade Racial &nbsp; A regi\u00e3o administrativa de Franca, que conta com<span class=\"excerpt-hellip\"> [\u2026]<\/span><\/p>\n","protected":false},"author":12,"featured_media":22970,"comment_status":"open","ping_status":"open","sticky":false,"template":"","format":"standard","meta":{"_jetpack_memberships_contains_paid_content":false,"footnotes":"","jetpack_publicize_message":"","jetpack_publicize_feature_enabled":true,"jetpack_social_post_already_shared":false,"jetpack_social_options":{"image_generator_settings":{"template":"highway","default_image_id":0,"enabled":false},"version":2}},"categories":[28,44],"tags":[],"class_list":["post-22969","post","type-post","status-publish","format-standard","has-post-thumbnail","hentry","category-cotidiano","category-noticias"],"yoast_head":"<!-- This site is optimized with the Yoast SEO plugin v25.6 - https:\/\/yoast.com\/wordpress\/plugins\/seo\/ -->\n<title>Regi\u00e3o ter\u00e1 confer\u00eancia com mais de 20 munic\u00edpios para debater formas de combate ao racismo - VerdadeOn<\/title>\n<meta name=\"robots\" content=\"index, follow, max-snippet:-1, max-image-preview:large, max-video-preview:-1\" \/>\n<link rel=\"canonical\" href=\"https:\/\/verdadeon.com.br\/portal\/2022\/02\/10\/regiao-tera-conferencia-com-mais-de-20-municipios-para-debater-formas-de-combate-ao-racismo\/\" \/>\n<meta property=\"og:locale\" content=\"pt_BR\" \/>\n<meta property=\"og:type\" content=\"article\" \/>\n<meta property=\"og:title\" content=\"Regi\u00e3o ter\u00e1 confer\u00eancia com mais de 20 munic\u00edpios para debater formas de combate ao racismo - VerdadeOn\" \/>\n<meta property=\"og:description\" content=\"Depois da etapa municipal, no pr\u00f3ximo s\u00e1bado, acontece a 1\u00aa Confer\u00eancia Regional de Promo\u00e7\u00e3o da Igualdade Racial &nbsp; A regi\u00e3o administrativa de Franca, que conta com [\u2026]\" \/>\n<meta property=\"og:url\" content=\"https:\/\/verdadeon.com.br\/portal\/2022\/02\/10\/regiao-tera-conferencia-com-mais-de-20-municipios-para-debater-formas-de-combate-ao-racismo\/\" \/>\n<meta property=\"og:site_name\" content=\"VerdadeOn\" \/>\n<meta property=\"article:published_time\" content=\"2022-02-10T19:03:46+00:00\" \/>\n<meta property=\"article:modified_time\" content=\"2022-02-10T19:09:40+00:00\" \/>\n<meta property=\"og:image\" content=\"https:\/\/verdadeon.com.br\/portal\/wp-content\/uploads\/2022\/02\/ROSE-MORAIS-PRESIDENTE-COMDECON.jpeg\" \/>\n\t<meta property=\"og:image:width\" content=\"664\" \/>\n\t<meta property=\"og:image:height\" content=\"445\" \/>\n\t<meta property=\"og:image:type\" content=\"image\/jpeg\" \/>\n<meta name=\"author\" content=\"Nelise Luques\" \/>\n<meta name=\"twitter:card\" content=\"summary_large_image\" \/>\n<meta name=\"twitter:label1\" content=\"Escrito por\" \/>\n\t<meta name=\"twitter:data1\" content=\"Nelise Luques\" \/>\n\t<meta name=\"twitter:label2\" content=\"Est. tempo de leitura\" \/>\n\t<meta name=\"twitter:data2\" content=\"2 minutos\" \/>\n<script type=\"application\/ld+json\" class=\"yoast-schema-graph\">{\"@context\":\"https:\/\/schema.org\",\"@graph\":[{\"@type\":\"WebPage\",\"@id\":\"https:\/\/verdadeon.com.br\/portal\/2022\/02\/10\/regiao-tera-conferencia-com-mais-de-20-municipios-para-debater-formas-de-combate-ao-racismo\/\",\"url\":\"https:\/\/verdadeon.com.br\/portal\/2022\/02\/10\/regiao-tera-conferencia-com-mais-de-20-municipios-para-debater-formas-de-combate-ao-racismo\/\",\"name\":\"Regi\u00e3o ter\u00e1 confer\u00eancia com mais de 20 munic\u00edpios para debater formas de combate ao racismo - VerdadeOn\",\"isPartOf\":{\"@id\":\"https:\/\/verdadeon.com.br\/portal\/#website\"},\"primaryImageOfPage\":{\"@id\":\"https:\/\/verdadeon.com.br\/portal\/2022\/02\/10\/regiao-tera-conferencia-com-mais-de-20-municipios-para-debater-formas-de-combate-ao-racismo\/#primaryimage\"},\"image\":{\"@id\":\"https:\/\/verdadeon.com.br\/portal\/2022\/02\/10\/regiao-tera-conferencia-com-mais-de-20-municipios-para-debater-formas-de-combate-ao-racismo\/#primaryimage\"},\"thumbnailUrl\":\"https:\/\/i0.wp.com\/verdadeon.com.br\/portal\/wp-content\/uploads\/2022\/02\/ROSE-MORAIS-PRESIDENTE-COMDECON.jpeg?fit=664%2C445&ssl=1\",\"datePublished\":\"2022-02-10T19:03:46+00:00\",\"dateModified\":\"2022-02-10T19:09:40+00:00\",\"author\":{\"@id\":\"https:\/\/verdadeon.com.br\/portal\/#\/schema\/person\/8248726d36015c1916636fabb175d972\"},\"breadcrumb\":{\"@id\":\"https:\/\/verdadeon.com.br\/portal\/2022\/02\/10\/regiao-tera-conferencia-com-mais-de-20-municipios-para-debater-formas-de-combate-ao-racismo\/#breadcrumb\"},\"inLanguage\":\"pt-BR\",\"potentialAction\":[{\"@type\":\"ReadAction\",\"target\":[\"https:\/\/verdadeon.com.br\/portal\/2022\/02\/10\/regiao-tera-conferencia-com-mais-de-20-municipios-para-debater-formas-de-combate-ao-racismo\/\"]}]},{\"@type\":\"ImageObject\",\"inLanguage\":\"pt-BR\",\"@id\":\"https:\/\/verdadeon.com.br\/portal\/2022\/02\/10\/regiao-tera-conferencia-com-mais-de-20-municipios-para-debater-formas-de-combate-ao-racismo\/#primaryimage\",\"url\":\"https:\/\/i0.wp.com\/verdadeon.com.br\/portal\/wp-content\/uploads\/2022\/02\/ROSE-MORAIS-PRESIDENTE-COMDECON.jpeg?fit=664%2C445&ssl=1\",\"contentUrl\":\"https:\/\/i0.wp.com\/verdadeon.com.br\/portal\/wp-content\/uploads\/2022\/02\/ROSE-MORAIS-PRESIDENTE-COMDECON.jpeg?fit=664%2C445&ssl=1\",\"width\":664,\"height\":445,\"caption\":\"Rose Morais, presidente do Comdecon, destaca a import\u00e2ncia de debater quest\u00f5es relacionadas \u00e0 comunidade negra | Foto: Arquivo Pessoal\"},{\"@type\":\"BreadcrumbList\",\"@id\":\"https:\/\/verdadeon.com.br\/portal\/2022\/02\/10\/regiao-tera-conferencia-com-mais-de-20-municipios-para-debater-formas-de-combate-ao-racismo\/#breadcrumb\",\"itemListElement\":[{\"@type\":\"ListItem\",\"position\":1,\"name\":\"In\u00edcio\",\"item\":\"https:\/\/verdadeon.com.br\/portal\/\"},{\"@type\":\"ListItem\",\"position\":2,\"name\":\"Regi\u00e3o ter\u00e1 confer\u00eancia com mais de 20 munic\u00edpios para debater formas de combate ao racismo\"}]},{\"@type\":\"WebSite\",\"@id\":\"https:\/\/verdadeon.com.br\/portal\/#website\",\"url\":\"https:\/\/verdadeon.com.br\/portal\/\",\"name\":\"VerdadeOn\",\"description\":\"Not\u00edcias di\u00e1rias sobre Franca, Regi\u00e3o, Esporte, Cultura, Cotidiano, Colunas. Cobertura nos principais eventos da cidade \u00e9 aqui - Verdadeon Franca\",\"potentialAction\":[{\"@type\":\"SearchAction\",\"target\":{\"@type\":\"EntryPoint\",\"urlTemplate\":\"https:\/\/verdadeon.com.br\/portal\/?s={search_term_string}\"},\"query-input\":{\"@type\":\"PropertyValueSpecification\",\"valueRequired\":true,\"valueName\":\"search_term_string\"}}],\"inLanguage\":\"pt-BR\"},{\"@type\":\"Person\",\"@id\":\"https:\/\/verdadeon.com.br\/portal\/#\/schema\/person\/8248726d36015c1916636fabb175d972\",\"name\":\"Nelise Luques\",\"image\":{\"@type\":\"ImageObject\",\"inLanguage\":\"pt-BR\",\"@id\":\"https:\/\/verdadeon.com.br\/portal\/#\/schema\/person\/image\/\",\"url\":\"https:\/\/secure.gravatar.com\/avatar\/29b2a17f5bcadeb827411b66f48ac13c3e0ecaf5906c0f5745ecc5d41c24eada?s=96&d=mm&r=g\",\"contentUrl\":\"https:\/\/secure.gravatar.com\/avatar\/29b2a17f5bcadeb827411b66f48ac13c3e0ecaf5906c0f5745ecc5d41c24eada?s=96&d=mm&r=g\",\"caption\":\"Nelise Luques\"},\"url\":\"https:\/\/verdadeon.com.br\/portal\/author\/verdade\/\"}]}<\/script>\n<!-- \/ Yoast SEO plugin. -->","yoast_head_json":{"title":"Regi\u00e3o ter\u00e1 confer\u00eancia com mais de 20 munic\u00edpios para debater formas de combate ao racismo - VerdadeOn","robots":{"index":"index","follow":"follow","max-snippet":"max-snippet:-1","max-image-preview":"max-image-preview:large","max-video-preview":"max-video-preview:-1"},"canonical":"https:\/\/verdadeon.com.br\/portal\/2022\/02\/10\/regiao-tera-conferencia-com-mais-de-20-municipios-para-debater-formas-de-combate-ao-racismo\/","og_locale":"pt_BR","og_type":"article","og_title":"Regi\u00e3o ter\u00e1 confer\u00eancia com mais de 20 munic\u00edpios para debater formas de combate ao racismo - VerdadeOn","og_description":"Depois da etapa municipal, no pr\u00f3ximo s\u00e1bado, acontece a 1\u00aa Confer\u00eancia Regional de Promo\u00e7\u00e3o da Igualdade Racial &nbsp; A regi\u00e3o administrativa de Franca, que conta com [\u2026]","og_url":"https:\/\/verdadeon.com.br\/portal\/2022\/02\/10\/regiao-tera-conferencia-com-mais-de-20-municipios-para-debater-formas-de-combate-ao-racismo\/","og_site_name":"VerdadeOn","article_published_time":"2022-02-10T19:03:46+00:00","article_modified_time":"2022-02-10T19:09:40+00:00","og_image":[{"width":664,"height":445,"url":"https:\/\/verdadeon.com.br\/portal\/wp-content\/uploads\/2022\/02\/ROSE-MORAIS-PRESIDENTE-COMDECON.jpeg","type":"image\/jpeg"}],"author":"Nelise Luques","twitter_card":"summary_large_image","twitter_misc":{"Escrito por":"Nelise Luques","Est. tempo de leitura":"2 minutos"},"schema":{"@context":"https:\/\/schema.org","@graph":[{"@type":"WebPage","@id":"https:\/\/verdadeon.com.br\/portal\/2022\/02\/10\/regiao-tera-conferencia-com-mais-de-20-municipios-para-debater-formas-de-combate-ao-racismo\/","url":"https:\/\/verdadeon.com.br\/portal\/2022\/02\/10\/regiao-tera-conferencia-com-mais-de-20-municipios-para-debater-formas-de-combate-ao-racismo\/","name":"Regi\u00e3o ter\u00e1 confer\u00eancia com mais de 20 munic\u00edpios para debater formas de combate ao racismo - VerdadeOn","isPartOf":{"@id":"https:\/\/verdadeon.com.br\/portal\/#website"},"primaryImageOfPage":{"@id":"https:\/\/verdadeon.com.br\/portal\/2022\/02\/10\/regiao-tera-conferencia-com-mais-de-20-municipios-para-debater-formas-de-combate-ao-racismo\/#primaryimage"},"image":{"@id":"https:\/\/verdadeon.com.br\/portal\/2022\/02\/10\/regiao-tera-conferencia-com-mais-de-20-municipios-para-debater-formas-de-combate-ao-racismo\/#primaryimage"},"thumbnailUrl":"https:\/\/i0.wp.com\/verdadeon.com.br\/portal\/wp-content\/uploads\/2022\/02\/ROSE-MORAIS-PRESIDENTE-COMDECON.jpeg?fit=664%2C445&ssl=1","datePublished":"2022-02-10T19:03:46+00:00","dateModified":"2022-02-10T19:09:40+00:00","author":{"@id":"https:\/\/verdadeon.com.br\/portal\/#\/schema\/person\/8248726d36015c1916636fabb175d972"},"breadcrumb":{"@id":"https:\/\/verdadeon.com.br\/portal\/2022\/02\/10\/regiao-tera-conferencia-com-mais-de-20-municipios-para-debater-formas-de-combate-ao-racismo\/#breadcrumb"},"inLanguage":"pt-BR","potentialAction":[{"@type":"ReadAction","target":["https:\/\/verdadeon.com.br\/portal\/2022\/02\/10\/regiao-tera-conferencia-com-mais-de-20-municipios-para-debater-formas-de-combate-ao-racismo\/"]}]},{"@type":"ImageObject","inLanguage":"pt-BR","@id":"https:\/\/verdadeon.com.br\/portal\/2022\/02\/10\/regiao-tera-conferencia-com-mais-de-20-municipios-para-debater-formas-de-combate-ao-racismo\/#primaryimage","url":"https:\/\/i0.wp.com\/verdadeon.com.br\/portal\/wp-content\/uploads\/2022\/02\/ROSE-MORAIS-PRESIDENTE-COMDECON.jpeg?fit=664%2C445&ssl=1","contentUrl":"https:\/\/i0.wp.com\/verdadeon.com.br\/portal\/wp-content\/uploads\/2022\/02\/ROSE-MORAIS-PRESIDENTE-COMDECON.jpeg?fit=664%2C445&ssl=1","width":664,"height":445,"caption":"Rose Morais, presidente do Comdecon, destaca a import\u00e2ncia de debater quest\u00f5es relacionadas \u00e0 comunidade negra | Foto: Arquivo Pessoal"},{"@type":"BreadcrumbList","@id":"https:\/\/verdadeon.com.br\/portal\/2022\/02\/10\/regiao-tera-conferencia-com-mais-de-20-municipios-para-debater-formas-de-combate-ao-racismo\/#breadcrumb","itemListElement":[{"@type":"ListItem","position":1,"name":"In\u00edcio","item":"https:\/\/verdadeon.com.br\/portal\/"},{"@type":"ListItem","position":2,"name":"Regi\u00e3o ter\u00e1 confer\u00eancia com mais de 20 munic\u00edpios para debater formas de combate ao racismo"}]},{"@type":"WebSite","@id":"https:\/\/verdadeon.com.br\/portal\/#website","url":"https:\/\/verdadeon.com.br\/portal\/","name":"VerdadeOn","description":"Not\u00edcias di\u00e1rias sobre Franca, Regi\u00e3o, Esporte, Cultura, Cotidiano, Colunas. Cobertura nos principais eventos da cidade \u00e9 aqui - Verdadeon Franca","potentialAction":[{"@type":"SearchAction","target":{"@type":"EntryPoint","urlTemplate":"https:\/\/verdadeon.com.br\/portal\/?s={search_term_string}"},"query-input":{"@type":"PropertyValueSpecification","valueRequired":true,"valueName":"search_term_string"}}],"inLanguage":"pt-BR"},{"@type":"Person","@id":"https:\/\/verdadeon.com.br\/portal\/#\/schema\/person\/8248726d36015c1916636fabb175d972","name":"Nelise Luques","image":{"@type":"ImageObject","inLanguage":"pt-BR","@id":"https:\/\/verdadeon.com.br\/portal\/#\/schema\/person\/image\/","url":"https:\/\/secure.gravatar.com\/avatar\/29b2a17f5bcadeb827411b66f48ac13c3e0ecaf5906c0f5745ecc5d41c24eada?s=96&d=mm&r=g","contentUrl":"https:\/\/secure.gravatar.com\/avatar\/29b2a17f5bcadeb827411b66f48ac13c3e0ecaf5906c0f5745ecc5d41c24eada?s=96&d=mm&r=g","caption":"Nelise Luques"},"url":"https:\/\/verdadeon.com.br\/portal\/author\/verdade\/"}]}},"jetpack_publicize_connections":[],"jetpack_featured_media_url":"https:\/\/i0.wp.com\/verdadeon.com.br\/portal\/wp-content\/uploads\/2022\/02\/ROSE-MORAIS-PRESIDENTE-COMDECON.jpeg?fit=664%2C445&ssl=1","jetpack_sharing_enabled":true,"_links":{"self":[{"href":"https:\/\/verdadeon.com.br\/portal\/wp-json\/wp\/v2\/posts\/22969","targetHints":{"allow":["GET"]}}],"collection":[{"href":"https:\/\/verdadeon.com.br\/portal\/wp-json\/wp\/v2\/posts"}],"about":[{"href":"https:\/\/verdadeon.com.br\/portal\/wp-json\/wp\/v2\/types\/post"}],"author":[{"embeddable":true,"href":"https:\/\/verdadeon.com.br\/portal\/wp-json\/wp\/v2\/users\/12"}],"replies":[{"embeddable":true,"href":"https:\/\/verdadeon.com.br\/portal\/wp-json\/wp\/v2\/comments?post=22969"}],"version-history":[{"count":3,"href":"https:\/\/verdadeon.com.br\/portal\/wp-json\/wp\/v2\/posts\/22969\/revisions"}],"predecessor-version":[{"id":22974,"href":"https:\/\/verdadeon.com.br\/portal\/wp-json\/wp\/v2\/posts\/22969\/revisions\/22974"}],"wp:featuredmedia":[{"embeddable":true,"href":"https:\/\/verdadeon.com.br\/portal\/wp-json\/wp\/v2\/media\/22970"}],"wp:attachment":[{"href":"https:\/\/verdadeon.com.br\/portal\/wp-json\/wp\/v2\/media?parent=22969"}],"wp:term":[{"taxonomy":"category","embeddable":true,"href":"https:\/\/verdadeon.com.br\/portal\/wp-json\/wp\/v2\/categories?post=22969"},{"taxonomy":"post_tag","embeddable":true,"href":"https:\/\/verdadeon.com.br\/portal\/wp-json\/wp\/v2\/tags?post=22969"}],"curies":[{"name":"wp","href":"https:\/\/api.w.org\/{rel}","templated":true}]}}