{"id":22951,"date":"2022-02-09T18:25:04","date_gmt":"2022-02-09T21:25:04","guid":{"rendered":"https:\/\/verdadeon.com.br\/portal\/?p=22951"},"modified":"2022-02-09T18:25:01","modified_gmt":"2022-02-09T21:25:01","slug":"programa-bolsa-universidade-abre-inscricoes-para-parcerias-com-fdf-uni-facef-e-unifran","status":"publish","type":"post","link":"https:\/\/verdadeon.com.br\/portal\/2022\/02\/09\/programa-bolsa-universidade-abre-inscricoes-para-parcerias-com-fdf-uni-facef-e-unifran\/","title":{"rendered":"Programa Bolsa Universidade abre inscri\u00e7\u00f5es para parcerias com FDF, Uni-Facef e Unifran"},"content":{"rendered":"<h2><span style=\"font-weight: 400;\">Dependendo do valor da mensalidade, o benef\u00edcio pode chegar a 75% do valor pago mensalmente pelo estudante<\/span><\/h2>\n<p>&nbsp;<\/p>\n<p><span style=\"font-weight: 400;\">O Programa Bolsa Universidade come\u00e7a a receber nesta quinta-feira, 10, as inscri\u00e7\u00f5es de estudantes interessados em concorrer \u00e0s vagas destinadas para a concess\u00e3o de bolsas de estudos nas faculdades particulares do munic\u00edpio.\u00a0<\/span><\/p>\n<p><span style=\"font-weight: 400;\">Os interessados poder\u00e3o acessar o site da Prefeitura, a partir das 10h desta quinta-feira at\u00e9 as 23h59 do dia 15 deste m\u00eas, por meio do link <\/span><a href=\"https:\/\/www.franca.sp.gov.br\/administracao-municipal\/administracao-direta\/educacao\/bolsa-universidade\"><span style=\"font-weight: 400;\">https:\/\/www.franca.sp.gov.br\/administracao-municipal\/administracao-direta\/educacao\/bolsa-universidade<\/span><\/a><span style=\"font-weight: 400;\"> para fazer download do formul\u00e1rio de inscri\u00e7\u00e3o para preenchimento e impress\u00e3o.\u00a0<\/span><\/p>\n<p><span style=\"font-weight: 400;\">O arquivo da ficha de inscri\u00e7\u00e3o est\u00e1 dispon\u00edvel no formato Word, devendo o candidato digitar as informa\u00e7\u00f5es solicitadas e n\u00e3o preencher manualmente. Ap\u00f3s o preenchimento, o documento deve ser impresso, assinado e juntado \u00e0 documenta\u00e7\u00e3o descrita no edital para protocolo.<\/span><\/p>\n<p><span style=\"font-weight: 400;\">Poder\u00e3o participar do programa estudantes universit\u00e1rios devidamente matriculados neste ano, que n\u00e3o tenham forma\u00e7\u00e3o universit\u00e1ria anterior. O candidato dever\u00e1 residir, com a fam\u00edlia, h\u00e1 no m\u00ednimo 5 anos anteriores ao in\u00edcio da gradua\u00e7\u00e3o, com comprova\u00e7\u00e3o, dever\u00e1 ter cursado o Ensino M\u00e9dio em escola de rede p\u00fablica ou na condi\u00e7\u00e3o de bolsista integral de rede particular, com exce\u00e7\u00e3o da pessoa com defici\u00eancia, que tenha recebido bolsa parcial da rede particular. O interessado dever\u00e1 possuir renda familiar mensal per capita de at\u00e9 dois sal\u00e1rios m\u00ednimos vigentes.<\/span><\/p>\n<p><span style=\"font-weight: 400;\">Ao todo, ser\u00e3o oferecidas 167 vagas, em parceria com as institui\u00e7\u00f5es de ensino, sendo 24 para a Faculdade de Direito, distribu\u00eddas conforme a classifica\u00e7\u00e3o final de pontua\u00e7\u00e3o, 70 vagas disponibilizadas para a Universidade de Franca (Unifran), nos cursos oferecidos pela institui\u00e7\u00e3o, exceto os de Arquitetura, Direito, Enfermagem, Engenharia Agron\u00f4mica, Fisioterapia, Medicina, Medicina veterin\u00e1ria, Psicologia e Odontologia, de acordo com a classifica\u00e7\u00e3o final de pontua\u00e7\u00e3o, limitadas a 5 vagas por curso e para o Centro Universit\u00e1rio Municipal de Franca (Uni-Facef) ser\u00e3o 15 vagas para Engenharia Civil, Engenharia de Produ\u00e7\u00e3o e Psicologia e 58 para as gradua\u00e7\u00f5es de Administra\u00e7\u00e3o, Ci\u00eancias Cont\u00e1beis, Ci\u00eancias da Computa\u00e7\u00e3o, Comunica\u00e7\u00e3o Social, Enfermagem, Engenharia de Software, Letras, Matem\u00e1tica, Pedagogia e Sistemas de Informa\u00e7\u00e3o, que tamb\u00e9m ser\u00e3o distribu\u00eddas conforme a classifica\u00e7\u00e3o final de pontua\u00e7\u00e3o.<\/span><\/p>\n<h4><span style=\"font-weight: 400;\">Informa\u00e7\u00f5es<\/span><\/h4>\n<p><span style=\"font-weight: 400;\">A Secretaria de Educa\u00e7\u00e3o orienta aos estudantes para que, antes de efetuarem a inscri\u00e7\u00e3o, leiam atentamente o Manual do Candidato e o edital do processo, que poder\u00e3o ser acessados pelo link <\/span><a href=\"https:\/\/www.franca.sp.gov.br\/administracao-municipal\/administracao-direta\/educacao\/bolsa-universidade\"><span style=\"font-weight: 400;\">www.franca.sp.gov.br\/administracao-municipal\/administracao-direta\/educacao\/bolsa-universidade<\/span><\/a><span style=\"font-weight: 400;\">, para verificarem os crit\u00e9rios de atendimento estabelecidos pela legisla\u00e7\u00e3o.\u00a0\u00a0<\/span><\/p>\n<p><span style=\"font-weight: 400;\">A equipe da secretaria estar\u00e1 dispon\u00edvel para esclarecimento de d\u00favidas e orienta\u00e7\u00f5es, no hor\u00e1rio das 7h \u00e0s 12h30, pelos (16) 3711-9267 e 3711-9220, ou pelos e-mails <\/span><span style=\"font-weight: 400;\">ritaoliveira@franca.sp.gov.br<\/span><span style=\"font-weight: 400;\"> e\u00a0 <\/span><span style=\"font-weight: 400;\">katiacomparini@franca.sp.gov.br<\/span><span style=\"font-weight: 400;\"> .<\/span><\/p>\n<p><span style=\"font-weight: 400;\">Ap\u00f3s o encerramento das inscri\u00e7\u00f5es, a pr\u00f3xima etapa ser\u00e1 a entrega do formul\u00e1rio e a documenta\u00e7\u00e3o exigida no edital, em um envelope, que est\u00e1 marcada para o per\u00edodo de 16 a 18 de fevereiro, das 7 \u00e0s 16h, onde o candidato ou outra pessoa designada por ele dever\u00e1 comparecer a Secretaria de Educa\u00e7\u00e3o (Av. Francisco de Paula Quintanilha Ribeiro, 550 \u2013 Pq Francal), onde receber\u00e1 um comprovante de inscri\u00e7\u00e3o. O cadastro somente ser\u00e1 validado ap\u00f3s o cumprimento destas duas etapas.\u00a0<\/span><\/p>\n<h4>Benef\u00edcio<\/h4>\n<p><span style=\"font-weight: 400;\">Dependendo do valor da mensalidade, o benef\u00edcio pode chegar a 75% do valor pago mensalmente pelo estudante. O valor destinado pela Prefeitura \u00e9 de R$ 393,62 para todos os contemplados. O restante \u00e9 dividido entre a universidade e o estudante.\u00a0<\/span><\/p>\n","protected":false},"excerpt":{"rendered":"<p>Dependendo do valor da mensalidade, o benef\u00edcio pode chegar a 75% do valor pago mensalmente pelo estudante &nbsp; O Programa Bolsa Universidade come\u00e7a a receber nesta<span class=\"excerpt-hellip\"> [\u2026]<\/span><\/p>\n","protected":false},"author":12,"featured_media":14097,"comment_status":"open","ping_status":"open","sticky":false,"template":"","format":"standard","meta":{"_jetpack_memberships_contains_paid_content":false,"footnotes":"","jetpack_publicize_message":"","jetpack_publicize_feature_enabled":true,"jetpack_social_post_already_shared":false,"jetpack_social_options":{"image_generator_settings":{"template":"highway","default_image_id":0,"enabled":false},"version":2}},"categories":[28,44],"tags":[],"class_list":["post-22951","post","type-post","status-publish","format-standard","has-post-thumbnail","hentry","category-cotidiano","category-noticias"],"yoast_head":"<!-- This site is optimized with the Yoast SEO plugin v25.6 - https:\/\/yoast.com\/wordpress\/plugins\/seo\/ -->\n<title>Programa Bolsa Universidade abre inscri\u00e7\u00f5es para parcerias com FDF, Uni-Facef e Unifran - VerdadeOn<\/title>\n<meta name=\"robots\" content=\"index, follow, max-snippet:-1, max-image-preview:large, max-video-preview:-1\" \/>\n<link rel=\"canonical\" href=\"https:\/\/verdadeon.com.br\/portal\/2022\/02\/09\/programa-bolsa-universidade-abre-inscricoes-para-parcerias-com-fdf-uni-facef-e-unifran\/\" \/>\n<meta property=\"og:locale\" content=\"pt_BR\" \/>\n<meta property=\"og:type\" content=\"article\" \/>\n<meta property=\"og:title\" content=\"Programa Bolsa Universidade abre inscri\u00e7\u00f5es para parcerias com FDF, Uni-Facef e Unifran - VerdadeOn\" \/>\n<meta property=\"og:description\" content=\"Dependendo do valor da mensalidade, o benef\u00edcio pode chegar a 75% do valor pago mensalmente pelo estudante &nbsp; O Programa Bolsa Universidade come\u00e7a a receber nesta [\u2026]\" \/>\n<meta property=\"og:url\" content=\"https:\/\/verdadeon.com.br\/portal\/2022\/02\/09\/programa-bolsa-universidade-abre-inscricoes-para-parcerias-com-fdf-uni-facef-e-unifran\/\" \/>\n<meta property=\"og:site_name\" content=\"VerdadeOn\" \/>\n<meta property=\"article:published_time\" content=\"2022-02-09T21:25:04+00:00\" \/>\n<meta property=\"og:image\" content=\"https:\/\/verdadeon.com.br\/portal\/wp-content\/uploads\/2021\/02\/WhatsApp-Image-2021-02-10-at-14.10.05.jpeg\" \/>\n\t<meta property=\"og:image:width\" content=\"1000\" \/>\n\t<meta property=\"og:image:height\" content=\"670\" \/>\n\t<meta property=\"og:image:type\" content=\"image\/jpeg\" \/>\n<meta name=\"author\" content=\"Nelise Luques\" \/>\n<meta name=\"twitter:card\" content=\"summary_large_image\" \/>\n<meta name=\"twitter:label1\" content=\"Escrito por\" \/>\n\t<meta name=\"twitter:data1\" content=\"Nelise Luques\" \/>\n\t<meta name=\"twitter:label2\" content=\"Est. tempo de leitura\" \/>\n\t<meta name=\"twitter:data2\" content=\"3 minutos\" \/>\n<script type=\"application\/ld+json\" class=\"yoast-schema-graph\">{\"@context\":\"https:\/\/schema.org\",\"@graph\":[{\"@type\":\"WebPage\",\"@id\":\"https:\/\/verdadeon.com.br\/portal\/2022\/02\/09\/programa-bolsa-universidade-abre-inscricoes-para-parcerias-com-fdf-uni-facef-e-unifran\/\",\"url\":\"https:\/\/verdadeon.com.br\/portal\/2022\/02\/09\/programa-bolsa-universidade-abre-inscricoes-para-parcerias-com-fdf-uni-facef-e-unifran\/\",\"name\":\"Programa Bolsa Universidade abre inscri\u00e7\u00f5es para parcerias com FDF, Uni-Facef e Unifran - VerdadeOn\",\"isPartOf\":{\"@id\":\"https:\/\/verdadeon.com.br\/portal\/#website\"},\"primaryImageOfPage\":{\"@id\":\"https:\/\/verdadeon.com.br\/portal\/2022\/02\/09\/programa-bolsa-universidade-abre-inscricoes-para-parcerias-com-fdf-uni-facef-e-unifran\/#primaryimage\"},\"image\":{\"@id\":\"https:\/\/verdadeon.com.br\/portal\/2022\/02\/09\/programa-bolsa-universidade-abre-inscricoes-para-parcerias-com-fdf-uni-facef-e-unifran\/#primaryimage\"},\"thumbnailUrl\":\"https:\/\/i0.wp.com\/verdadeon.com.br\/portal\/wp-content\/uploads\/2021\/02\/WhatsApp-Image-2021-02-10-at-14.10.05.jpeg?fit=1000%2C670&ssl=1\",\"datePublished\":\"2022-02-09T21:25:04+00:00\",\"author\":{\"@id\":\"https:\/\/verdadeon.com.br\/portal\/#\/schema\/person\/8248726d36015c1916636fabb175d972\"},\"breadcrumb\":{\"@id\":\"https:\/\/verdadeon.com.br\/portal\/2022\/02\/09\/programa-bolsa-universidade-abre-inscricoes-para-parcerias-com-fdf-uni-facef-e-unifran\/#breadcrumb\"},\"inLanguage\":\"pt-BR\",\"potentialAction\":[{\"@type\":\"ReadAction\",\"target\":[\"https:\/\/verdadeon.com.br\/portal\/2022\/02\/09\/programa-bolsa-universidade-abre-inscricoes-para-parcerias-com-fdf-uni-facef-e-unifran\/\"]}]},{\"@type\":\"ImageObject\",\"inLanguage\":\"pt-BR\",\"@id\":\"https:\/\/verdadeon.com.br\/portal\/2022\/02\/09\/programa-bolsa-universidade-abre-inscricoes-para-parcerias-com-fdf-uni-facef-e-unifran\/#primaryimage\",\"url\":\"https:\/\/i0.wp.com\/verdadeon.com.br\/portal\/wp-content\/uploads\/2021\/02\/WhatsApp-Image-2021-02-10-at-14.10.05.jpeg?fit=1000%2C670&ssl=1\",\"contentUrl\":\"https:\/\/i0.wp.com\/verdadeon.com.br\/portal\/wp-content\/uploads\/2021\/02\/WhatsApp-Image-2021-02-10-at-14.10.05.jpeg?fit=1000%2C670&ssl=1\",\"width\":1000,\"height\":670,\"caption\":\"Programa Bolsa Universidade tem 167 vagas em 2022; Faculdade de Direito de Franca \u00e9 uma das parceiras do munic\u00edpio para concess\u00e3o do benef\u00edcio aos universit\u00e1rios | Foto: Jornal Verdade\"},{\"@type\":\"BreadcrumbList\",\"@id\":\"https:\/\/verdadeon.com.br\/portal\/2022\/02\/09\/programa-bolsa-universidade-abre-inscricoes-para-parcerias-com-fdf-uni-facef-e-unifran\/#breadcrumb\",\"itemListElement\":[{\"@type\":\"ListItem\",\"position\":1,\"name\":\"In\u00edcio\",\"item\":\"https:\/\/verdadeon.com.br\/portal\/\"},{\"@type\":\"ListItem\",\"position\":2,\"name\":\"Programa Bolsa Universidade abre inscri\u00e7\u00f5es para parcerias com FDF, Uni-Facef e Unifran\"}]},{\"@type\":\"WebSite\",\"@id\":\"https:\/\/verdadeon.com.br\/portal\/#website\",\"url\":\"https:\/\/verdadeon.com.br\/portal\/\",\"name\":\"VerdadeOn\",\"description\":\"Not\u00edcias di\u00e1rias sobre Franca, Regi\u00e3o, Esporte, Cultura, Cotidiano, Colunas. Cobertura nos principais eventos da cidade \u00e9 aqui - Verdadeon Franca\",\"potentialAction\":[{\"@type\":\"SearchAction\",\"target\":{\"@type\":\"EntryPoint\",\"urlTemplate\":\"https:\/\/verdadeon.com.br\/portal\/?s={search_term_string}\"},\"query-input\":{\"@type\":\"PropertyValueSpecification\",\"valueRequired\":true,\"valueName\":\"search_term_string\"}}],\"inLanguage\":\"pt-BR\"},{\"@type\":\"Person\",\"@id\":\"https:\/\/verdadeon.com.br\/portal\/#\/schema\/person\/8248726d36015c1916636fabb175d972\",\"name\":\"Nelise Luques\",\"image\":{\"@type\":\"ImageObject\",\"inLanguage\":\"pt-BR\",\"@id\":\"https:\/\/verdadeon.com.br\/portal\/#\/schema\/person\/image\/\",\"url\":\"https:\/\/secure.gravatar.com\/avatar\/29b2a17f5bcadeb827411b66f48ac13c3e0ecaf5906c0f5745ecc5d41c24eada?s=96&d=mm&r=g\",\"contentUrl\":\"https:\/\/secure.gravatar.com\/avatar\/29b2a17f5bcadeb827411b66f48ac13c3e0ecaf5906c0f5745ecc5d41c24eada?s=96&d=mm&r=g\",\"caption\":\"Nelise Luques\"},\"url\":\"https:\/\/verdadeon.com.br\/portal\/author\/verdade\/\"}]}<\/script>\n<!-- \/ Yoast SEO plugin. -->","yoast_head_json":{"title":"Programa Bolsa Universidade abre inscri\u00e7\u00f5es para parcerias com FDF, Uni-Facef e Unifran - VerdadeOn","robots":{"index":"index","follow":"follow","max-snippet":"max-snippet:-1","max-image-preview":"max-image-preview:large","max-video-preview":"max-video-preview:-1"},"canonical":"https:\/\/verdadeon.com.br\/portal\/2022\/02\/09\/programa-bolsa-universidade-abre-inscricoes-para-parcerias-com-fdf-uni-facef-e-unifran\/","og_locale":"pt_BR","og_type":"article","og_title":"Programa Bolsa Universidade abre inscri\u00e7\u00f5es para parcerias com FDF, Uni-Facef e Unifran - VerdadeOn","og_description":"Dependendo do valor da mensalidade, o benef\u00edcio pode chegar a 75% do valor pago mensalmente pelo estudante &nbsp; O Programa Bolsa Universidade come\u00e7a a receber nesta [\u2026]","og_url":"https:\/\/verdadeon.com.br\/portal\/2022\/02\/09\/programa-bolsa-universidade-abre-inscricoes-para-parcerias-com-fdf-uni-facef-e-unifran\/","og_site_name":"VerdadeOn","article_published_time":"2022-02-09T21:25:04+00:00","og_image":[{"width":1000,"height":670,"url":"https:\/\/verdadeon.com.br\/portal\/wp-content\/uploads\/2021\/02\/WhatsApp-Image-2021-02-10-at-14.10.05.jpeg","type":"image\/jpeg"}],"author":"Nelise Luques","twitter_card":"summary_large_image","twitter_misc":{"Escrito por":"Nelise Luques","Est. tempo de leitura":"3 minutos"},"schema":{"@context":"https:\/\/schema.org","@graph":[{"@type":"WebPage","@id":"https:\/\/verdadeon.com.br\/portal\/2022\/02\/09\/programa-bolsa-universidade-abre-inscricoes-para-parcerias-com-fdf-uni-facef-e-unifran\/","url":"https:\/\/verdadeon.com.br\/portal\/2022\/02\/09\/programa-bolsa-universidade-abre-inscricoes-para-parcerias-com-fdf-uni-facef-e-unifran\/","name":"Programa Bolsa Universidade abre inscri\u00e7\u00f5es para parcerias com FDF, Uni-Facef e Unifran - VerdadeOn","isPartOf":{"@id":"https:\/\/verdadeon.com.br\/portal\/#website"},"primaryImageOfPage":{"@id":"https:\/\/verdadeon.com.br\/portal\/2022\/02\/09\/programa-bolsa-universidade-abre-inscricoes-para-parcerias-com-fdf-uni-facef-e-unifran\/#primaryimage"},"image":{"@id":"https:\/\/verdadeon.com.br\/portal\/2022\/02\/09\/programa-bolsa-universidade-abre-inscricoes-para-parcerias-com-fdf-uni-facef-e-unifran\/#primaryimage"},"thumbnailUrl":"https:\/\/i0.wp.com\/verdadeon.com.br\/portal\/wp-content\/uploads\/2021\/02\/WhatsApp-Image-2021-02-10-at-14.10.05.jpeg?fit=1000%2C670&ssl=1","datePublished":"2022-02-09T21:25:04+00:00","author":{"@id":"https:\/\/verdadeon.com.br\/portal\/#\/schema\/person\/8248726d36015c1916636fabb175d972"},"breadcrumb":{"@id":"https:\/\/verdadeon.com.br\/portal\/2022\/02\/09\/programa-bolsa-universidade-abre-inscricoes-para-parcerias-com-fdf-uni-facef-e-unifran\/#breadcrumb"},"inLanguage":"pt-BR","potentialAction":[{"@type":"ReadAction","target":["https:\/\/verdadeon.com.br\/portal\/2022\/02\/09\/programa-bolsa-universidade-abre-inscricoes-para-parcerias-com-fdf-uni-facef-e-unifran\/"]}]},{"@type":"ImageObject","inLanguage":"pt-BR","@id":"https:\/\/verdadeon.com.br\/portal\/2022\/02\/09\/programa-bolsa-universidade-abre-inscricoes-para-parcerias-com-fdf-uni-facef-e-unifran\/#primaryimage","url":"https:\/\/i0.wp.com\/verdadeon.com.br\/portal\/wp-content\/uploads\/2021\/02\/WhatsApp-Image-2021-02-10-at-14.10.05.jpeg?fit=1000%2C670&ssl=1","contentUrl":"https:\/\/i0.wp.com\/verdadeon.com.br\/portal\/wp-content\/uploads\/2021\/02\/WhatsApp-Image-2021-02-10-at-14.10.05.jpeg?fit=1000%2C670&ssl=1","width":1000,"height":670,"caption":"Programa Bolsa Universidade tem 167 vagas em 2022; Faculdade de Direito de Franca \u00e9 uma das parceiras do munic\u00edpio para concess\u00e3o do benef\u00edcio aos universit\u00e1rios | Foto: Jornal Verdade"},{"@type":"BreadcrumbList","@id":"https:\/\/verdadeon.com.br\/portal\/2022\/02\/09\/programa-bolsa-universidade-abre-inscricoes-para-parcerias-com-fdf-uni-facef-e-unifran\/#breadcrumb","itemListElement":[{"@type":"ListItem","position":1,"name":"In\u00edcio","item":"https:\/\/verdadeon.com.br\/portal\/"},{"@type":"ListItem","position":2,"name":"Programa Bolsa Universidade abre inscri\u00e7\u00f5es para parcerias com FDF, Uni-Facef e Unifran"}]},{"@type":"WebSite","@id":"https:\/\/verdadeon.com.br\/portal\/#website","url":"https:\/\/verdadeon.com.br\/portal\/","name":"VerdadeOn","description":"Not\u00edcias di\u00e1rias sobre Franca, Regi\u00e3o, Esporte, Cultura, Cotidiano, Colunas. Cobertura nos principais eventos da cidade \u00e9 aqui - Verdadeon Franca","potentialAction":[{"@type":"SearchAction","target":{"@type":"EntryPoint","urlTemplate":"https:\/\/verdadeon.com.br\/portal\/?s={search_term_string}"},"query-input":{"@type":"PropertyValueSpecification","valueRequired":true,"valueName":"search_term_string"}}],"inLanguage":"pt-BR"},{"@type":"Person","@id":"https:\/\/verdadeon.com.br\/portal\/#\/schema\/person\/8248726d36015c1916636fabb175d972","name":"Nelise Luques","image":{"@type":"ImageObject","inLanguage":"pt-BR","@id":"https:\/\/verdadeon.com.br\/portal\/#\/schema\/person\/image\/","url":"https:\/\/secure.gravatar.com\/avatar\/29b2a17f5bcadeb827411b66f48ac13c3e0ecaf5906c0f5745ecc5d41c24eada?s=96&d=mm&r=g","contentUrl":"https:\/\/secure.gravatar.com\/avatar\/29b2a17f5bcadeb827411b66f48ac13c3e0ecaf5906c0f5745ecc5d41c24eada?s=96&d=mm&r=g","caption":"Nelise Luques"},"url":"https:\/\/verdadeon.com.br\/portal\/author\/verdade\/"}]}},"jetpack_publicize_connections":[],"jetpack_featured_media_url":"https:\/\/i0.wp.com\/verdadeon.com.br\/portal\/wp-content\/uploads\/2021\/02\/WhatsApp-Image-2021-02-10-at-14.10.05.jpeg?fit=1000%2C670&ssl=1","jetpack_sharing_enabled":true,"_links":{"self":[{"href":"https:\/\/verdadeon.com.br\/portal\/wp-json\/wp\/v2\/posts\/22951","targetHints":{"allow":["GET"]}}],"collection":[{"href":"https:\/\/verdadeon.com.br\/portal\/wp-json\/wp\/v2\/posts"}],"about":[{"href":"https:\/\/verdadeon.com.br\/portal\/wp-json\/wp\/v2\/types\/post"}],"author":[{"embeddable":true,"href":"https:\/\/verdadeon.com.br\/portal\/wp-json\/wp\/v2\/users\/12"}],"replies":[{"embeddable":true,"href":"https:\/\/verdadeon.com.br\/portal\/wp-json\/wp\/v2\/comments?post=22951"}],"version-history":[{"count":1,"href":"https:\/\/verdadeon.com.br\/portal\/wp-json\/wp\/v2\/posts\/22951\/revisions"}],"predecessor-version":[{"id":22952,"href":"https:\/\/verdadeon.com.br\/portal\/wp-json\/wp\/v2\/posts\/22951\/revisions\/22952"}],"wp:featuredmedia":[{"embeddable":true,"href":"https:\/\/verdadeon.com.br\/portal\/wp-json\/wp\/v2\/media\/14097"}],"wp:attachment":[{"href":"https:\/\/verdadeon.com.br\/portal\/wp-json\/wp\/v2\/media?parent=22951"}],"wp:term":[{"taxonomy":"category","embeddable":true,"href":"https:\/\/verdadeon.com.br\/portal\/wp-json\/wp\/v2\/categories?post=22951"},{"taxonomy":"post_tag","embeddable":true,"href":"https:\/\/verdadeon.com.br\/portal\/wp-json\/wp\/v2\/tags?post=22951"}],"curies":[{"name":"wp","href":"https:\/\/api.w.org\/{rel}","templated":true}]}}