{"id":22949,"date":"2022-02-09T18:33:05","date_gmt":"2022-02-09T21:33:05","guid":{"rendered":"https:\/\/verdadeon.com.br\/portal\/?p=22949"},"modified":"2022-02-09T18:33:05","modified_gmt":"2022-02-09T21:33:05","slug":"camara-questiona-prefeitura-sobre-falta-de-manutencao-no-parque-do-trabalhador","status":"publish","type":"post","link":"https:\/\/verdadeon.com.br\/portal\/2022\/02\/09\/camara-questiona-prefeitura-sobre-falta-de-manutencao-no-parque-do-trabalhador\/","title":{"rendered":"C\u00e2mara questiona Prefeitura sobre falta de manuten\u00e7\u00e3o no Parque do Trabalhador"},"content":{"rendered":"<h2>Questionamento foi feito atrav\u00e9s de um Requerimento aprovado na \u00faltima sess\u00e3o ordin\u00e1ria<\/h2>\n<p>A C\u00e2mara de Franca aprovou um questionamento do vereador Marcelo Tidy (DEM), sobre a falta de manuten\u00e7\u00e3o das instala\u00e7\u00f5es do Parque dos Trabalhadores, na zona norte da cidade. Ele questiona ainda o destino que vai ser dado ao local, que est\u00e1 abandonado.<\/p>\n<p>Gilson Pelizaro (PT)\u00a0creditou a falta de manuten\u00e7\u00e3o do espa\u00e7o p\u00fablico em fun\u00e7\u00e3o de diverg\u00eancias pol\u00edticas. &#8220;Tudo porque foi uma obra feita no governo do Partido dos Trabalhadores. \u00c0s vezes em Franca, uma cidade grande, mas tem muitos pol\u00edticos que pensam pequeno, que n\u00e3o s\u00e3o republicanos, que n\u00e3o pensam no povo. O Parque dos Trabalhadores era para ter quadras de futebol, pista de caminhada, lagoa de pesca, tem l\u00e1 uma \u00e1rea de reserva ambiental que poderia ter sido feito trilhas, tem lanchonetes, que infelizmente virou sucata&#8221;, lamentou.<\/p>\n<p>O vereador\u00a0Della Motta (PODE)\u00a0sugeriu a forma\u00e7\u00e3o de uma parceria p\u00fablico privada para revitalizar e administrar a \u00e1rea. &#8220;Ali \u00e9 um parque Ibirapuera aqui em Franca, principalmente para a zona oeste da cidade&#8221;, pontuou.<\/p>\n<p>&#8220;Eu espero que em breve eu possa estar vindo aqui enaltecendo o trabalho da secretaria, que cuida tanto do Poli quanto do Parque dos Trabalhadores&#8221;, declarou o autor do Requerimento, vereador Tidy, que completou pedindo que sejam disponibilizadas equipes para cuidar dos parques p\u00fablicos.<\/p>\n<p>Um dos assuntos que repercutiu durante o per\u00edodo da ordem do dia da sess\u00e3o ordin\u00e1ria foi o Requerimento tamb\u00e9m de autoria do vereador\u00a0Marcelo Tidy que pede informa\u00e7\u00f5es da Prefeitura sobre o andamento do processo de aquecimento e reforma da piscina do Gin\u00e1sio Poliesportivo. O parlamentar indagou os motivos da demora em solucionar a quest\u00e3o. &#8220;Em 2018, 2019 e 2020 n\u00e3o resolveram o problema da piscina que era na gest\u00e3o passada e agora n\u00f3s estamos em 2022 e at\u00e9 hoje n\u00e3o foi feito a licita\u00e7\u00e3o de forma adequada para que fizesse a reforma. Gostaria a\u00ed que tivesse um carinho e uma dedica\u00e7\u00e3o mais eficaz para reformar a piscina. Os pais dos alunos j\u00e1 nos procuraram v\u00e1rias vezes\u2019, disse o parlamentar.<\/p>\n<h4>Engenho Queimado<\/h4>\n<p>De autoria do vereador Gilson Pelizaro (PT), foi aprovado o requerimento solicitando informa\u00e7\u00f5es da Prefeitura sobre as obras de revitaliza\u00e7\u00e3o da bacia do c\u00f3rrego Engenho Queimado, na zona oeste do munic\u00edpio.\u00a0Gilson pediu uma investiga\u00e7\u00e3o detalhada dos motivos que levaram ao atraso na entrega das obras: &#8220;\u00c9 um recurso que veio do governo Dilma. Os prazos de t\u00e9rmino da obra est\u00e3o l\u00e1 na placa. \u00c9 uma vergonha&#8221;, declarou.<\/p>\n<p>O parlamentar disse ainda que \u00e9 necess\u00e1rio a responsabiliza\u00e7\u00e3o dos agentes p\u00fablicos causadores do atraso. &#8220;Precisa haver responsabilidade de quem deixou a coisa correr frouxo. A obra est\u00e1 a\u00ed. O Minist\u00e9rio P\u00fablico est\u00e1 acompanhando. Precisa ir atr\u00e1s de quem deixou correr frouxo, porque tinha dinheiro na conta e n\u00e3o conseguiram gastar o dinheiro para fazer a obra&#8221;, argumentou.<\/p>\n<p>&#8220;Aquelas manilhas que foi deixando l\u00e1 no meio do mato, aquilo l\u00e1 \u00e9 um descaso, \u00e9 um descaso com o dinheiro p\u00fablico&#8221;, argumentou Zezinho Cabeleireiro (PP).\u00a0O vereador\u00a0Della Motta (PODE) se manifestou a favor da conclus\u00e3o dos servi\u00e7os e disse que muitos moradores do entorno do c\u00f3rrego chegaram a perder seus bens em virtude de alagamentos ocorridos na regi\u00e3o. O parlamentar questionou os motivos de n\u00e3o priorizar obras p\u00fablicas em regi\u00f5es do munic\u00edpio que est\u00e3o em crescimento, como as periferias. &#8220;Parece que obras na periferia tem uma dificuldade para serem feitas. E a\u00ed a nossa cidade est\u00e1 crescendo exatamente para aquele lado de l\u00e1. O fluxo de pessoas aumento muito&#8221;, justificou.<\/p>\n","protected":false},"excerpt":{"rendered":"<p>Questionamento foi feito atrav\u00e9s de um Requerimento aprovado na \u00faltima sess\u00e3o ordin\u00e1ria A C\u00e2mara de Franca aprovou um questionamento do vereador Marcelo Tidy (DEM), sobre a<span class=\"excerpt-hellip\"> [\u2026]<\/span><\/p>\n","protected":false},"author":7,"featured_media":22925,"comment_status":"open","ping_status":"open","sticky":false,"template":"","format":"standard","meta":{"_jetpack_memberships_contains_paid_content":false,"footnotes":"","jetpack_publicize_message":"","jetpack_publicize_feature_enabled":true,"jetpack_social_post_already_shared":false,"jetpack_social_options":{"image_generator_settings":{"template":"highway","default_image_id":0,"enabled":false},"version":2}},"categories":[28,44],"tags":[],"class_list":["post-22949","post","type-post","status-publish","format-standard","has-post-thumbnail","hentry","category-cotidiano","category-noticias"],"yoast_head":"<!-- This site is optimized with the Yoast SEO plugin v25.6 - https:\/\/yoast.com\/wordpress\/plugins\/seo\/ -->\n<title>C\u00e2mara questiona Prefeitura sobre falta de manuten\u00e7\u00e3o no Parque do Trabalhador - VerdadeOn<\/title>\n<meta name=\"robots\" content=\"index, follow, max-snippet:-1, max-image-preview:large, max-video-preview:-1\" \/>\n<link rel=\"canonical\" href=\"https:\/\/verdadeon.com.br\/portal\/2022\/02\/09\/camara-questiona-prefeitura-sobre-falta-de-manutencao-no-parque-do-trabalhador\/\" \/>\n<meta property=\"og:locale\" content=\"pt_BR\" \/>\n<meta property=\"og:type\" content=\"article\" \/>\n<meta property=\"og:title\" content=\"C\u00e2mara questiona Prefeitura sobre falta de manuten\u00e7\u00e3o no Parque do Trabalhador - VerdadeOn\" \/>\n<meta property=\"og:description\" content=\"Questionamento foi feito atrav\u00e9s de um Requerimento aprovado na \u00faltima sess\u00e3o ordin\u00e1ria A C\u00e2mara de Franca aprovou um questionamento do vereador Marcelo Tidy (DEM), sobre a [\u2026]\" \/>\n<meta property=\"og:url\" content=\"https:\/\/verdadeon.com.br\/portal\/2022\/02\/09\/camara-questiona-prefeitura-sobre-falta-de-manutencao-no-parque-do-trabalhador\/\" \/>\n<meta property=\"og:site_name\" content=\"VerdadeOn\" \/>\n<meta property=\"article:published_time\" content=\"2022-02-09T21:33:05+00:00\" \/>\n<meta property=\"og:image\" content=\"https:\/\/verdadeon.com.br\/portal\/wp-content\/uploads\/2022\/02\/WhatsApp-Image-2022-02-08-at-16.45.33-2-e1644352677430.jpeg\" \/>\n\t<meta property=\"og:image:width\" content=\"1001\" \/>\n\t<meta property=\"og:image:height\" content=\"668\" \/>\n\t<meta property=\"og:image:type\" content=\"image\/jpeg\" \/>\n<meta name=\"author\" content=\"Fernando Lima\" \/>\n<meta name=\"twitter:card\" content=\"summary_large_image\" \/>\n<meta name=\"twitter:label1\" content=\"Escrito por\" \/>\n\t<meta name=\"twitter:data1\" content=\"Fernando Lima\" \/>\n\t<meta name=\"twitter:label2\" content=\"Est. tempo de leitura\" \/>\n\t<meta name=\"twitter:data2\" content=\"4 minutos\" \/>\n<script type=\"application\/ld+json\" class=\"yoast-schema-graph\">{\"@context\":\"https:\/\/schema.org\",\"@graph\":[{\"@type\":\"WebPage\",\"@id\":\"https:\/\/verdadeon.com.br\/portal\/2022\/02\/09\/camara-questiona-prefeitura-sobre-falta-de-manutencao-no-parque-do-trabalhador\/\",\"url\":\"https:\/\/verdadeon.com.br\/portal\/2022\/02\/09\/camara-questiona-prefeitura-sobre-falta-de-manutencao-no-parque-do-trabalhador\/\",\"name\":\"C\u00e2mara questiona Prefeitura sobre falta de manuten\u00e7\u00e3o no Parque do Trabalhador - VerdadeOn\",\"isPartOf\":{\"@id\":\"https:\/\/verdadeon.com.br\/portal\/#website\"},\"primaryImageOfPage\":{\"@id\":\"https:\/\/verdadeon.com.br\/portal\/2022\/02\/09\/camara-questiona-prefeitura-sobre-falta-de-manutencao-no-parque-do-trabalhador\/#primaryimage\"},\"image\":{\"@id\":\"https:\/\/verdadeon.com.br\/portal\/2022\/02\/09\/camara-questiona-prefeitura-sobre-falta-de-manutencao-no-parque-do-trabalhador\/#primaryimage\"},\"thumbnailUrl\":\"https:\/\/i0.wp.com\/verdadeon.com.br\/portal\/wp-content\/uploads\/2022\/02\/WhatsApp-Image-2022-02-08-at-16.45.33-2-e1644352677430.jpeg?fit=1001%2C668&ssl=1\",\"datePublished\":\"2022-02-09T21:33:05+00:00\",\"author\":{\"@id\":\"https:\/\/verdadeon.com.br\/portal\/#\/schema\/person\/cc32be22b8e8599387c480bc83e1d11a\"},\"breadcrumb\":{\"@id\":\"https:\/\/verdadeon.com.br\/portal\/2022\/02\/09\/camara-questiona-prefeitura-sobre-falta-de-manutencao-no-parque-do-trabalhador\/#breadcrumb\"},\"inLanguage\":\"pt-BR\",\"potentialAction\":[{\"@type\":\"ReadAction\",\"target\":[\"https:\/\/verdadeon.com.br\/portal\/2022\/02\/09\/camara-questiona-prefeitura-sobre-falta-de-manutencao-no-parque-do-trabalhador\/\"]}]},{\"@type\":\"ImageObject\",\"inLanguage\":\"pt-BR\",\"@id\":\"https:\/\/verdadeon.com.br\/portal\/2022\/02\/09\/camara-questiona-prefeitura-sobre-falta-de-manutencao-no-parque-do-trabalhador\/#primaryimage\",\"url\":\"https:\/\/i0.wp.com\/verdadeon.com.br\/portal\/wp-content\/uploads\/2022\/02\/WhatsApp-Image-2022-02-08-at-16.45.33-2-e1644352677430.jpeg?fit=1001%2C668&ssl=1\",\"contentUrl\":\"https:\/\/i0.wp.com\/verdadeon.com.br\/portal\/wp-content\/uploads\/2022\/02\/WhatsApp-Image-2022-02-08-at-16.45.33-2-e1644352677430.jpeg?fit=1001%2C668&ssl=1\",\"width\":1001,\"height\":668,\"caption\":\"No per\u00edodo da manh\u00e3 aconteceu o Expediente com as leituras dos documentos e of\u00edcios, al\u00e9m de uso da Tribuna tanto pelos mun\u00edcipes inscritos previamente e os pr\u00f3prios parlamentares, a partir das 9h | Foto: C\u00e2mara Municipal\"},{\"@type\":\"BreadcrumbList\",\"@id\":\"https:\/\/verdadeon.com.br\/portal\/2022\/02\/09\/camara-questiona-prefeitura-sobre-falta-de-manutencao-no-parque-do-trabalhador\/#breadcrumb\",\"itemListElement\":[{\"@type\":\"ListItem\",\"position\":1,\"name\":\"In\u00edcio\",\"item\":\"https:\/\/verdadeon.com.br\/portal\/\"},{\"@type\":\"ListItem\",\"position\":2,\"name\":\"C\u00e2mara questiona Prefeitura sobre falta de manuten\u00e7\u00e3o no Parque do Trabalhador\"}]},{\"@type\":\"WebSite\",\"@id\":\"https:\/\/verdadeon.com.br\/portal\/#website\",\"url\":\"https:\/\/verdadeon.com.br\/portal\/\",\"name\":\"VerdadeOn\",\"description\":\"Not\u00edcias di\u00e1rias sobre Franca, Regi\u00e3o, Esporte, Cultura, Cotidiano, Colunas. Cobertura nos principais eventos da cidade \u00e9 aqui - Verdadeon Franca\",\"potentialAction\":[{\"@type\":\"SearchAction\",\"target\":{\"@type\":\"EntryPoint\",\"urlTemplate\":\"https:\/\/verdadeon.com.br\/portal\/?s={search_term_string}\"},\"query-input\":{\"@type\":\"PropertyValueSpecification\",\"valueRequired\":true,\"valueName\":\"search_term_string\"}}],\"inLanguage\":\"pt-BR\"},{\"@type\":\"Person\",\"@id\":\"https:\/\/verdadeon.com.br\/portal\/#\/schema\/person\/cc32be22b8e8599387c480bc83e1d11a\",\"name\":\"Fernando Lima\",\"image\":{\"@type\":\"ImageObject\",\"inLanguage\":\"pt-BR\",\"@id\":\"https:\/\/verdadeon.com.br\/portal\/#\/schema\/person\/image\/\",\"url\":\"https:\/\/secure.gravatar.com\/avatar\/df4c8e132080d2b3a4841d5d232045464e0eed11a1d6e43115ca0843d48768d3?s=96&d=mm&r=g\",\"contentUrl\":\"https:\/\/secure.gravatar.com\/avatar\/df4c8e132080d2b3a4841d5d232045464e0eed11a1d6e43115ca0843d48768d3?s=96&d=mm&r=g\",\"caption\":\"Fernando Lima\"},\"sameAs\":[\"http:\/\/verdadeon.com.br\/\"],\"url\":\"https:\/\/verdadeon.com.br\/portal\/author\/fernando-lima\/\"}]}<\/script>\n<!-- \/ Yoast SEO plugin. -->","yoast_head_json":{"title":"C\u00e2mara questiona Prefeitura sobre falta de manuten\u00e7\u00e3o no Parque do Trabalhador - VerdadeOn","robots":{"index":"index","follow":"follow","max-snippet":"max-snippet:-1","max-image-preview":"max-image-preview:large","max-video-preview":"max-video-preview:-1"},"canonical":"https:\/\/verdadeon.com.br\/portal\/2022\/02\/09\/camara-questiona-prefeitura-sobre-falta-de-manutencao-no-parque-do-trabalhador\/","og_locale":"pt_BR","og_type":"article","og_title":"C\u00e2mara questiona Prefeitura sobre falta de manuten\u00e7\u00e3o no Parque do Trabalhador - VerdadeOn","og_description":"Questionamento foi feito atrav\u00e9s de um Requerimento aprovado na \u00faltima sess\u00e3o ordin\u00e1ria A C\u00e2mara de Franca aprovou um questionamento do vereador Marcelo Tidy (DEM), sobre a [\u2026]","og_url":"https:\/\/verdadeon.com.br\/portal\/2022\/02\/09\/camara-questiona-prefeitura-sobre-falta-de-manutencao-no-parque-do-trabalhador\/","og_site_name":"VerdadeOn","article_published_time":"2022-02-09T21:33:05+00:00","og_image":[{"width":1001,"height":668,"url":"https:\/\/verdadeon.com.br\/portal\/wp-content\/uploads\/2022\/02\/WhatsApp-Image-2022-02-08-at-16.45.33-2-e1644352677430.jpeg","type":"image\/jpeg"}],"author":"Fernando Lima","twitter_card":"summary_large_image","twitter_misc":{"Escrito por":"Fernando Lima","Est. tempo de leitura":"4 minutos"},"schema":{"@context":"https:\/\/schema.org","@graph":[{"@type":"WebPage","@id":"https:\/\/verdadeon.com.br\/portal\/2022\/02\/09\/camara-questiona-prefeitura-sobre-falta-de-manutencao-no-parque-do-trabalhador\/","url":"https:\/\/verdadeon.com.br\/portal\/2022\/02\/09\/camara-questiona-prefeitura-sobre-falta-de-manutencao-no-parque-do-trabalhador\/","name":"C\u00e2mara questiona Prefeitura sobre falta de manuten\u00e7\u00e3o no Parque do Trabalhador - VerdadeOn","isPartOf":{"@id":"https:\/\/verdadeon.com.br\/portal\/#website"},"primaryImageOfPage":{"@id":"https:\/\/verdadeon.com.br\/portal\/2022\/02\/09\/camara-questiona-prefeitura-sobre-falta-de-manutencao-no-parque-do-trabalhador\/#primaryimage"},"image":{"@id":"https:\/\/verdadeon.com.br\/portal\/2022\/02\/09\/camara-questiona-prefeitura-sobre-falta-de-manutencao-no-parque-do-trabalhador\/#primaryimage"},"thumbnailUrl":"https:\/\/i0.wp.com\/verdadeon.com.br\/portal\/wp-content\/uploads\/2022\/02\/WhatsApp-Image-2022-02-08-at-16.45.33-2-e1644352677430.jpeg?fit=1001%2C668&ssl=1","datePublished":"2022-02-09T21:33:05+00:00","author":{"@id":"https:\/\/verdadeon.com.br\/portal\/#\/schema\/person\/cc32be22b8e8599387c480bc83e1d11a"},"breadcrumb":{"@id":"https:\/\/verdadeon.com.br\/portal\/2022\/02\/09\/camara-questiona-prefeitura-sobre-falta-de-manutencao-no-parque-do-trabalhador\/#breadcrumb"},"inLanguage":"pt-BR","potentialAction":[{"@type":"ReadAction","target":["https:\/\/verdadeon.com.br\/portal\/2022\/02\/09\/camara-questiona-prefeitura-sobre-falta-de-manutencao-no-parque-do-trabalhador\/"]}]},{"@type":"ImageObject","inLanguage":"pt-BR","@id":"https:\/\/verdadeon.com.br\/portal\/2022\/02\/09\/camara-questiona-prefeitura-sobre-falta-de-manutencao-no-parque-do-trabalhador\/#primaryimage","url":"https:\/\/i0.wp.com\/verdadeon.com.br\/portal\/wp-content\/uploads\/2022\/02\/WhatsApp-Image-2022-02-08-at-16.45.33-2-e1644352677430.jpeg?fit=1001%2C668&ssl=1","contentUrl":"https:\/\/i0.wp.com\/verdadeon.com.br\/portal\/wp-content\/uploads\/2022\/02\/WhatsApp-Image-2022-02-08-at-16.45.33-2-e1644352677430.jpeg?fit=1001%2C668&ssl=1","width":1001,"height":668,"caption":"No per\u00edodo da manh\u00e3 aconteceu o Expediente com as leituras dos documentos e of\u00edcios, al\u00e9m de uso da Tribuna tanto pelos mun\u00edcipes inscritos previamente e os pr\u00f3prios parlamentares, a partir das 9h | Foto: C\u00e2mara Municipal"},{"@type":"BreadcrumbList","@id":"https:\/\/verdadeon.com.br\/portal\/2022\/02\/09\/camara-questiona-prefeitura-sobre-falta-de-manutencao-no-parque-do-trabalhador\/#breadcrumb","itemListElement":[{"@type":"ListItem","position":1,"name":"In\u00edcio","item":"https:\/\/verdadeon.com.br\/portal\/"},{"@type":"ListItem","position":2,"name":"C\u00e2mara questiona Prefeitura sobre falta de manuten\u00e7\u00e3o no Parque do Trabalhador"}]},{"@type":"WebSite","@id":"https:\/\/verdadeon.com.br\/portal\/#website","url":"https:\/\/verdadeon.com.br\/portal\/","name":"VerdadeOn","description":"Not\u00edcias di\u00e1rias sobre Franca, Regi\u00e3o, Esporte, Cultura, Cotidiano, Colunas. Cobertura nos principais eventos da cidade \u00e9 aqui - Verdadeon Franca","potentialAction":[{"@type":"SearchAction","target":{"@type":"EntryPoint","urlTemplate":"https:\/\/verdadeon.com.br\/portal\/?s={search_term_string}"},"query-input":{"@type":"PropertyValueSpecification","valueRequired":true,"valueName":"search_term_string"}}],"inLanguage":"pt-BR"},{"@type":"Person","@id":"https:\/\/verdadeon.com.br\/portal\/#\/schema\/person\/cc32be22b8e8599387c480bc83e1d11a","name":"Fernando Lima","image":{"@type":"ImageObject","inLanguage":"pt-BR","@id":"https:\/\/verdadeon.com.br\/portal\/#\/schema\/person\/image\/","url":"https:\/\/secure.gravatar.com\/avatar\/df4c8e132080d2b3a4841d5d232045464e0eed11a1d6e43115ca0843d48768d3?s=96&d=mm&r=g","contentUrl":"https:\/\/secure.gravatar.com\/avatar\/df4c8e132080d2b3a4841d5d232045464e0eed11a1d6e43115ca0843d48768d3?s=96&d=mm&r=g","caption":"Fernando Lima"},"sameAs":["http:\/\/verdadeon.com.br\/"],"url":"https:\/\/verdadeon.com.br\/portal\/author\/fernando-lima\/"}]}},"jetpack_publicize_connections":[],"jetpack_featured_media_url":"https:\/\/i0.wp.com\/verdadeon.com.br\/portal\/wp-content\/uploads\/2022\/02\/WhatsApp-Image-2022-02-08-at-16.45.33-2-e1644352677430.jpeg?fit=1001%2C668&ssl=1","jetpack_sharing_enabled":true,"_links":{"self":[{"href":"https:\/\/verdadeon.com.br\/portal\/wp-json\/wp\/v2\/posts\/22949","targetHints":{"allow":["GET"]}}],"collection":[{"href":"https:\/\/verdadeon.com.br\/portal\/wp-json\/wp\/v2\/posts"}],"about":[{"href":"https:\/\/verdadeon.com.br\/portal\/wp-json\/wp\/v2\/types\/post"}],"author":[{"embeddable":true,"href":"https:\/\/verdadeon.com.br\/portal\/wp-json\/wp\/v2\/users\/7"}],"replies":[{"embeddable":true,"href":"https:\/\/verdadeon.com.br\/portal\/wp-json\/wp\/v2\/comments?post=22949"}],"version-history":[{"count":1,"href":"https:\/\/verdadeon.com.br\/portal\/wp-json\/wp\/v2\/posts\/22949\/revisions"}],"predecessor-version":[{"id":22953,"href":"https:\/\/verdadeon.com.br\/portal\/wp-json\/wp\/v2\/posts\/22949\/revisions\/22953"}],"wp:featuredmedia":[{"embeddable":true,"href":"https:\/\/verdadeon.com.br\/portal\/wp-json\/wp\/v2\/media\/22925"}],"wp:attachment":[{"href":"https:\/\/verdadeon.com.br\/portal\/wp-json\/wp\/v2\/media?parent=22949"}],"wp:term":[{"taxonomy":"category","embeddable":true,"href":"https:\/\/verdadeon.com.br\/portal\/wp-json\/wp\/v2\/categories?post=22949"},{"taxonomy":"post_tag","embeddable":true,"href":"https:\/\/verdadeon.com.br\/portal\/wp-json\/wp\/v2\/tags?post=22949"}],"curies":[{"name":"wp","href":"https:\/\/api.w.org\/{rel}","templated":true}]}}