{"id":22883,"date":"2022-02-07T12:37:03","date_gmt":"2022-02-07T15:37:03","guid":{"rendered":"https:\/\/verdadeon.com.br\/portal\/?p=22883"},"modified":"2022-02-07T16:36:06","modified_gmt":"2022-02-07T19:36:06","slug":"enfermeira-assume-comando-da-secretaria-de-saude","status":"publish","type":"post","link":"https:\/\/verdadeon.com.br\/portal\/2022\/02\/07\/enfermeira-assume-comando-da-secretaria-de-saude\/","title":{"rendered":"Enfermeira assume comando da Secretaria de Sa\u00fade"},"content":{"rendered":"<h2>Lucas Souza alega quest\u00f5es familiares para deixar o cargo; Wal\u00e9ria Mascarenhas diz que dar\u00e1 continuidade \u00e0s a\u00e7\u00f5es contra a Covid<\/h2>\n<p><span style=\"font-weight: 400;\">A Secretaria de Sa\u00fade de Franca est\u00e1 sob novo comando. Lucas Souza alegou quest\u00f5es familiares para entregar o cargo e agora a pasta est\u00e1 sob responsabilidade da enfermeira Wal\u00e9ria Souza de Mascarenhas. Essa \u00e9 a primeira substitui\u00e7\u00e3o no secretariado municipal feita no governo Alexandre Ferreira.\u00a0<\/span><\/p>\n<p><span style=\"font-weight: 400;\">O an\u00fancio foi feito atrav\u00e9s de uma coletiva de imprensa na manh\u00e3 desta segunda-feira, 7, na Prefeitura. \u201c\u00c9 uma decis\u00e3o muito dif\u00edcil de ser tomada. Estou h\u00e1 16 anos na Secretaria de Sa\u00fade, quase que uma vida, ent\u00e3o eu gosto muito do que eu fa\u00e7o, gosto muito da sa\u00fade, a sa\u00fade pega a gente e n\u00e3o larga, \u00e9 muito gratificante. 2021 foi um\u00a0 ano muito intenso e desafiador. As atribui\u00e7\u00f5es do cargo de secret\u00e1rio \u00e9 de 24 horas por dia,. A gente precisa de dedicar o tempo todo at\u00e9 para melhorar a condi\u00e7\u00e3o de vida das pessoas, \u00e9 inerente ao cargo, por\u00e9m chega um momento que a din\u00e2mica familiar estava sendo comprometida\u201d, afirmou Lucas, ao dizer que tinha conversado com o prefeito Alexandre Ferreira para que a transi\u00e7\u00e3o de comando fosse feita de forma tranquila.<\/span><\/p>\n<p><span style=\"font-weight: 400;\">A sa\u00edda de Lucas Souza ocorre em um momento preocupante na \u00e1rea da Sa\u00fade por conta do alto n\u00famero de casos de Covid-19, mas o prefeito e a nova secret\u00e1ria afirmam que o trabalho para o controle da pandemia que vinha sendo desenvolvido pelo secret\u00e1rio ser\u00e1 mantido. \u201cEu pretendo dar continuidade ao trabalho que j\u00e1 vinha sendo feito com o Lucas, principalmente na quest\u00e3o da Covid e come\u00e7ar a olhar, o que a gente j\u00e1 estava fazendo, para as outras \u00e1reas tamb\u00e9m. Gostaria de agradecer a oportunidade e, o que precisar, estou \u00e0 disposi\u00e7\u00e3o e conto com voc\u00eas\u201d, disse Wal\u00e9ria durante a coletiva.\u00a0<\/span><\/p>\n<p><span style=\"font-weight: 400;\">Wal\u00e9ria \u00e9 enfermeira h\u00e1 18 anos e tem especializa\u00e7\u00e3o em gest\u00e3o; ela ocupava o cargo de diretora de departamento na Secretaria de Sa\u00fade.<\/span><\/p>\n<p><span style=\"font-weight: 400;\">Alexandre Ferreira disse que j\u00e1 avaliava a possibilidade de trocar o comando da Secretaria de Sa\u00fade e reafirmou a continuidade do trabalho. \u201c<\/span><span style=\"font-weight: 400;\">\u00c9 uma pol\u00edtica de governo e n\u00e3o de prefeito ou de secret\u00e1rio ou de secret\u00e1ria. Pol\u00edtica de governo, voc\u00ea n\u00e3o muda. Voc\u00ea muda as pe\u00e7as, mas a pol\u00edtica continua a mesma\u201d.<\/span><\/p>\n","protected":false},"excerpt":{"rendered":"<p>Lucas Souza alega quest\u00f5es familiares para deixar o cargo; Wal\u00e9ria Mascarenhas diz que dar\u00e1 continuidade \u00e0s a\u00e7\u00f5es contra a Covid A Secretaria de Sa\u00fade de Franca<span class=\"excerpt-hellip\"> [\u2026]<\/span><\/p>\n","protected":false},"author":10,"featured_media":22884,"comment_status":"open","ping_status":"open","sticky":false,"template":"","format":"standard","meta":{"_jetpack_memberships_contains_paid_content":false,"footnotes":"","jetpack_publicize_message":"","jetpack_publicize_feature_enabled":true,"jetpack_social_post_already_shared":false,"jetpack_social_options":{"image_generator_settings":{"template":"highway","default_image_id":0,"enabled":false},"version":2}},"categories":[28,81],"tags":[],"class_list":["post-22883","post","type-post","status-publish","format-standard","has-post-thumbnail","hentry","category-cotidiano","category-manchete"],"yoast_head":"<!-- This site is optimized with the Yoast SEO plugin v25.6 - https:\/\/yoast.com\/wordpress\/plugins\/seo\/ -->\n<title>Enfermeira assume comando da Secretaria de Sa\u00fade - VerdadeOn<\/title>\n<meta name=\"robots\" content=\"index, follow, max-snippet:-1, max-image-preview:large, max-video-preview:-1\" \/>\n<link rel=\"canonical\" href=\"https:\/\/verdadeon.com.br\/portal\/2022\/02\/07\/enfermeira-assume-comando-da-secretaria-de-saude\/\" \/>\n<meta property=\"og:locale\" content=\"pt_BR\" \/>\n<meta property=\"og:type\" content=\"article\" \/>\n<meta property=\"og:title\" content=\"Enfermeira assume comando da Secretaria de Sa\u00fade - VerdadeOn\" \/>\n<meta property=\"og:description\" content=\"Lucas Souza alega quest\u00f5es familiares para deixar o cargo; Wal\u00e9ria Mascarenhas diz que dar\u00e1 continuidade \u00e0s a\u00e7\u00f5es contra a Covid A Secretaria de Sa\u00fade de Franca [\u2026]\" \/>\n<meta property=\"og:url\" content=\"https:\/\/verdadeon.com.br\/portal\/2022\/02\/07\/enfermeira-assume-comando-da-secretaria-de-saude\/\" \/>\n<meta property=\"og:site_name\" content=\"VerdadeOn\" \/>\n<meta property=\"article:published_time\" content=\"2022-02-07T15:37:03+00:00\" \/>\n<meta property=\"article:modified_time\" content=\"2022-02-07T19:36:06+00:00\" \/>\n<meta property=\"og:image\" content=\"https:\/\/verdadeon.com.br\/portal\/wp-content\/uploads\/2022\/02\/Waleria-Mascarenhas-Secretaria-de-Saude-Foto-Divulgacao.jpeg\" \/>\n\t<meta property=\"og:image:width\" content=\"1000\" \/>\n\t<meta property=\"og:image:height\" content=\"670\" \/>\n\t<meta property=\"og:image:type\" content=\"image\/jpeg\" \/>\n<meta name=\"author\" content=\"Redacao VerdadeOn\" \/>\n<meta name=\"twitter:card\" content=\"summary_large_image\" \/>\n<meta name=\"twitter:label1\" content=\"Escrito por\" \/>\n\t<meta name=\"twitter:data1\" content=\"Redacao VerdadeOn\" \/>\n\t<meta name=\"twitter:label2\" content=\"Est. tempo de leitura\" \/>\n\t<meta name=\"twitter:data2\" content=\"3 minutos\" \/>\n<script type=\"application\/ld+json\" class=\"yoast-schema-graph\">{\"@context\":\"https:\/\/schema.org\",\"@graph\":[{\"@type\":\"WebPage\",\"@id\":\"https:\/\/verdadeon.com.br\/portal\/2022\/02\/07\/enfermeira-assume-comando-da-secretaria-de-saude\/\",\"url\":\"https:\/\/verdadeon.com.br\/portal\/2022\/02\/07\/enfermeira-assume-comando-da-secretaria-de-saude\/\",\"name\":\"Enfermeira assume comando da Secretaria de Sa\u00fade - VerdadeOn\",\"isPartOf\":{\"@id\":\"https:\/\/verdadeon.com.br\/portal\/#website\"},\"primaryImageOfPage\":{\"@id\":\"https:\/\/verdadeon.com.br\/portal\/2022\/02\/07\/enfermeira-assume-comando-da-secretaria-de-saude\/#primaryimage\"},\"image\":{\"@id\":\"https:\/\/verdadeon.com.br\/portal\/2022\/02\/07\/enfermeira-assume-comando-da-secretaria-de-saude\/#primaryimage\"},\"thumbnailUrl\":\"https:\/\/i0.wp.com\/verdadeon.com.br\/portal\/wp-content\/uploads\/2022\/02\/Waleria-Mascarenhas-Secretaria-de-Saude-Foto-Divulgacao.jpeg?fit=1000%2C670&ssl=1\",\"datePublished\":\"2022-02-07T15:37:03+00:00\",\"dateModified\":\"2022-02-07T19:36:06+00:00\",\"author\":{\"@id\":\"https:\/\/verdadeon.com.br\/portal\/#\/schema\/person\/a5060ad1e9ea3df545188fc93ce43d2f\"},\"breadcrumb\":{\"@id\":\"https:\/\/verdadeon.com.br\/portal\/2022\/02\/07\/enfermeira-assume-comando-da-secretaria-de-saude\/#breadcrumb\"},\"inLanguage\":\"pt-BR\",\"potentialAction\":[{\"@type\":\"ReadAction\",\"target\":[\"https:\/\/verdadeon.com.br\/portal\/2022\/02\/07\/enfermeira-assume-comando-da-secretaria-de-saude\/\"]}]},{\"@type\":\"ImageObject\",\"inLanguage\":\"pt-BR\",\"@id\":\"https:\/\/verdadeon.com.br\/portal\/2022\/02\/07\/enfermeira-assume-comando-da-secretaria-de-saude\/#primaryimage\",\"url\":\"https:\/\/i0.wp.com\/verdadeon.com.br\/portal\/wp-content\/uploads\/2022\/02\/Waleria-Mascarenhas-Secretaria-de-Saude-Foto-Divulgacao.jpeg?fit=1000%2C670&ssl=1\",\"contentUrl\":\"https:\/\/i0.wp.com\/verdadeon.com.br\/portal\/wp-content\/uploads\/2022\/02\/Waleria-Mascarenhas-Secretaria-de-Saude-Foto-Divulgacao.jpeg?fit=1000%2C670&ssl=1\",\"width\":1000,\"height\":670,\"caption\":\"Wal\u00e9ria Souza de Mascarenhas \u00e9 a nova secret\u00e1ria de Sa\u00fade em Franca | Foto: Divulga\u00e7\u00e3o\"},{\"@type\":\"BreadcrumbList\",\"@id\":\"https:\/\/verdadeon.com.br\/portal\/2022\/02\/07\/enfermeira-assume-comando-da-secretaria-de-saude\/#breadcrumb\",\"itemListElement\":[{\"@type\":\"ListItem\",\"position\":1,\"name\":\"In\u00edcio\",\"item\":\"https:\/\/verdadeon.com.br\/portal\/\"},{\"@type\":\"ListItem\",\"position\":2,\"name\":\"Enfermeira assume comando da Secretaria de Sa\u00fade\"}]},{\"@type\":\"WebSite\",\"@id\":\"https:\/\/verdadeon.com.br\/portal\/#website\",\"url\":\"https:\/\/verdadeon.com.br\/portal\/\",\"name\":\"VerdadeOn\",\"description\":\"Not\u00edcias di\u00e1rias sobre Franca, Regi\u00e3o, Esporte, Cultura, Cotidiano, Colunas. Cobertura nos principais eventos da cidade \u00e9 aqui - Verdadeon Franca\",\"potentialAction\":[{\"@type\":\"SearchAction\",\"target\":{\"@type\":\"EntryPoint\",\"urlTemplate\":\"https:\/\/verdadeon.com.br\/portal\/?s={search_term_string}\"},\"query-input\":{\"@type\":\"PropertyValueSpecification\",\"valueRequired\":true,\"valueName\":\"search_term_string\"}}],\"inLanguage\":\"pt-BR\"},{\"@type\":\"Person\",\"@id\":\"https:\/\/verdadeon.com.br\/portal\/#\/schema\/person\/a5060ad1e9ea3df545188fc93ce43d2f\",\"name\":\"Redacao VerdadeOn\",\"image\":{\"@type\":\"ImageObject\",\"inLanguage\":\"pt-BR\",\"@id\":\"https:\/\/verdadeon.com.br\/portal\/#\/schema\/person\/image\/\",\"url\":\"https:\/\/secure.gravatar.com\/avatar\/459a9613caaaf07f582c3d0841eea68bdd66f533e465e6ba8b9cb45619572cf4?s=96&d=mm&r=g\",\"contentUrl\":\"https:\/\/secure.gravatar.com\/avatar\/459a9613caaaf07f582c3d0841eea68bdd66f533e465e6ba8b9cb45619572cf4?s=96&d=mm&r=g\",\"caption\":\"Redacao VerdadeOn\"},\"url\":\"https:\/\/verdadeon.com.br\/portal\/author\/redacao\/\"}]}<\/script>\n<!-- \/ Yoast SEO plugin. -->","yoast_head_json":{"title":"Enfermeira assume comando da Secretaria de Sa\u00fade - VerdadeOn","robots":{"index":"index","follow":"follow","max-snippet":"max-snippet:-1","max-image-preview":"max-image-preview:large","max-video-preview":"max-video-preview:-1"},"canonical":"https:\/\/verdadeon.com.br\/portal\/2022\/02\/07\/enfermeira-assume-comando-da-secretaria-de-saude\/","og_locale":"pt_BR","og_type":"article","og_title":"Enfermeira assume comando da Secretaria de Sa\u00fade - VerdadeOn","og_description":"Lucas Souza alega quest\u00f5es familiares para deixar o cargo; Wal\u00e9ria Mascarenhas diz que dar\u00e1 continuidade \u00e0s a\u00e7\u00f5es contra a Covid A Secretaria de Sa\u00fade de Franca [\u2026]","og_url":"https:\/\/verdadeon.com.br\/portal\/2022\/02\/07\/enfermeira-assume-comando-da-secretaria-de-saude\/","og_site_name":"VerdadeOn","article_published_time":"2022-02-07T15:37:03+00:00","article_modified_time":"2022-02-07T19:36:06+00:00","og_image":[{"width":1000,"height":670,"url":"https:\/\/verdadeon.com.br\/portal\/wp-content\/uploads\/2022\/02\/Waleria-Mascarenhas-Secretaria-de-Saude-Foto-Divulgacao.jpeg","type":"image\/jpeg"}],"author":"Redacao VerdadeOn","twitter_card":"summary_large_image","twitter_misc":{"Escrito por":"Redacao VerdadeOn","Est. tempo de leitura":"3 minutos"},"schema":{"@context":"https:\/\/schema.org","@graph":[{"@type":"WebPage","@id":"https:\/\/verdadeon.com.br\/portal\/2022\/02\/07\/enfermeira-assume-comando-da-secretaria-de-saude\/","url":"https:\/\/verdadeon.com.br\/portal\/2022\/02\/07\/enfermeira-assume-comando-da-secretaria-de-saude\/","name":"Enfermeira assume comando da Secretaria de Sa\u00fade - VerdadeOn","isPartOf":{"@id":"https:\/\/verdadeon.com.br\/portal\/#website"},"primaryImageOfPage":{"@id":"https:\/\/verdadeon.com.br\/portal\/2022\/02\/07\/enfermeira-assume-comando-da-secretaria-de-saude\/#primaryimage"},"image":{"@id":"https:\/\/verdadeon.com.br\/portal\/2022\/02\/07\/enfermeira-assume-comando-da-secretaria-de-saude\/#primaryimage"},"thumbnailUrl":"https:\/\/i0.wp.com\/verdadeon.com.br\/portal\/wp-content\/uploads\/2022\/02\/Waleria-Mascarenhas-Secretaria-de-Saude-Foto-Divulgacao.jpeg?fit=1000%2C670&ssl=1","datePublished":"2022-02-07T15:37:03+00:00","dateModified":"2022-02-07T19:36:06+00:00","author":{"@id":"https:\/\/verdadeon.com.br\/portal\/#\/schema\/person\/a5060ad1e9ea3df545188fc93ce43d2f"},"breadcrumb":{"@id":"https:\/\/verdadeon.com.br\/portal\/2022\/02\/07\/enfermeira-assume-comando-da-secretaria-de-saude\/#breadcrumb"},"inLanguage":"pt-BR","potentialAction":[{"@type":"ReadAction","target":["https:\/\/verdadeon.com.br\/portal\/2022\/02\/07\/enfermeira-assume-comando-da-secretaria-de-saude\/"]}]},{"@type":"ImageObject","inLanguage":"pt-BR","@id":"https:\/\/verdadeon.com.br\/portal\/2022\/02\/07\/enfermeira-assume-comando-da-secretaria-de-saude\/#primaryimage","url":"https:\/\/i0.wp.com\/verdadeon.com.br\/portal\/wp-content\/uploads\/2022\/02\/Waleria-Mascarenhas-Secretaria-de-Saude-Foto-Divulgacao.jpeg?fit=1000%2C670&ssl=1","contentUrl":"https:\/\/i0.wp.com\/verdadeon.com.br\/portal\/wp-content\/uploads\/2022\/02\/Waleria-Mascarenhas-Secretaria-de-Saude-Foto-Divulgacao.jpeg?fit=1000%2C670&ssl=1","width":1000,"height":670,"caption":"Wal\u00e9ria Souza de Mascarenhas \u00e9 a nova secret\u00e1ria de Sa\u00fade em Franca | Foto: Divulga\u00e7\u00e3o"},{"@type":"BreadcrumbList","@id":"https:\/\/verdadeon.com.br\/portal\/2022\/02\/07\/enfermeira-assume-comando-da-secretaria-de-saude\/#breadcrumb","itemListElement":[{"@type":"ListItem","position":1,"name":"In\u00edcio","item":"https:\/\/verdadeon.com.br\/portal\/"},{"@type":"ListItem","position":2,"name":"Enfermeira assume comando da Secretaria de Sa\u00fade"}]},{"@type":"WebSite","@id":"https:\/\/verdadeon.com.br\/portal\/#website","url":"https:\/\/verdadeon.com.br\/portal\/","name":"VerdadeOn","description":"Not\u00edcias di\u00e1rias sobre Franca, Regi\u00e3o, Esporte, Cultura, Cotidiano, Colunas. Cobertura nos principais eventos da cidade \u00e9 aqui - Verdadeon Franca","potentialAction":[{"@type":"SearchAction","target":{"@type":"EntryPoint","urlTemplate":"https:\/\/verdadeon.com.br\/portal\/?s={search_term_string}"},"query-input":{"@type":"PropertyValueSpecification","valueRequired":true,"valueName":"search_term_string"}}],"inLanguage":"pt-BR"},{"@type":"Person","@id":"https:\/\/verdadeon.com.br\/portal\/#\/schema\/person\/a5060ad1e9ea3df545188fc93ce43d2f","name":"Redacao VerdadeOn","image":{"@type":"ImageObject","inLanguage":"pt-BR","@id":"https:\/\/verdadeon.com.br\/portal\/#\/schema\/person\/image\/","url":"https:\/\/secure.gravatar.com\/avatar\/459a9613caaaf07f582c3d0841eea68bdd66f533e465e6ba8b9cb45619572cf4?s=96&d=mm&r=g","contentUrl":"https:\/\/secure.gravatar.com\/avatar\/459a9613caaaf07f582c3d0841eea68bdd66f533e465e6ba8b9cb45619572cf4?s=96&d=mm&r=g","caption":"Redacao VerdadeOn"},"url":"https:\/\/verdadeon.com.br\/portal\/author\/redacao\/"}]}},"jetpack_publicize_connections":[],"jetpack_featured_media_url":"https:\/\/i0.wp.com\/verdadeon.com.br\/portal\/wp-content\/uploads\/2022\/02\/Waleria-Mascarenhas-Secretaria-de-Saude-Foto-Divulgacao.jpeg?fit=1000%2C670&ssl=1","jetpack_sharing_enabled":true,"_links":{"self":[{"href":"https:\/\/verdadeon.com.br\/portal\/wp-json\/wp\/v2\/posts\/22883","targetHints":{"allow":["GET"]}}],"collection":[{"href":"https:\/\/verdadeon.com.br\/portal\/wp-json\/wp\/v2\/posts"}],"about":[{"href":"https:\/\/verdadeon.com.br\/portal\/wp-json\/wp\/v2\/types\/post"}],"author":[{"embeddable":true,"href":"https:\/\/verdadeon.com.br\/portal\/wp-json\/wp\/v2\/users\/10"}],"replies":[{"embeddable":true,"href":"https:\/\/verdadeon.com.br\/portal\/wp-json\/wp\/v2\/comments?post=22883"}],"version-history":[{"count":1,"href":"https:\/\/verdadeon.com.br\/portal\/wp-json\/wp\/v2\/posts\/22883\/revisions"}],"predecessor-version":[{"id":22885,"href":"https:\/\/verdadeon.com.br\/portal\/wp-json\/wp\/v2\/posts\/22883\/revisions\/22885"}],"wp:featuredmedia":[{"embeddable":true,"href":"https:\/\/verdadeon.com.br\/portal\/wp-json\/wp\/v2\/media\/22884"}],"wp:attachment":[{"href":"https:\/\/verdadeon.com.br\/portal\/wp-json\/wp\/v2\/media?parent=22883"}],"wp:term":[{"taxonomy":"category","embeddable":true,"href":"https:\/\/verdadeon.com.br\/portal\/wp-json\/wp\/v2\/categories?post=22883"},{"taxonomy":"post_tag","embeddable":true,"href":"https:\/\/verdadeon.com.br\/portal\/wp-json\/wp\/v2\/tags?post=22883"}],"curies":[{"name":"wp","href":"https:\/\/api.w.org\/{rel}","templated":true}]}}