{"id":22859,"date":"2022-02-05T16:30:02","date_gmt":"2022-02-05T19:30:02","guid":{"rendered":"https:\/\/verdadeon.com.br\/portal\/?p=22859"},"modified":"2022-02-05T13:55:51","modified_gmt":"2022-02-05T16:55:51","slug":"estacionar-na-area-azul-e-tambem-um-ato-de-solidariedade","status":"publish","type":"post","link":"https:\/\/verdadeon.com.br\/portal\/2022\/02\/05\/estacionar-na-area-azul-e-tambem-um-ato-de-solidariedade\/","title":{"rendered":"\u2018Estacionar na \u00c1rea Azul \u00e9 tamb\u00e9m um ato de solidariedade\u2019"},"content":{"rendered":"<h2><span style=\"font-weight: 400;\">O advogado Bruno da Silva Oliveira assumiu a presid\u00eancia da Esac e quer retribuir \u00e0 entidade as transforma\u00e7\u00f5es que proporcionou em sua vida<\/span><\/h2>\n<p><strong>Nelise Luques<\/strong><\/p>\n<p><span style=\"font-weight: 400;\">O advogado Bruno da Silva Oliveira, de 35 anos, assumiu a presid\u00eancia da Esac (Escola de Aprendizagem e Cidadania) e ficar\u00e1 \u00e0 frente da entidade pelos pr\u00f3ximos dois anos. Para ele, \u00e9 uma boa oportunidade para retribuir toda contribui\u00e7\u00e3o que a Esac teve para seu crescimento pessoal e profissional. No ano de 2000, Bruno foi Guarda Mirim e atendido pelo programa aprendizagem da entidade.\u00a0<\/span><\/p>\n<p><span style=\"font-weight: 400;\">A nova diretoria tem muitos desafios pela frente, entre eles superar a crise financeira gerada especialmente pela pandemia da Covid-19. Conscientizar a popula\u00e7\u00e3o sobre a import\u00e2ncia do uso do estacionamento rotativo nas ruas de Franca &#8211; \u00c1rea Azul &#8211; tamb\u00e9m faz parte das propostas. \u201cO plano \u00e9 o de trazer ao conhecimento da popula\u00e7\u00e3o francana que estacionar na \u00c1rea Azul \u00e9 tamb\u00e9m um ato de solidariedade. Somos uma das \u00fanicas cidades brasileiras que destinam o valor arrecadado na \u00c1rea Azul para a \u2018transforma\u00e7\u00e3o de vidas\u2019\u201d, afirma Bruno, ao destacar que atualmente a Esac atende 700 pessoas em seus programas.<\/span><\/p>\n<p><span style=\"font-weight: 400;\">Bruno \u00e9 casado e pai de dois filhos, um casal. Ele nasceu em Santo Andr\u00e9, mas mora em Franca desde 1987, quando seus pais se mudaram a trabalho para a cidade. Conhe\u00e7a nesta entrevista ao Verdade um pouco mais sobre a hist\u00f3ria do Bruno, um jovem determinado e com disposi\u00e7\u00e3o para executar ideias que, certamente, transformar\u00e3o vidas.<\/span><\/p>\n<p>&nbsp;<\/p>\n<p><b>Bruno, como surgiu a oportunidade de disputar a presid\u00eancia da Esac?<\/b><\/p>\n<p><span style=\"font-weight: 400;\">Em 2019, ap\u00f3s receber uma homenagem da Esac por ter sido um ex-guarda mirim em destaque, fui convidado a me associar ao Rotary Club de Franca, que \u00e9 o clube de servi\u00e7os que faz a gest\u00e3o da entidade. Desde ent\u00e3o, como associado, integrei a diretoria da Esac como tesoureiro entre 2019\/2021 e o ent\u00e3o presidente, Dr. Rui Engr\u00e1cia Garcia, me convidou para que disputasse a presid\u00eancia para o bi\u00eanio seguinte, eu me candidatei em chapa \u00fanica, o que \u00e9 tradi\u00e7\u00e3o no clube, e fui eleito pelos companheiros associados do clube.\u00a0<\/span><\/p>\n<p><b>Como voc\u00ea se sente tendo sido eleito para um cargo t\u00e3o importante e para estar \u00e0 frente de uma entidade respeitad\u00edssima como a Esac?<\/b><\/p>\n<p><span style=\"font-weight: 400;\">O sentimento \u00e9 de responsabilidade, gratid\u00e3o e reconhecimento. A responsabilidade \u00e9 porque a entidade completa 53 anos de exist\u00eancia neste ano e os desafios impostos s\u00e3o muitos. Primeiro porque integro um rol de nomes muito importantes que passaram pela entidade, tais como Ant\u00f4nio Rocha, Jorge Alexandre Ati\u00ea, M\u00e1rcio Bagueira Leal, Lu\u00eds Mauro Costa Queiroz, Marinho da Concei\u00e7\u00e3o Proc\u00f3pio, Rui Engr\u00e1cia Garcia e Xisto Ant\u00f4nio de Oliveira J\u00fanior e isso \u00e9 de uma satisfa\u00e7\u00e3o enorme, aliada ao reconhecimento pelo que j\u00e1 fizeram pela entidade. A gratid\u00e3o \u00e9 pelo fato de poder voltar \u00e0 entidade que representa a possibilidade de pertencimento a tantos jovens de nossa cidade e regi\u00e3o. Entre os anos de 2000 e 2021 eu sa\u00eda do bairro em que eu residia em busca de voos jamais imaginados por uma fam\u00edlia simples e cheia de dificuldades. Mas eu apenas imaginava e a Esac foi a respons\u00e1vel por me mostrar que era poss\u00edvel. Entre tantas dificuldades, na Esac me senti pertencido a um mundo que \u00e9 sim cheio de oportunidades, mas oportunidades que precisam ser escancaradas ao jovem de periferia. Estar \u00e0 frente da Esac, que um dia me revelou v\u00e1rias possibilidades, \u00e9 tamb\u00e9m a forma de retribuir a for\u00e7a que a entidade representa e dar continuidade ao servi\u00e7o de excel\u00eancia que presta a mais de 700 pessoas anualmente.\u00a0<\/span><\/p>\n<p><b>Voc\u00ea j\u00e1 esteve na outra ponta dos trabalhos desenvolvidos pela entidade. Como foi a sua experi\u00eancia como Guarda Mirim?<\/b><\/p>\n<p><span style=\"font-weight: 400;\">Como Guarda Mirim eu trabalhei na \u00c1rea Azul durante seis meses e em seguida fui encaminhado para a empresa, onde me efetivei, trabalhei por quatro anos e desde ent\u00e3o venho desenvolvendo minha atividade profissional. Enquanto guarda mirim j\u00e1 tive o in\u00edcio da aprendizagem profissional. O trabalho na \u00c1rea Azul era penoso, mas com a viv\u00eancia de v\u00e1rias realidades, era poss\u00edvel pensar \u2018al\u00e9m\u2019 e ir moldando nossos sonhos.\u00a0<\/span><\/p>\n<p><b>Que aprendizados voc\u00ea teve e aplica em sua vida ap\u00f3s essa experi\u00eancia?<\/b><\/p>\n<p><span style=\"font-weight: 400;\">O aprendizado que a Esac passou e passa at\u00e9 hoje \u00e9 de que as oportunidades surgem e est\u00e3o abertas a todos, o problema \u00e9 a desigualdade que faz com que jovens sequer tenham conhecimento de tais oportunidades porque n\u00e3o se sentem pertencidos \u00e0 possibilidade de sonhar e realizar. Um preto, pobre, de fam\u00edlia muito humilde n\u00e3o tinha muito o que sonhar. A experi\u00eancia que tive e tenho \u00e9 a de que na vida s\u00f3 \u00e9 imposs\u00edvel at\u00e9 voc\u00ea ir l\u00e1 e fazer e fazer o que voc\u00ea quiser. Eu nunca sonhei baixo, sempre sonhei acima da m\u00e9dia porque sempre olhei no espelho e vi um vencedor, ainda que com v\u00e1rias fragilidades, v\u00e1rias incertezas, v\u00e1rias dificuldades, eu s\u00f3 consigo ver um vencedor. Aquele preto e pobre nunca fechou os olhos para as oportunidades e ent\u00e3o ficou na fila na Esac desde \u00e0s quatro horas da manh\u00e3 para conseguir uma vaga, conseguiu, trabalhou, fez o seu melhor por onde passou e hoje volta para agradecer e colocar em pr\u00e1tica tudo que come\u00e7ou aprendendo l\u00e1 mesmo. \u00c9 um c\u00edrculo vicioso que faz bem para mim enquanto profissional e de forma pessoal e a ideia \u00e9 de que fa\u00e7a muito bem \u00e0 Esac, todos funcion\u00e1rios e atendidos.<\/span><\/p>\n<p><b>Quais s\u00e3o seus planos para o primeiro ano de gest\u00e3o?<\/b><\/p>\n<p><span style=\"font-weight: 400;\">Para o primeiro ano de gest\u00e3o, o plano \u00e9 organizar a entidade do ponto de vista financeiro e operacional. Com 53 anos de exist\u00eancia, \u00e9 preciso fazer um plano de crescimento para que a entidade tenha sustentabilidade em todos seus servi\u00e7os, de modo a dar continuidade ao trabalho realizado. E isso est\u00e1 sendo feito desde ent\u00e3o. Com absoluta responsabilidade, nos aproximamos ainda mais dos funcion\u00e1rios e atendidos, para que o primeiro ano de gest\u00e3o seja o ano do crescimento.<\/span><\/p>\n<p><b>Sabemos que a pandemia impactou na sa\u00fade financeira da entidade e a Esac, em 53 anos de hist\u00f3ria, como voc\u00eas pr\u00f3prios afirmam, nunca passou por uma crise t\u00e3o profunda como a de agora. Quais s\u00e3o as propostas para superar esse momento?<\/b><\/p>\n<p><span style=\"font-weight: 400;\">A \u00fanica fonte de renda para o nosso programa de aprendizagem \u00e9 a \u00c1rea Azul. Com as medidas de isolamento no ano de 2020 e 2021, tivemos uma queda brusca de arrecada\u00e7\u00e3o e como somos uma entidade sem fins lucrativos, n\u00e3o temos caixa para suportar adversidades, principalmente por t\u00e3o longo per\u00edodo. O plano \u00e9 o de trazer ao conhecimento da popula\u00e7\u00e3o francana que estacionar na \u00c1rea Azul \u00e9 tamb\u00e9m um ato de solidariedade. Somos uma das \u00fanicas cidades brasileiras que destinam o valor arrecadado na \u00c1rea Azul para a \u201ctransforma\u00e7\u00e3o de vidas\u201d. Portanto, o plano \u00e9 voltar a arrecadar em n\u00edveis iguais e melhores ao anterior da pandemia, de forma a dar sustentabilidade aos nossos programas.<\/span><\/p>\n<p><b>A Esac conta atualmente com que recursos para desenvolver os trabalhos?<\/b><\/p>\n<p><span style=\"font-weight: 400;\">Para o programa de aprendizagem, o \u00fanico recurso \u00e9 a arrecada\u00e7\u00e3o com a explora\u00e7\u00e3o da \u00c1rea Azul do munic\u00edpio. Para os demais servi\u00e7os, a renda adv\u00e9m de parceria com o Poder P\u00fablico Municipal e Estadual.<\/span><\/p>\n<p><b>Bruno, quais s\u00e3o as frentes de trabalho da Esac hoje? E qual p\u00fablico voc\u00eas atendem?<\/b><\/p>\n<p><span style=\"font-weight: 400;\">Temos quatro frentes de trabalho. O programa de aprendizagem profissional, que \u00e9 o programa que insere mais de 400 jovens ao mercado de trabalho anualmente, pelo qual s\u00e3o acompanhados por professores capacitados e aptos a oferecerem aulas sobre diversas realidades administrativas, al\u00e9m de projetos que incluem ensinamentos sobre cidadania, justi\u00e7a, promo\u00e7\u00e3o social, etc. Temos ainda o Servi\u00e7o de Conviv\u00eancia e Fortalecimento de V\u00ednculos que trabalha no atendimento de crian\u00e7as e fam\u00edlias em situa\u00e7\u00e3o de vulnerabilidades sociais das mais diversas, atrav\u00e9s de programa multiprofissional que ajuda a amenizar tais vulnerabilidades. Oferecemos tamb\u00e9m o programa de Medida Socioeducativa que faz a implementa\u00e7\u00e3o da aplica\u00e7\u00e3o de medidas a jovens que se corromperam por alguma pr\u00e1tica an\u00e1loga a crimes, servi\u00e7o que inclusive remonta a um \u00edndice baix\u00edssimo de reitera\u00e7\u00e3o em condutas, o que \u00e9 de grande satisfa\u00e7\u00e3o para nossa entidade. Al\u00e9m disso, a explora\u00e7\u00e3o da \u00c1rea Azul do munic\u00edpio, que emprega diretamente mais de 40 pessoas, que s\u00e3o os agentes respons\u00e1veis pela venda dos tal\u00f5es de estacionamento rotativo.<\/span><\/p>\n<p><b>Qual a import\u00e2ncia de manter esses projetos?<\/b><\/p>\n<p><span style=\"font-weight: 400;\">A import\u00e2ncia na manuten\u00e7\u00e3o de todas as frentes \u00e9 porque lidamos com a transforma\u00e7\u00e3o de vidas em todas elas. Seja pela possibilidade de emprego a v\u00e1rias pessoas, seja pela fun\u00e7\u00e3o social da entidade que \u00e9 reconhecida por toda popula\u00e7\u00e3o e \u00e9 destaque em v\u00e1rios munic\u00edpios que nos t\u00eam como exemplo. Somos refer\u00eancia nos servi\u00e7os que prestamos porque somos obcecados pela transforma\u00e7\u00e3o da realidade de v\u00e1rias pessoas, o que \u00e9 facilmente percebido pelas frentes de trabalho que realizamos. Parar com qualquer servi\u00e7o seria deixar de lado a vulnerabilidade de v\u00e1rias pessoas que, muitas vezes, enxergam em nossa entidade o \u00fanico reduto para continuarem suas vidas.\u00a0<\/span><\/p>\n<p><b>Como a comunidade pode contribuir com a Esac e esse processo de \u2018transforma\u00e7\u00e3o de vidas\u2019?<\/b><\/p>\n<p><span style=\"font-weight: 400;\">Primeiramente, a comunidade pode contribuir reconhecendo nosso trabalho. A come\u00e7ar pela \u00c1rea Azul, \u00e9 importante que todos tenham ci\u00eancia da fun\u00e7\u00e3o social que o estacionamento rotativo representa em nossa cidade, al\u00e9m de que reconhe\u00e7am que a falta de cart\u00e3o nos ve\u00edculos \u00e9 uma infra\u00e7\u00e3o de tr\u00e2nsito, o que \u00e9 imposto por lei e n\u00e3o por n\u00f3s. A cada cart\u00e3o colocado, \u00e9 um fomento que se d\u00e1 \u00e0 entidade. Al\u00e9m disso, o apelo segue aos comerciantes de nosso Centro. A \u00c1rea Azul &#8211; e em consequ\u00eancia a Esac &#8211; \u00e9 uma parceira para o fomento de seus pr\u00f3prios neg\u00f3cios. Em munic\u00edpios onde n\u00e3o existe a \u00c1rea Azul, o estacionamento nos centros das cidades \u00e9 quase que imposs\u00edvel, o que faz com que as pessoas procurem outros centros comerciais para realizarem suas compras. Quando existe o estacionamento rotativo, seu pr\u00f3prio nome revela que a circula\u00e7\u00e3o de carros e pessoas ser\u00e1 maior, de modo que o com\u00e9rcio se mant\u00e9m justamente com a maior quantidade de pessoas que circulam diariamente. Al\u00e9m disso, a Esac possui arrecada\u00e7\u00e3o de itens permanentes para realiza\u00e7\u00e3o de bazares ao longo do ano, portanto, \u00e9 sempre bem vinda a doa\u00e7\u00e3o de roupas, cal\u00e7ados, objetos de decora\u00e7\u00e3o, tudo para que dar sustentabilidade ao trabalho que \u00e9 realizado.\u00a0<\/span><\/p>\n<p><b>No texto de apresenta\u00e7\u00e3o da nova diretoria enviado \u00e0 imprensa, voc\u00eas informaram que a entidade precisa \u201cmodernizar e trazer ainda mais efetividade ao trabalho realizado\u201d. Que a\u00e7\u00f5es voc\u00eas planejam para alcan\u00e7ar esses avan\u00e7os?<\/b><\/p>\n<p><span style=\"font-weight: 400;\">A moderniza\u00e7\u00e3o decorre de um processo e avan\u00e7o natural dos tempos. Precisamos nos tornar sustent\u00e1veis com a utiliza\u00e7\u00e3o de menos pap\u00e9is na \u00c1rea Azul, al\u00e9m de nos aliarmos \u00e0 tecnologia para venda dos cart\u00f5es e imposi\u00e7\u00e3o das advert\u00eancias aos motoristas infratores. Al\u00e9m disso, estudamos parcerias com o Munic\u00edpio, com a Pol\u00edcia Militar para que a imposi\u00e7\u00e3o das multas aos motoristas seja realizada de forma mais efetiva para complementar nosso trabalho. Al\u00e9m disso, a entidade precisa continuar crescendo e transformando vidas, o que ser\u00e1 nossa obstina\u00e7\u00e3o do primeiro ao \u00faltimo dia de gest\u00e3o.<\/span><\/p>\n<p><b>Bruno, gostaria de complementar com mais alguma informa\u00e7\u00e3o?<\/b><\/p>\n<p><span style=\"font-weight: 400;\">Primeiro, quero agradecer a gentileza e carinho que a imprensa trata a Esac e a mim, pessoalmente. Quero agradecer pela diretoria participativa que tem nos acompanhado nessa miss\u00e3o, a todos funcion\u00e1rios, na pessoa de nossa competente gerente administrativa h\u00e1 quase 30 anos, Geraldine Fuga Menezes, e a toda comunidade francana pelo reconhecimento de nosso trabalho. Saibam que do primeiro ao \u00faltimo dia de gest\u00e3o, sempre estaremos abertos ao di\u00e1logo, \u00e0s sugest\u00f5es, \u00e0s cr\u00edticas e \u00e0 vontade de servir o pr\u00f3ximo, o que nos \u00e9 peculiar. Convido todos para que estejam conosco e sintam-se orgulhosos por uma entidade francana que ajudou a transformar a minha vida e vai continuar transformando a vida de muita gente. Nossa eterna gratid\u00e3o!<\/span><\/p>\n<p>&nbsp;<\/p>\n","protected":false},"excerpt":{"rendered":"<p>O advogado Bruno da Silva Oliveira assumiu a presid\u00eancia da Esac e quer retribuir \u00e0 entidade as transforma\u00e7\u00f5es que proporcionou em sua vida Nelise Luques O<span class=\"excerpt-hellip\"> [\u2026]<\/span><\/p>\n","protected":false},"author":12,"featured_media":22860,"comment_status":"open","ping_status":"open","sticky":false,"template":"","format":"standard","meta":{"_jetpack_memberships_contains_paid_content":false,"footnotes":"","jetpack_publicize_message":"","jetpack_publicize_feature_enabled":true,"jetpack_social_post_already_shared":false,"jetpack_social_options":{"image_generator_settings":{"template":"highway","default_image_id":0,"enabled":false},"version":2}},"categories":[28,81],"tags":[],"class_list":["post-22859","post","type-post","status-publish","format-standard","has-post-thumbnail","hentry","category-cotidiano","category-manchete"],"yoast_head":"<!-- This site is optimized with the Yoast SEO plugin v25.6 - https:\/\/yoast.com\/wordpress\/plugins\/seo\/ -->\n<title>\u2018Estacionar na \u00c1rea Azul \u00e9 tamb\u00e9m um ato de solidariedade\u2019 - VerdadeOn<\/title>\n<meta name=\"robots\" content=\"index, follow, max-snippet:-1, max-image-preview:large, max-video-preview:-1\" \/>\n<link rel=\"canonical\" href=\"https:\/\/verdadeon.com.br\/portal\/2022\/02\/05\/estacionar-na-area-azul-e-tambem-um-ato-de-solidariedade\/\" \/>\n<meta property=\"og:locale\" content=\"pt_BR\" \/>\n<meta property=\"og:type\" content=\"article\" \/>\n<meta property=\"og:title\" content=\"\u2018Estacionar na \u00c1rea Azul \u00e9 tamb\u00e9m um ato de solidariedade\u2019 - VerdadeOn\" \/>\n<meta property=\"og:description\" content=\"O advogado Bruno da Silva Oliveira assumiu a presid\u00eancia da Esac e quer retribuir \u00e0 entidade as transforma\u00e7\u00f5es que proporcionou em sua vida Nelise Luques O [\u2026]\" \/>\n<meta property=\"og:url\" content=\"https:\/\/verdadeon.com.br\/portal\/2022\/02\/05\/estacionar-na-area-azul-e-tambem-um-ato-de-solidariedade\/\" \/>\n<meta property=\"og:site_name\" content=\"VerdadeOn\" \/>\n<meta property=\"article:published_time\" content=\"2022-02-05T19:30:02+00:00\" \/>\n<meta property=\"og:image\" content=\"https:\/\/verdadeon.com.br\/portal\/wp-content\/uploads\/2022\/02\/BRUNO-DA-SILVA-OLIVEIRA-PRESIDENTE-DA-ESAC-FOTO-ARQUIVO-PESSOAL.jpeg\" \/>\n\t<meta property=\"og:image:width\" content=\"1600\" \/>\n\t<meta property=\"og:image:height\" content=\"1200\" \/>\n\t<meta property=\"og:image:type\" content=\"image\/jpeg\" \/>\n<meta name=\"author\" content=\"Nelise Luques\" \/>\n<meta name=\"twitter:card\" content=\"summary_large_image\" \/>\n<meta name=\"twitter:label1\" content=\"Escrito por\" \/>\n\t<meta name=\"twitter:data1\" content=\"Nelise Luques\" \/>\n\t<meta name=\"twitter:label2\" content=\"Est. tempo de leitura\" \/>\n\t<meta name=\"twitter:data2\" content=\"11 minutos\" \/>\n<script type=\"application\/ld+json\" class=\"yoast-schema-graph\">{\"@context\":\"https:\/\/schema.org\",\"@graph\":[{\"@type\":\"WebPage\",\"@id\":\"https:\/\/verdadeon.com.br\/portal\/2022\/02\/05\/estacionar-na-area-azul-e-tambem-um-ato-de-solidariedade\/\",\"url\":\"https:\/\/verdadeon.com.br\/portal\/2022\/02\/05\/estacionar-na-area-azul-e-tambem-um-ato-de-solidariedade\/\",\"name\":\"\u2018Estacionar na \u00c1rea Azul \u00e9 tamb\u00e9m um ato de solidariedade\u2019 - VerdadeOn\",\"isPartOf\":{\"@id\":\"https:\/\/verdadeon.com.br\/portal\/#website\"},\"primaryImageOfPage\":{\"@id\":\"https:\/\/verdadeon.com.br\/portal\/2022\/02\/05\/estacionar-na-area-azul-e-tambem-um-ato-de-solidariedade\/#primaryimage\"},\"image\":{\"@id\":\"https:\/\/verdadeon.com.br\/portal\/2022\/02\/05\/estacionar-na-area-azul-e-tambem-um-ato-de-solidariedade\/#primaryimage\"},\"thumbnailUrl\":\"https:\/\/i0.wp.com\/verdadeon.com.br\/portal\/wp-content\/uploads\/2022\/02\/BRUNO-DA-SILVA-OLIVEIRA-PRESIDENTE-DA-ESAC-FOTO-ARQUIVO-PESSOAL.jpeg?fit=1600%2C1200&ssl=1\",\"datePublished\":\"2022-02-05T19:30:02+00:00\",\"author\":{\"@id\":\"https:\/\/verdadeon.com.br\/portal\/#\/schema\/person\/8248726d36015c1916636fabb175d972\"},\"breadcrumb\":{\"@id\":\"https:\/\/verdadeon.com.br\/portal\/2022\/02\/05\/estacionar-na-area-azul-e-tambem-um-ato-de-solidariedade\/#breadcrumb\"},\"inLanguage\":\"pt-BR\",\"potentialAction\":[{\"@type\":\"ReadAction\",\"target\":[\"https:\/\/verdadeon.com.br\/portal\/2022\/02\/05\/estacionar-na-area-azul-e-tambem-um-ato-de-solidariedade\/\"]}]},{\"@type\":\"ImageObject\",\"inLanguage\":\"pt-BR\",\"@id\":\"https:\/\/verdadeon.com.br\/portal\/2022\/02\/05\/estacionar-na-area-azul-e-tambem-um-ato-de-solidariedade\/#primaryimage\",\"url\":\"https:\/\/i0.wp.com\/verdadeon.com.br\/portal\/wp-content\/uploads\/2022\/02\/BRUNO-DA-SILVA-OLIVEIRA-PRESIDENTE-DA-ESAC-FOTO-ARQUIVO-PESSOAL.jpeg?fit=1600%2C1200&ssl=1\",\"contentUrl\":\"https:\/\/i0.wp.com\/verdadeon.com.br\/portal\/wp-content\/uploads\/2022\/02\/BRUNO-DA-SILVA-OLIVEIRA-PRESIDENTE-DA-ESAC-FOTO-ARQUIVO-PESSOAL.jpeg?fit=1600%2C1200&ssl=1\",\"width\":1600,\"height\":1200,\"caption\":\"Bruno de Oliveira Silva fala sobre as a\u00e7\u00f5es para este primeiro ano na presid\u00eancia da Esac: \\\"Para o primeiro ano de gest\u00e3o, o plano \u00e9 organizar a entidade do ponto de vista financeiro e operacional\\\" | Foto: Arquivo Pessoal\"},{\"@type\":\"BreadcrumbList\",\"@id\":\"https:\/\/verdadeon.com.br\/portal\/2022\/02\/05\/estacionar-na-area-azul-e-tambem-um-ato-de-solidariedade\/#breadcrumb\",\"itemListElement\":[{\"@type\":\"ListItem\",\"position\":1,\"name\":\"In\u00edcio\",\"item\":\"https:\/\/verdadeon.com.br\/portal\/\"},{\"@type\":\"ListItem\",\"position\":2,\"name\":\"\u2018Estacionar na \u00c1rea Azul \u00e9 tamb\u00e9m um ato de solidariedade\u2019\"}]},{\"@type\":\"WebSite\",\"@id\":\"https:\/\/verdadeon.com.br\/portal\/#website\",\"url\":\"https:\/\/verdadeon.com.br\/portal\/\",\"name\":\"VerdadeOn\",\"description\":\"Not\u00edcias di\u00e1rias sobre Franca, Regi\u00e3o, Esporte, Cultura, Cotidiano, Colunas. Cobertura nos principais eventos da cidade \u00e9 aqui - Verdadeon Franca\",\"potentialAction\":[{\"@type\":\"SearchAction\",\"target\":{\"@type\":\"EntryPoint\",\"urlTemplate\":\"https:\/\/verdadeon.com.br\/portal\/?s={search_term_string}\"},\"query-input\":{\"@type\":\"PropertyValueSpecification\",\"valueRequired\":true,\"valueName\":\"search_term_string\"}}],\"inLanguage\":\"pt-BR\"},{\"@type\":\"Person\",\"@id\":\"https:\/\/verdadeon.com.br\/portal\/#\/schema\/person\/8248726d36015c1916636fabb175d972\",\"name\":\"Nelise Luques\",\"image\":{\"@type\":\"ImageObject\",\"inLanguage\":\"pt-BR\",\"@id\":\"https:\/\/verdadeon.com.br\/portal\/#\/schema\/person\/image\/\",\"url\":\"https:\/\/secure.gravatar.com\/avatar\/29b2a17f5bcadeb827411b66f48ac13c3e0ecaf5906c0f5745ecc5d41c24eada?s=96&d=mm&r=g\",\"contentUrl\":\"https:\/\/secure.gravatar.com\/avatar\/29b2a17f5bcadeb827411b66f48ac13c3e0ecaf5906c0f5745ecc5d41c24eada?s=96&d=mm&r=g\",\"caption\":\"Nelise Luques\"},\"url\":\"https:\/\/verdadeon.com.br\/portal\/author\/verdade\/\"}]}<\/script>\n<!-- \/ Yoast SEO plugin. -->","yoast_head_json":{"title":"\u2018Estacionar na \u00c1rea Azul \u00e9 tamb\u00e9m um ato de solidariedade\u2019 - VerdadeOn","robots":{"index":"index","follow":"follow","max-snippet":"max-snippet:-1","max-image-preview":"max-image-preview:large","max-video-preview":"max-video-preview:-1"},"canonical":"https:\/\/verdadeon.com.br\/portal\/2022\/02\/05\/estacionar-na-area-azul-e-tambem-um-ato-de-solidariedade\/","og_locale":"pt_BR","og_type":"article","og_title":"\u2018Estacionar na \u00c1rea Azul \u00e9 tamb\u00e9m um ato de solidariedade\u2019 - VerdadeOn","og_description":"O advogado Bruno da Silva Oliveira assumiu a presid\u00eancia da Esac e quer retribuir \u00e0 entidade as transforma\u00e7\u00f5es que proporcionou em sua vida Nelise Luques O [\u2026]","og_url":"https:\/\/verdadeon.com.br\/portal\/2022\/02\/05\/estacionar-na-area-azul-e-tambem-um-ato-de-solidariedade\/","og_site_name":"VerdadeOn","article_published_time":"2022-02-05T19:30:02+00:00","og_image":[{"width":1600,"height":1200,"url":"https:\/\/verdadeon.com.br\/portal\/wp-content\/uploads\/2022\/02\/BRUNO-DA-SILVA-OLIVEIRA-PRESIDENTE-DA-ESAC-FOTO-ARQUIVO-PESSOAL.jpeg","type":"image\/jpeg"}],"author":"Nelise Luques","twitter_card":"summary_large_image","twitter_misc":{"Escrito por":"Nelise Luques","Est. tempo de leitura":"11 minutos"},"schema":{"@context":"https:\/\/schema.org","@graph":[{"@type":"WebPage","@id":"https:\/\/verdadeon.com.br\/portal\/2022\/02\/05\/estacionar-na-area-azul-e-tambem-um-ato-de-solidariedade\/","url":"https:\/\/verdadeon.com.br\/portal\/2022\/02\/05\/estacionar-na-area-azul-e-tambem-um-ato-de-solidariedade\/","name":"\u2018Estacionar na \u00c1rea Azul \u00e9 tamb\u00e9m um ato de solidariedade\u2019 - VerdadeOn","isPartOf":{"@id":"https:\/\/verdadeon.com.br\/portal\/#website"},"primaryImageOfPage":{"@id":"https:\/\/verdadeon.com.br\/portal\/2022\/02\/05\/estacionar-na-area-azul-e-tambem-um-ato-de-solidariedade\/#primaryimage"},"image":{"@id":"https:\/\/verdadeon.com.br\/portal\/2022\/02\/05\/estacionar-na-area-azul-e-tambem-um-ato-de-solidariedade\/#primaryimage"},"thumbnailUrl":"https:\/\/i0.wp.com\/verdadeon.com.br\/portal\/wp-content\/uploads\/2022\/02\/BRUNO-DA-SILVA-OLIVEIRA-PRESIDENTE-DA-ESAC-FOTO-ARQUIVO-PESSOAL.jpeg?fit=1600%2C1200&ssl=1","datePublished":"2022-02-05T19:30:02+00:00","author":{"@id":"https:\/\/verdadeon.com.br\/portal\/#\/schema\/person\/8248726d36015c1916636fabb175d972"},"breadcrumb":{"@id":"https:\/\/verdadeon.com.br\/portal\/2022\/02\/05\/estacionar-na-area-azul-e-tambem-um-ato-de-solidariedade\/#breadcrumb"},"inLanguage":"pt-BR","potentialAction":[{"@type":"ReadAction","target":["https:\/\/verdadeon.com.br\/portal\/2022\/02\/05\/estacionar-na-area-azul-e-tambem-um-ato-de-solidariedade\/"]}]},{"@type":"ImageObject","inLanguage":"pt-BR","@id":"https:\/\/verdadeon.com.br\/portal\/2022\/02\/05\/estacionar-na-area-azul-e-tambem-um-ato-de-solidariedade\/#primaryimage","url":"https:\/\/i0.wp.com\/verdadeon.com.br\/portal\/wp-content\/uploads\/2022\/02\/BRUNO-DA-SILVA-OLIVEIRA-PRESIDENTE-DA-ESAC-FOTO-ARQUIVO-PESSOAL.jpeg?fit=1600%2C1200&ssl=1","contentUrl":"https:\/\/i0.wp.com\/verdadeon.com.br\/portal\/wp-content\/uploads\/2022\/02\/BRUNO-DA-SILVA-OLIVEIRA-PRESIDENTE-DA-ESAC-FOTO-ARQUIVO-PESSOAL.jpeg?fit=1600%2C1200&ssl=1","width":1600,"height":1200,"caption":"Bruno de Oliveira Silva fala sobre as a\u00e7\u00f5es para este primeiro ano na presid\u00eancia da Esac: \"Para o primeiro ano de gest\u00e3o, o plano \u00e9 organizar a entidade do ponto de vista financeiro e operacional\" | Foto: Arquivo Pessoal"},{"@type":"BreadcrumbList","@id":"https:\/\/verdadeon.com.br\/portal\/2022\/02\/05\/estacionar-na-area-azul-e-tambem-um-ato-de-solidariedade\/#breadcrumb","itemListElement":[{"@type":"ListItem","position":1,"name":"In\u00edcio","item":"https:\/\/verdadeon.com.br\/portal\/"},{"@type":"ListItem","position":2,"name":"\u2018Estacionar na \u00c1rea Azul \u00e9 tamb\u00e9m um ato de solidariedade\u2019"}]},{"@type":"WebSite","@id":"https:\/\/verdadeon.com.br\/portal\/#website","url":"https:\/\/verdadeon.com.br\/portal\/","name":"VerdadeOn","description":"Not\u00edcias di\u00e1rias sobre Franca, Regi\u00e3o, Esporte, Cultura, Cotidiano, Colunas. Cobertura nos principais eventos da cidade \u00e9 aqui - Verdadeon Franca","potentialAction":[{"@type":"SearchAction","target":{"@type":"EntryPoint","urlTemplate":"https:\/\/verdadeon.com.br\/portal\/?s={search_term_string}"},"query-input":{"@type":"PropertyValueSpecification","valueRequired":true,"valueName":"search_term_string"}}],"inLanguage":"pt-BR"},{"@type":"Person","@id":"https:\/\/verdadeon.com.br\/portal\/#\/schema\/person\/8248726d36015c1916636fabb175d972","name":"Nelise Luques","image":{"@type":"ImageObject","inLanguage":"pt-BR","@id":"https:\/\/verdadeon.com.br\/portal\/#\/schema\/person\/image\/","url":"https:\/\/secure.gravatar.com\/avatar\/29b2a17f5bcadeb827411b66f48ac13c3e0ecaf5906c0f5745ecc5d41c24eada?s=96&d=mm&r=g","contentUrl":"https:\/\/secure.gravatar.com\/avatar\/29b2a17f5bcadeb827411b66f48ac13c3e0ecaf5906c0f5745ecc5d41c24eada?s=96&d=mm&r=g","caption":"Nelise Luques"},"url":"https:\/\/verdadeon.com.br\/portal\/author\/verdade\/"}]}},"jetpack_publicize_connections":[],"jetpack_featured_media_url":"https:\/\/i0.wp.com\/verdadeon.com.br\/portal\/wp-content\/uploads\/2022\/02\/BRUNO-DA-SILVA-OLIVEIRA-PRESIDENTE-DA-ESAC-FOTO-ARQUIVO-PESSOAL.jpeg?fit=1600%2C1200&ssl=1","jetpack_sharing_enabled":true,"_links":{"self":[{"href":"https:\/\/verdadeon.com.br\/portal\/wp-json\/wp\/v2\/posts\/22859","targetHints":{"allow":["GET"]}}],"collection":[{"href":"https:\/\/verdadeon.com.br\/portal\/wp-json\/wp\/v2\/posts"}],"about":[{"href":"https:\/\/verdadeon.com.br\/portal\/wp-json\/wp\/v2\/types\/post"}],"author":[{"embeddable":true,"href":"https:\/\/verdadeon.com.br\/portal\/wp-json\/wp\/v2\/users\/12"}],"replies":[{"embeddable":true,"href":"https:\/\/verdadeon.com.br\/portal\/wp-json\/wp\/v2\/comments?post=22859"}],"version-history":[{"count":1,"href":"https:\/\/verdadeon.com.br\/portal\/wp-json\/wp\/v2\/posts\/22859\/revisions"}],"predecessor-version":[{"id":22861,"href":"https:\/\/verdadeon.com.br\/portal\/wp-json\/wp\/v2\/posts\/22859\/revisions\/22861"}],"wp:featuredmedia":[{"embeddable":true,"href":"https:\/\/verdadeon.com.br\/portal\/wp-json\/wp\/v2\/media\/22860"}],"wp:attachment":[{"href":"https:\/\/verdadeon.com.br\/portal\/wp-json\/wp\/v2\/media?parent=22859"}],"wp:term":[{"taxonomy":"category","embeddable":true,"href":"https:\/\/verdadeon.com.br\/portal\/wp-json\/wp\/v2\/categories?post=22859"},{"taxonomy":"post_tag","embeddable":true,"href":"https:\/\/verdadeon.com.br\/portal\/wp-json\/wp\/v2\/tags?post=22859"}],"curies":[{"name":"wp","href":"https:\/\/api.w.org\/{rel}","templated":true}]}}