{"id":22839,"date":"2022-02-04T16:11:40","date_gmt":"2022-02-04T19:11:40","guid":{"rendered":"https:\/\/verdadeon.com.br\/portal\/?p=22839"},"modified":"2022-02-04T18:10:47","modified_gmt":"2022-02-04T21:10:47","slug":"franca-tem-mais-de-440-vagas-de-empregos-abertas","status":"publish","type":"post","link":"https:\/\/verdadeon.com.br\/portal\/2022\/02\/04\/franca-tem-mais-de-440-vagas-de-empregos-abertas\/","title":{"rendered":"Franca tem mais de 440 vagas de empregos abertas"},"content":{"rendered":"<h2>Op\u00e7\u00f5es s\u00e3o para \u00e1reas diversas e exigem de curso fundamental a superior. H\u00e1 contrata\u00e7\u00f5es para in\u00edcio imediato<\/h2>\n<p><span style=\"font-weight: 400;\">Pelo menos 442 vagas de emprego est\u00e3o abertas em Franca no momento. O levantamento \u00e9 feito com base nas oportunidades de emprego divulgadas pela Agiliza, Acif Empregos e o PAT (<\/span><span style=\"font-weight: 400;\">Posto de Atendimento ao Trabalhador<\/span><span style=\"font-weight: 400;\">). As op\u00e7\u00f5es s\u00e3o para diversas \u00e1reas, h\u00e1 cargos que exigem experi\u00eancia e forma\u00e7\u00e3o no ensino fundamental, m\u00e9dio, t\u00e9cnico ou superior.\u00a0<\/span><\/p>\n<p><span style=\"font-weight: 400;\">A Agiliza tem atualmente 81 vagas em aberto nos segmentos administrativo, comercial, operacional, contabilidade, de ind\u00fastrias de cal\u00e7ados, borracha, curtume e qu\u00edmica, al\u00e9m de vagas de est\u00e1gio para n\u00edvel superior\/t\u00e9cnico e ensino m\u00e9dio. Os interessados devem entrar em contato pelo site <\/span><a href=\"http:\/\/www.agiliza.com\/vagas\"><span style=\"font-weight: 400;\">www.agiliza.com\/vagas<\/span><\/a><span style=\"font-weight: 400;\"> ou pelo email <\/span><a href=\"mailto:vagas@agiliza.com\"><span style=\"font-weight: 400;\">vagas@agiliza.com<\/span><\/a><span style=\"font-weight: 400;\">.<\/span><\/p>\n<p><span style=\"font-weight: 400;\">O PAT de Franca \u00e9 o que concentra o maior n\u00famero de vagas de emprego, com 282 op\u00e7\u00f5es, entre supervisor de vendas, auxiliar de farm\u00e1cia, recepcionista, auxiliar administrativo e motoboy. As oportunidades podem ser consultadas atrav\u00e9s do site <\/span><a href=\"https:\/\/www.franca.sp.gov.br\/arquivos\/pat\/documentos\/vagas-03022022.pdf\"><span style=\"font-weight: 400;\">www.franca.sp.gov.br\/arquivos\/pat\/documentos\/vagas-03022022.pdf<\/span><\/a><span style=\"font-weight: 400;\">. Para se candidatar, \u00e9 preciso preencher um cadastro informando dados pessoais e o c\u00f3digo da vaga de insteresse atrav\u00e9s do link <\/span><a href=\"https:\/\/docs.google.com\/forms\/d\/e\/1FAIpQLSf3zinmwnXaNhf7Wbhy6gfx0SHrARc9eGxmUVHvgjsaPGSSnQ\/viewform\"><span style=\"font-weight: 400;\">https:\/\/docs.google.com\/forms\/d\/e\/1FAIpQLSf3zinmwnXaNhf7Wbhy6gfx0SHrARc9eGxmUVHvgjsaPGSSnQ\/viewform<\/span><\/a><span style=\"font-weight: 400;\">.<\/span><\/p>\n<p><span style=\"font-weight: 400;\">O Acif Empregos \u2013 ferramenta de exposi\u00e7\u00e3o de vagas de trabalho, operada pela Associa\u00e7\u00e3o do Com\u00e9rcio e Ind\u00fastria de Franca &#8211; est\u00e1 com 79 oportunidades para in\u00edcio imediato. O cadastro de curr\u00edculo \u00e9 gratuito e as oportunidades diversas. H\u00e1 busca por costureira, cozinheira, ajudante de cozinha, cuidador de idosos, t\u00e9cnico em inform\u00e1tica, bem como em eletr\u00f4nica, analistas cont\u00e1bil e tamb\u00e9m fiscal, motoboys, assistente de Departamento de Pessoal, Departamento Societ\u00e1rio, mec\u00e2nico e muito mais.<\/span><\/p>\n<p><span style=\"font-weight: 400;\">\u201cO cadastro do curr\u00edculo \u00e9 gratuito, online e simples: basta que o candidato escolha a vaga adequada ao seu perfil profissional e preencha nosso formul\u00e1rio, dispon\u00edvel no pr\u00f3prio Acif Empregos\u201d, afirma a coordenadora de Desenvolvimento Empresarial da associa\u00e7\u00e3o, Danila Sart\u00f3rio.<\/span><\/p>\n<p><span style=\"font-weight: 400;\">O acesso ao sistema Acif Empregos pode ser feito por meio do link <\/span><a href=\"http:\/\/www.acifempregos.com.br\/\"><span style=\"font-weight: 400;\">www.acifempregos.com.br<\/span><\/a><span style=\"font-weight: 400;\">. L\u00e1, o candidato consegue ver a lista completa de vagas, suas descri\u00e7\u00f5es e o perfil de profissional procurado. No mesmo espa\u00e7o, \u00e9 poss\u00edvel se candidatar para a vaga desejada. Os interessados ainda podem optar por enviar seus curr\u00edculos ao e-mail a seguir: <\/span><span style=\"font-weight: 400;\">acifempregosfranca@gmail.com<\/span><span style=\"font-weight: 400;\">. \u00c9 necess\u00e1rio inserir, no corpo do email, o c\u00f3digo referente a vaga, ou vagas, de interesse.<\/span><\/p>\n<p><span style=\"font-weight: 400;\">\u00a0<\/span><\/p>\n<p>&nbsp;<\/p>\n","protected":false},"excerpt":{"rendered":"<p>Op\u00e7\u00f5es s\u00e3o para \u00e1reas diversas e exigem de curso fundamental a superior. H\u00e1 contrata\u00e7\u00f5es para in\u00edcio imediato Pelo menos 442 vagas de emprego est\u00e3o abertas em<span class=\"excerpt-hellip\"> [\u2026]<\/span><\/p>\n","protected":false},"author":10,"featured_media":22840,"comment_status":"open","ping_status":"open","sticky":false,"template":"","format":"standard","meta":{"_jetpack_memberships_contains_paid_content":false,"footnotes":"","jetpack_publicize_message":"","jetpack_publicize_feature_enabled":true,"jetpack_social_post_already_shared":false,"jetpack_social_options":{"image_generator_settings":{"template":"highway","default_image_id":0,"enabled":false},"version":2}},"categories":[28,81],"tags":[],"class_list":["post-22839","post","type-post","status-publish","format-standard","has-post-thumbnail","hentry","category-cotidiano","category-manchete"],"yoast_head":"<!-- This site is optimized with the Yoast SEO plugin v25.6 - https:\/\/yoast.com\/wordpress\/plugins\/seo\/ -->\n<title>Franca tem mais de 440 vagas de empregos abertas - VerdadeOn<\/title>\n<meta name=\"robots\" content=\"index, follow, max-snippet:-1, max-image-preview:large, max-video-preview:-1\" \/>\n<link rel=\"canonical\" href=\"https:\/\/verdadeon.com.br\/portal\/2022\/02\/04\/franca-tem-mais-de-440-vagas-de-empregos-abertas\/\" \/>\n<meta property=\"og:locale\" content=\"pt_BR\" \/>\n<meta property=\"og:type\" content=\"article\" \/>\n<meta property=\"og:title\" content=\"Franca tem mais de 440 vagas de empregos abertas - VerdadeOn\" \/>\n<meta property=\"og:description\" content=\"Op\u00e7\u00f5es s\u00e3o para \u00e1reas diversas e exigem de curso fundamental a superior. H\u00e1 contrata\u00e7\u00f5es para in\u00edcio imediato Pelo menos 442 vagas de emprego est\u00e3o abertas em [\u2026]\" \/>\n<meta property=\"og:url\" content=\"https:\/\/verdadeon.com.br\/portal\/2022\/02\/04\/franca-tem-mais-de-440-vagas-de-empregos-abertas\/\" \/>\n<meta property=\"og:site_name\" content=\"VerdadeOn\" \/>\n<meta property=\"article:published_time\" content=\"2022-02-04T19:11:40+00:00\" \/>\n<meta property=\"article:modified_time\" content=\"2022-02-04T21:10:47+00:00\" \/>\n<meta property=\"og:image\" content=\"https:\/\/verdadeon.com.br\/portal\/wp-content\/uploads\/2022\/02\/trabalho.jpg\" \/>\n\t<meta property=\"og:image:width\" content=\"1000\" \/>\n\t<meta property=\"og:image:height\" content=\"670\" \/>\n\t<meta property=\"og:image:type\" content=\"image\/jpeg\" \/>\n<meta name=\"author\" content=\"Redacao VerdadeOn\" \/>\n<meta name=\"twitter:card\" content=\"summary_large_image\" \/>\n<meta name=\"twitter:label1\" content=\"Escrito por\" \/>\n\t<meta name=\"twitter:data1\" content=\"Redacao VerdadeOn\" \/>\n\t<meta name=\"twitter:label2\" content=\"Est. tempo de leitura\" \/>\n\t<meta name=\"twitter:data2\" content=\"3 minutos\" \/>\n<script type=\"application\/ld+json\" class=\"yoast-schema-graph\">{\"@context\":\"https:\/\/schema.org\",\"@graph\":[{\"@type\":\"WebPage\",\"@id\":\"https:\/\/verdadeon.com.br\/portal\/2022\/02\/04\/franca-tem-mais-de-440-vagas-de-empregos-abertas\/\",\"url\":\"https:\/\/verdadeon.com.br\/portal\/2022\/02\/04\/franca-tem-mais-de-440-vagas-de-empregos-abertas\/\",\"name\":\"Franca tem mais de 440 vagas de empregos abertas - VerdadeOn\",\"isPartOf\":{\"@id\":\"https:\/\/verdadeon.com.br\/portal\/#website\"},\"primaryImageOfPage\":{\"@id\":\"https:\/\/verdadeon.com.br\/portal\/2022\/02\/04\/franca-tem-mais-de-440-vagas-de-empregos-abertas\/#primaryimage\"},\"image\":{\"@id\":\"https:\/\/verdadeon.com.br\/portal\/2022\/02\/04\/franca-tem-mais-de-440-vagas-de-empregos-abertas\/#primaryimage\"},\"thumbnailUrl\":\"https:\/\/i0.wp.com\/verdadeon.com.br\/portal\/wp-content\/uploads\/2022\/02\/trabalho.jpg?fit=1000%2C670&ssl=1\",\"datePublished\":\"2022-02-04T19:11:40+00:00\",\"dateModified\":\"2022-02-04T21:10:47+00:00\",\"author\":{\"@id\":\"https:\/\/verdadeon.com.br\/portal\/#\/schema\/person\/a5060ad1e9ea3df545188fc93ce43d2f\"},\"breadcrumb\":{\"@id\":\"https:\/\/verdadeon.com.br\/portal\/2022\/02\/04\/franca-tem-mais-de-440-vagas-de-empregos-abertas\/#breadcrumb\"},\"inLanguage\":\"pt-BR\",\"potentialAction\":[{\"@type\":\"ReadAction\",\"target\":[\"https:\/\/verdadeon.com.br\/portal\/2022\/02\/04\/franca-tem-mais-de-440-vagas-de-empregos-abertas\/\"]}]},{\"@type\":\"ImageObject\",\"inLanguage\":\"pt-BR\",\"@id\":\"https:\/\/verdadeon.com.br\/portal\/2022\/02\/04\/franca-tem-mais-de-440-vagas-de-empregos-abertas\/#primaryimage\",\"url\":\"https:\/\/i0.wp.com\/verdadeon.com.br\/portal\/wp-content\/uploads\/2022\/02\/trabalho.jpg?fit=1000%2C670&ssl=1\",\"contentUrl\":\"https:\/\/i0.wp.com\/verdadeon.com.br\/portal\/wp-content\/uploads\/2022\/02\/trabalho.jpg?fit=1000%2C670&ssl=1\",\"width\":1000,\"height\":670},{\"@type\":\"BreadcrumbList\",\"@id\":\"https:\/\/verdadeon.com.br\/portal\/2022\/02\/04\/franca-tem-mais-de-440-vagas-de-empregos-abertas\/#breadcrumb\",\"itemListElement\":[{\"@type\":\"ListItem\",\"position\":1,\"name\":\"In\u00edcio\",\"item\":\"https:\/\/verdadeon.com.br\/portal\/\"},{\"@type\":\"ListItem\",\"position\":2,\"name\":\"Franca tem mais de 440 vagas de empregos abertas\"}]},{\"@type\":\"WebSite\",\"@id\":\"https:\/\/verdadeon.com.br\/portal\/#website\",\"url\":\"https:\/\/verdadeon.com.br\/portal\/\",\"name\":\"VerdadeOn\",\"description\":\"Not\u00edcias di\u00e1rias sobre Franca, Regi\u00e3o, Esporte, Cultura, Cotidiano, Colunas. Cobertura nos principais eventos da cidade \u00e9 aqui - Verdadeon Franca\",\"potentialAction\":[{\"@type\":\"SearchAction\",\"target\":{\"@type\":\"EntryPoint\",\"urlTemplate\":\"https:\/\/verdadeon.com.br\/portal\/?s={search_term_string}\"},\"query-input\":{\"@type\":\"PropertyValueSpecification\",\"valueRequired\":true,\"valueName\":\"search_term_string\"}}],\"inLanguage\":\"pt-BR\"},{\"@type\":\"Person\",\"@id\":\"https:\/\/verdadeon.com.br\/portal\/#\/schema\/person\/a5060ad1e9ea3df545188fc93ce43d2f\",\"name\":\"Redacao VerdadeOn\",\"image\":{\"@type\":\"ImageObject\",\"inLanguage\":\"pt-BR\",\"@id\":\"https:\/\/verdadeon.com.br\/portal\/#\/schema\/person\/image\/\",\"url\":\"https:\/\/secure.gravatar.com\/avatar\/459a9613caaaf07f582c3d0841eea68bdd66f533e465e6ba8b9cb45619572cf4?s=96&d=mm&r=g\",\"contentUrl\":\"https:\/\/secure.gravatar.com\/avatar\/459a9613caaaf07f582c3d0841eea68bdd66f533e465e6ba8b9cb45619572cf4?s=96&d=mm&r=g\",\"caption\":\"Redacao VerdadeOn\"},\"url\":\"https:\/\/verdadeon.com.br\/portal\/author\/redacao\/\"}]}<\/script>\n<!-- \/ Yoast SEO plugin. -->","yoast_head_json":{"title":"Franca tem mais de 440 vagas de empregos abertas - VerdadeOn","robots":{"index":"index","follow":"follow","max-snippet":"max-snippet:-1","max-image-preview":"max-image-preview:large","max-video-preview":"max-video-preview:-1"},"canonical":"https:\/\/verdadeon.com.br\/portal\/2022\/02\/04\/franca-tem-mais-de-440-vagas-de-empregos-abertas\/","og_locale":"pt_BR","og_type":"article","og_title":"Franca tem mais de 440 vagas de empregos abertas - VerdadeOn","og_description":"Op\u00e7\u00f5es s\u00e3o para \u00e1reas diversas e exigem de curso fundamental a superior. H\u00e1 contrata\u00e7\u00f5es para in\u00edcio imediato Pelo menos 442 vagas de emprego est\u00e3o abertas em [\u2026]","og_url":"https:\/\/verdadeon.com.br\/portal\/2022\/02\/04\/franca-tem-mais-de-440-vagas-de-empregos-abertas\/","og_site_name":"VerdadeOn","article_published_time":"2022-02-04T19:11:40+00:00","article_modified_time":"2022-02-04T21:10:47+00:00","og_image":[{"width":1000,"height":670,"url":"https:\/\/verdadeon.com.br\/portal\/wp-content\/uploads\/2022\/02\/trabalho.jpg","type":"image\/jpeg"}],"author":"Redacao VerdadeOn","twitter_card":"summary_large_image","twitter_misc":{"Escrito por":"Redacao VerdadeOn","Est. tempo de leitura":"3 minutos"},"schema":{"@context":"https:\/\/schema.org","@graph":[{"@type":"WebPage","@id":"https:\/\/verdadeon.com.br\/portal\/2022\/02\/04\/franca-tem-mais-de-440-vagas-de-empregos-abertas\/","url":"https:\/\/verdadeon.com.br\/portal\/2022\/02\/04\/franca-tem-mais-de-440-vagas-de-empregos-abertas\/","name":"Franca tem mais de 440 vagas de empregos abertas - VerdadeOn","isPartOf":{"@id":"https:\/\/verdadeon.com.br\/portal\/#website"},"primaryImageOfPage":{"@id":"https:\/\/verdadeon.com.br\/portal\/2022\/02\/04\/franca-tem-mais-de-440-vagas-de-empregos-abertas\/#primaryimage"},"image":{"@id":"https:\/\/verdadeon.com.br\/portal\/2022\/02\/04\/franca-tem-mais-de-440-vagas-de-empregos-abertas\/#primaryimage"},"thumbnailUrl":"https:\/\/i0.wp.com\/verdadeon.com.br\/portal\/wp-content\/uploads\/2022\/02\/trabalho.jpg?fit=1000%2C670&ssl=1","datePublished":"2022-02-04T19:11:40+00:00","dateModified":"2022-02-04T21:10:47+00:00","author":{"@id":"https:\/\/verdadeon.com.br\/portal\/#\/schema\/person\/a5060ad1e9ea3df545188fc93ce43d2f"},"breadcrumb":{"@id":"https:\/\/verdadeon.com.br\/portal\/2022\/02\/04\/franca-tem-mais-de-440-vagas-de-empregos-abertas\/#breadcrumb"},"inLanguage":"pt-BR","potentialAction":[{"@type":"ReadAction","target":["https:\/\/verdadeon.com.br\/portal\/2022\/02\/04\/franca-tem-mais-de-440-vagas-de-empregos-abertas\/"]}]},{"@type":"ImageObject","inLanguage":"pt-BR","@id":"https:\/\/verdadeon.com.br\/portal\/2022\/02\/04\/franca-tem-mais-de-440-vagas-de-empregos-abertas\/#primaryimage","url":"https:\/\/i0.wp.com\/verdadeon.com.br\/portal\/wp-content\/uploads\/2022\/02\/trabalho.jpg?fit=1000%2C670&ssl=1","contentUrl":"https:\/\/i0.wp.com\/verdadeon.com.br\/portal\/wp-content\/uploads\/2022\/02\/trabalho.jpg?fit=1000%2C670&ssl=1","width":1000,"height":670},{"@type":"BreadcrumbList","@id":"https:\/\/verdadeon.com.br\/portal\/2022\/02\/04\/franca-tem-mais-de-440-vagas-de-empregos-abertas\/#breadcrumb","itemListElement":[{"@type":"ListItem","position":1,"name":"In\u00edcio","item":"https:\/\/verdadeon.com.br\/portal\/"},{"@type":"ListItem","position":2,"name":"Franca tem mais de 440 vagas de empregos abertas"}]},{"@type":"WebSite","@id":"https:\/\/verdadeon.com.br\/portal\/#website","url":"https:\/\/verdadeon.com.br\/portal\/","name":"VerdadeOn","description":"Not\u00edcias di\u00e1rias sobre Franca, Regi\u00e3o, Esporte, Cultura, Cotidiano, Colunas. Cobertura nos principais eventos da cidade \u00e9 aqui - Verdadeon Franca","potentialAction":[{"@type":"SearchAction","target":{"@type":"EntryPoint","urlTemplate":"https:\/\/verdadeon.com.br\/portal\/?s={search_term_string}"},"query-input":{"@type":"PropertyValueSpecification","valueRequired":true,"valueName":"search_term_string"}}],"inLanguage":"pt-BR"},{"@type":"Person","@id":"https:\/\/verdadeon.com.br\/portal\/#\/schema\/person\/a5060ad1e9ea3df545188fc93ce43d2f","name":"Redacao VerdadeOn","image":{"@type":"ImageObject","inLanguage":"pt-BR","@id":"https:\/\/verdadeon.com.br\/portal\/#\/schema\/person\/image\/","url":"https:\/\/secure.gravatar.com\/avatar\/459a9613caaaf07f582c3d0841eea68bdd66f533e465e6ba8b9cb45619572cf4?s=96&d=mm&r=g","contentUrl":"https:\/\/secure.gravatar.com\/avatar\/459a9613caaaf07f582c3d0841eea68bdd66f533e465e6ba8b9cb45619572cf4?s=96&d=mm&r=g","caption":"Redacao VerdadeOn"},"url":"https:\/\/verdadeon.com.br\/portal\/author\/redacao\/"}]}},"jetpack_publicize_connections":[],"jetpack_featured_media_url":"https:\/\/i0.wp.com\/verdadeon.com.br\/portal\/wp-content\/uploads\/2022\/02\/trabalho.jpg?fit=1000%2C670&ssl=1","jetpack_sharing_enabled":true,"_links":{"self":[{"href":"https:\/\/verdadeon.com.br\/portal\/wp-json\/wp\/v2\/posts\/22839","targetHints":{"allow":["GET"]}}],"collection":[{"href":"https:\/\/verdadeon.com.br\/portal\/wp-json\/wp\/v2\/posts"}],"about":[{"href":"https:\/\/verdadeon.com.br\/portal\/wp-json\/wp\/v2\/types\/post"}],"author":[{"embeddable":true,"href":"https:\/\/verdadeon.com.br\/portal\/wp-json\/wp\/v2\/users\/10"}],"replies":[{"embeddable":true,"href":"https:\/\/verdadeon.com.br\/portal\/wp-json\/wp\/v2\/comments?post=22839"}],"version-history":[{"count":1,"href":"https:\/\/verdadeon.com.br\/portal\/wp-json\/wp\/v2\/posts\/22839\/revisions"}],"predecessor-version":[{"id":22842,"href":"https:\/\/verdadeon.com.br\/portal\/wp-json\/wp\/v2\/posts\/22839\/revisions\/22842"}],"wp:featuredmedia":[{"embeddable":true,"href":"https:\/\/verdadeon.com.br\/portal\/wp-json\/wp\/v2\/media\/22840"}],"wp:attachment":[{"href":"https:\/\/verdadeon.com.br\/portal\/wp-json\/wp\/v2\/media?parent=22839"}],"wp:term":[{"taxonomy":"category","embeddable":true,"href":"https:\/\/verdadeon.com.br\/portal\/wp-json\/wp\/v2\/categories?post=22839"},{"taxonomy":"post_tag","embeddable":true,"href":"https:\/\/verdadeon.com.br\/portal\/wp-json\/wp\/v2\/tags?post=22839"}],"curies":[{"name":"wp","href":"https:\/\/api.w.org\/{rel}","templated":true}]}}