{"id":22829,"date":"2022-02-04T17:31:30","date_gmt":"2022-02-04T20:31:30","guid":{"rendered":"https:\/\/verdadeon.com.br\/portal\/?p=22829"},"modified":"2022-02-04T17:31:30","modified_gmt":"2022-02-04T20:31:30","slug":"a-caminho-da-20-vitoria-franca-basquete-entra-em-quadra-neste-sabado-pelo-nbb","status":"publish","type":"post","link":"https:\/\/verdadeon.com.br\/portal\/2022\/02\/04\/a-caminho-da-20-vitoria-franca-basquete-entra-em-quadra-neste-sabado-pelo-nbb\/","title":{"rendered":"A caminho da 20\u00b0 vit\u00f3ria, Franca Basquete entra em quadra neste s\u00e1bado pelo NBB"},"content":{"rendered":"<h2>Partida ser\u00e1 contra o Uni\u00e3o Corinthians, na casa do advers\u00e1rio. Os francanos lideram o campeonato nacional<\/h2>\n<p>O Sesi Franca Basquete pode bater neste s\u00e1bado (5), a incr\u00edvel marca de 20 vit\u00f3rias consecutivas pelo Novo Basquete Brasil (NBB), o time \u00e9 o \u00fanico invicto na temporada e lidera com folga. O Flamengo ocupa a segunda coloca\u00e7\u00e3o, com 16 vit\u00f3rias em 19 jogos.<\/p>\n<p>O time do t\u00e9cnico Helinho Garcia vai encarar o Uni\u00e3o Corinthians, no Gin\u00e1sio Poliesportivo Arn\u00e3o, em Santa Cruz do Sul (RS). O advers\u00e1rio vem com uma campanha bem mais modesta na competi\u00e7\u00e3o, ocupando o 16\u00b0 lugar, com apenas cinco vit\u00f3rias em 18 jogos.<\/p>\n<p>\u201cTivemos uma semana muito importante de treinamento, onde n\u00f3s focamos muito na parte t\u00e1tica e tamb\u00e9m na parte f\u00edsica em um crescimento dentro dos conceitos que a gente vem sempre cobrando. A gente espera impor o nosso ritmo de jogo para que possamos buscar a vit\u00f3ria\u201d, disse o t\u00e9cnico Helinho Garcia.<\/p>\n<p>\u201cTerminamos uma sequ\u00eancia de treinos duros e muito firmes em Franca, estamos preparados para dois confrontos muito fortes, a gente sabe que n\u00e3o tem jogo f\u00e1cil no NBB, independente de estar ganhando, a gente sabe que o confronto l\u00e1 \u00e9 muito duro e muito firme, a gente vai fazer de tudo para sair com as duas vit\u00f3rias\u201d, avaliou Jhonatan Luz.<\/p>\n<p>A 19\u00b0 vit\u00f3ria do Franca veio em uma partida equilibrada contra o Caxias, que terminou em 83 a 68 na quinta-feira (3), no gin\u00e1sio do Sesi em Caxias. Os ga\u00fachos est\u00e3o na 10\u00b0 coloca\u00e7\u00e3o com 12 derrotas em 18 jogos.<\/p>\n<p>Lucas Dias foi o cestinha da partida, com incr\u00edveis 29 pontos, cinco rebotes e duas assist\u00eancias.<\/p>\n<p>Lucas Mariano anotou 22 pontos e sete rebotes. Georginho fez 12 cestas, sete rebotes e deu ainda oito assist\u00eancias.<\/p>\n<p>J\u00e1 David Jackson fez nove e prestou cinco assist\u00eancias. Scala anotou seis e Jhonatan fez cinco pontos.<\/p>\n<h4>Em casa<\/h4>\n<p>Desde o in\u00edcio da semana os francanos est\u00e3o no sul do pa\u00eds, mas a equipe j\u00e1 tem data marcada para voltar ao Pedroc\u00e3o, o dia 12 de fevereiro as 18h, o advers\u00e1rio \u00e9 o Pato Basquete, d\u00e9cimo colocado na competi\u00e7\u00e3o.<\/p>\n","protected":false},"excerpt":{"rendered":"<p>Partida ser\u00e1 contra o Uni\u00e3o Corinthians, na casa do advers\u00e1rio. Os francanos lideram o campeonato nacional O Sesi Franca Basquete pode bater neste s\u00e1bado (5), a<span class=\"excerpt-hellip\"> [\u2026]<\/span><\/p>\n","protected":false},"author":7,"featured_media":22835,"comment_status":"open","ping_status":"open","sticky":false,"template":"","format":"standard","meta":{"_jetpack_memberships_contains_paid_content":false,"footnotes":"","jetpack_publicize_message":"","jetpack_publicize_feature_enabled":true,"jetpack_social_post_already_shared":false,"jetpack_social_options":{"image_generator_settings":{"template":"highway","default_image_id":0,"enabled":false},"version":2}},"categories":[28,81],"tags":[],"class_list":["post-22829","post","type-post","status-publish","format-standard","has-post-thumbnail","hentry","category-cotidiano","category-manchete"],"yoast_head":"<!-- This site is optimized with the Yoast SEO plugin v25.6 - https:\/\/yoast.com\/wordpress\/plugins\/seo\/ -->\n<title>A caminho da 20\u00b0 vit\u00f3ria, Franca Basquete entra em quadra neste s\u00e1bado pelo NBB - VerdadeOn<\/title>\n<meta name=\"robots\" content=\"index, follow, max-snippet:-1, max-image-preview:large, max-video-preview:-1\" \/>\n<link rel=\"canonical\" href=\"https:\/\/verdadeon.com.br\/portal\/2022\/02\/04\/a-caminho-da-20-vitoria-franca-basquete-entra-em-quadra-neste-sabado-pelo-nbb\/\" \/>\n<meta property=\"og:locale\" content=\"pt_BR\" \/>\n<meta property=\"og:type\" content=\"article\" \/>\n<meta property=\"og:title\" content=\"A caminho da 20\u00b0 vit\u00f3ria, Franca Basquete entra em quadra neste s\u00e1bado pelo NBB - VerdadeOn\" \/>\n<meta property=\"og:description\" content=\"Partida ser\u00e1 contra o Uni\u00e3o Corinthians, na casa do advers\u00e1rio. Os francanos lideram o campeonato nacional O Sesi Franca Basquete pode bater neste s\u00e1bado (5), a [\u2026]\" \/>\n<meta property=\"og:url\" content=\"https:\/\/verdadeon.com.br\/portal\/2022\/02\/04\/a-caminho-da-20-vitoria-franca-basquete-entra-em-quadra-neste-sabado-pelo-nbb\/\" \/>\n<meta property=\"og:site_name\" content=\"VerdadeOn\" \/>\n<meta property=\"article:published_time\" content=\"2022-02-04T20:31:30+00:00\" \/>\n<meta property=\"og:image\" content=\"https:\/\/verdadeon.com.br\/portal\/wp-content\/uploads\/2022\/02\/IMG_3378-scaled.jpg\" \/>\n\t<meta property=\"og:image:width\" content=\"2560\" \/>\n\t<meta property=\"og:image:height\" content=\"1707\" \/>\n\t<meta property=\"og:image:type\" content=\"image\/jpeg\" \/>\n<meta name=\"author\" content=\"Fernando Lima\" \/>\n<meta name=\"twitter:card\" content=\"summary_large_image\" \/>\n<meta name=\"twitter:label1\" content=\"Escrito por\" \/>\n\t<meta name=\"twitter:data1\" content=\"Fernando Lima\" \/>\n\t<meta name=\"twitter:label2\" content=\"Est. tempo de leitura\" \/>\n\t<meta name=\"twitter:data2\" content=\"2 minutos\" \/>\n<script type=\"application\/ld+json\" class=\"yoast-schema-graph\">{\"@context\":\"https:\/\/schema.org\",\"@graph\":[{\"@type\":\"WebPage\",\"@id\":\"https:\/\/verdadeon.com.br\/portal\/2022\/02\/04\/a-caminho-da-20-vitoria-franca-basquete-entra-em-quadra-neste-sabado-pelo-nbb\/\",\"url\":\"https:\/\/verdadeon.com.br\/portal\/2022\/02\/04\/a-caminho-da-20-vitoria-franca-basquete-entra-em-quadra-neste-sabado-pelo-nbb\/\",\"name\":\"A caminho da 20\u00b0 vit\u00f3ria, Franca Basquete entra em quadra neste s\u00e1bado pelo NBB - VerdadeOn\",\"isPartOf\":{\"@id\":\"https:\/\/verdadeon.com.br\/portal\/#website\"},\"primaryImageOfPage\":{\"@id\":\"https:\/\/verdadeon.com.br\/portal\/2022\/02\/04\/a-caminho-da-20-vitoria-franca-basquete-entra-em-quadra-neste-sabado-pelo-nbb\/#primaryimage\"},\"image\":{\"@id\":\"https:\/\/verdadeon.com.br\/portal\/2022\/02\/04\/a-caminho-da-20-vitoria-franca-basquete-entra-em-quadra-neste-sabado-pelo-nbb\/#primaryimage\"},\"thumbnailUrl\":\"https:\/\/i0.wp.com\/verdadeon.com.br\/portal\/wp-content\/uploads\/2022\/02\/IMG_3378-scaled.jpg?fit=2560%2C1707&ssl=1\",\"datePublished\":\"2022-02-04T20:31:30+00:00\",\"author\":{\"@id\":\"https:\/\/verdadeon.com.br\/portal\/#\/schema\/person\/cc32be22b8e8599387c480bc83e1d11a\"},\"breadcrumb\":{\"@id\":\"https:\/\/verdadeon.com.br\/portal\/2022\/02\/04\/a-caminho-da-20-vitoria-franca-basquete-entra-em-quadra-neste-sabado-pelo-nbb\/#breadcrumb\"},\"inLanguage\":\"pt-BR\",\"potentialAction\":[{\"@type\":\"ReadAction\",\"target\":[\"https:\/\/verdadeon.com.br\/portal\/2022\/02\/04\/a-caminho-da-20-vitoria-franca-basquete-entra-em-quadra-neste-sabado-pelo-nbb\/\"]}]},{\"@type\":\"ImageObject\",\"inLanguage\":\"pt-BR\",\"@id\":\"https:\/\/verdadeon.com.br\/portal\/2022\/02\/04\/a-caminho-da-20-vitoria-franca-basquete-entra-em-quadra-neste-sabado-pelo-nbb\/#primaryimage\",\"url\":\"https:\/\/i0.wp.com\/verdadeon.com.br\/portal\/wp-content\/uploads\/2022\/02\/IMG_3378-scaled.jpg?fit=2560%2C1707&ssl=1\",\"contentUrl\":\"https:\/\/i0.wp.com\/verdadeon.com.br\/portal\/wp-content\/uploads\/2022\/02\/IMG_3378-scaled.jpg?fit=2560%2C1707&ssl=1\",\"width\":2560,\"height\":1707,\"caption\":\"J\u00e1 s\u00e3o 19 vit\u00f3rias em 19 jogos, Sesi Franca lidera o campeonato com folga | Foto: Matheus Magnani\"},{\"@type\":\"BreadcrumbList\",\"@id\":\"https:\/\/verdadeon.com.br\/portal\/2022\/02\/04\/a-caminho-da-20-vitoria-franca-basquete-entra-em-quadra-neste-sabado-pelo-nbb\/#breadcrumb\",\"itemListElement\":[{\"@type\":\"ListItem\",\"position\":1,\"name\":\"In\u00edcio\",\"item\":\"https:\/\/verdadeon.com.br\/portal\/\"},{\"@type\":\"ListItem\",\"position\":2,\"name\":\"A caminho da 20\u00b0 vit\u00f3ria, Franca Basquete entra em quadra neste s\u00e1bado pelo NBB\"}]},{\"@type\":\"WebSite\",\"@id\":\"https:\/\/verdadeon.com.br\/portal\/#website\",\"url\":\"https:\/\/verdadeon.com.br\/portal\/\",\"name\":\"VerdadeOn\",\"description\":\"Not\u00edcias di\u00e1rias sobre Franca, Regi\u00e3o, Esporte, Cultura, Cotidiano, Colunas. Cobertura nos principais eventos da cidade \u00e9 aqui - Verdadeon Franca\",\"potentialAction\":[{\"@type\":\"SearchAction\",\"target\":{\"@type\":\"EntryPoint\",\"urlTemplate\":\"https:\/\/verdadeon.com.br\/portal\/?s={search_term_string}\"},\"query-input\":{\"@type\":\"PropertyValueSpecification\",\"valueRequired\":true,\"valueName\":\"search_term_string\"}}],\"inLanguage\":\"pt-BR\"},{\"@type\":\"Person\",\"@id\":\"https:\/\/verdadeon.com.br\/portal\/#\/schema\/person\/cc32be22b8e8599387c480bc83e1d11a\",\"name\":\"Fernando Lima\",\"image\":{\"@type\":\"ImageObject\",\"inLanguage\":\"pt-BR\",\"@id\":\"https:\/\/verdadeon.com.br\/portal\/#\/schema\/person\/image\/\",\"url\":\"https:\/\/secure.gravatar.com\/avatar\/df4c8e132080d2b3a4841d5d232045464e0eed11a1d6e43115ca0843d48768d3?s=96&d=mm&r=g\",\"contentUrl\":\"https:\/\/secure.gravatar.com\/avatar\/df4c8e132080d2b3a4841d5d232045464e0eed11a1d6e43115ca0843d48768d3?s=96&d=mm&r=g\",\"caption\":\"Fernando Lima\"},\"sameAs\":[\"http:\/\/verdadeon.com.br\/\"],\"url\":\"https:\/\/verdadeon.com.br\/portal\/author\/fernando-lima\/\"}]}<\/script>\n<!-- \/ Yoast SEO plugin. -->","yoast_head_json":{"title":"A caminho da 20\u00b0 vit\u00f3ria, Franca Basquete entra em quadra neste s\u00e1bado pelo NBB - VerdadeOn","robots":{"index":"index","follow":"follow","max-snippet":"max-snippet:-1","max-image-preview":"max-image-preview:large","max-video-preview":"max-video-preview:-1"},"canonical":"https:\/\/verdadeon.com.br\/portal\/2022\/02\/04\/a-caminho-da-20-vitoria-franca-basquete-entra-em-quadra-neste-sabado-pelo-nbb\/","og_locale":"pt_BR","og_type":"article","og_title":"A caminho da 20\u00b0 vit\u00f3ria, Franca Basquete entra em quadra neste s\u00e1bado pelo NBB - VerdadeOn","og_description":"Partida ser\u00e1 contra o Uni\u00e3o Corinthians, na casa do advers\u00e1rio. Os francanos lideram o campeonato nacional O Sesi Franca Basquete pode bater neste s\u00e1bado (5), a [\u2026]","og_url":"https:\/\/verdadeon.com.br\/portal\/2022\/02\/04\/a-caminho-da-20-vitoria-franca-basquete-entra-em-quadra-neste-sabado-pelo-nbb\/","og_site_name":"VerdadeOn","article_published_time":"2022-02-04T20:31:30+00:00","og_image":[{"width":2560,"height":1707,"url":"https:\/\/verdadeon.com.br\/portal\/wp-content\/uploads\/2022\/02\/IMG_3378-scaled.jpg","type":"image\/jpeg"}],"author":"Fernando Lima","twitter_card":"summary_large_image","twitter_misc":{"Escrito por":"Fernando Lima","Est. tempo de leitura":"2 minutos"},"schema":{"@context":"https:\/\/schema.org","@graph":[{"@type":"WebPage","@id":"https:\/\/verdadeon.com.br\/portal\/2022\/02\/04\/a-caminho-da-20-vitoria-franca-basquete-entra-em-quadra-neste-sabado-pelo-nbb\/","url":"https:\/\/verdadeon.com.br\/portal\/2022\/02\/04\/a-caminho-da-20-vitoria-franca-basquete-entra-em-quadra-neste-sabado-pelo-nbb\/","name":"A caminho da 20\u00b0 vit\u00f3ria, Franca Basquete entra em quadra neste s\u00e1bado pelo NBB - VerdadeOn","isPartOf":{"@id":"https:\/\/verdadeon.com.br\/portal\/#website"},"primaryImageOfPage":{"@id":"https:\/\/verdadeon.com.br\/portal\/2022\/02\/04\/a-caminho-da-20-vitoria-franca-basquete-entra-em-quadra-neste-sabado-pelo-nbb\/#primaryimage"},"image":{"@id":"https:\/\/verdadeon.com.br\/portal\/2022\/02\/04\/a-caminho-da-20-vitoria-franca-basquete-entra-em-quadra-neste-sabado-pelo-nbb\/#primaryimage"},"thumbnailUrl":"https:\/\/i0.wp.com\/verdadeon.com.br\/portal\/wp-content\/uploads\/2022\/02\/IMG_3378-scaled.jpg?fit=2560%2C1707&ssl=1","datePublished":"2022-02-04T20:31:30+00:00","author":{"@id":"https:\/\/verdadeon.com.br\/portal\/#\/schema\/person\/cc32be22b8e8599387c480bc83e1d11a"},"breadcrumb":{"@id":"https:\/\/verdadeon.com.br\/portal\/2022\/02\/04\/a-caminho-da-20-vitoria-franca-basquete-entra-em-quadra-neste-sabado-pelo-nbb\/#breadcrumb"},"inLanguage":"pt-BR","potentialAction":[{"@type":"ReadAction","target":["https:\/\/verdadeon.com.br\/portal\/2022\/02\/04\/a-caminho-da-20-vitoria-franca-basquete-entra-em-quadra-neste-sabado-pelo-nbb\/"]}]},{"@type":"ImageObject","inLanguage":"pt-BR","@id":"https:\/\/verdadeon.com.br\/portal\/2022\/02\/04\/a-caminho-da-20-vitoria-franca-basquete-entra-em-quadra-neste-sabado-pelo-nbb\/#primaryimage","url":"https:\/\/i0.wp.com\/verdadeon.com.br\/portal\/wp-content\/uploads\/2022\/02\/IMG_3378-scaled.jpg?fit=2560%2C1707&ssl=1","contentUrl":"https:\/\/i0.wp.com\/verdadeon.com.br\/portal\/wp-content\/uploads\/2022\/02\/IMG_3378-scaled.jpg?fit=2560%2C1707&ssl=1","width":2560,"height":1707,"caption":"J\u00e1 s\u00e3o 19 vit\u00f3rias em 19 jogos, Sesi Franca lidera o campeonato com folga | Foto: Matheus Magnani"},{"@type":"BreadcrumbList","@id":"https:\/\/verdadeon.com.br\/portal\/2022\/02\/04\/a-caminho-da-20-vitoria-franca-basquete-entra-em-quadra-neste-sabado-pelo-nbb\/#breadcrumb","itemListElement":[{"@type":"ListItem","position":1,"name":"In\u00edcio","item":"https:\/\/verdadeon.com.br\/portal\/"},{"@type":"ListItem","position":2,"name":"A caminho da 20\u00b0 vit\u00f3ria, Franca Basquete entra em quadra neste s\u00e1bado pelo NBB"}]},{"@type":"WebSite","@id":"https:\/\/verdadeon.com.br\/portal\/#website","url":"https:\/\/verdadeon.com.br\/portal\/","name":"VerdadeOn","description":"Not\u00edcias di\u00e1rias sobre Franca, Regi\u00e3o, Esporte, Cultura, Cotidiano, Colunas. Cobertura nos principais eventos da cidade \u00e9 aqui - Verdadeon Franca","potentialAction":[{"@type":"SearchAction","target":{"@type":"EntryPoint","urlTemplate":"https:\/\/verdadeon.com.br\/portal\/?s={search_term_string}"},"query-input":{"@type":"PropertyValueSpecification","valueRequired":true,"valueName":"search_term_string"}}],"inLanguage":"pt-BR"},{"@type":"Person","@id":"https:\/\/verdadeon.com.br\/portal\/#\/schema\/person\/cc32be22b8e8599387c480bc83e1d11a","name":"Fernando Lima","image":{"@type":"ImageObject","inLanguage":"pt-BR","@id":"https:\/\/verdadeon.com.br\/portal\/#\/schema\/person\/image\/","url":"https:\/\/secure.gravatar.com\/avatar\/df4c8e132080d2b3a4841d5d232045464e0eed11a1d6e43115ca0843d48768d3?s=96&d=mm&r=g","contentUrl":"https:\/\/secure.gravatar.com\/avatar\/df4c8e132080d2b3a4841d5d232045464e0eed11a1d6e43115ca0843d48768d3?s=96&d=mm&r=g","caption":"Fernando Lima"},"sameAs":["http:\/\/verdadeon.com.br\/"],"url":"https:\/\/verdadeon.com.br\/portal\/author\/fernando-lima\/"}]}},"jetpack_publicize_connections":[],"jetpack_featured_media_url":"https:\/\/i0.wp.com\/verdadeon.com.br\/portal\/wp-content\/uploads\/2022\/02\/IMG_3378-scaled.jpg?fit=2560%2C1707&ssl=1","jetpack_sharing_enabled":true,"_links":{"self":[{"href":"https:\/\/verdadeon.com.br\/portal\/wp-json\/wp\/v2\/posts\/22829","targetHints":{"allow":["GET"]}}],"collection":[{"href":"https:\/\/verdadeon.com.br\/portal\/wp-json\/wp\/v2\/posts"}],"about":[{"href":"https:\/\/verdadeon.com.br\/portal\/wp-json\/wp\/v2\/types\/post"}],"author":[{"embeddable":true,"href":"https:\/\/verdadeon.com.br\/portal\/wp-json\/wp\/v2\/users\/7"}],"replies":[{"embeddable":true,"href":"https:\/\/verdadeon.com.br\/portal\/wp-json\/wp\/v2\/comments?post=22829"}],"version-history":[{"count":1,"href":"https:\/\/verdadeon.com.br\/portal\/wp-json\/wp\/v2\/posts\/22829\/revisions"}],"predecessor-version":[{"id":22836,"href":"https:\/\/verdadeon.com.br\/portal\/wp-json\/wp\/v2\/posts\/22829\/revisions\/22836"}],"wp:featuredmedia":[{"embeddable":true,"href":"https:\/\/verdadeon.com.br\/portal\/wp-json\/wp\/v2\/media\/22835"}],"wp:attachment":[{"href":"https:\/\/verdadeon.com.br\/portal\/wp-json\/wp\/v2\/media?parent=22829"}],"wp:term":[{"taxonomy":"category","embeddable":true,"href":"https:\/\/verdadeon.com.br\/portal\/wp-json\/wp\/v2\/categories?post=22829"},{"taxonomy":"post_tag","embeddable":true,"href":"https:\/\/verdadeon.com.br\/portal\/wp-json\/wp\/v2\/tags?post=22829"}],"curies":[{"name":"wp","href":"https:\/\/api.w.org\/{rel}","templated":true}]}}