{"id":22816,"date":"2022-02-03T18:03:51","date_gmt":"2022-02-03T21:03:51","guid":{"rendered":"https:\/\/verdadeon.com.br\/portal\/?p=22816"},"modified":"2022-02-03T18:03:51","modified_gmt":"2022-02-03T21:03:51","slug":"muita-chuva-e-ceu-mais-encoberto-deixam-verao-com-cara-de-inverno-em-franca","status":"publish","type":"post","link":"https:\/\/verdadeon.com.br\/portal\/2022\/02\/03\/muita-chuva-e-ceu-mais-encoberto-deixam-verao-com-cara-de-inverno-em-franca\/","title":{"rendered":"Muita chuva e c\u00e9u mais encoberto deixam ver\u00e3o com cara de inverno em Franca"},"content":{"rendered":"<h2>La Ni\u00f1a e Zona de Converg\u00eancia do Atl\u00e2ntico Sul intensificam umidade na regi\u00e3o e provocam mais chuva; cen\u00e1rio se repete em fevereiro<\/h2>\n<p>&nbsp;<\/p>\n<p><span style=\"font-weight: 400;\">O clima bastante chuvoso em Franca no in\u00edcio deste ano tem chamado a aten\u00e7\u00e3o, a sensa\u00e7\u00e3o de dias mais frescos tamb\u00e9m, nem parece ser pleno ver\u00e3o. Mas tanta chuva e tempo mais fechado t\u00eam explica\u00e7\u00e3o; dois fatores s\u00e3o respons\u00e1veis por essas condi\u00e7\u00f5es clim\u00e1ticas vividas pelos francanos em janeiro e que devem continuar neste m\u00eas: S\u00e3o a Zona de Converg\u00eancia do Atl\u00e2ntico Sul e o fen\u00f4meno La Ni\u00f1a.\u00a0<\/span><\/p>\n<p><span style=\"font-weight: 400;\">A principal \u201cculpada\u201d \u00e9 a Zona de Converg\u00eancia do Atl\u00e2ntico Sul, que est\u00e1 atuando com mais intensidade na regi\u00e3o Norte de S\u00e3o Paulo, onde Franca est\u00e1 localizada, e no Sul de Minas Gerais. Ela estabelece um canal de umidade que aumenta as condi\u00e7\u00f5es de chuva e n\u00e3o permite que as temperaturas se elevem tanto.<\/span><\/p>\n<p><span style=\"font-weight: 400;\">Outro fator que influencia nas condi\u00e7\u00f5es clim\u00e1ticas atualmente \u00e9 a La Ni\u00f1a, <\/span><span style=\"font-weight: 400;\">fen\u00f4meno caracterizado pelo resfriamento anormal nas \u00e1guas superficiais do Oceano Pac\u00edfico<\/span><span style=\"font-weight: 400;\">, que ajuda na atividade da Zona de Converg\u00eancia do Atl\u00e2ntico Sul, conservando a atua\u00e7\u00e3o dela na regi\u00e3o.<\/span><\/p>\n<p><span style=\"font-weight: 400;\">O meteorologista do Inmet (Instituto Nacional de Meteorologia), Franco Villela, avalia que Franca vinha de uma seca bastante intensa no ano passado at\u00e9 que chegou outubro e \u00e9 como se tivesse virado a chave e o volume de chuva aumentou expressivamente, com quantidades acima da m\u00e9dia hist\u00f3rica at\u00e9 dezembro. O cen\u00e1rio se repetiu na cidade em janeiro de 2022 e o m\u00eas terminou com 339,6 mil\u00edmetros. A climatologia \u00e9 de 323,2 mil\u00edmetros. \u201cOs agricultores costumam falar que deu uma \u2018invernada\u2019, bastante dias com c\u00e9u encoberto e muitas nuvens mesmo\u201d, disse Franco.<\/span><\/p>\n<h4><span style=\"font-weight: 400;\">Balan\u00e7os<\/span><\/h4>\n<p><span style=\"font-weight: 400;\">Como a chuva, a m\u00e9dia de temperaturas ficou um pouco acima dos \u00edndices hist\u00f3ricos. A temperatura m\u00ednima foi em m\u00e9dia 19,2 graus. A climatologia \u00e9 de 18,8 graus. E a m\u00e9dia da m\u00e1xima foi de 27,6 graus, ante a m\u00e9dia hist\u00f3rica de 27 graus.\u00a0<\/span><\/p>\n<p><span style=\"font-weight: 400;\">Os \u00edndices ficaram bem pr\u00f3ximos do normal, tanto de chuva como as temperaturas, mas a sensa\u00e7\u00e3o, para muitos, foi de frio, de ver\u00e3o com cara de inverno. \u201cEsse ano os \u00edndices ficaram dentro da m\u00e9dia, mas a mem\u00f3ria recente das pessoas remete ao m\u00eas de janeiro do ano passado, que foi muito quente e pouco chuvoso, com predom\u00ednio de sol e pouca chuva, diferente deste ano, que teve muitos dias chuvosos e tempo mais fechado\u201d, explica Franco Villela.<\/span><\/p>\n<p><span style=\"font-weight: 400;\">Janeiro de 2022 foi tr\u00eas vezes mais chuvoso que no mesmo per\u00edodo do ano passado, quando a cidade teve 102,6 mil\u00edmetros de precipita\u00e7\u00e3o. Neste ano foram mais de 339 mil\u00edmetros. \u201c\u00c9 uma situa\u00e7\u00e3o interessante porque, como choveu mais neste ano, aliviou a condi\u00e7\u00e3o de calor. Em 2021, choveu pouco e a temperatura m\u00e9dia m\u00e1xima foi de 29,3 graus, cerca de 2 graus acima da m\u00e9dia, o que \u00e9 consider\u00e1vel e faz diferen\u00e7a. Foi muito quente e pouco chuvoso e as pessoas costumam se lembrar disso e est\u00e3o sentindo as mudan\u00e7as de forma mais intensa neste ano\u201d, afirmou o meteorologista.<\/span><\/p>\n<h4>Previs\u00e3o para este m\u00eas<\/h4>\n<p><span style=\"font-weight: 400;\">Em fevereiro, a La Ni\u00f1a continuar\u00e1 modulando a Zona de Converg\u00eancia do Atl\u00e2ntico Sul e o m\u00eas tende a permanecer chuvoso, com volume pluviom\u00e9trico ligeiramente acima da m\u00e9dia. A climatologia para este per\u00edodo em Franca \u00e9 de 243,8 mil\u00edmetros; nos tr\u00eas primeiros dias de fevereiro choveu na cidade 49,8 mil\u00edmetros.<\/span><\/p>\n<p>&nbsp;<\/p>\n","protected":false},"excerpt":{"rendered":"<p>La Ni\u00f1a e Zona de Converg\u00eancia do Atl\u00e2ntico Sul intensificam umidade na regi\u00e3o e provocam mais chuva; cen\u00e1rio se repete em fevereiro &nbsp; O clima bastante<span class=\"excerpt-hellip\"> [\u2026]<\/span><\/p>\n","protected":false},"author":12,"featured_media":22055,"comment_status":"open","ping_status":"open","sticky":false,"template":"","format":"standard","meta":{"_jetpack_memberships_contains_paid_content":false,"footnotes":"","jetpack_publicize_message":"","jetpack_publicize_feature_enabled":true,"jetpack_social_post_already_shared":false,"jetpack_social_options":{"image_generator_settings":{"template":"highway","default_image_id":0,"enabled":false},"version":2}},"categories":[28,81],"tags":[],"class_list":["post-22816","post","type-post","status-publish","format-standard","has-post-thumbnail","hentry","category-cotidiano","category-manchete"],"yoast_head":"<!-- This site is optimized with the Yoast SEO plugin v25.6 - https:\/\/yoast.com\/wordpress\/plugins\/seo\/ -->\n<title>Muita chuva e c\u00e9u mais encoberto deixam ver\u00e3o com cara de inverno em Franca - VerdadeOn<\/title>\n<meta name=\"robots\" content=\"index, follow, max-snippet:-1, max-image-preview:large, max-video-preview:-1\" \/>\n<link rel=\"canonical\" href=\"https:\/\/verdadeon.com.br\/portal\/2022\/02\/03\/muita-chuva-e-ceu-mais-encoberto-deixam-verao-com-cara-de-inverno-em-franca\/\" \/>\n<meta property=\"og:locale\" content=\"pt_BR\" \/>\n<meta property=\"og:type\" content=\"article\" \/>\n<meta property=\"og:title\" content=\"Muita chuva e c\u00e9u mais encoberto deixam ver\u00e3o com cara de inverno em Franca - VerdadeOn\" \/>\n<meta property=\"og:description\" content=\"La Ni\u00f1a e Zona de Converg\u00eancia do Atl\u00e2ntico Sul intensificam umidade na regi\u00e3o e provocam mais chuva; cen\u00e1rio se repete em fevereiro &nbsp; O clima bastante [\u2026]\" \/>\n<meta property=\"og:url\" content=\"https:\/\/verdadeon.com.br\/portal\/2022\/02\/03\/muita-chuva-e-ceu-mais-encoberto-deixam-verao-com-cara-de-inverno-em-franca\/\" \/>\n<meta property=\"og:site_name\" content=\"VerdadeOn\" \/>\n<meta property=\"article:published_time\" content=\"2022-02-03T21:03:51+00:00\" \/>\n<meta property=\"og:image\" content=\"https:\/\/verdadeon.com.br\/portal\/wp-content\/uploads\/2022\/01\/CHUVA-EM-FRANCA-JANEIRO-DE-2022.jpeg\" \/>\n\t<meta property=\"og:image:width\" content=\"1000\" \/>\n\t<meta property=\"og:image:height\" content=\"670\" \/>\n\t<meta property=\"og:image:type\" content=\"image\/jpeg\" \/>\n<meta name=\"author\" content=\"Nelise Luques\" \/>\n<meta name=\"twitter:card\" content=\"summary_large_image\" \/>\n<meta name=\"twitter:label1\" content=\"Escrito por\" \/>\n\t<meta name=\"twitter:data1\" content=\"Nelise Luques\" \/>\n\t<meta name=\"twitter:label2\" content=\"Est. tempo de leitura\" \/>\n\t<meta name=\"twitter:data2\" content=\"4 minutos\" \/>\n<script type=\"application\/ld+json\" class=\"yoast-schema-graph\">{\"@context\":\"https:\/\/schema.org\",\"@graph\":[{\"@type\":\"WebPage\",\"@id\":\"https:\/\/verdadeon.com.br\/portal\/2022\/02\/03\/muita-chuva-e-ceu-mais-encoberto-deixam-verao-com-cara-de-inverno-em-franca\/\",\"url\":\"https:\/\/verdadeon.com.br\/portal\/2022\/02\/03\/muita-chuva-e-ceu-mais-encoberto-deixam-verao-com-cara-de-inverno-em-franca\/\",\"name\":\"Muita chuva e c\u00e9u mais encoberto deixam ver\u00e3o com cara de inverno em Franca - VerdadeOn\",\"isPartOf\":{\"@id\":\"https:\/\/verdadeon.com.br\/portal\/#website\"},\"primaryImageOfPage\":{\"@id\":\"https:\/\/verdadeon.com.br\/portal\/2022\/02\/03\/muita-chuva-e-ceu-mais-encoberto-deixam-verao-com-cara-de-inverno-em-franca\/#primaryimage\"},\"image\":{\"@id\":\"https:\/\/verdadeon.com.br\/portal\/2022\/02\/03\/muita-chuva-e-ceu-mais-encoberto-deixam-verao-com-cara-de-inverno-em-franca\/#primaryimage\"},\"thumbnailUrl\":\"https:\/\/i0.wp.com\/verdadeon.com.br\/portal\/wp-content\/uploads\/2022\/01\/CHUVA-EM-FRANCA-JANEIRO-DE-2022.jpeg?fit=1000%2C670&ssl=1\",\"datePublished\":\"2022-02-03T21:03:51+00:00\",\"author\":{\"@id\":\"https:\/\/verdadeon.com.br\/portal\/#\/schema\/person\/8248726d36015c1916636fabb175d972\"},\"breadcrumb\":{\"@id\":\"https:\/\/verdadeon.com.br\/portal\/2022\/02\/03\/muita-chuva-e-ceu-mais-encoberto-deixam-verao-com-cara-de-inverno-em-franca\/#breadcrumb\"},\"inLanguage\":\"pt-BR\",\"potentialAction\":[{\"@type\":\"ReadAction\",\"target\":[\"https:\/\/verdadeon.com.br\/portal\/2022\/02\/03\/muita-chuva-e-ceu-mais-encoberto-deixam-verao-com-cara-de-inverno-em-franca\/\"]}]},{\"@type\":\"ImageObject\",\"inLanguage\":\"pt-BR\",\"@id\":\"https:\/\/verdadeon.com.br\/portal\/2022\/02\/03\/muita-chuva-e-ceu-mais-encoberto-deixam-verao-com-cara-de-inverno-em-franca\/#primaryimage\",\"url\":\"https:\/\/i0.wp.com\/verdadeon.com.br\/portal\/wp-content\/uploads\/2022\/01\/CHUVA-EM-FRANCA-JANEIRO-DE-2022.jpeg?fit=1000%2C670&ssl=1\",\"contentUrl\":\"https:\/\/i0.wp.com\/verdadeon.com.br\/portal\/wp-content\/uploads\/2022\/01\/CHUVA-EM-FRANCA-JANEIRO-DE-2022.jpeg?fit=1000%2C670&ssl=1\",\"width\":1000,\"height\":670,\"caption\":\"Chuvas intensas marcaram o m\u00eas de janeiro em Franca. A previs\u00e3o do Inmet aponta para mesmas as condi\u00e7\u00f5es clim\u00e1ticas em fevereiro | Foto: Jornal Verdade\"},{\"@type\":\"BreadcrumbList\",\"@id\":\"https:\/\/verdadeon.com.br\/portal\/2022\/02\/03\/muita-chuva-e-ceu-mais-encoberto-deixam-verao-com-cara-de-inverno-em-franca\/#breadcrumb\",\"itemListElement\":[{\"@type\":\"ListItem\",\"position\":1,\"name\":\"In\u00edcio\",\"item\":\"https:\/\/verdadeon.com.br\/portal\/\"},{\"@type\":\"ListItem\",\"position\":2,\"name\":\"Muita chuva e c\u00e9u mais encoberto deixam ver\u00e3o com cara de inverno em Franca\"}]},{\"@type\":\"WebSite\",\"@id\":\"https:\/\/verdadeon.com.br\/portal\/#website\",\"url\":\"https:\/\/verdadeon.com.br\/portal\/\",\"name\":\"VerdadeOn\",\"description\":\"Not\u00edcias di\u00e1rias sobre Franca, Regi\u00e3o, Esporte, Cultura, Cotidiano, Colunas. Cobertura nos principais eventos da cidade \u00e9 aqui - Verdadeon Franca\",\"potentialAction\":[{\"@type\":\"SearchAction\",\"target\":{\"@type\":\"EntryPoint\",\"urlTemplate\":\"https:\/\/verdadeon.com.br\/portal\/?s={search_term_string}\"},\"query-input\":{\"@type\":\"PropertyValueSpecification\",\"valueRequired\":true,\"valueName\":\"search_term_string\"}}],\"inLanguage\":\"pt-BR\"},{\"@type\":\"Person\",\"@id\":\"https:\/\/verdadeon.com.br\/portal\/#\/schema\/person\/8248726d36015c1916636fabb175d972\",\"name\":\"Nelise Luques\",\"image\":{\"@type\":\"ImageObject\",\"inLanguage\":\"pt-BR\",\"@id\":\"https:\/\/verdadeon.com.br\/portal\/#\/schema\/person\/image\/\",\"url\":\"https:\/\/secure.gravatar.com\/avatar\/29b2a17f5bcadeb827411b66f48ac13c3e0ecaf5906c0f5745ecc5d41c24eada?s=96&d=mm&r=g\",\"contentUrl\":\"https:\/\/secure.gravatar.com\/avatar\/29b2a17f5bcadeb827411b66f48ac13c3e0ecaf5906c0f5745ecc5d41c24eada?s=96&d=mm&r=g\",\"caption\":\"Nelise Luques\"},\"url\":\"https:\/\/verdadeon.com.br\/portal\/author\/verdade\/\"}]}<\/script>\n<!-- \/ Yoast SEO plugin. -->","yoast_head_json":{"title":"Muita chuva e c\u00e9u mais encoberto deixam ver\u00e3o com cara de inverno em Franca - VerdadeOn","robots":{"index":"index","follow":"follow","max-snippet":"max-snippet:-1","max-image-preview":"max-image-preview:large","max-video-preview":"max-video-preview:-1"},"canonical":"https:\/\/verdadeon.com.br\/portal\/2022\/02\/03\/muita-chuva-e-ceu-mais-encoberto-deixam-verao-com-cara-de-inverno-em-franca\/","og_locale":"pt_BR","og_type":"article","og_title":"Muita chuva e c\u00e9u mais encoberto deixam ver\u00e3o com cara de inverno em Franca - VerdadeOn","og_description":"La Ni\u00f1a e Zona de Converg\u00eancia do Atl\u00e2ntico Sul intensificam umidade na regi\u00e3o e provocam mais chuva; cen\u00e1rio se repete em fevereiro &nbsp; O clima bastante [\u2026]","og_url":"https:\/\/verdadeon.com.br\/portal\/2022\/02\/03\/muita-chuva-e-ceu-mais-encoberto-deixam-verao-com-cara-de-inverno-em-franca\/","og_site_name":"VerdadeOn","article_published_time":"2022-02-03T21:03:51+00:00","og_image":[{"width":1000,"height":670,"url":"https:\/\/verdadeon.com.br\/portal\/wp-content\/uploads\/2022\/01\/CHUVA-EM-FRANCA-JANEIRO-DE-2022.jpeg","type":"image\/jpeg"}],"author":"Nelise Luques","twitter_card":"summary_large_image","twitter_misc":{"Escrito por":"Nelise Luques","Est. tempo de leitura":"4 minutos"},"schema":{"@context":"https:\/\/schema.org","@graph":[{"@type":"WebPage","@id":"https:\/\/verdadeon.com.br\/portal\/2022\/02\/03\/muita-chuva-e-ceu-mais-encoberto-deixam-verao-com-cara-de-inverno-em-franca\/","url":"https:\/\/verdadeon.com.br\/portal\/2022\/02\/03\/muita-chuva-e-ceu-mais-encoberto-deixam-verao-com-cara-de-inverno-em-franca\/","name":"Muita chuva e c\u00e9u mais encoberto deixam ver\u00e3o com cara de inverno em Franca - VerdadeOn","isPartOf":{"@id":"https:\/\/verdadeon.com.br\/portal\/#website"},"primaryImageOfPage":{"@id":"https:\/\/verdadeon.com.br\/portal\/2022\/02\/03\/muita-chuva-e-ceu-mais-encoberto-deixam-verao-com-cara-de-inverno-em-franca\/#primaryimage"},"image":{"@id":"https:\/\/verdadeon.com.br\/portal\/2022\/02\/03\/muita-chuva-e-ceu-mais-encoberto-deixam-verao-com-cara-de-inverno-em-franca\/#primaryimage"},"thumbnailUrl":"https:\/\/i0.wp.com\/verdadeon.com.br\/portal\/wp-content\/uploads\/2022\/01\/CHUVA-EM-FRANCA-JANEIRO-DE-2022.jpeg?fit=1000%2C670&ssl=1","datePublished":"2022-02-03T21:03:51+00:00","author":{"@id":"https:\/\/verdadeon.com.br\/portal\/#\/schema\/person\/8248726d36015c1916636fabb175d972"},"breadcrumb":{"@id":"https:\/\/verdadeon.com.br\/portal\/2022\/02\/03\/muita-chuva-e-ceu-mais-encoberto-deixam-verao-com-cara-de-inverno-em-franca\/#breadcrumb"},"inLanguage":"pt-BR","potentialAction":[{"@type":"ReadAction","target":["https:\/\/verdadeon.com.br\/portal\/2022\/02\/03\/muita-chuva-e-ceu-mais-encoberto-deixam-verao-com-cara-de-inverno-em-franca\/"]}]},{"@type":"ImageObject","inLanguage":"pt-BR","@id":"https:\/\/verdadeon.com.br\/portal\/2022\/02\/03\/muita-chuva-e-ceu-mais-encoberto-deixam-verao-com-cara-de-inverno-em-franca\/#primaryimage","url":"https:\/\/i0.wp.com\/verdadeon.com.br\/portal\/wp-content\/uploads\/2022\/01\/CHUVA-EM-FRANCA-JANEIRO-DE-2022.jpeg?fit=1000%2C670&ssl=1","contentUrl":"https:\/\/i0.wp.com\/verdadeon.com.br\/portal\/wp-content\/uploads\/2022\/01\/CHUVA-EM-FRANCA-JANEIRO-DE-2022.jpeg?fit=1000%2C670&ssl=1","width":1000,"height":670,"caption":"Chuvas intensas marcaram o m\u00eas de janeiro em Franca. A previs\u00e3o do Inmet aponta para mesmas as condi\u00e7\u00f5es clim\u00e1ticas em fevereiro | Foto: Jornal Verdade"},{"@type":"BreadcrumbList","@id":"https:\/\/verdadeon.com.br\/portal\/2022\/02\/03\/muita-chuva-e-ceu-mais-encoberto-deixam-verao-com-cara-de-inverno-em-franca\/#breadcrumb","itemListElement":[{"@type":"ListItem","position":1,"name":"In\u00edcio","item":"https:\/\/verdadeon.com.br\/portal\/"},{"@type":"ListItem","position":2,"name":"Muita chuva e c\u00e9u mais encoberto deixam ver\u00e3o com cara de inverno em Franca"}]},{"@type":"WebSite","@id":"https:\/\/verdadeon.com.br\/portal\/#website","url":"https:\/\/verdadeon.com.br\/portal\/","name":"VerdadeOn","description":"Not\u00edcias di\u00e1rias sobre Franca, Regi\u00e3o, Esporte, Cultura, Cotidiano, Colunas. Cobertura nos principais eventos da cidade \u00e9 aqui - Verdadeon Franca","potentialAction":[{"@type":"SearchAction","target":{"@type":"EntryPoint","urlTemplate":"https:\/\/verdadeon.com.br\/portal\/?s={search_term_string}"},"query-input":{"@type":"PropertyValueSpecification","valueRequired":true,"valueName":"search_term_string"}}],"inLanguage":"pt-BR"},{"@type":"Person","@id":"https:\/\/verdadeon.com.br\/portal\/#\/schema\/person\/8248726d36015c1916636fabb175d972","name":"Nelise Luques","image":{"@type":"ImageObject","inLanguage":"pt-BR","@id":"https:\/\/verdadeon.com.br\/portal\/#\/schema\/person\/image\/","url":"https:\/\/secure.gravatar.com\/avatar\/29b2a17f5bcadeb827411b66f48ac13c3e0ecaf5906c0f5745ecc5d41c24eada?s=96&d=mm&r=g","contentUrl":"https:\/\/secure.gravatar.com\/avatar\/29b2a17f5bcadeb827411b66f48ac13c3e0ecaf5906c0f5745ecc5d41c24eada?s=96&d=mm&r=g","caption":"Nelise Luques"},"url":"https:\/\/verdadeon.com.br\/portal\/author\/verdade\/"}]}},"jetpack_publicize_connections":[],"jetpack_featured_media_url":"https:\/\/i0.wp.com\/verdadeon.com.br\/portal\/wp-content\/uploads\/2022\/01\/CHUVA-EM-FRANCA-JANEIRO-DE-2022.jpeg?fit=1000%2C670&ssl=1","jetpack_sharing_enabled":true,"_links":{"self":[{"href":"https:\/\/verdadeon.com.br\/portal\/wp-json\/wp\/v2\/posts\/22816","targetHints":{"allow":["GET"]}}],"collection":[{"href":"https:\/\/verdadeon.com.br\/portal\/wp-json\/wp\/v2\/posts"}],"about":[{"href":"https:\/\/verdadeon.com.br\/portal\/wp-json\/wp\/v2\/types\/post"}],"author":[{"embeddable":true,"href":"https:\/\/verdadeon.com.br\/portal\/wp-json\/wp\/v2\/users\/12"}],"replies":[{"embeddable":true,"href":"https:\/\/verdadeon.com.br\/portal\/wp-json\/wp\/v2\/comments?post=22816"}],"version-history":[{"count":1,"href":"https:\/\/verdadeon.com.br\/portal\/wp-json\/wp\/v2\/posts\/22816\/revisions"}],"predecessor-version":[{"id":22817,"href":"https:\/\/verdadeon.com.br\/portal\/wp-json\/wp\/v2\/posts\/22816\/revisions\/22817"}],"wp:featuredmedia":[{"embeddable":true,"href":"https:\/\/verdadeon.com.br\/portal\/wp-json\/wp\/v2\/media\/22055"}],"wp:attachment":[{"href":"https:\/\/verdadeon.com.br\/portal\/wp-json\/wp\/v2\/media?parent=22816"}],"wp:term":[{"taxonomy":"category","embeddable":true,"href":"https:\/\/verdadeon.com.br\/portal\/wp-json\/wp\/v2\/categories?post=22816"},{"taxonomy":"post_tag","embeddable":true,"href":"https:\/\/verdadeon.com.br\/portal\/wp-json\/wp\/v2\/tags?post=22816"}],"curies":[{"name":"wp","href":"https:\/\/api.w.org\/{rel}","templated":true}]}}