{"id":22745,"date":"2022-01-31T18:32:09","date_gmt":"2022-01-31T21:32:09","guid":{"rendered":"https:\/\/verdadeon.com.br\/portal\/?p=22745"},"modified":"2022-01-31T18:32:09","modified_gmt":"2022-01-31T21:32:09","slug":"camara-vota-projeto-proibindo-nomeacao-de-condenados-por-maus-tratos-aos-animais","status":"publish","type":"post","link":"https:\/\/verdadeon.com.br\/portal\/2022\/01\/31\/camara-vota-projeto-proibindo-nomeacao-de-condenados-por-maus-tratos-aos-animais\/","title":{"rendered":"C\u00e2mara vota projeto proibindo nomea\u00e7\u00e3o de condenados por maus tratos aos animais"},"content":{"rendered":"<h2>Programas de incentivo a doa\u00e7\u00e3o de leite materno e prote\u00e7\u00e3o aos autistas tamb\u00e9m passam por an\u00e1lise dos parlamentares<\/h2>\n<p>Os vereadores de Franca votam nesta ter\u00e7a-feira (1), a proposta de autoria da vereadora Lindsay Cardoso (CID), que modifica a Lei n\u00ba 7.571, de 17 de agosto de 2011, que vai vedar nomea\u00e7\u00f5es para cargos comissionados, tanto no Legislativo quanto no Executivo, de pessoas que forem condenadas pelo crime de maus tratos aos animais. &#8220;Entende-se que uma pessoa condenada por tal crime, em decis\u00e3o transitada em julgado ou proferida por \u00f3rg\u00e3o colegiado do Poder Judici\u00e1rio, n\u00e3o pode ser nomeada para cargos comissionados na administra\u00e7\u00e3o p\u00fablica do munic\u00edpio de Franca. Dessa forma, esperamos contribuir para inibir a pr\u00e1tica de maus-tratos a animais em nossa cidade&#8221;, justificou a parlamentar.<\/p>\n<p>Ser\u00e1 votado ainda o Projeto de Lei de autoria dos vereadores Donizete da Farm\u00e1cia (MDB), Carlinho Petr\u00f3polis Farm\u00e1cia (PL), Daniel Bassi (PSDB), Lurdinha Granzotte (PSL) e Marcelo Tidy (DEM), que institui no \u00e2mbito do munic\u00edpio de Franca o Programa de Incentivo \u00e0 Doa\u00e7\u00e3o de Leite Materno denominado \u201cDoar Leite Materno \u00e9 Doar Vida\u201d.<\/p>\n<p>O texto tem como principal objetivo incentivar a doa\u00e7\u00e3o de leite humano materno e a expans\u00e3o da coleta junto aos bancos de leites estabelecidos em hospitais p\u00fablicos e privados de Franca. Est\u00e1 previsto tamb\u00e9m a implementa\u00e7\u00e3o de campanhas publicit\u00e1rias a fim de ressaltar a import\u00e2ncia e a necessidade da doa\u00e7\u00e3o de leite materno junto ao banco de leite humano, al\u00e9m de enfatizar os benef\u00edcios que o alimento garante aos rec\u00e9m-nascidos, em especial beb\u00eas prematuros e com baixo peso.<\/p>\n<p>Tamb\u00e9m de autoria dos parlamentares, ser\u00e1 votado o texto que institui a Pol\u00edtica Municipal de Prote\u00e7\u00e3o dos Direitos da Pessoa com Transtorno do Espectro Autista &#8211; TEA no munic\u00edpio de Franca. A proposta tem como diretrizes da pol\u00edtica municipal a intersetorialidade no desenvolvimento das a\u00e7\u00f5es, das pol\u00edticas e do atendimento \u00e0 pessoa com Transtorno do Espectro Autista, participa\u00e7\u00e3o da comunidade na formula\u00e7\u00e3o de pol\u00edticas p\u00fablicas voltadas para os pacientes e aten\u00e7\u00e3o integral \u00e0s necessidades de sa\u00fade da pessoa com o transtorno, objetivando o diagn\u00f3stico precoce, atendimento multiprofissional, acesso a medicamentos e nutrientes, al\u00e9m do est\u00edmulo \u00e0 inser\u00e7\u00e3o no mercado de trabalho.<\/p>\n<p>A proposta pretende assegurar que pessoa com TEA n\u00e3o seja submetida a tratamento desumano ou degradante, tampouco privada de sua liberdade ou do conv\u00edvio familiar, al\u00e9m de n\u00e3o sofrer discrimina\u00e7\u00e3o.<\/p>\n","protected":false},"excerpt":{"rendered":"<p>Programas de incentivo a doa\u00e7\u00e3o de leite materno e prote\u00e7\u00e3o aos autistas tamb\u00e9m passam por an\u00e1lise dos parlamentares Os vereadores de Franca votam nesta ter\u00e7a-feira (1),<span class=\"excerpt-hellip\"> [\u2026]<\/span><\/p>\n","protected":false},"author":7,"featured_media":19541,"comment_status":"open","ping_status":"open","sticky":false,"template":"","format":"standard","meta":{"_jetpack_memberships_contains_paid_content":false,"footnotes":"","jetpack_publicize_message":"","jetpack_publicize_feature_enabled":true,"jetpack_social_post_already_shared":false,"jetpack_social_options":{"image_generator_settings":{"template":"highway","default_image_id":0,"enabled":false},"version":2}},"categories":[28,44],"tags":[],"class_list":["post-22745","post","type-post","status-publish","format-standard","has-post-thumbnail","hentry","category-cotidiano","category-noticias"],"yoast_head":"<!-- This site is optimized with the Yoast SEO plugin v25.6 - https:\/\/yoast.com\/wordpress\/plugins\/seo\/ -->\n<title>C\u00e2mara vota projeto proibindo nomea\u00e7\u00e3o de condenados por maus tratos aos animais - VerdadeOn<\/title>\n<meta name=\"robots\" content=\"index, follow, max-snippet:-1, max-image-preview:large, max-video-preview:-1\" \/>\n<link rel=\"canonical\" href=\"https:\/\/verdadeon.com.br\/portal\/2022\/01\/31\/camara-vota-projeto-proibindo-nomeacao-de-condenados-por-maus-tratos-aos-animais\/\" \/>\n<meta property=\"og:locale\" content=\"pt_BR\" \/>\n<meta property=\"og:type\" content=\"article\" \/>\n<meta property=\"og:title\" content=\"C\u00e2mara vota projeto proibindo nomea\u00e7\u00e3o de condenados por maus tratos aos animais - VerdadeOn\" \/>\n<meta property=\"og:description\" content=\"Programas de incentivo a doa\u00e7\u00e3o de leite materno e prote\u00e7\u00e3o aos autistas tamb\u00e9m passam por an\u00e1lise dos parlamentares Os vereadores de Franca votam nesta ter\u00e7a-feira (1), [\u2026]\" \/>\n<meta property=\"og:url\" content=\"https:\/\/verdadeon.com.br\/portal\/2022\/01\/31\/camara-vota-projeto-proibindo-nomeacao-de-condenados-por-maus-tratos-aos-animais\/\" \/>\n<meta property=\"og:site_name\" content=\"VerdadeOn\" \/>\n<meta property=\"article:published_time\" content=\"2022-01-31T21:32:09+00:00\" \/>\n<meta property=\"og:image\" content=\"https:\/\/verdadeon.com.br\/portal\/wp-content\/uploads\/2021\/09\/camarafachada-scaled.jpg\" \/>\n\t<meta property=\"og:image:width\" content=\"2560\" \/>\n\t<meta property=\"og:image:height\" content=\"1673\" \/>\n\t<meta property=\"og:image:type\" content=\"image\/jpeg\" \/>\n<meta name=\"author\" content=\"Fernando Lima\" \/>\n<meta name=\"twitter:card\" content=\"summary_large_image\" \/>\n<meta name=\"twitter:label1\" content=\"Escrito por\" \/>\n\t<meta name=\"twitter:data1\" content=\"Fernando Lima\" \/>\n\t<meta name=\"twitter:label2\" content=\"Est. tempo de leitura\" \/>\n\t<meta name=\"twitter:data2\" content=\"3 minutos\" \/>\n<script type=\"application\/ld+json\" class=\"yoast-schema-graph\">{\"@context\":\"https:\/\/schema.org\",\"@graph\":[{\"@type\":\"WebPage\",\"@id\":\"https:\/\/verdadeon.com.br\/portal\/2022\/01\/31\/camara-vota-projeto-proibindo-nomeacao-de-condenados-por-maus-tratos-aos-animais\/\",\"url\":\"https:\/\/verdadeon.com.br\/portal\/2022\/01\/31\/camara-vota-projeto-proibindo-nomeacao-de-condenados-por-maus-tratos-aos-animais\/\",\"name\":\"C\u00e2mara vota projeto proibindo nomea\u00e7\u00e3o de condenados por maus tratos aos animais - VerdadeOn\",\"isPartOf\":{\"@id\":\"https:\/\/verdadeon.com.br\/portal\/#website\"},\"primaryImageOfPage\":{\"@id\":\"https:\/\/verdadeon.com.br\/portal\/2022\/01\/31\/camara-vota-projeto-proibindo-nomeacao-de-condenados-por-maus-tratos-aos-animais\/#primaryimage\"},\"image\":{\"@id\":\"https:\/\/verdadeon.com.br\/portal\/2022\/01\/31\/camara-vota-projeto-proibindo-nomeacao-de-condenados-por-maus-tratos-aos-animais\/#primaryimage\"},\"thumbnailUrl\":\"https:\/\/i0.wp.com\/verdadeon.com.br\/portal\/wp-content\/uploads\/2021\/09\/camarafachada-scaled.jpg?fit=2560%2C1673&ssl=1\",\"datePublished\":\"2022-01-31T21:32:09+00:00\",\"author\":{\"@id\":\"https:\/\/verdadeon.com.br\/portal\/#\/schema\/person\/cc32be22b8e8599387c480bc83e1d11a\"},\"breadcrumb\":{\"@id\":\"https:\/\/verdadeon.com.br\/portal\/2022\/01\/31\/camara-vota-projeto-proibindo-nomeacao-de-condenados-por-maus-tratos-aos-animais\/#breadcrumb\"},\"inLanguage\":\"pt-BR\",\"potentialAction\":[{\"@type\":\"ReadAction\",\"target\":[\"https:\/\/verdadeon.com.br\/portal\/2022\/01\/31\/camara-vota-projeto-proibindo-nomeacao-de-condenados-por-maus-tratos-aos-animais\/\"]}]},{\"@type\":\"ImageObject\",\"inLanguage\":\"pt-BR\",\"@id\":\"https:\/\/verdadeon.com.br\/portal\/2022\/01\/31\/camara-vota-projeto-proibindo-nomeacao-de-condenados-por-maus-tratos-aos-animais\/#primaryimage\",\"url\":\"https:\/\/i0.wp.com\/verdadeon.com.br\/portal\/wp-content\/uploads\/2021\/09\/camarafachada-scaled.jpg?fit=2560%2C1673&ssl=1\",\"contentUrl\":\"https:\/\/i0.wp.com\/verdadeon.com.br\/portal\/wp-content\/uploads\/2021\/09\/camarafachada-scaled.jpg?fit=2560%2C1673&ssl=1\",\"width\":2560,\"height\":1673,\"caption\":\"A sess\u00e3o aconteceu nesta ter\u00e7a-feira (15), no Legislativo, a reuni\u00e3o tamb\u00e9m \u00e9 transmitida pela TV e pelas redes sociais da C\u00e2mara Municipal | Foto: Divulga\u00e7\u00e3o\"},{\"@type\":\"BreadcrumbList\",\"@id\":\"https:\/\/verdadeon.com.br\/portal\/2022\/01\/31\/camara-vota-projeto-proibindo-nomeacao-de-condenados-por-maus-tratos-aos-animais\/#breadcrumb\",\"itemListElement\":[{\"@type\":\"ListItem\",\"position\":1,\"name\":\"In\u00edcio\",\"item\":\"https:\/\/verdadeon.com.br\/portal\/\"},{\"@type\":\"ListItem\",\"position\":2,\"name\":\"C\u00e2mara vota projeto proibindo nomea\u00e7\u00e3o de condenados por maus tratos aos animais\"}]},{\"@type\":\"WebSite\",\"@id\":\"https:\/\/verdadeon.com.br\/portal\/#website\",\"url\":\"https:\/\/verdadeon.com.br\/portal\/\",\"name\":\"VerdadeOn\",\"description\":\"Not\u00edcias di\u00e1rias sobre Franca, Regi\u00e3o, Esporte, Cultura, Cotidiano, Colunas. Cobertura nos principais eventos da cidade \u00e9 aqui - Verdadeon Franca\",\"potentialAction\":[{\"@type\":\"SearchAction\",\"target\":{\"@type\":\"EntryPoint\",\"urlTemplate\":\"https:\/\/verdadeon.com.br\/portal\/?s={search_term_string}\"},\"query-input\":{\"@type\":\"PropertyValueSpecification\",\"valueRequired\":true,\"valueName\":\"search_term_string\"}}],\"inLanguage\":\"pt-BR\"},{\"@type\":\"Person\",\"@id\":\"https:\/\/verdadeon.com.br\/portal\/#\/schema\/person\/cc32be22b8e8599387c480bc83e1d11a\",\"name\":\"Fernando Lima\",\"image\":{\"@type\":\"ImageObject\",\"inLanguage\":\"pt-BR\",\"@id\":\"https:\/\/verdadeon.com.br\/portal\/#\/schema\/person\/image\/\",\"url\":\"https:\/\/secure.gravatar.com\/avatar\/df4c8e132080d2b3a4841d5d232045464e0eed11a1d6e43115ca0843d48768d3?s=96&d=mm&r=g\",\"contentUrl\":\"https:\/\/secure.gravatar.com\/avatar\/df4c8e132080d2b3a4841d5d232045464e0eed11a1d6e43115ca0843d48768d3?s=96&d=mm&r=g\",\"caption\":\"Fernando Lima\"},\"sameAs\":[\"http:\/\/verdadeon.com.br\/\"],\"url\":\"https:\/\/verdadeon.com.br\/portal\/author\/fernando-lima\/\"}]}<\/script>\n<!-- \/ Yoast SEO plugin. -->","yoast_head_json":{"title":"C\u00e2mara vota projeto proibindo nomea\u00e7\u00e3o de condenados por maus tratos aos animais - VerdadeOn","robots":{"index":"index","follow":"follow","max-snippet":"max-snippet:-1","max-image-preview":"max-image-preview:large","max-video-preview":"max-video-preview:-1"},"canonical":"https:\/\/verdadeon.com.br\/portal\/2022\/01\/31\/camara-vota-projeto-proibindo-nomeacao-de-condenados-por-maus-tratos-aos-animais\/","og_locale":"pt_BR","og_type":"article","og_title":"C\u00e2mara vota projeto proibindo nomea\u00e7\u00e3o de condenados por maus tratos aos animais - VerdadeOn","og_description":"Programas de incentivo a doa\u00e7\u00e3o de leite materno e prote\u00e7\u00e3o aos autistas tamb\u00e9m passam por an\u00e1lise dos parlamentares Os vereadores de Franca votam nesta ter\u00e7a-feira (1), [\u2026]","og_url":"https:\/\/verdadeon.com.br\/portal\/2022\/01\/31\/camara-vota-projeto-proibindo-nomeacao-de-condenados-por-maus-tratos-aos-animais\/","og_site_name":"VerdadeOn","article_published_time":"2022-01-31T21:32:09+00:00","og_image":[{"width":2560,"height":1673,"url":"https:\/\/verdadeon.com.br\/portal\/wp-content\/uploads\/2021\/09\/camarafachada-scaled.jpg","type":"image\/jpeg"}],"author":"Fernando Lima","twitter_card":"summary_large_image","twitter_misc":{"Escrito por":"Fernando Lima","Est. tempo de leitura":"3 minutos"},"schema":{"@context":"https:\/\/schema.org","@graph":[{"@type":"WebPage","@id":"https:\/\/verdadeon.com.br\/portal\/2022\/01\/31\/camara-vota-projeto-proibindo-nomeacao-de-condenados-por-maus-tratos-aos-animais\/","url":"https:\/\/verdadeon.com.br\/portal\/2022\/01\/31\/camara-vota-projeto-proibindo-nomeacao-de-condenados-por-maus-tratos-aos-animais\/","name":"C\u00e2mara vota projeto proibindo nomea\u00e7\u00e3o de condenados por maus tratos aos animais - VerdadeOn","isPartOf":{"@id":"https:\/\/verdadeon.com.br\/portal\/#website"},"primaryImageOfPage":{"@id":"https:\/\/verdadeon.com.br\/portal\/2022\/01\/31\/camara-vota-projeto-proibindo-nomeacao-de-condenados-por-maus-tratos-aos-animais\/#primaryimage"},"image":{"@id":"https:\/\/verdadeon.com.br\/portal\/2022\/01\/31\/camara-vota-projeto-proibindo-nomeacao-de-condenados-por-maus-tratos-aos-animais\/#primaryimage"},"thumbnailUrl":"https:\/\/i0.wp.com\/verdadeon.com.br\/portal\/wp-content\/uploads\/2021\/09\/camarafachada-scaled.jpg?fit=2560%2C1673&ssl=1","datePublished":"2022-01-31T21:32:09+00:00","author":{"@id":"https:\/\/verdadeon.com.br\/portal\/#\/schema\/person\/cc32be22b8e8599387c480bc83e1d11a"},"breadcrumb":{"@id":"https:\/\/verdadeon.com.br\/portal\/2022\/01\/31\/camara-vota-projeto-proibindo-nomeacao-de-condenados-por-maus-tratos-aos-animais\/#breadcrumb"},"inLanguage":"pt-BR","potentialAction":[{"@type":"ReadAction","target":["https:\/\/verdadeon.com.br\/portal\/2022\/01\/31\/camara-vota-projeto-proibindo-nomeacao-de-condenados-por-maus-tratos-aos-animais\/"]}]},{"@type":"ImageObject","inLanguage":"pt-BR","@id":"https:\/\/verdadeon.com.br\/portal\/2022\/01\/31\/camara-vota-projeto-proibindo-nomeacao-de-condenados-por-maus-tratos-aos-animais\/#primaryimage","url":"https:\/\/i0.wp.com\/verdadeon.com.br\/portal\/wp-content\/uploads\/2021\/09\/camarafachada-scaled.jpg?fit=2560%2C1673&ssl=1","contentUrl":"https:\/\/i0.wp.com\/verdadeon.com.br\/portal\/wp-content\/uploads\/2021\/09\/camarafachada-scaled.jpg?fit=2560%2C1673&ssl=1","width":2560,"height":1673,"caption":"A sess\u00e3o aconteceu nesta ter\u00e7a-feira (15), no Legislativo, a reuni\u00e3o tamb\u00e9m \u00e9 transmitida pela TV e pelas redes sociais da C\u00e2mara Municipal | Foto: Divulga\u00e7\u00e3o"},{"@type":"BreadcrumbList","@id":"https:\/\/verdadeon.com.br\/portal\/2022\/01\/31\/camara-vota-projeto-proibindo-nomeacao-de-condenados-por-maus-tratos-aos-animais\/#breadcrumb","itemListElement":[{"@type":"ListItem","position":1,"name":"In\u00edcio","item":"https:\/\/verdadeon.com.br\/portal\/"},{"@type":"ListItem","position":2,"name":"C\u00e2mara vota projeto proibindo nomea\u00e7\u00e3o de condenados por maus tratos aos animais"}]},{"@type":"WebSite","@id":"https:\/\/verdadeon.com.br\/portal\/#website","url":"https:\/\/verdadeon.com.br\/portal\/","name":"VerdadeOn","description":"Not\u00edcias di\u00e1rias sobre Franca, Regi\u00e3o, Esporte, Cultura, Cotidiano, Colunas. Cobertura nos principais eventos da cidade \u00e9 aqui - Verdadeon Franca","potentialAction":[{"@type":"SearchAction","target":{"@type":"EntryPoint","urlTemplate":"https:\/\/verdadeon.com.br\/portal\/?s={search_term_string}"},"query-input":{"@type":"PropertyValueSpecification","valueRequired":true,"valueName":"search_term_string"}}],"inLanguage":"pt-BR"},{"@type":"Person","@id":"https:\/\/verdadeon.com.br\/portal\/#\/schema\/person\/cc32be22b8e8599387c480bc83e1d11a","name":"Fernando Lima","image":{"@type":"ImageObject","inLanguage":"pt-BR","@id":"https:\/\/verdadeon.com.br\/portal\/#\/schema\/person\/image\/","url":"https:\/\/secure.gravatar.com\/avatar\/df4c8e132080d2b3a4841d5d232045464e0eed11a1d6e43115ca0843d48768d3?s=96&d=mm&r=g","contentUrl":"https:\/\/secure.gravatar.com\/avatar\/df4c8e132080d2b3a4841d5d232045464e0eed11a1d6e43115ca0843d48768d3?s=96&d=mm&r=g","caption":"Fernando Lima"},"sameAs":["http:\/\/verdadeon.com.br\/"],"url":"https:\/\/verdadeon.com.br\/portal\/author\/fernando-lima\/"}]}},"jetpack_publicize_connections":[],"jetpack_featured_media_url":"https:\/\/i0.wp.com\/verdadeon.com.br\/portal\/wp-content\/uploads\/2021\/09\/camarafachada-scaled.jpg?fit=2560%2C1673&ssl=1","jetpack_sharing_enabled":true,"_links":{"self":[{"href":"https:\/\/verdadeon.com.br\/portal\/wp-json\/wp\/v2\/posts\/22745","targetHints":{"allow":["GET"]}}],"collection":[{"href":"https:\/\/verdadeon.com.br\/portal\/wp-json\/wp\/v2\/posts"}],"about":[{"href":"https:\/\/verdadeon.com.br\/portal\/wp-json\/wp\/v2\/types\/post"}],"author":[{"embeddable":true,"href":"https:\/\/verdadeon.com.br\/portal\/wp-json\/wp\/v2\/users\/7"}],"replies":[{"embeddable":true,"href":"https:\/\/verdadeon.com.br\/portal\/wp-json\/wp\/v2\/comments?post=22745"}],"version-history":[{"count":1,"href":"https:\/\/verdadeon.com.br\/portal\/wp-json\/wp\/v2\/posts\/22745\/revisions"}],"predecessor-version":[{"id":22749,"href":"https:\/\/verdadeon.com.br\/portal\/wp-json\/wp\/v2\/posts\/22745\/revisions\/22749"}],"wp:featuredmedia":[{"embeddable":true,"href":"https:\/\/verdadeon.com.br\/portal\/wp-json\/wp\/v2\/media\/19541"}],"wp:attachment":[{"href":"https:\/\/verdadeon.com.br\/portal\/wp-json\/wp\/v2\/media?parent=22745"}],"wp:term":[{"taxonomy":"category","embeddable":true,"href":"https:\/\/verdadeon.com.br\/portal\/wp-json\/wp\/v2\/categories?post=22745"},{"taxonomy":"post_tag","embeddable":true,"href":"https:\/\/verdadeon.com.br\/portal\/wp-json\/wp\/v2\/tags?post=22745"}],"curies":[{"name":"wp","href":"https:\/\/api.w.org\/{rel}","templated":true}]}}