{"id":22651,"date":"2022-01-27T17:49:53","date_gmt":"2022-01-27T20:49:53","guid":{"rendered":"https:\/\/verdadeon.com.br\/portal\/?p=22651"},"modified":"2022-01-27T17:49:53","modified_gmt":"2022-01-27T20:49:53","slug":"camara-de-franca-prepara-reforma-e-monta-comissao-para-acompanhar-obras","status":"publish","type":"post","link":"https:\/\/verdadeon.com.br\/portal\/2022\/01\/27\/camara-de-franca-prepara-reforma-e-monta-comissao-para-acompanhar-obras\/","title":{"rendered":"C\u00e2mara de Franca prepara reforma e monta comiss\u00e3o para acompanhar obras"},"content":{"rendered":"<h2>H\u00e1 mais de tr\u00eas anos as obras est\u00e3o sendo debatidas, expectativa \u00e9 resolver problemas como rachaduras no local<\/h2>\n<p>O presidente da C\u00e2mara Municipal de Franca, Claudinei da Rocha, se reuniu com o representante da empresa vencedora da licita\u00e7\u00e3o, que vai realizar a reforma do pr\u00e9dio do Legislativo.\u00a0De acordo com a C\u00e2mara, todo o processo ser\u00e1 acompanhado por uma comiss\u00e3o institu\u00edda por meio da Portaria de n\u00ba 11\/2022, que foi publicada no D\u00e1rio Oficial do Munic\u00edpio.<\/p>\n<p>Ela ser\u00e1 composta por dez integrantes,\u00a0 sendo eles, o presidente da Casa de Leis, vereador Claudinei da Rocha (MDB), o vice-presidente, o vereador Pastor Palamoni (PSD), a primeira secret\u00e1ria, a vereadora Lurdinha Granzotte (PSL), o segundo secret\u00e1rio, o vereador Kak\u00e1 (PSDB), o diretor geral, Thales Willian Canzaroli, representando o departamento jur\u00eddico, as advogadas Maria Fernanda Bordini Novato e Taysa Mara Thomazini, do setor de compras, Willian Campos Galv\u00e3o, da coordenadoria legislativa, Ariel Garcia Rached, do departamento financeiro, a contadora Ana Virg\u00ednia Caetano Alves Eleut\u00e9rio, e os analistas legislativos Paulo Henrique de Faria Pereira, Maria Laura de Oliveira Souza e Adriana Vasconcelos Martins Oliveira.<\/p>\n<p>A comiss\u00e3o ter\u00e1 prazo de funcionamento at\u00e9 o encerramento das obras, e dever\u00e1 acompanhar todos os tr\u00e2mites da elabora\u00e7\u00e3o dos projetos, processos licitat\u00f3rios, andamento e execu\u00e7\u00e3o das obras. &#8220;Esse processo \u00e9 constru\u00eddo em tr\u00eas etapas, a primeira \u00e9 o anteprojeto que \u00e9 a valida\u00e7\u00e3o dessas necessidades, que s\u00e3o as melhorias que se pretende pela C\u00e2mara, depois a gente entra com a segunda etapa com projetos de aprova\u00e7\u00f5es na Prefeitura Municipal, Corpo de Bombeiros e demais \u00f3rg\u00e3os, a partir dessas aprova\u00e7\u00f5es temos um ponto muito importante que s\u00e3o as planilhas or\u00e7ament\u00e1rias, e a partir disso, a C\u00e2mara vai conseguir licitar a execu\u00e7\u00e3o dessas melhorias e a terceira etapa com o projeto executivo com detalhamento das obras&#8221; explicou o engenheiro civil Thiago Marinho, que conheceu a estrutura do pr\u00e9dio e verificou os detalhes para in\u00edcio da elabora\u00e7\u00e3o dos projetos que v\u00e3o definir como e quais ser\u00e3o as obras executadas.<\/p>\n<p>A reforma do pr\u00e9dio da C\u00e2mara de Franca vem sendo debatida h\u00e1 mais de tr\u00eas anos, e todos os procedimentos legais est\u00e3o sendo cumpridos e amplamente avaliados por parlamentares e servidores.<\/p>\n<p>Em janeiro de 2021, foi apresentado o projeto de viabilidade, ou seja, a comprova\u00e7\u00e3o da necessidade da realiza\u00e7\u00e3o das melhorias para a solu\u00e7\u00e3o dos problemas estruturais do pr\u00e9dio. \u00a0O diretor geral da Casa de Leis, Thales Willian Canzaroli, explicou que o pr\u00e9dio tem alguns problemas estruturais como rachaduras e alagamentos, que causam transtornos e atrapalham os trabalhos da C\u00e2mara.<\/p>\n<p>Os danos causados durante as chuvas chegaram inclusive a provocar a interdi\u00e7\u00e3o do Plen\u00e1rio da Casa de Leis em janeiro de 2020 quando parte do teto desabou. A \u00e1rea foi inutilizada e as sess\u00f5es transferidas temporariamente para o Teatro Judas Iscariotes at\u00e9 a conclus\u00e3o das reformas e a libera\u00e7\u00e3o por parte da Defesa Civil de Franca.<\/p>\n<p>&#8220;A C\u00e2mara conviveu com v\u00e1rias inunda\u00e7\u00f5es e quando muda o tempo para chuva os servidores tiram os carros dos estacionamentos com medo. V\u00e1rios presidentes trabalharam nesse processo&#8221;, explicou Claudinei da Rocha. Al\u00e9m da reforma estrutural, a C\u00e2mara vem passando por diversas melhorias nos \u00faltimos meses, entre elas, quest\u00f5es de seguran\u00e7a com exig\u00eancia de \u00f3rg\u00e3os competentes com a troca das portas de inc\u00eandio do Plen\u00e1rio, troca da porta dos corredores de acesso aos gabinetes, troca de postes externos de ilumina\u00e7\u00e3o e manuten\u00e7\u00e3o diversas.<\/p>\n<p>A C\u00e2mara tamb\u00e9m atendeu as recomenda\u00e7\u00f5es do Minist\u00e9rio P\u00fablico Estadual para melhoria na qualidade das transmiss\u00f5es das sess\u00f5es ordin\u00e1rias, sess\u00f5es solenes e reuni\u00e3o de comiss\u00f5es. Hoje, o Legislativo conta com novos equipamentos de v\u00eddeo e som que permitiram a moderniza\u00e7\u00e3o e inova\u00e7\u00e3o da programa\u00e7\u00e3o da TV C\u00e2mara.<\/p>\n<p>A proposta da reforma prev\u00ea a solu\u00e7\u00e3o dos alagamentos com constru\u00e7\u00e3o de mureta para barrar a entrada da \u00e1gua das chuvas, revitaliza\u00e7\u00e3o da entrada do pr\u00e9dio, constru\u00e7\u00e3o de sala anexa e revitaliza\u00e7\u00e3o e adequa\u00e7\u00f5es de acessibilidade do Plen\u00e1rio, nova recep\u00e7\u00e3o com banheiros para mun\u00edcipes, estacionamento com guarita, novo arquivo com biblioteca e a implanta\u00e7\u00e3o de detectores de metal com equipes de seguran\u00e7a em pontos estrat\u00e9gicos.<\/p>\n","protected":false},"excerpt":{"rendered":"<p>H\u00e1 mais de tr\u00eas anos as obras est\u00e3o sendo debatidas, expectativa \u00e9 resolver problemas como rachaduras no local O presidente da C\u00e2mara Municipal de Franca, Claudinei<span class=\"excerpt-hellip\"> [\u2026]<\/span><\/p>\n","protected":false},"author":7,"featured_media":22655,"comment_status":"open","ping_status":"open","sticky":false,"template":"","format":"standard","meta":{"_jetpack_memberships_contains_paid_content":false,"footnotes":"","jetpack_publicize_message":"","jetpack_publicize_feature_enabled":true,"jetpack_social_post_already_shared":false,"jetpack_social_options":{"image_generator_settings":{"template":"highway","default_image_id":0,"enabled":false},"version":2}},"categories":[28,81],"tags":[],"class_list":["post-22651","post","type-post","status-publish","format-standard","has-post-thumbnail","hentry","category-cotidiano","category-manchete"],"yoast_head":"<!-- This site is optimized with the Yoast SEO plugin v25.6 - https:\/\/yoast.com\/wordpress\/plugins\/seo\/ -->\n<title>C\u00e2mara de Franca prepara reforma e monta comiss\u00e3o para acompanhar obras - VerdadeOn<\/title>\n<meta name=\"robots\" content=\"index, follow, max-snippet:-1, max-image-preview:large, max-video-preview:-1\" \/>\n<link rel=\"canonical\" href=\"https:\/\/verdadeon.com.br\/portal\/2022\/01\/27\/camara-de-franca-prepara-reforma-e-monta-comissao-para-acompanhar-obras\/\" \/>\n<meta property=\"og:locale\" content=\"pt_BR\" \/>\n<meta property=\"og:type\" content=\"article\" \/>\n<meta property=\"og:title\" content=\"C\u00e2mara de Franca prepara reforma e monta comiss\u00e3o para acompanhar obras - VerdadeOn\" \/>\n<meta property=\"og:description\" content=\"H\u00e1 mais de tr\u00eas anos as obras est\u00e3o sendo debatidas, expectativa \u00e9 resolver problemas como rachaduras no local O presidente da C\u00e2mara Municipal de Franca, Claudinei [\u2026]\" \/>\n<meta property=\"og:url\" content=\"https:\/\/verdadeon.com.br\/portal\/2022\/01\/27\/camara-de-franca-prepara-reforma-e-monta-comissao-para-acompanhar-obras\/\" \/>\n<meta property=\"og:site_name\" content=\"VerdadeOn\" \/>\n<meta property=\"article:published_time\" content=\"2022-01-27T20:49:53+00:00\" \/>\n<meta property=\"og:image\" content=\"https:\/\/verdadeon.com.br\/portal\/wp-content\/uploads\/2022\/01\/comissaoobras-1-e1643316402254.jpeg\" \/>\n\t<meta property=\"og:image:width\" content=\"1001\" \/>\n\t<meta property=\"og:image:height\" content=\"668\" \/>\n\t<meta property=\"og:image:type\" content=\"image\/jpeg\" \/>\n<meta name=\"author\" content=\"Fernando Lima\" \/>\n<meta name=\"twitter:card\" content=\"summary_large_image\" \/>\n<meta name=\"twitter:label1\" content=\"Escrito por\" \/>\n\t<meta name=\"twitter:data1\" content=\"Fernando Lima\" \/>\n\t<meta name=\"twitter:label2\" content=\"Est. tempo de leitura\" \/>\n\t<meta name=\"twitter:data2\" content=\"4 minutos\" \/>\n<script type=\"application\/ld+json\" class=\"yoast-schema-graph\">{\"@context\":\"https:\/\/schema.org\",\"@graph\":[{\"@type\":\"WebPage\",\"@id\":\"https:\/\/verdadeon.com.br\/portal\/2022\/01\/27\/camara-de-franca-prepara-reforma-e-monta-comissao-para-acompanhar-obras\/\",\"url\":\"https:\/\/verdadeon.com.br\/portal\/2022\/01\/27\/camara-de-franca-prepara-reforma-e-monta-comissao-para-acompanhar-obras\/\",\"name\":\"C\u00e2mara de Franca prepara reforma e monta comiss\u00e3o para acompanhar obras - VerdadeOn\",\"isPartOf\":{\"@id\":\"https:\/\/verdadeon.com.br\/portal\/#website\"},\"primaryImageOfPage\":{\"@id\":\"https:\/\/verdadeon.com.br\/portal\/2022\/01\/27\/camara-de-franca-prepara-reforma-e-monta-comissao-para-acompanhar-obras\/#primaryimage\"},\"image\":{\"@id\":\"https:\/\/verdadeon.com.br\/portal\/2022\/01\/27\/camara-de-franca-prepara-reforma-e-monta-comissao-para-acompanhar-obras\/#primaryimage\"},\"thumbnailUrl\":\"https:\/\/i0.wp.com\/verdadeon.com.br\/portal\/wp-content\/uploads\/2022\/01\/comissaoobras-1-e1643316402254.jpeg?fit=1001%2C668&ssl=1\",\"datePublished\":\"2022-01-27T20:49:53+00:00\",\"author\":{\"@id\":\"https:\/\/verdadeon.com.br\/portal\/#\/schema\/person\/cc32be22b8e8599387c480bc83e1d11a\"},\"breadcrumb\":{\"@id\":\"https:\/\/verdadeon.com.br\/portal\/2022\/01\/27\/camara-de-franca-prepara-reforma-e-monta-comissao-para-acompanhar-obras\/#breadcrumb\"},\"inLanguage\":\"pt-BR\",\"potentialAction\":[{\"@type\":\"ReadAction\",\"target\":[\"https:\/\/verdadeon.com.br\/portal\/2022\/01\/27\/camara-de-franca-prepara-reforma-e-monta-comissao-para-acompanhar-obras\/\"]}]},{\"@type\":\"ImageObject\",\"inLanguage\":\"pt-BR\",\"@id\":\"https:\/\/verdadeon.com.br\/portal\/2022\/01\/27\/camara-de-franca-prepara-reforma-e-monta-comissao-para-acompanhar-obras\/#primaryimage\",\"url\":\"https:\/\/i0.wp.com\/verdadeon.com.br\/portal\/wp-content\/uploads\/2022\/01\/comissaoobras-1-e1643316402254.jpeg?fit=1001%2C668&ssl=1\",\"contentUrl\":\"https:\/\/i0.wp.com\/verdadeon.com.br\/portal\/wp-content\/uploads\/2022\/01\/comissaoobras-1-e1643316402254.jpeg?fit=1001%2C668&ssl=1\",\"width\":1001,\"height\":668,\"caption\":\"Reuni\u00e3o aconteceu na sala da presid\u00eancia da C\u00e2mara. Reformas devem come\u00e7ar nas pr\u00f3ximas semanas | Foto: Divulga\u00e7\u00e3o\"},{\"@type\":\"BreadcrumbList\",\"@id\":\"https:\/\/verdadeon.com.br\/portal\/2022\/01\/27\/camara-de-franca-prepara-reforma-e-monta-comissao-para-acompanhar-obras\/#breadcrumb\",\"itemListElement\":[{\"@type\":\"ListItem\",\"position\":1,\"name\":\"In\u00edcio\",\"item\":\"https:\/\/verdadeon.com.br\/portal\/\"},{\"@type\":\"ListItem\",\"position\":2,\"name\":\"C\u00e2mara de Franca prepara reforma e monta comiss\u00e3o para acompanhar obras\"}]},{\"@type\":\"WebSite\",\"@id\":\"https:\/\/verdadeon.com.br\/portal\/#website\",\"url\":\"https:\/\/verdadeon.com.br\/portal\/\",\"name\":\"VerdadeOn\",\"description\":\"Not\u00edcias di\u00e1rias sobre Franca, Regi\u00e3o, Esporte, Cultura, Cotidiano, Colunas. Cobertura nos principais eventos da cidade \u00e9 aqui - Verdadeon Franca\",\"potentialAction\":[{\"@type\":\"SearchAction\",\"target\":{\"@type\":\"EntryPoint\",\"urlTemplate\":\"https:\/\/verdadeon.com.br\/portal\/?s={search_term_string}\"},\"query-input\":{\"@type\":\"PropertyValueSpecification\",\"valueRequired\":true,\"valueName\":\"search_term_string\"}}],\"inLanguage\":\"pt-BR\"},{\"@type\":\"Person\",\"@id\":\"https:\/\/verdadeon.com.br\/portal\/#\/schema\/person\/cc32be22b8e8599387c480bc83e1d11a\",\"name\":\"Fernando Lima\",\"image\":{\"@type\":\"ImageObject\",\"inLanguage\":\"pt-BR\",\"@id\":\"https:\/\/verdadeon.com.br\/portal\/#\/schema\/person\/image\/\",\"url\":\"https:\/\/secure.gravatar.com\/avatar\/df4c8e132080d2b3a4841d5d232045464e0eed11a1d6e43115ca0843d48768d3?s=96&d=mm&r=g\",\"contentUrl\":\"https:\/\/secure.gravatar.com\/avatar\/df4c8e132080d2b3a4841d5d232045464e0eed11a1d6e43115ca0843d48768d3?s=96&d=mm&r=g\",\"caption\":\"Fernando Lima\"},\"sameAs\":[\"http:\/\/verdadeon.com.br\/\"],\"url\":\"https:\/\/verdadeon.com.br\/portal\/author\/fernando-lima\/\"}]}<\/script>\n<!-- \/ Yoast SEO plugin. -->","yoast_head_json":{"title":"C\u00e2mara de Franca prepara reforma e monta comiss\u00e3o para acompanhar obras - VerdadeOn","robots":{"index":"index","follow":"follow","max-snippet":"max-snippet:-1","max-image-preview":"max-image-preview:large","max-video-preview":"max-video-preview:-1"},"canonical":"https:\/\/verdadeon.com.br\/portal\/2022\/01\/27\/camara-de-franca-prepara-reforma-e-monta-comissao-para-acompanhar-obras\/","og_locale":"pt_BR","og_type":"article","og_title":"C\u00e2mara de Franca prepara reforma e monta comiss\u00e3o para acompanhar obras - VerdadeOn","og_description":"H\u00e1 mais de tr\u00eas anos as obras est\u00e3o sendo debatidas, expectativa \u00e9 resolver problemas como rachaduras no local O presidente da C\u00e2mara Municipal de Franca, Claudinei [\u2026]","og_url":"https:\/\/verdadeon.com.br\/portal\/2022\/01\/27\/camara-de-franca-prepara-reforma-e-monta-comissao-para-acompanhar-obras\/","og_site_name":"VerdadeOn","article_published_time":"2022-01-27T20:49:53+00:00","og_image":[{"width":1001,"height":668,"url":"https:\/\/verdadeon.com.br\/portal\/wp-content\/uploads\/2022\/01\/comissaoobras-1-e1643316402254.jpeg","type":"image\/jpeg"}],"author":"Fernando Lima","twitter_card":"summary_large_image","twitter_misc":{"Escrito por":"Fernando Lima","Est. tempo de leitura":"4 minutos"},"schema":{"@context":"https:\/\/schema.org","@graph":[{"@type":"WebPage","@id":"https:\/\/verdadeon.com.br\/portal\/2022\/01\/27\/camara-de-franca-prepara-reforma-e-monta-comissao-para-acompanhar-obras\/","url":"https:\/\/verdadeon.com.br\/portal\/2022\/01\/27\/camara-de-franca-prepara-reforma-e-monta-comissao-para-acompanhar-obras\/","name":"C\u00e2mara de Franca prepara reforma e monta comiss\u00e3o para acompanhar obras - VerdadeOn","isPartOf":{"@id":"https:\/\/verdadeon.com.br\/portal\/#website"},"primaryImageOfPage":{"@id":"https:\/\/verdadeon.com.br\/portal\/2022\/01\/27\/camara-de-franca-prepara-reforma-e-monta-comissao-para-acompanhar-obras\/#primaryimage"},"image":{"@id":"https:\/\/verdadeon.com.br\/portal\/2022\/01\/27\/camara-de-franca-prepara-reforma-e-monta-comissao-para-acompanhar-obras\/#primaryimage"},"thumbnailUrl":"https:\/\/i0.wp.com\/verdadeon.com.br\/portal\/wp-content\/uploads\/2022\/01\/comissaoobras-1-e1643316402254.jpeg?fit=1001%2C668&ssl=1","datePublished":"2022-01-27T20:49:53+00:00","author":{"@id":"https:\/\/verdadeon.com.br\/portal\/#\/schema\/person\/cc32be22b8e8599387c480bc83e1d11a"},"breadcrumb":{"@id":"https:\/\/verdadeon.com.br\/portal\/2022\/01\/27\/camara-de-franca-prepara-reforma-e-monta-comissao-para-acompanhar-obras\/#breadcrumb"},"inLanguage":"pt-BR","potentialAction":[{"@type":"ReadAction","target":["https:\/\/verdadeon.com.br\/portal\/2022\/01\/27\/camara-de-franca-prepara-reforma-e-monta-comissao-para-acompanhar-obras\/"]}]},{"@type":"ImageObject","inLanguage":"pt-BR","@id":"https:\/\/verdadeon.com.br\/portal\/2022\/01\/27\/camara-de-franca-prepara-reforma-e-monta-comissao-para-acompanhar-obras\/#primaryimage","url":"https:\/\/i0.wp.com\/verdadeon.com.br\/portal\/wp-content\/uploads\/2022\/01\/comissaoobras-1-e1643316402254.jpeg?fit=1001%2C668&ssl=1","contentUrl":"https:\/\/i0.wp.com\/verdadeon.com.br\/portal\/wp-content\/uploads\/2022\/01\/comissaoobras-1-e1643316402254.jpeg?fit=1001%2C668&ssl=1","width":1001,"height":668,"caption":"Reuni\u00e3o aconteceu na sala da presid\u00eancia da C\u00e2mara. Reformas devem come\u00e7ar nas pr\u00f3ximas semanas | Foto: Divulga\u00e7\u00e3o"},{"@type":"BreadcrumbList","@id":"https:\/\/verdadeon.com.br\/portal\/2022\/01\/27\/camara-de-franca-prepara-reforma-e-monta-comissao-para-acompanhar-obras\/#breadcrumb","itemListElement":[{"@type":"ListItem","position":1,"name":"In\u00edcio","item":"https:\/\/verdadeon.com.br\/portal\/"},{"@type":"ListItem","position":2,"name":"C\u00e2mara de Franca prepara reforma e monta comiss\u00e3o para acompanhar obras"}]},{"@type":"WebSite","@id":"https:\/\/verdadeon.com.br\/portal\/#website","url":"https:\/\/verdadeon.com.br\/portal\/","name":"VerdadeOn","description":"Not\u00edcias di\u00e1rias sobre Franca, Regi\u00e3o, Esporte, Cultura, Cotidiano, Colunas. Cobertura nos principais eventos da cidade \u00e9 aqui - Verdadeon Franca","potentialAction":[{"@type":"SearchAction","target":{"@type":"EntryPoint","urlTemplate":"https:\/\/verdadeon.com.br\/portal\/?s={search_term_string}"},"query-input":{"@type":"PropertyValueSpecification","valueRequired":true,"valueName":"search_term_string"}}],"inLanguage":"pt-BR"},{"@type":"Person","@id":"https:\/\/verdadeon.com.br\/portal\/#\/schema\/person\/cc32be22b8e8599387c480bc83e1d11a","name":"Fernando Lima","image":{"@type":"ImageObject","inLanguage":"pt-BR","@id":"https:\/\/verdadeon.com.br\/portal\/#\/schema\/person\/image\/","url":"https:\/\/secure.gravatar.com\/avatar\/df4c8e132080d2b3a4841d5d232045464e0eed11a1d6e43115ca0843d48768d3?s=96&d=mm&r=g","contentUrl":"https:\/\/secure.gravatar.com\/avatar\/df4c8e132080d2b3a4841d5d232045464e0eed11a1d6e43115ca0843d48768d3?s=96&d=mm&r=g","caption":"Fernando Lima"},"sameAs":["http:\/\/verdadeon.com.br\/"],"url":"https:\/\/verdadeon.com.br\/portal\/author\/fernando-lima\/"}]}},"jetpack_publicize_connections":[],"jetpack_featured_media_url":"https:\/\/i0.wp.com\/verdadeon.com.br\/portal\/wp-content\/uploads\/2022\/01\/comissaoobras-1-e1643316402254.jpeg?fit=1001%2C668&ssl=1","jetpack_sharing_enabled":true,"_links":{"self":[{"href":"https:\/\/verdadeon.com.br\/portal\/wp-json\/wp\/v2\/posts\/22651","targetHints":{"allow":["GET"]}}],"collection":[{"href":"https:\/\/verdadeon.com.br\/portal\/wp-json\/wp\/v2\/posts"}],"about":[{"href":"https:\/\/verdadeon.com.br\/portal\/wp-json\/wp\/v2\/types\/post"}],"author":[{"embeddable":true,"href":"https:\/\/verdadeon.com.br\/portal\/wp-json\/wp\/v2\/users\/7"}],"replies":[{"embeddable":true,"href":"https:\/\/verdadeon.com.br\/portal\/wp-json\/wp\/v2\/comments?post=22651"}],"version-history":[{"count":1,"href":"https:\/\/verdadeon.com.br\/portal\/wp-json\/wp\/v2\/posts\/22651\/revisions"}],"predecessor-version":[{"id":22656,"href":"https:\/\/verdadeon.com.br\/portal\/wp-json\/wp\/v2\/posts\/22651\/revisions\/22656"}],"wp:featuredmedia":[{"embeddable":true,"href":"https:\/\/verdadeon.com.br\/portal\/wp-json\/wp\/v2\/media\/22655"}],"wp:attachment":[{"href":"https:\/\/verdadeon.com.br\/portal\/wp-json\/wp\/v2\/media?parent=22651"}],"wp:term":[{"taxonomy":"category","embeddable":true,"href":"https:\/\/verdadeon.com.br\/portal\/wp-json\/wp\/v2\/categories?post=22651"},{"taxonomy":"post_tag","embeddable":true,"href":"https:\/\/verdadeon.com.br\/portal\/wp-json\/wp\/v2\/tags?post=22651"}],"curies":[{"name":"wp","href":"https:\/\/api.w.org\/{rel}","templated":true}]}}