{"id":22601,"date":"2022-01-25T17:58:03","date_gmt":"2022-01-25T20:58:03","guid":{"rendered":"https:\/\/verdadeon.com.br\/portal\/?p=22601"},"modified":"2022-01-25T17:58:03","modified_gmt":"2022-01-25T20:58:03","slug":"jovem-de-19-anos-e-preso-por-trafico-de-drogas-em-franca","status":"publish","type":"post","link":"https:\/\/verdadeon.com.br\/portal\/2022\/01\/25\/jovem-de-19-anos-e-preso-por-trafico-de-drogas-em-franca\/","title":{"rendered":"Jovem de 19 anos \u00e9 preso por tr\u00e1fico de drogas em Franca"},"content":{"rendered":"<h2>DISE chegou at\u00e9 ele ap\u00f3s den\u00fancias an\u00f4nimas e depois de investiga\u00e7\u00f5es receberam autoriza\u00e7\u00e3o da Justi\u00e7a para buscas<\/h2>\n<p>A Delegacia de Investiga\u00e7\u00f5es Sobre Entorpecentes (DISE) de Franca, prendeu um homem de 19 anos por tr\u00e1fico de drogas, no Parque Esmeralda na zona oeste na tarde desta ter\u00e7a-feira (25).<\/p>\n<p>De acordo com o Delegado Dr. Alan Bazalha Lopes, os investigadores receberam den\u00fancias an\u00f4nimas que davam conta que na casa um homem guardava as suas drogas, as quais eram vendidas para usu\u00e1rios que ali mesmo iam comprar.\u00a0Os policiais fizeram campanas em dias e hor\u00e1rios alternados e assim constataram as irregularidades.<\/p>\n<p>&#8220;Foi solicitado mandado de busca e com a ordem judicial em m\u00e3os a equipe da DISE foi ao local dos fatos onde surpreendeu o alvo da den\u00fancia ocultando drogas do tipo maconha e coca\u00edna, j\u00e1 embaladas para serem vendidas, assim como peda\u00e7os maiores que seriam picados para serem comercializados&#8221;, informou a delegacia.<\/p>\n<p>Al\u00e9m das drogas tamb\u00e9m foi apreendido dinheiro das vendas das drogas, muni\u00e7\u00f5es calibre 38, simulacro de arma de fogo e material de embalagens para os entorpecentes.<\/p>\n<p>O homem confessou formalmente que estava vendendo drogas h\u00e1 cerca de um m\u00eas e foi preso em flagrante por tr\u00e1fico de drogas e levado para a pris\u00e3o, ficando \u00e0 disposi\u00e7\u00e3o da justi\u00e7a.<\/p>\n<h4>Justi\u00e7a<\/h4>\n<p>Ainda no setor policial, a\u00a0Justi\u00e7a aceitou a den\u00fancia do Minist\u00e9rio P\u00fablico do Estado de S\u00e3o Paulo, contra o policial militar Douglas Teixeira, de 29 anos, que matou e abandonou o corpo da ex-mulher dele, Th\u00e1bata Gonzalez de 34.<\/p>\n<p>O crime foi registrado em novembro de 2021, o militar n\u00e3o aceitava o fim do relacionamento e matou a v\u00edtima com um tiro na cabe\u00e7a, ap\u00f3s abandonou o corpo dela dentro de um ve\u00edculo na ch\u00e1cara dos pais.<\/p>\n<p>Ele agora \u00e9 r\u00e9u por feminic\u00eddio, cometido por motivo torpe al\u00e9m de emprego de meio cruel.<\/p>\n<p>No dia do crime Douglas fugiu na caminhonete do pai dele, mas se entregou horas depois na Delegacia de Investiga\u00e7\u00f5es Gerais (DIG) de Franca, onde o inqu\u00e9rito foi aberto. Familiares e amigos relataram que Douglas era violento e que n\u00e3o aceitava o fim do relacionamento, inclusive j\u00e1 havia amea\u00e7ado a v\u00edtima diversas vezes.<\/p>\n<p>Ele segue preso em S\u00e3o Paulo, no Pres\u00eddio Militar Rom\u00e3o Gomes.<\/p>\n","protected":false},"excerpt":{"rendered":"<p>DISE chegou at\u00e9 ele ap\u00f3s den\u00fancias an\u00f4nimas e depois de investiga\u00e7\u00f5es receberam autoriza\u00e7\u00e3o da Justi\u00e7a para buscas A Delegacia de Investiga\u00e7\u00f5es Sobre Entorpecentes (DISE) de Franca,<span class=\"excerpt-hellip\"> [\u2026]<\/span><\/p>\n","protected":false},"author":7,"featured_media":0,"comment_status":"open","ping_status":"open","sticky":false,"template":"","format":"standard","meta":{"_jetpack_memberships_contains_paid_content":false,"footnotes":"","jetpack_publicize_message":"","jetpack_publicize_feature_enabled":true,"jetpack_social_post_already_shared":false,"jetpack_social_options":{"image_generator_settings":{"template":"highway","default_image_id":0,"enabled":false},"version":2}},"categories":[28,81],"tags":[],"class_list":["post-22601","post","type-post","status-publish","format-standard","hentry","category-cotidiano","category-manchete"],"yoast_head":"<!-- This site is optimized with the Yoast SEO plugin v25.6 - https:\/\/yoast.com\/wordpress\/plugins\/seo\/ -->\n<title>Jovem de 19 anos \u00e9 preso por tr\u00e1fico de drogas em Franca - VerdadeOn<\/title>\n<meta name=\"robots\" content=\"index, follow, max-snippet:-1, max-image-preview:large, max-video-preview:-1\" \/>\n<link rel=\"canonical\" href=\"https:\/\/verdadeon.com.br\/portal\/2022\/01\/25\/jovem-de-19-anos-e-preso-por-trafico-de-drogas-em-franca\/\" \/>\n<meta property=\"og:locale\" content=\"pt_BR\" \/>\n<meta property=\"og:type\" content=\"article\" \/>\n<meta property=\"og:title\" content=\"Jovem de 19 anos \u00e9 preso por tr\u00e1fico de drogas em Franca - VerdadeOn\" \/>\n<meta property=\"og:description\" content=\"DISE chegou at\u00e9 ele ap\u00f3s den\u00fancias an\u00f4nimas e depois de investiga\u00e7\u00f5es receberam autoriza\u00e7\u00e3o da Justi\u00e7a para buscas A Delegacia de Investiga\u00e7\u00f5es Sobre Entorpecentes (DISE) de Franca, [\u2026]\" \/>\n<meta property=\"og:url\" content=\"https:\/\/verdadeon.com.br\/portal\/2022\/01\/25\/jovem-de-19-anos-e-preso-por-trafico-de-drogas-em-franca\/\" \/>\n<meta property=\"og:site_name\" content=\"VerdadeOn\" \/>\n<meta property=\"article:published_time\" content=\"2022-01-25T20:58:03+00:00\" \/>\n<meta property=\"og:image\" content=\"https:\/\/verdadeon.com.br\/portal\/wp-content\/uploads\/2022\/01\/WhatsApp-Image-2022-01-25-at-16.49.19-e1643142931897.jpeg\" \/>\n\t<meta property=\"og:image:width\" content=\"1000\" \/>\n\t<meta property=\"og:image:height\" content=\"672\" \/>\n\t<meta property=\"og:image:type\" content=\"image\/jpeg\" \/>\n<meta name=\"author\" content=\"Fernando Lima\" \/>\n<meta name=\"twitter:card\" content=\"summary_large_image\" \/>\n<meta name=\"twitter:label1\" content=\"Escrito por\" \/>\n\t<meta name=\"twitter:data1\" content=\"Fernando Lima\" \/>\n\t<meta name=\"twitter:label2\" content=\"Est. tempo de leitura\" \/>\n\t<meta name=\"twitter:data2\" content=\"3 minutos\" \/>\n<script type=\"application\/ld+json\" class=\"yoast-schema-graph\">{\"@context\":\"https:\/\/schema.org\",\"@graph\":[{\"@type\":\"WebPage\",\"@id\":\"https:\/\/verdadeon.com.br\/portal\/2022\/01\/25\/jovem-de-19-anos-e-preso-por-trafico-de-drogas-em-franca\/\",\"url\":\"https:\/\/verdadeon.com.br\/portal\/2022\/01\/25\/jovem-de-19-anos-e-preso-por-trafico-de-drogas-em-franca\/\",\"name\":\"Jovem de 19 anos \u00e9 preso por tr\u00e1fico de drogas em Franca - VerdadeOn\",\"isPartOf\":{\"@id\":\"https:\/\/verdadeon.com.br\/portal\/#website\"},\"datePublished\":\"2022-01-25T20:58:03+00:00\",\"author\":{\"@id\":\"https:\/\/verdadeon.com.br\/portal\/#\/schema\/person\/cc32be22b8e8599387c480bc83e1d11a\"},\"breadcrumb\":{\"@id\":\"https:\/\/verdadeon.com.br\/portal\/2022\/01\/25\/jovem-de-19-anos-e-preso-por-trafico-de-drogas-em-franca\/#breadcrumb\"},\"inLanguage\":\"pt-BR\",\"potentialAction\":[{\"@type\":\"ReadAction\",\"target\":[\"https:\/\/verdadeon.com.br\/portal\/2022\/01\/25\/jovem-de-19-anos-e-preso-por-trafico-de-drogas-em-franca\/\"]}]},{\"@type\":\"BreadcrumbList\",\"@id\":\"https:\/\/verdadeon.com.br\/portal\/2022\/01\/25\/jovem-de-19-anos-e-preso-por-trafico-de-drogas-em-franca\/#breadcrumb\",\"itemListElement\":[{\"@type\":\"ListItem\",\"position\":1,\"name\":\"In\u00edcio\",\"item\":\"https:\/\/verdadeon.com.br\/portal\/\"},{\"@type\":\"ListItem\",\"position\":2,\"name\":\"Jovem de 19 anos \u00e9 preso por tr\u00e1fico de drogas em Franca\"}]},{\"@type\":\"WebSite\",\"@id\":\"https:\/\/verdadeon.com.br\/portal\/#website\",\"url\":\"https:\/\/verdadeon.com.br\/portal\/\",\"name\":\"VerdadeOn\",\"description\":\"Not\u00edcias di\u00e1rias sobre Franca, Regi\u00e3o, Esporte, Cultura, Cotidiano, Colunas. Cobertura nos principais eventos da cidade \u00e9 aqui - Verdadeon Franca\",\"potentialAction\":[{\"@type\":\"SearchAction\",\"target\":{\"@type\":\"EntryPoint\",\"urlTemplate\":\"https:\/\/verdadeon.com.br\/portal\/?s={search_term_string}\"},\"query-input\":{\"@type\":\"PropertyValueSpecification\",\"valueRequired\":true,\"valueName\":\"search_term_string\"}}],\"inLanguage\":\"pt-BR\"},{\"@type\":\"Person\",\"@id\":\"https:\/\/verdadeon.com.br\/portal\/#\/schema\/person\/cc32be22b8e8599387c480bc83e1d11a\",\"name\":\"Fernando Lima\",\"image\":{\"@type\":\"ImageObject\",\"inLanguage\":\"pt-BR\",\"@id\":\"https:\/\/verdadeon.com.br\/portal\/#\/schema\/person\/image\/\",\"url\":\"https:\/\/secure.gravatar.com\/avatar\/df4c8e132080d2b3a4841d5d232045464e0eed11a1d6e43115ca0843d48768d3?s=96&d=mm&r=g\",\"contentUrl\":\"https:\/\/secure.gravatar.com\/avatar\/df4c8e132080d2b3a4841d5d232045464e0eed11a1d6e43115ca0843d48768d3?s=96&d=mm&r=g\",\"caption\":\"Fernando Lima\"},\"sameAs\":[\"http:\/\/verdadeon.com.br\/\"],\"url\":\"https:\/\/verdadeon.com.br\/portal\/author\/fernando-lima\/\"}]}<\/script>\n<!-- \/ Yoast SEO plugin. -->","yoast_head_json":{"title":"Jovem de 19 anos \u00e9 preso por tr\u00e1fico de drogas em Franca - VerdadeOn","robots":{"index":"index","follow":"follow","max-snippet":"max-snippet:-1","max-image-preview":"max-image-preview:large","max-video-preview":"max-video-preview:-1"},"canonical":"https:\/\/verdadeon.com.br\/portal\/2022\/01\/25\/jovem-de-19-anos-e-preso-por-trafico-de-drogas-em-franca\/","og_locale":"pt_BR","og_type":"article","og_title":"Jovem de 19 anos \u00e9 preso por tr\u00e1fico de drogas em Franca - VerdadeOn","og_description":"DISE chegou at\u00e9 ele ap\u00f3s den\u00fancias an\u00f4nimas e depois de investiga\u00e7\u00f5es receberam autoriza\u00e7\u00e3o da Justi\u00e7a para buscas A Delegacia de Investiga\u00e7\u00f5es Sobre Entorpecentes (DISE) de Franca, [\u2026]","og_url":"https:\/\/verdadeon.com.br\/portal\/2022\/01\/25\/jovem-de-19-anos-e-preso-por-trafico-de-drogas-em-franca\/","og_site_name":"VerdadeOn","article_published_time":"2022-01-25T20:58:03+00:00","og_image":[{"width":1000,"height":672,"url":"https:\/\/verdadeon.com.br\/portal\/wp-content\/uploads\/2022\/01\/WhatsApp-Image-2022-01-25-at-16.49.19-e1643142931897.jpeg","type":"image\/jpeg"}],"author":"Fernando Lima","twitter_card":"summary_large_image","twitter_misc":{"Escrito por":"Fernando Lima","Est. tempo de leitura":"3 minutos"},"schema":{"@context":"https:\/\/schema.org","@graph":[{"@type":"WebPage","@id":"https:\/\/verdadeon.com.br\/portal\/2022\/01\/25\/jovem-de-19-anos-e-preso-por-trafico-de-drogas-em-franca\/","url":"https:\/\/verdadeon.com.br\/portal\/2022\/01\/25\/jovem-de-19-anos-e-preso-por-trafico-de-drogas-em-franca\/","name":"Jovem de 19 anos \u00e9 preso por tr\u00e1fico de drogas em Franca - VerdadeOn","isPartOf":{"@id":"https:\/\/verdadeon.com.br\/portal\/#website"},"datePublished":"2022-01-25T20:58:03+00:00","author":{"@id":"https:\/\/verdadeon.com.br\/portal\/#\/schema\/person\/cc32be22b8e8599387c480bc83e1d11a"},"breadcrumb":{"@id":"https:\/\/verdadeon.com.br\/portal\/2022\/01\/25\/jovem-de-19-anos-e-preso-por-trafico-de-drogas-em-franca\/#breadcrumb"},"inLanguage":"pt-BR","potentialAction":[{"@type":"ReadAction","target":["https:\/\/verdadeon.com.br\/portal\/2022\/01\/25\/jovem-de-19-anos-e-preso-por-trafico-de-drogas-em-franca\/"]}]},{"@type":"BreadcrumbList","@id":"https:\/\/verdadeon.com.br\/portal\/2022\/01\/25\/jovem-de-19-anos-e-preso-por-trafico-de-drogas-em-franca\/#breadcrumb","itemListElement":[{"@type":"ListItem","position":1,"name":"In\u00edcio","item":"https:\/\/verdadeon.com.br\/portal\/"},{"@type":"ListItem","position":2,"name":"Jovem de 19 anos \u00e9 preso por tr\u00e1fico de drogas em Franca"}]},{"@type":"WebSite","@id":"https:\/\/verdadeon.com.br\/portal\/#website","url":"https:\/\/verdadeon.com.br\/portal\/","name":"VerdadeOn","description":"Not\u00edcias di\u00e1rias sobre Franca, Regi\u00e3o, Esporte, Cultura, Cotidiano, Colunas. Cobertura nos principais eventos da cidade \u00e9 aqui - Verdadeon Franca","potentialAction":[{"@type":"SearchAction","target":{"@type":"EntryPoint","urlTemplate":"https:\/\/verdadeon.com.br\/portal\/?s={search_term_string}"},"query-input":{"@type":"PropertyValueSpecification","valueRequired":true,"valueName":"search_term_string"}}],"inLanguage":"pt-BR"},{"@type":"Person","@id":"https:\/\/verdadeon.com.br\/portal\/#\/schema\/person\/cc32be22b8e8599387c480bc83e1d11a","name":"Fernando Lima","image":{"@type":"ImageObject","inLanguage":"pt-BR","@id":"https:\/\/verdadeon.com.br\/portal\/#\/schema\/person\/image\/","url":"https:\/\/secure.gravatar.com\/avatar\/df4c8e132080d2b3a4841d5d232045464e0eed11a1d6e43115ca0843d48768d3?s=96&d=mm&r=g","contentUrl":"https:\/\/secure.gravatar.com\/avatar\/df4c8e132080d2b3a4841d5d232045464e0eed11a1d6e43115ca0843d48768d3?s=96&d=mm&r=g","caption":"Fernando Lima"},"sameAs":["http:\/\/verdadeon.com.br\/"],"url":"https:\/\/verdadeon.com.br\/portal\/author\/fernando-lima\/"}]}},"jetpack_publicize_connections":[],"jetpack_featured_media_url":"","jetpack_sharing_enabled":true,"_links":{"self":[{"href":"https:\/\/verdadeon.com.br\/portal\/wp-json\/wp\/v2\/posts\/22601","targetHints":{"allow":["GET"]}}],"collection":[{"href":"https:\/\/verdadeon.com.br\/portal\/wp-json\/wp\/v2\/posts"}],"about":[{"href":"https:\/\/verdadeon.com.br\/portal\/wp-json\/wp\/v2\/types\/post"}],"author":[{"embeddable":true,"href":"https:\/\/verdadeon.com.br\/portal\/wp-json\/wp\/v2\/users\/7"}],"replies":[{"embeddable":true,"href":"https:\/\/verdadeon.com.br\/portal\/wp-json\/wp\/v2\/comments?post=22601"}],"version-history":[{"count":1,"href":"https:\/\/verdadeon.com.br\/portal\/wp-json\/wp\/v2\/posts\/22601\/revisions"}],"predecessor-version":[{"id":22608,"href":"https:\/\/verdadeon.com.br\/portal\/wp-json\/wp\/v2\/posts\/22601\/revisions\/22608"}],"wp:attachment":[{"href":"https:\/\/verdadeon.com.br\/portal\/wp-json\/wp\/v2\/media?parent=22601"}],"wp:term":[{"taxonomy":"category","embeddable":true,"href":"https:\/\/verdadeon.com.br\/portal\/wp-json\/wp\/v2\/categories?post=22601"},{"taxonomy":"post_tag","embeddable":true,"href":"https:\/\/verdadeon.com.br\/portal\/wp-json\/wp\/v2\/tags?post=22601"}],"curies":[{"name":"wp","href":"https:\/\/api.w.org\/{rel}","templated":true}]}}