{"id":22595,"date":"2022-01-25T16:03:27","date_gmt":"2022-01-25T19:03:27","guid":{"rendered":"https:\/\/verdadeon.com.br\/portal\/?p=22595"},"modified":"2022-01-25T16:03:27","modified_gmt":"2022-01-25T19:03:27","slug":"daesp-nega-encerramento-de-atividades-do-aeroporto-de-franca","status":"publish","type":"post","link":"https:\/\/verdadeon.com.br\/portal\/2022\/01\/25\/daesp-nega-encerramento-de-atividades-do-aeroporto-de-franca\/","title":{"rendered":"DAESP nega encerramento de atividades do aeroporto de Franca"},"content":{"rendered":"<h2>Administra\u00e7\u00e3o afirmou que n\u00e3o h\u00e1 motivos para o fechamento, visto que documenta\u00e7\u00e3o foi entregue<\/h2>\n<p>Fernando Lima<\/p>\n<p>O Departamento Aerovi\u00e1rio do Estado de S\u00e3o Paulo (DAESP), negou que o aeroporto Tenente Lund Presotto em Franca, v\u00e1 encerrar as atividades. De acordo com eles, toda a documenta\u00e7\u00e3o solicitada j\u00e1 foi entregue \u00e0 ANAC, sendo assim, n\u00e3o h\u00e1 qualquer motivo para a interdi\u00e7\u00e3o das opera\u00e7\u00f5es a\u00e9reas no aeroporto.<br \/>\n&#8220;Vale ressaltar que o aeroporto est\u00e1 dentro do pacote concedido para a iniciativa privada. A concess\u00e3o est\u00e1 em processo final de conclus\u00e3o para que as empresas contempladas do leil\u00e3o assumam os 22 aeroportos regionais do Estado. As vencedoras do leil\u00e3o\u00a0 t\u00eam at\u00e9 07\/02 pra entregar toda a documenta\u00e7\u00e3o necess\u00e1ria para a assinatura dos contratos&#8221;, informou.<\/p>\n<p>Na semana passada a Ag\u00eancia Nacional de Avia\u00e7\u00e3o Civil (ANAC), informou que as atividades do aeroporto de Franca poderiam ser suspensas por conta da falta de documentos que comprovem por exemplo, a qualidade do asfalto da pista, as condi\u00e7\u00f5es da estrutura, entre outros pontos importantes sobre seguran\u00e7a.<\/p>\n<p>Ainda de acordo com eles, o pedido destes documentos teria sido iniciado em setembro de 2021, e mesmo assim n\u00e3o foram enviadas as respostas, o que agora foi justificado pelo Estado que ainda administra a unidade.<\/p>\n<p>No ano passado o Governo do Estado de S\u00e3o Paulo leiloou 22 aeroportos, entre eles o de Franca, Ribeir\u00e3o Preto e Barretos.\u00a0O aeroporto de Franca integra o lote Sudeste de aeroportos paulistas concedidos e vai receber investimento de R$ 11,2 milh\u00f5es. O montante ser\u00e1 aplicado em \u00a0benfeitorias de infraestrutura dos aeroportos, como recapeamento, ilumina\u00e7\u00e3o e repintura da pista de pouso, amplia\u00e7\u00e3o da \u00e1rea de movimento de aeronaves, estacionamento de ve\u00edculos e terminal de passageiros.<\/p>\n<h4>Economia<\/h4>\n<p>Na avalia\u00e7\u00e3o do economista Adnan Jebailey, um poss\u00edvel fechamento do aeroporto causaria impactos diretos na economia da cidade. Para ele houve um descompasso entre o que seria a abertura do aeroporto e o que Franca teria de manuten\u00e7\u00e3o de renda para ter esse tipo de servi\u00e7o. &#8220;Ou seja, n\u00e3o adianta voc\u00ea abrir uma empresa, um aeroporto se voc\u00ea n\u00e3o tiver quem fa\u00e7a o consumo disso, se n\u00e3o tiver uma renda m\u00ednima per capta para utilizar os voos. Quando ele foi aberto Franca estava tendo uma crescente na renda m\u00e9dia dos trabalhadores, na renda m\u00e9dia da cidade de uma forma em geral, mas ainda era muito t\u00edmida. Ent\u00e3o abriu naquele momento e n\u00e3o houve fluxo de pessoas que confirmasse que essa abertura seria mantida economicamente. Agora que Franca tem dado alguns passos a mais. O term\u00f4metro \u00e9 a vinda de grandes multinacionais, quando voc\u00ea tem a movimenta\u00e7\u00e3o destas grandes empresas vindo para c\u00e1, isso \u00e9 um term\u00f4metro que a expectativa de renda est\u00e1 se alterando&#8221;, avaliou.<\/p>\n","protected":false},"excerpt":{"rendered":"<p>Administra\u00e7\u00e3o afirmou que n\u00e3o h\u00e1 motivos para o fechamento, visto que documenta\u00e7\u00e3o foi entregue Fernando Lima O Departamento Aerovi\u00e1rio do Estado de S\u00e3o Paulo (DAESP), negou<span class=\"excerpt-hellip\"> [\u2026]<\/span><\/p>\n","protected":false},"author":7,"featured_media":3151,"comment_status":"open","ping_status":"open","sticky":false,"template":"","format":"standard","meta":{"_jetpack_memberships_contains_paid_content":false,"footnotes":"","jetpack_publicize_message":"","jetpack_publicize_feature_enabled":true,"jetpack_social_post_already_shared":false,"jetpack_social_options":{"image_generator_settings":{"template":"highway","default_image_id":0,"enabled":false},"version":2}},"categories":[28,81],"tags":[],"class_list":["post-22595","post","type-post","status-publish","format-standard","has-post-thumbnail","hentry","category-cotidiano","category-manchete"],"yoast_head":"<!-- This site is optimized with the Yoast SEO plugin v25.6 - https:\/\/yoast.com\/wordpress\/plugins\/seo\/ -->\n<title>DAESP nega encerramento de atividades do aeroporto de Franca - VerdadeOn<\/title>\n<meta name=\"robots\" content=\"index, follow, max-snippet:-1, max-image-preview:large, max-video-preview:-1\" \/>\n<link rel=\"canonical\" href=\"https:\/\/verdadeon.com.br\/portal\/2022\/01\/25\/daesp-nega-encerramento-de-atividades-do-aeroporto-de-franca\/\" \/>\n<meta property=\"og:locale\" content=\"pt_BR\" \/>\n<meta property=\"og:type\" content=\"article\" \/>\n<meta property=\"og:title\" content=\"DAESP nega encerramento de atividades do aeroporto de Franca - VerdadeOn\" \/>\n<meta property=\"og:description\" content=\"Administra\u00e7\u00e3o afirmou que n\u00e3o h\u00e1 motivos para o fechamento, visto que documenta\u00e7\u00e3o foi entregue Fernando Lima O Departamento Aerovi\u00e1rio do Estado de S\u00e3o Paulo (DAESP), negou [\u2026]\" \/>\n<meta property=\"og:url\" content=\"https:\/\/verdadeon.com.br\/portal\/2022\/01\/25\/daesp-nega-encerramento-de-atividades-do-aeroporto-de-franca\/\" \/>\n<meta property=\"og:site_name\" content=\"VerdadeOn\" \/>\n<meta property=\"article:published_time\" content=\"2022-01-25T19:03:27+00:00\" \/>\n<meta property=\"og:image\" content=\"https:\/\/verdadeon.com.br\/portal\/wp-content\/uploads\/2020\/02\/Aeroporto-primeiro-voo-para-Franca-foto-Lindomar-Cailton-2.jpg\" \/>\n\t<meta property=\"og:image:width\" content=\"1000\" \/>\n\t<meta property=\"og:image:height\" content=\"668\" \/>\n\t<meta property=\"og:image:type\" content=\"image\/jpeg\" \/>\n<meta name=\"author\" content=\"Fernando Lima\" \/>\n<meta name=\"twitter:card\" content=\"summary_large_image\" \/>\n<meta name=\"twitter:label1\" content=\"Escrito por\" \/>\n\t<meta name=\"twitter:data1\" content=\"Fernando Lima\" \/>\n\t<meta name=\"twitter:label2\" content=\"Est. tempo de leitura\" \/>\n\t<meta name=\"twitter:data2\" content=\"3 minutos\" \/>\n<script type=\"application\/ld+json\" class=\"yoast-schema-graph\">{\"@context\":\"https:\/\/schema.org\",\"@graph\":[{\"@type\":\"WebPage\",\"@id\":\"https:\/\/verdadeon.com.br\/portal\/2022\/01\/25\/daesp-nega-encerramento-de-atividades-do-aeroporto-de-franca\/\",\"url\":\"https:\/\/verdadeon.com.br\/portal\/2022\/01\/25\/daesp-nega-encerramento-de-atividades-do-aeroporto-de-franca\/\",\"name\":\"DAESP nega encerramento de atividades do aeroporto de Franca - VerdadeOn\",\"isPartOf\":{\"@id\":\"https:\/\/verdadeon.com.br\/portal\/#website\"},\"primaryImageOfPage\":{\"@id\":\"https:\/\/verdadeon.com.br\/portal\/2022\/01\/25\/daesp-nega-encerramento-de-atividades-do-aeroporto-de-franca\/#primaryimage\"},\"image\":{\"@id\":\"https:\/\/verdadeon.com.br\/portal\/2022\/01\/25\/daesp-nega-encerramento-de-atividades-do-aeroporto-de-franca\/#primaryimage\"},\"thumbnailUrl\":\"https:\/\/i0.wp.com\/verdadeon.com.br\/portal\/wp-content\/uploads\/2020\/02\/Aeroporto-primeiro-voo-para-Franca-foto-Lindomar-Cailton-2.jpg?fit=1000%2C668&ssl=1\",\"datePublished\":\"2022-01-25T19:03:27+00:00\",\"author\":{\"@id\":\"https:\/\/verdadeon.com.br\/portal\/#\/schema\/person\/cc32be22b8e8599387c480bc83e1d11a\"},\"breadcrumb\":{\"@id\":\"https:\/\/verdadeon.com.br\/portal\/2022\/01\/25\/daesp-nega-encerramento-de-atividades-do-aeroporto-de-franca\/#breadcrumb\"},\"inLanguage\":\"pt-BR\",\"potentialAction\":[{\"@type\":\"ReadAction\",\"target\":[\"https:\/\/verdadeon.com.br\/portal\/2022\/01\/25\/daesp-nega-encerramento-de-atividades-do-aeroporto-de-franca\/\"]}]},{\"@type\":\"ImageObject\",\"inLanguage\":\"pt-BR\",\"@id\":\"https:\/\/verdadeon.com.br\/portal\/2022\/01\/25\/daesp-nega-encerramento-de-atividades-do-aeroporto-de-franca\/#primaryimage\",\"url\":\"https:\/\/i0.wp.com\/verdadeon.com.br\/portal\/wp-content\/uploads\/2020\/02\/Aeroporto-primeiro-voo-para-Franca-foto-Lindomar-Cailton-2.jpg?fit=1000%2C668&ssl=1\",\"contentUrl\":\"https:\/\/i0.wp.com\/verdadeon.com.br\/portal\/wp-content\/uploads\/2020\/02\/Aeroporto-primeiro-voo-para-Franca-foto-Lindomar-Cailton-2.jpg?fit=1000%2C668&ssl=1\",\"width\":1000,\"height\":668,\"caption\":\"Aeroporto de Franca foi vendido em pacote de leil\u00e3o no ano passado, nova administra\u00e7\u00e3o deve assumir em 2022 | Foto: Jornal Verdade\"},{\"@type\":\"BreadcrumbList\",\"@id\":\"https:\/\/verdadeon.com.br\/portal\/2022\/01\/25\/daesp-nega-encerramento-de-atividades-do-aeroporto-de-franca\/#breadcrumb\",\"itemListElement\":[{\"@type\":\"ListItem\",\"position\":1,\"name\":\"In\u00edcio\",\"item\":\"https:\/\/verdadeon.com.br\/portal\/\"},{\"@type\":\"ListItem\",\"position\":2,\"name\":\"DAESP nega encerramento de atividades do aeroporto de Franca\"}]},{\"@type\":\"WebSite\",\"@id\":\"https:\/\/verdadeon.com.br\/portal\/#website\",\"url\":\"https:\/\/verdadeon.com.br\/portal\/\",\"name\":\"VerdadeOn\",\"description\":\"Not\u00edcias di\u00e1rias sobre Franca, Regi\u00e3o, Esporte, Cultura, Cotidiano, Colunas. Cobertura nos principais eventos da cidade \u00e9 aqui - Verdadeon Franca\",\"potentialAction\":[{\"@type\":\"SearchAction\",\"target\":{\"@type\":\"EntryPoint\",\"urlTemplate\":\"https:\/\/verdadeon.com.br\/portal\/?s={search_term_string}\"},\"query-input\":{\"@type\":\"PropertyValueSpecification\",\"valueRequired\":true,\"valueName\":\"search_term_string\"}}],\"inLanguage\":\"pt-BR\"},{\"@type\":\"Person\",\"@id\":\"https:\/\/verdadeon.com.br\/portal\/#\/schema\/person\/cc32be22b8e8599387c480bc83e1d11a\",\"name\":\"Fernando Lima\",\"image\":{\"@type\":\"ImageObject\",\"inLanguage\":\"pt-BR\",\"@id\":\"https:\/\/verdadeon.com.br\/portal\/#\/schema\/person\/image\/\",\"url\":\"https:\/\/secure.gravatar.com\/avatar\/df4c8e132080d2b3a4841d5d232045464e0eed11a1d6e43115ca0843d48768d3?s=96&d=mm&r=g\",\"contentUrl\":\"https:\/\/secure.gravatar.com\/avatar\/df4c8e132080d2b3a4841d5d232045464e0eed11a1d6e43115ca0843d48768d3?s=96&d=mm&r=g\",\"caption\":\"Fernando Lima\"},\"sameAs\":[\"http:\/\/verdadeon.com.br\/\"],\"url\":\"https:\/\/verdadeon.com.br\/portal\/author\/fernando-lima\/\"}]}<\/script>\n<!-- \/ Yoast SEO plugin. -->","yoast_head_json":{"title":"DAESP nega encerramento de atividades do aeroporto de Franca - VerdadeOn","robots":{"index":"index","follow":"follow","max-snippet":"max-snippet:-1","max-image-preview":"max-image-preview:large","max-video-preview":"max-video-preview:-1"},"canonical":"https:\/\/verdadeon.com.br\/portal\/2022\/01\/25\/daesp-nega-encerramento-de-atividades-do-aeroporto-de-franca\/","og_locale":"pt_BR","og_type":"article","og_title":"DAESP nega encerramento de atividades do aeroporto de Franca - VerdadeOn","og_description":"Administra\u00e7\u00e3o afirmou que n\u00e3o h\u00e1 motivos para o fechamento, visto que documenta\u00e7\u00e3o foi entregue Fernando Lima O Departamento Aerovi\u00e1rio do Estado de S\u00e3o Paulo (DAESP), negou [\u2026]","og_url":"https:\/\/verdadeon.com.br\/portal\/2022\/01\/25\/daesp-nega-encerramento-de-atividades-do-aeroporto-de-franca\/","og_site_name":"VerdadeOn","article_published_time":"2022-01-25T19:03:27+00:00","og_image":[{"width":1000,"height":668,"url":"https:\/\/verdadeon.com.br\/portal\/wp-content\/uploads\/2020\/02\/Aeroporto-primeiro-voo-para-Franca-foto-Lindomar-Cailton-2.jpg","type":"image\/jpeg"}],"author":"Fernando Lima","twitter_card":"summary_large_image","twitter_misc":{"Escrito por":"Fernando Lima","Est. tempo de leitura":"3 minutos"},"schema":{"@context":"https:\/\/schema.org","@graph":[{"@type":"WebPage","@id":"https:\/\/verdadeon.com.br\/portal\/2022\/01\/25\/daesp-nega-encerramento-de-atividades-do-aeroporto-de-franca\/","url":"https:\/\/verdadeon.com.br\/portal\/2022\/01\/25\/daesp-nega-encerramento-de-atividades-do-aeroporto-de-franca\/","name":"DAESP nega encerramento de atividades do aeroporto de Franca - VerdadeOn","isPartOf":{"@id":"https:\/\/verdadeon.com.br\/portal\/#website"},"primaryImageOfPage":{"@id":"https:\/\/verdadeon.com.br\/portal\/2022\/01\/25\/daesp-nega-encerramento-de-atividades-do-aeroporto-de-franca\/#primaryimage"},"image":{"@id":"https:\/\/verdadeon.com.br\/portal\/2022\/01\/25\/daesp-nega-encerramento-de-atividades-do-aeroporto-de-franca\/#primaryimage"},"thumbnailUrl":"https:\/\/i0.wp.com\/verdadeon.com.br\/portal\/wp-content\/uploads\/2020\/02\/Aeroporto-primeiro-voo-para-Franca-foto-Lindomar-Cailton-2.jpg?fit=1000%2C668&ssl=1","datePublished":"2022-01-25T19:03:27+00:00","author":{"@id":"https:\/\/verdadeon.com.br\/portal\/#\/schema\/person\/cc32be22b8e8599387c480bc83e1d11a"},"breadcrumb":{"@id":"https:\/\/verdadeon.com.br\/portal\/2022\/01\/25\/daesp-nega-encerramento-de-atividades-do-aeroporto-de-franca\/#breadcrumb"},"inLanguage":"pt-BR","potentialAction":[{"@type":"ReadAction","target":["https:\/\/verdadeon.com.br\/portal\/2022\/01\/25\/daesp-nega-encerramento-de-atividades-do-aeroporto-de-franca\/"]}]},{"@type":"ImageObject","inLanguage":"pt-BR","@id":"https:\/\/verdadeon.com.br\/portal\/2022\/01\/25\/daesp-nega-encerramento-de-atividades-do-aeroporto-de-franca\/#primaryimage","url":"https:\/\/i0.wp.com\/verdadeon.com.br\/portal\/wp-content\/uploads\/2020\/02\/Aeroporto-primeiro-voo-para-Franca-foto-Lindomar-Cailton-2.jpg?fit=1000%2C668&ssl=1","contentUrl":"https:\/\/i0.wp.com\/verdadeon.com.br\/portal\/wp-content\/uploads\/2020\/02\/Aeroporto-primeiro-voo-para-Franca-foto-Lindomar-Cailton-2.jpg?fit=1000%2C668&ssl=1","width":1000,"height":668,"caption":"Aeroporto de Franca foi vendido em pacote de leil\u00e3o no ano passado, nova administra\u00e7\u00e3o deve assumir em 2022 | Foto: Jornal Verdade"},{"@type":"BreadcrumbList","@id":"https:\/\/verdadeon.com.br\/portal\/2022\/01\/25\/daesp-nega-encerramento-de-atividades-do-aeroporto-de-franca\/#breadcrumb","itemListElement":[{"@type":"ListItem","position":1,"name":"In\u00edcio","item":"https:\/\/verdadeon.com.br\/portal\/"},{"@type":"ListItem","position":2,"name":"DAESP nega encerramento de atividades do aeroporto de Franca"}]},{"@type":"WebSite","@id":"https:\/\/verdadeon.com.br\/portal\/#website","url":"https:\/\/verdadeon.com.br\/portal\/","name":"VerdadeOn","description":"Not\u00edcias di\u00e1rias sobre Franca, Regi\u00e3o, Esporte, Cultura, Cotidiano, Colunas. Cobertura nos principais eventos da cidade \u00e9 aqui - Verdadeon Franca","potentialAction":[{"@type":"SearchAction","target":{"@type":"EntryPoint","urlTemplate":"https:\/\/verdadeon.com.br\/portal\/?s={search_term_string}"},"query-input":{"@type":"PropertyValueSpecification","valueRequired":true,"valueName":"search_term_string"}}],"inLanguage":"pt-BR"},{"@type":"Person","@id":"https:\/\/verdadeon.com.br\/portal\/#\/schema\/person\/cc32be22b8e8599387c480bc83e1d11a","name":"Fernando Lima","image":{"@type":"ImageObject","inLanguage":"pt-BR","@id":"https:\/\/verdadeon.com.br\/portal\/#\/schema\/person\/image\/","url":"https:\/\/secure.gravatar.com\/avatar\/df4c8e132080d2b3a4841d5d232045464e0eed11a1d6e43115ca0843d48768d3?s=96&d=mm&r=g","contentUrl":"https:\/\/secure.gravatar.com\/avatar\/df4c8e132080d2b3a4841d5d232045464e0eed11a1d6e43115ca0843d48768d3?s=96&d=mm&r=g","caption":"Fernando Lima"},"sameAs":["http:\/\/verdadeon.com.br\/"],"url":"https:\/\/verdadeon.com.br\/portal\/author\/fernando-lima\/"}]}},"jetpack_publicize_connections":[],"jetpack_featured_media_url":"https:\/\/i0.wp.com\/verdadeon.com.br\/portal\/wp-content\/uploads\/2020\/02\/Aeroporto-primeiro-voo-para-Franca-foto-Lindomar-Cailton-2.jpg?fit=1000%2C668&ssl=1","jetpack_sharing_enabled":true,"_links":{"self":[{"href":"https:\/\/verdadeon.com.br\/portal\/wp-json\/wp\/v2\/posts\/22595","targetHints":{"allow":["GET"]}}],"collection":[{"href":"https:\/\/verdadeon.com.br\/portal\/wp-json\/wp\/v2\/posts"}],"about":[{"href":"https:\/\/verdadeon.com.br\/portal\/wp-json\/wp\/v2\/types\/post"}],"author":[{"embeddable":true,"href":"https:\/\/verdadeon.com.br\/portal\/wp-json\/wp\/v2\/users\/7"}],"replies":[{"embeddable":true,"href":"https:\/\/verdadeon.com.br\/portal\/wp-json\/wp\/v2\/comments?post=22595"}],"version-history":[{"count":1,"href":"https:\/\/verdadeon.com.br\/portal\/wp-json\/wp\/v2\/posts\/22595\/revisions"}],"predecessor-version":[{"id":22596,"href":"https:\/\/verdadeon.com.br\/portal\/wp-json\/wp\/v2\/posts\/22595\/revisions\/22596"}],"wp:featuredmedia":[{"embeddable":true,"href":"https:\/\/verdadeon.com.br\/portal\/wp-json\/wp\/v2\/media\/3151"}],"wp:attachment":[{"href":"https:\/\/verdadeon.com.br\/portal\/wp-json\/wp\/v2\/media?parent=22595"}],"wp:term":[{"taxonomy":"category","embeddable":true,"href":"https:\/\/verdadeon.com.br\/portal\/wp-json\/wp\/v2\/categories?post=22595"},{"taxonomy":"post_tag","embeddable":true,"href":"https:\/\/verdadeon.com.br\/portal\/wp-json\/wp\/v2\/tags?post=22595"}],"curies":[{"name":"wp","href":"https:\/\/api.w.org\/{rel}","templated":true}]}}