{"id":22578,"date":"2022-01-24T18:19:59","date_gmt":"2022-01-24T21:19:59","guid":{"rendered":"https:\/\/verdadeon.com.br\/portal\/?p=22578"},"modified":"2022-01-24T18:19:59","modified_gmt":"2022-01-24T21:19:59","slug":"fazendeiro-de-franca-e-multado-em-r-5-mil-por-destruir-area-de-preservacao-ambiental","status":"publish","type":"post","link":"https:\/\/verdadeon.com.br\/portal\/2022\/01\/24\/fazendeiro-de-franca-e-multado-em-r-5-mil-por-destruir-area-de-preservacao-ambiental\/","title":{"rendered":"Fazendeiro de Franca \u00e9 multado em R$ 5 mil por destruir \u00e1rea de preserva\u00e7\u00e3o ambiental"},"content":{"rendered":"<h2>Ocorr\u00eancia foi registrada pela Pol\u00edcia Ambiental, que atrav\u00e9s de imagens de sat\u00e9lite comprovou as irregularidades<\/h2>\n<p>Um fazendeiro de Franca foi multado em mais de R$ 5 mil por cortar 13 \u00e1rvores nativas em uma \u00e1rea de preserva\u00e7\u00e3o ambiental. Al\u00e9m disso, o propriet\u00e1rio da fazenda realizou uma interven\u00e7\u00e3o em um curso d&#8217;\u00e1gua natural sem autoriza\u00e7\u00e3o de \u00f3rg\u00e3os ambientais competentes.<\/p>\n<p>Segundo a Pol\u00edcia Ambiental, durante a fiscaliza\u00e7\u00e3o a equipe constatou a interven\u00e7\u00e3o em um maci\u00e7o florestal do Bioma Cerrado, com fisionomia Cerrad\u00e3o em est\u00e1gio m\u00e9dio de regenera\u00e7\u00e3o natural, e a interven\u00e7\u00e3o do propriet\u00e1rio destruiu a vegeta\u00e7\u00e3o nativa do entorno em \u00e1rea correspondente a 0,14 hectares. &#8220;N\u00e3o obstante, observaram ainda interven\u00e7\u00e3o em APP de um curso d\u2019\u00e1gua natural com largura inferior a 10m, mediante constru\u00e7\u00e3o de travessia dificultando a regenera\u00e7\u00e3o natural em \u00e1rea correspondente a 0,026 hectares&#8221;.<\/p>\n<p>Diante a situa\u00e7\u00e3o foi lavrado contra o arrendat\u00e1rio respons\u00e1vel a multa de R$ 5 mil, al\u00e9m do embargo das \u00e1reas que totalizaram 0,166 hectares.\u00a0A ocorr\u00eancia ser\u00e1 encaminhada via of\u00edcio visando a provid\u00eancia de pol\u00edcia judici\u00e1ria cab\u00edvel.<\/p>\n<p>A Pol\u00edcia Ambiental tamb\u00e9m realizou a apreens\u00e3o de uma ave Jandaia de testa vermelha, que era mantida ilegalmente em cativeiro por um morador de Franca. Segundo a P.A., a equipe de policiais se deslocou at\u00e9 o local para atendimento a princ\u00edpio, de uma den\u00fancia de maus tratos de animais caninos. No local foi verificado que a mesma n\u00e3o procedia, por\u00e9m havia uma ave Jandaia-de-testa-vermelha sem anilha.<\/p>\n<p>&#8220;Diante do exposto foi lavrado em desfavor do propriet\u00e1rio da ave o Auto de Infra\u00e7\u00e3o Ambiental, com penalidade de multa simples valorada em R$ 500, por ter em cativeiro esp\u00e9cie da fauna silvestre nativa em desacordo com a autoriza\u00e7\u00e3o do org\u00e3o competente\u201d, informou.<br \/>\nNa esfera penal, o autuado tamb\u00e9m responder\u00e1 conforme ao disposto no Artigo 29, \u00a71\u00b0, Inc III da Lei Federal 9605\/98, devendo o expediente ser remetido para a delegacia de Pol\u00edcia Civil.<\/p>\n","protected":false},"excerpt":{"rendered":"<p>Ocorr\u00eancia foi registrada pela Pol\u00edcia Ambiental, que atrav\u00e9s de imagens de sat\u00e9lite comprovou as irregularidades Um fazendeiro de Franca foi multado em mais de R$ 5<span class=\"excerpt-hellip\"> [\u2026]<\/span><\/p>\n","protected":false},"author":7,"featured_media":22580,"comment_status":"open","ping_status":"open","sticky":false,"template":"","format":"standard","meta":{"_jetpack_memberships_contains_paid_content":false,"footnotes":"","jetpack_publicize_message":"","jetpack_publicize_feature_enabled":true,"jetpack_social_post_already_shared":false,"jetpack_social_options":{"image_generator_settings":{"template":"highway","default_image_id":0,"enabled":false},"version":2}},"categories":[28,44],"tags":[],"class_list":["post-22578","post","type-post","status-publish","format-standard","has-post-thumbnail","hentry","category-cotidiano","category-noticias"],"yoast_head":"<!-- This site is optimized with the Yoast SEO plugin v25.6 - https:\/\/yoast.com\/wordpress\/plugins\/seo\/ -->\n<title>Fazendeiro de Franca \u00e9 multado em R$ 5 mil por destruir \u00e1rea de preserva\u00e7\u00e3o ambiental - VerdadeOn<\/title>\n<meta name=\"robots\" content=\"index, follow, max-snippet:-1, max-image-preview:large, max-video-preview:-1\" \/>\n<link rel=\"canonical\" href=\"https:\/\/verdadeon.com.br\/portal\/2022\/01\/24\/fazendeiro-de-franca-e-multado-em-r-5-mil-por-destruir-area-de-preservacao-ambiental\/\" \/>\n<meta property=\"og:locale\" content=\"pt_BR\" \/>\n<meta property=\"og:type\" content=\"article\" \/>\n<meta property=\"og:title\" content=\"Fazendeiro de Franca \u00e9 multado em R$ 5 mil por destruir \u00e1rea de preserva\u00e7\u00e3o ambiental - VerdadeOn\" \/>\n<meta property=\"og:description\" content=\"Ocorr\u00eancia foi registrada pela Pol\u00edcia Ambiental, que atrav\u00e9s de imagens de sat\u00e9lite comprovou as irregularidades Um fazendeiro de Franca foi multado em mais de R$ 5 [\u2026]\" \/>\n<meta property=\"og:url\" content=\"https:\/\/verdadeon.com.br\/portal\/2022\/01\/24\/fazendeiro-de-franca-e-multado-em-r-5-mil-por-destruir-area-de-preservacao-ambiental\/\" \/>\n<meta property=\"og:site_name\" content=\"VerdadeOn\" \/>\n<meta property=\"article:published_time\" content=\"2022-01-24T21:19:59+00:00\" \/>\n<meta property=\"og:image\" content=\"https:\/\/verdadeon.com.br\/portal\/wp-content\/uploads\/2022\/01\/WhatsApp-Image-2022-01-24-at-10.51.13-e1643059134283.jpeg\" \/>\n\t<meta property=\"og:image:width\" content=\"1000\" \/>\n\t<meta property=\"og:image:height\" content=\"669\" \/>\n\t<meta property=\"og:image:type\" content=\"image\/jpeg\" \/>\n<meta name=\"author\" content=\"Fernando Lima\" \/>\n<meta name=\"twitter:card\" content=\"summary_large_image\" \/>\n<meta name=\"twitter:label1\" content=\"Escrito por\" \/>\n\t<meta name=\"twitter:data1\" content=\"Fernando Lima\" \/>\n\t<meta name=\"twitter:label2\" content=\"Est. tempo de leitura\" \/>\n\t<meta name=\"twitter:data2\" content=\"2 minutos\" \/>\n<script type=\"application\/ld+json\" class=\"yoast-schema-graph\">{\"@context\":\"https:\/\/schema.org\",\"@graph\":[{\"@type\":\"WebPage\",\"@id\":\"https:\/\/verdadeon.com.br\/portal\/2022\/01\/24\/fazendeiro-de-franca-e-multado-em-r-5-mil-por-destruir-area-de-preservacao-ambiental\/\",\"url\":\"https:\/\/verdadeon.com.br\/portal\/2022\/01\/24\/fazendeiro-de-franca-e-multado-em-r-5-mil-por-destruir-area-de-preservacao-ambiental\/\",\"name\":\"Fazendeiro de Franca \u00e9 multado em R$ 5 mil por destruir \u00e1rea de preserva\u00e7\u00e3o ambiental - VerdadeOn\",\"isPartOf\":{\"@id\":\"https:\/\/verdadeon.com.br\/portal\/#website\"},\"primaryImageOfPage\":{\"@id\":\"https:\/\/verdadeon.com.br\/portal\/2022\/01\/24\/fazendeiro-de-franca-e-multado-em-r-5-mil-por-destruir-area-de-preservacao-ambiental\/#primaryimage\"},\"image\":{\"@id\":\"https:\/\/verdadeon.com.br\/portal\/2022\/01\/24\/fazendeiro-de-franca-e-multado-em-r-5-mil-por-destruir-area-de-preservacao-ambiental\/#primaryimage\"},\"thumbnailUrl\":\"https:\/\/i0.wp.com\/verdadeon.com.br\/portal\/wp-content\/uploads\/2022\/01\/WhatsApp-Image-2022-01-24-at-10.51.13-e1643059134283.jpeg?fit=1000%2C669&ssl=1\",\"datePublished\":\"2022-01-24T21:19:59+00:00\",\"author\":{\"@id\":\"https:\/\/verdadeon.com.br\/portal\/#\/schema\/person\/cc32be22b8e8599387c480bc83e1d11a\"},\"breadcrumb\":{\"@id\":\"https:\/\/verdadeon.com.br\/portal\/2022\/01\/24\/fazendeiro-de-franca-e-multado-em-r-5-mil-por-destruir-area-de-preservacao-ambiental\/#breadcrumb\"},\"inLanguage\":\"pt-BR\",\"potentialAction\":[{\"@type\":\"ReadAction\",\"target\":[\"https:\/\/verdadeon.com.br\/portal\/2022\/01\/24\/fazendeiro-de-franca-e-multado-em-r-5-mil-por-destruir-area-de-preservacao-ambiental\/\"]}]},{\"@type\":\"ImageObject\",\"inLanguage\":\"pt-BR\",\"@id\":\"https:\/\/verdadeon.com.br\/portal\/2022\/01\/24\/fazendeiro-de-franca-e-multado-em-r-5-mil-por-destruir-area-de-preservacao-ambiental\/#primaryimage\",\"url\":\"https:\/\/i0.wp.com\/verdadeon.com.br\/portal\/wp-content\/uploads\/2022\/01\/WhatsApp-Image-2022-01-24-at-10.51.13-e1643059134283.jpeg?fit=1000%2C669&ssl=1\",\"contentUrl\":\"https:\/\/i0.wp.com\/verdadeon.com.br\/portal\/wp-content\/uploads\/2022\/01\/WhatsApp-Image-2022-01-24-at-10.51.13-e1643059134283.jpeg?fit=1000%2C669&ssl=1\",\"width\":1000,\"height\":669,\"caption\":\"Foi atrav\u00e9s de monitoramento por sat\u00e9lites que a Pol\u00edcia Ambiental constatou as irregularidades em \u00e1rea de preserva\u00e7\u00e3o. Propriet\u00e1rio foi multado | Foto: Divulga\u00e7\u00e3o\"},{\"@type\":\"BreadcrumbList\",\"@id\":\"https:\/\/verdadeon.com.br\/portal\/2022\/01\/24\/fazendeiro-de-franca-e-multado-em-r-5-mil-por-destruir-area-de-preservacao-ambiental\/#breadcrumb\",\"itemListElement\":[{\"@type\":\"ListItem\",\"position\":1,\"name\":\"In\u00edcio\",\"item\":\"https:\/\/verdadeon.com.br\/portal\/\"},{\"@type\":\"ListItem\",\"position\":2,\"name\":\"Fazendeiro de Franca \u00e9 multado em R$ 5 mil por destruir \u00e1rea de preserva\u00e7\u00e3o ambiental\"}]},{\"@type\":\"WebSite\",\"@id\":\"https:\/\/verdadeon.com.br\/portal\/#website\",\"url\":\"https:\/\/verdadeon.com.br\/portal\/\",\"name\":\"VerdadeOn\",\"description\":\"Not\u00edcias di\u00e1rias sobre Franca, Regi\u00e3o, Esporte, Cultura, Cotidiano, Colunas. Cobertura nos principais eventos da cidade \u00e9 aqui - Verdadeon Franca\",\"potentialAction\":[{\"@type\":\"SearchAction\",\"target\":{\"@type\":\"EntryPoint\",\"urlTemplate\":\"https:\/\/verdadeon.com.br\/portal\/?s={search_term_string}\"},\"query-input\":{\"@type\":\"PropertyValueSpecification\",\"valueRequired\":true,\"valueName\":\"search_term_string\"}}],\"inLanguage\":\"pt-BR\"},{\"@type\":\"Person\",\"@id\":\"https:\/\/verdadeon.com.br\/portal\/#\/schema\/person\/cc32be22b8e8599387c480bc83e1d11a\",\"name\":\"Fernando Lima\",\"image\":{\"@type\":\"ImageObject\",\"inLanguage\":\"pt-BR\",\"@id\":\"https:\/\/verdadeon.com.br\/portal\/#\/schema\/person\/image\/\",\"url\":\"https:\/\/secure.gravatar.com\/avatar\/df4c8e132080d2b3a4841d5d232045464e0eed11a1d6e43115ca0843d48768d3?s=96&d=mm&r=g\",\"contentUrl\":\"https:\/\/secure.gravatar.com\/avatar\/df4c8e132080d2b3a4841d5d232045464e0eed11a1d6e43115ca0843d48768d3?s=96&d=mm&r=g\",\"caption\":\"Fernando Lima\"},\"sameAs\":[\"http:\/\/verdadeon.com.br\/\"],\"url\":\"https:\/\/verdadeon.com.br\/portal\/author\/fernando-lima\/\"}]}<\/script>\n<!-- \/ Yoast SEO plugin. -->","yoast_head_json":{"title":"Fazendeiro de Franca \u00e9 multado em R$ 5 mil por destruir \u00e1rea de preserva\u00e7\u00e3o ambiental - VerdadeOn","robots":{"index":"index","follow":"follow","max-snippet":"max-snippet:-1","max-image-preview":"max-image-preview:large","max-video-preview":"max-video-preview:-1"},"canonical":"https:\/\/verdadeon.com.br\/portal\/2022\/01\/24\/fazendeiro-de-franca-e-multado-em-r-5-mil-por-destruir-area-de-preservacao-ambiental\/","og_locale":"pt_BR","og_type":"article","og_title":"Fazendeiro de Franca \u00e9 multado em R$ 5 mil por destruir \u00e1rea de preserva\u00e7\u00e3o ambiental - VerdadeOn","og_description":"Ocorr\u00eancia foi registrada pela Pol\u00edcia Ambiental, que atrav\u00e9s de imagens de sat\u00e9lite comprovou as irregularidades Um fazendeiro de Franca foi multado em mais de R$ 5 [\u2026]","og_url":"https:\/\/verdadeon.com.br\/portal\/2022\/01\/24\/fazendeiro-de-franca-e-multado-em-r-5-mil-por-destruir-area-de-preservacao-ambiental\/","og_site_name":"VerdadeOn","article_published_time":"2022-01-24T21:19:59+00:00","og_image":[{"width":1000,"height":669,"url":"https:\/\/verdadeon.com.br\/portal\/wp-content\/uploads\/2022\/01\/WhatsApp-Image-2022-01-24-at-10.51.13-e1643059134283.jpeg","type":"image\/jpeg"}],"author":"Fernando Lima","twitter_card":"summary_large_image","twitter_misc":{"Escrito por":"Fernando Lima","Est. tempo de leitura":"2 minutos"},"schema":{"@context":"https:\/\/schema.org","@graph":[{"@type":"WebPage","@id":"https:\/\/verdadeon.com.br\/portal\/2022\/01\/24\/fazendeiro-de-franca-e-multado-em-r-5-mil-por-destruir-area-de-preservacao-ambiental\/","url":"https:\/\/verdadeon.com.br\/portal\/2022\/01\/24\/fazendeiro-de-franca-e-multado-em-r-5-mil-por-destruir-area-de-preservacao-ambiental\/","name":"Fazendeiro de Franca \u00e9 multado em R$ 5 mil por destruir \u00e1rea de preserva\u00e7\u00e3o ambiental - VerdadeOn","isPartOf":{"@id":"https:\/\/verdadeon.com.br\/portal\/#website"},"primaryImageOfPage":{"@id":"https:\/\/verdadeon.com.br\/portal\/2022\/01\/24\/fazendeiro-de-franca-e-multado-em-r-5-mil-por-destruir-area-de-preservacao-ambiental\/#primaryimage"},"image":{"@id":"https:\/\/verdadeon.com.br\/portal\/2022\/01\/24\/fazendeiro-de-franca-e-multado-em-r-5-mil-por-destruir-area-de-preservacao-ambiental\/#primaryimage"},"thumbnailUrl":"https:\/\/i0.wp.com\/verdadeon.com.br\/portal\/wp-content\/uploads\/2022\/01\/WhatsApp-Image-2022-01-24-at-10.51.13-e1643059134283.jpeg?fit=1000%2C669&ssl=1","datePublished":"2022-01-24T21:19:59+00:00","author":{"@id":"https:\/\/verdadeon.com.br\/portal\/#\/schema\/person\/cc32be22b8e8599387c480bc83e1d11a"},"breadcrumb":{"@id":"https:\/\/verdadeon.com.br\/portal\/2022\/01\/24\/fazendeiro-de-franca-e-multado-em-r-5-mil-por-destruir-area-de-preservacao-ambiental\/#breadcrumb"},"inLanguage":"pt-BR","potentialAction":[{"@type":"ReadAction","target":["https:\/\/verdadeon.com.br\/portal\/2022\/01\/24\/fazendeiro-de-franca-e-multado-em-r-5-mil-por-destruir-area-de-preservacao-ambiental\/"]}]},{"@type":"ImageObject","inLanguage":"pt-BR","@id":"https:\/\/verdadeon.com.br\/portal\/2022\/01\/24\/fazendeiro-de-franca-e-multado-em-r-5-mil-por-destruir-area-de-preservacao-ambiental\/#primaryimage","url":"https:\/\/i0.wp.com\/verdadeon.com.br\/portal\/wp-content\/uploads\/2022\/01\/WhatsApp-Image-2022-01-24-at-10.51.13-e1643059134283.jpeg?fit=1000%2C669&ssl=1","contentUrl":"https:\/\/i0.wp.com\/verdadeon.com.br\/portal\/wp-content\/uploads\/2022\/01\/WhatsApp-Image-2022-01-24-at-10.51.13-e1643059134283.jpeg?fit=1000%2C669&ssl=1","width":1000,"height":669,"caption":"Foi atrav\u00e9s de monitoramento por sat\u00e9lites que a Pol\u00edcia Ambiental constatou as irregularidades em \u00e1rea de preserva\u00e7\u00e3o. Propriet\u00e1rio foi multado | Foto: Divulga\u00e7\u00e3o"},{"@type":"BreadcrumbList","@id":"https:\/\/verdadeon.com.br\/portal\/2022\/01\/24\/fazendeiro-de-franca-e-multado-em-r-5-mil-por-destruir-area-de-preservacao-ambiental\/#breadcrumb","itemListElement":[{"@type":"ListItem","position":1,"name":"In\u00edcio","item":"https:\/\/verdadeon.com.br\/portal\/"},{"@type":"ListItem","position":2,"name":"Fazendeiro de Franca \u00e9 multado em R$ 5 mil por destruir \u00e1rea de preserva\u00e7\u00e3o ambiental"}]},{"@type":"WebSite","@id":"https:\/\/verdadeon.com.br\/portal\/#website","url":"https:\/\/verdadeon.com.br\/portal\/","name":"VerdadeOn","description":"Not\u00edcias di\u00e1rias sobre Franca, Regi\u00e3o, Esporte, Cultura, Cotidiano, Colunas. Cobertura nos principais eventos da cidade \u00e9 aqui - Verdadeon Franca","potentialAction":[{"@type":"SearchAction","target":{"@type":"EntryPoint","urlTemplate":"https:\/\/verdadeon.com.br\/portal\/?s={search_term_string}"},"query-input":{"@type":"PropertyValueSpecification","valueRequired":true,"valueName":"search_term_string"}}],"inLanguage":"pt-BR"},{"@type":"Person","@id":"https:\/\/verdadeon.com.br\/portal\/#\/schema\/person\/cc32be22b8e8599387c480bc83e1d11a","name":"Fernando Lima","image":{"@type":"ImageObject","inLanguage":"pt-BR","@id":"https:\/\/verdadeon.com.br\/portal\/#\/schema\/person\/image\/","url":"https:\/\/secure.gravatar.com\/avatar\/df4c8e132080d2b3a4841d5d232045464e0eed11a1d6e43115ca0843d48768d3?s=96&d=mm&r=g","contentUrl":"https:\/\/secure.gravatar.com\/avatar\/df4c8e132080d2b3a4841d5d232045464e0eed11a1d6e43115ca0843d48768d3?s=96&d=mm&r=g","caption":"Fernando Lima"},"sameAs":["http:\/\/verdadeon.com.br\/"],"url":"https:\/\/verdadeon.com.br\/portal\/author\/fernando-lima\/"}]}},"jetpack_publicize_connections":[],"jetpack_featured_media_url":"https:\/\/i0.wp.com\/verdadeon.com.br\/portal\/wp-content\/uploads\/2022\/01\/WhatsApp-Image-2022-01-24-at-10.51.13-e1643059134283.jpeg?fit=1000%2C669&ssl=1","jetpack_sharing_enabled":true,"_links":{"self":[{"href":"https:\/\/verdadeon.com.br\/portal\/wp-json\/wp\/v2\/posts\/22578","targetHints":{"allow":["GET"]}}],"collection":[{"href":"https:\/\/verdadeon.com.br\/portal\/wp-json\/wp\/v2\/posts"}],"about":[{"href":"https:\/\/verdadeon.com.br\/portal\/wp-json\/wp\/v2\/types\/post"}],"author":[{"embeddable":true,"href":"https:\/\/verdadeon.com.br\/portal\/wp-json\/wp\/v2\/users\/7"}],"replies":[{"embeddable":true,"href":"https:\/\/verdadeon.com.br\/portal\/wp-json\/wp\/v2\/comments?post=22578"}],"version-history":[{"count":1,"href":"https:\/\/verdadeon.com.br\/portal\/wp-json\/wp\/v2\/posts\/22578\/revisions"}],"predecessor-version":[{"id":22582,"href":"https:\/\/verdadeon.com.br\/portal\/wp-json\/wp\/v2\/posts\/22578\/revisions\/22582"}],"wp:featuredmedia":[{"embeddable":true,"href":"https:\/\/verdadeon.com.br\/portal\/wp-json\/wp\/v2\/media\/22580"}],"wp:attachment":[{"href":"https:\/\/verdadeon.com.br\/portal\/wp-json\/wp\/v2\/media?parent=22578"}],"wp:term":[{"taxonomy":"category","embeddable":true,"href":"https:\/\/verdadeon.com.br\/portal\/wp-json\/wp\/v2\/categories?post=22578"},{"taxonomy":"post_tag","embeddable":true,"href":"https:\/\/verdadeon.com.br\/portal\/wp-json\/wp\/v2\/tags?post=22578"}],"curies":[{"name":"wp","href":"https:\/\/api.w.org\/{rel}","templated":true}]}}