{"id":22548,"date":"2022-01-22T14:00:36","date_gmt":"2022-01-22T17:00:36","guid":{"rendered":"https:\/\/verdadeon.com.br\/portal\/?p=22548"},"modified":"2022-01-22T11:31:46","modified_gmt":"2022-01-22T14:31:46","slug":"suspeita-de-matar-jovem-esfaqueada-em-franca-e-identificada-pela-policia-civil","status":"publish","type":"post","link":"https:\/\/verdadeon.com.br\/portal\/2022\/01\/22\/suspeita-de-matar-jovem-esfaqueada-em-franca-e-identificada-pela-policia-civil\/","title":{"rendered":"Suspeita de matar jovem esfaqueada em Franca \u00e9 identificada pela Pol\u00edcia Civil"},"content":{"rendered":"<h2>O crime foi registrado em dezembro de 2021, a v\u00edtima ficou um m\u00eas internada e n\u00e3o resistiu aos ferimentos<\/h2>\n<p>Foi identificada em Franca a autora da facada que matou a jovem Ma\u00edsa Barbosa da Silveira, de 20 anos. Ela segue foragida.\u00a0A v\u00edtima foi esfaqueada durante uma briga em dezembro do ano passado, na Vila S\u00e3o Sebasti\u00e3o. Ela ficou internada durante um m\u00eas na UTI da Santa Casa, mas n\u00e3o resistiu aos ferimentos e faleceu nesta semana.<\/p>\n<p>O namorado dela que presenciou o crime, foi ouvido nesta semana na sede da Delegacia de Investiga\u00e7\u00f5es Gerais (DIG), onde contou que a autora do crime \u00e9 ex-mulher do irm\u00e3o dele, mas afirmou n\u00e3o saber do paradeiro dela.<\/p>\n<p>Ma\u00edsa foi velada e enterrada no cemit\u00e9rio Santo Agostinho em Franca. O caso segue sendo investigado.<\/p>\n<p>Ainda no setor de investiga\u00e7\u00f5es, a Pol\u00edcia Civil procura o dono de um ve\u00edculo que bateu em um poste e ap\u00f3s fugiu no City Petr\u00f3polis, na zona norte da cidade.<\/p>\n<p>Testemunhas contaram que o condutor seguia em alta velocidade pela rua Jos\u00e9 Gianesella, quando perdeu o controle, atravessou a via e atingiu o poste. Por sorte ningu\u00e9m passava pelo local.<\/p>\n<p>Ele ainda tentou dar r\u00e9 e retirar o ve\u00edculo, mas como n\u00e3o conseguiu fugiu a p\u00e9. A suspeita \u00e9 a de que ele estivesse embriagado. O caso \u00e9 investigado.<\/p>\n<h4>Acidente<\/h4>\n<p>Ainda no setor policial uma mulher ficou gravemente ferida ap\u00f3s ser atropelada por uma motocicleta na avenida Miguel S\u00e1bio de Mello, na zona sul. De acordo com o boletim, a mulher atravessou na frente de um caminh\u00e3o, o condutor da moto n\u00e3o viu a v\u00edtima que acabou sendo atingida em cheio.<\/p>\n<p>Ela teve diversos ferimentos na cabe\u00e7a e pelo corpo, foi socorrida pelo Samu e ap\u00f3s levada para unidade de sa\u00fade. O dono da moto estava com a documenta\u00e7\u00e3o em dia, parou para prestar socorro, foi ouvido e ap\u00f3s liberado.<\/p>\n","protected":false},"excerpt":{"rendered":"<p>O crime foi registrado em dezembro de 2021, a v\u00edtima ficou um m\u00eas internada e n\u00e3o resistiu aos ferimentos Foi identificada em Franca a autora da<span class=\"excerpt-hellip\"> [\u2026]<\/span><\/p>\n","protected":false},"author":7,"featured_media":19520,"comment_status":"open","ping_status":"open","sticky":false,"template":"","format":"standard","meta":{"_jetpack_memberships_contains_paid_content":false,"footnotes":"","jetpack_publicize_message":"","jetpack_publicize_feature_enabled":true,"jetpack_social_post_already_shared":false,"jetpack_social_options":{"image_generator_settings":{"template":"highway","default_image_id":0,"enabled":false},"version":2}},"categories":[28,44],"tags":[],"class_list":["post-22548","post","type-post","status-publish","format-standard","has-post-thumbnail","hentry","category-cotidiano","category-noticias"],"yoast_head":"<!-- This site is optimized with the Yoast SEO plugin v25.6 - https:\/\/yoast.com\/wordpress\/plugins\/seo\/ -->\n<title>Suspeita de matar jovem esfaqueada em Franca \u00e9 identificada pela Pol\u00edcia Civil - VerdadeOn<\/title>\n<meta name=\"robots\" content=\"index, follow, max-snippet:-1, max-image-preview:large, max-video-preview:-1\" \/>\n<link rel=\"canonical\" href=\"https:\/\/verdadeon.com.br\/portal\/2022\/01\/22\/suspeita-de-matar-jovem-esfaqueada-em-franca-e-identificada-pela-policia-civil\/\" \/>\n<meta property=\"og:locale\" content=\"pt_BR\" \/>\n<meta property=\"og:type\" content=\"article\" \/>\n<meta property=\"og:title\" content=\"Suspeita de matar jovem esfaqueada em Franca \u00e9 identificada pela Pol\u00edcia Civil - VerdadeOn\" \/>\n<meta property=\"og:description\" content=\"O crime foi registrado em dezembro de 2021, a v\u00edtima ficou um m\u00eas internada e n\u00e3o resistiu aos ferimentos Foi identificada em Franca a autora da [\u2026]\" \/>\n<meta property=\"og:url\" content=\"https:\/\/verdadeon.com.br\/portal\/2022\/01\/22\/suspeita-de-matar-jovem-esfaqueada-em-franca-e-identificada-pela-policia-civil\/\" \/>\n<meta property=\"og:site_name\" content=\"VerdadeOn\" \/>\n<meta property=\"article:published_time\" content=\"2022-01-22T17:00:36+00:00\" \/>\n<meta property=\"og:image\" content=\"https:\/\/verdadeon.com.br\/portal\/wp-content\/uploads\/2021\/09\/DIG.jpg\" \/>\n\t<meta property=\"og:image:width\" content=\"1000\" \/>\n\t<meta property=\"og:image:height\" content=\"668\" \/>\n\t<meta property=\"og:image:type\" content=\"image\/jpeg\" \/>\n<meta name=\"author\" content=\"Fernando Lima\" \/>\n<meta name=\"twitter:card\" content=\"summary_large_image\" \/>\n<meta name=\"twitter:label1\" content=\"Escrito por\" \/>\n\t<meta name=\"twitter:data1\" content=\"Fernando Lima\" \/>\n\t<meta name=\"twitter:label2\" content=\"Est. tempo de leitura\" \/>\n\t<meta name=\"twitter:data2\" content=\"2 minutos\" \/>\n<script type=\"application\/ld+json\" class=\"yoast-schema-graph\">{\"@context\":\"https:\/\/schema.org\",\"@graph\":[{\"@type\":\"WebPage\",\"@id\":\"https:\/\/verdadeon.com.br\/portal\/2022\/01\/22\/suspeita-de-matar-jovem-esfaqueada-em-franca-e-identificada-pela-policia-civil\/\",\"url\":\"https:\/\/verdadeon.com.br\/portal\/2022\/01\/22\/suspeita-de-matar-jovem-esfaqueada-em-franca-e-identificada-pela-policia-civil\/\",\"name\":\"Suspeita de matar jovem esfaqueada em Franca \u00e9 identificada pela Pol\u00edcia Civil - VerdadeOn\",\"isPartOf\":{\"@id\":\"https:\/\/verdadeon.com.br\/portal\/#website\"},\"primaryImageOfPage\":{\"@id\":\"https:\/\/verdadeon.com.br\/portal\/2022\/01\/22\/suspeita-de-matar-jovem-esfaqueada-em-franca-e-identificada-pela-policia-civil\/#primaryimage\"},\"image\":{\"@id\":\"https:\/\/verdadeon.com.br\/portal\/2022\/01\/22\/suspeita-de-matar-jovem-esfaqueada-em-franca-e-identificada-pela-policia-civil\/#primaryimage\"},\"thumbnailUrl\":\"https:\/\/i0.wp.com\/verdadeon.com.br\/portal\/wp-content\/uploads\/2021\/09\/DIG.jpg?fit=1000%2C668&ssl=1\",\"datePublished\":\"2022-01-22T17:00:36+00:00\",\"author\":{\"@id\":\"https:\/\/verdadeon.com.br\/portal\/#\/schema\/person\/cc32be22b8e8599387c480bc83e1d11a\"},\"breadcrumb\":{\"@id\":\"https:\/\/verdadeon.com.br\/portal\/2022\/01\/22\/suspeita-de-matar-jovem-esfaqueada-em-franca-e-identificada-pela-policia-civil\/#breadcrumb\"},\"inLanguage\":\"pt-BR\",\"potentialAction\":[{\"@type\":\"ReadAction\",\"target\":[\"https:\/\/verdadeon.com.br\/portal\/2022\/01\/22\/suspeita-de-matar-jovem-esfaqueada-em-franca-e-identificada-pela-policia-civil\/\"]}]},{\"@type\":\"ImageObject\",\"inLanguage\":\"pt-BR\",\"@id\":\"https:\/\/verdadeon.com.br\/portal\/2022\/01\/22\/suspeita-de-matar-jovem-esfaqueada-em-franca-e-identificada-pela-policia-civil\/#primaryimage\",\"url\":\"https:\/\/i0.wp.com\/verdadeon.com.br\/portal\/wp-content\/uploads\/2021\/09\/DIG.jpg?fit=1000%2C668&ssl=1\",\"contentUrl\":\"https:\/\/i0.wp.com\/verdadeon.com.br\/portal\/wp-content\/uploads\/2021\/09\/DIG.jpg?fit=1000%2C668&ssl=1\",\"width\":1000,\"height\":668,\"caption\":\"O autor do crime se apresentou nesta quinta-feira na DIG, onde foi ouvido e liberado | Foto: Jornal Verdade\"},{\"@type\":\"BreadcrumbList\",\"@id\":\"https:\/\/verdadeon.com.br\/portal\/2022\/01\/22\/suspeita-de-matar-jovem-esfaqueada-em-franca-e-identificada-pela-policia-civil\/#breadcrumb\",\"itemListElement\":[{\"@type\":\"ListItem\",\"position\":1,\"name\":\"In\u00edcio\",\"item\":\"https:\/\/verdadeon.com.br\/portal\/\"},{\"@type\":\"ListItem\",\"position\":2,\"name\":\"Suspeita de matar jovem esfaqueada em Franca \u00e9 identificada pela Pol\u00edcia Civil\"}]},{\"@type\":\"WebSite\",\"@id\":\"https:\/\/verdadeon.com.br\/portal\/#website\",\"url\":\"https:\/\/verdadeon.com.br\/portal\/\",\"name\":\"VerdadeOn\",\"description\":\"Not\u00edcias di\u00e1rias sobre Franca, Regi\u00e3o, Esporte, Cultura, Cotidiano, Colunas. Cobertura nos principais eventos da cidade \u00e9 aqui - Verdadeon Franca\",\"potentialAction\":[{\"@type\":\"SearchAction\",\"target\":{\"@type\":\"EntryPoint\",\"urlTemplate\":\"https:\/\/verdadeon.com.br\/portal\/?s={search_term_string}\"},\"query-input\":{\"@type\":\"PropertyValueSpecification\",\"valueRequired\":true,\"valueName\":\"search_term_string\"}}],\"inLanguage\":\"pt-BR\"},{\"@type\":\"Person\",\"@id\":\"https:\/\/verdadeon.com.br\/portal\/#\/schema\/person\/cc32be22b8e8599387c480bc83e1d11a\",\"name\":\"Fernando Lima\",\"image\":{\"@type\":\"ImageObject\",\"inLanguage\":\"pt-BR\",\"@id\":\"https:\/\/verdadeon.com.br\/portal\/#\/schema\/person\/image\/\",\"url\":\"https:\/\/secure.gravatar.com\/avatar\/df4c8e132080d2b3a4841d5d232045464e0eed11a1d6e43115ca0843d48768d3?s=96&d=mm&r=g\",\"contentUrl\":\"https:\/\/secure.gravatar.com\/avatar\/df4c8e132080d2b3a4841d5d232045464e0eed11a1d6e43115ca0843d48768d3?s=96&d=mm&r=g\",\"caption\":\"Fernando Lima\"},\"sameAs\":[\"http:\/\/verdadeon.com.br\/\"],\"url\":\"https:\/\/verdadeon.com.br\/portal\/author\/fernando-lima\/\"}]}<\/script>\n<!-- \/ Yoast SEO plugin. -->","yoast_head_json":{"title":"Suspeita de matar jovem esfaqueada em Franca \u00e9 identificada pela Pol\u00edcia Civil - VerdadeOn","robots":{"index":"index","follow":"follow","max-snippet":"max-snippet:-1","max-image-preview":"max-image-preview:large","max-video-preview":"max-video-preview:-1"},"canonical":"https:\/\/verdadeon.com.br\/portal\/2022\/01\/22\/suspeita-de-matar-jovem-esfaqueada-em-franca-e-identificada-pela-policia-civil\/","og_locale":"pt_BR","og_type":"article","og_title":"Suspeita de matar jovem esfaqueada em Franca \u00e9 identificada pela Pol\u00edcia Civil - VerdadeOn","og_description":"O crime foi registrado em dezembro de 2021, a v\u00edtima ficou um m\u00eas internada e n\u00e3o resistiu aos ferimentos Foi identificada em Franca a autora da [\u2026]","og_url":"https:\/\/verdadeon.com.br\/portal\/2022\/01\/22\/suspeita-de-matar-jovem-esfaqueada-em-franca-e-identificada-pela-policia-civil\/","og_site_name":"VerdadeOn","article_published_time":"2022-01-22T17:00:36+00:00","og_image":[{"width":1000,"height":668,"url":"https:\/\/verdadeon.com.br\/portal\/wp-content\/uploads\/2021\/09\/DIG.jpg","type":"image\/jpeg"}],"author":"Fernando Lima","twitter_card":"summary_large_image","twitter_misc":{"Escrito por":"Fernando Lima","Est. tempo de leitura":"2 minutos"},"schema":{"@context":"https:\/\/schema.org","@graph":[{"@type":"WebPage","@id":"https:\/\/verdadeon.com.br\/portal\/2022\/01\/22\/suspeita-de-matar-jovem-esfaqueada-em-franca-e-identificada-pela-policia-civil\/","url":"https:\/\/verdadeon.com.br\/portal\/2022\/01\/22\/suspeita-de-matar-jovem-esfaqueada-em-franca-e-identificada-pela-policia-civil\/","name":"Suspeita de matar jovem esfaqueada em Franca \u00e9 identificada pela Pol\u00edcia Civil - VerdadeOn","isPartOf":{"@id":"https:\/\/verdadeon.com.br\/portal\/#website"},"primaryImageOfPage":{"@id":"https:\/\/verdadeon.com.br\/portal\/2022\/01\/22\/suspeita-de-matar-jovem-esfaqueada-em-franca-e-identificada-pela-policia-civil\/#primaryimage"},"image":{"@id":"https:\/\/verdadeon.com.br\/portal\/2022\/01\/22\/suspeita-de-matar-jovem-esfaqueada-em-franca-e-identificada-pela-policia-civil\/#primaryimage"},"thumbnailUrl":"https:\/\/i0.wp.com\/verdadeon.com.br\/portal\/wp-content\/uploads\/2021\/09\/DIG.jpg?fit=1000%2C668&ssl=1","datePublished":"2022-01-22T17:00:36+00:00","author":{"@id":"https:\/\/verdadeon.com.br\/portal\/#\/schema\/person\/cc32be22b8e8599387c480bc83e1d11a"},"breadcrumb":{"@id":"https:\/\/verdadeon.com.br\/portal\/2022\/01\/22\/suspeita-de-matar-jovem-esfaqueada-em-franca-e-identificada-pela-policia-civil\/#breadcrumb"},"inLanguage":"pt-BR","potentialAction":[{"@type":"ReadAction","target":["https:\/\/verdadeon.com.br\/portal\/2022\/01\/22\/suspeita-de-matar-jovem-esfaqueada-em-franca-e-identificada-pela-policia-civil\/"]}]},{"@type":"ImageObject","inLanguage":"pt-BR","@id":"https:\/\/verdadeon.com.br\/portal\/2022\/01\/22\/suspeita-de-matar-jovem-esfaqueada-em-franca-e-identificada-pela-policia-civil\/#primaryimage","url":"https:\/\/i0.wp.com\/verdadeon.com.br\/portal\/wp-content\/uploads\/2021\/09\/DIG.jpg?fit=1000%2C668&ssl=1","contentUrl":"https:\/\/i0.wp.com\/verdadeon.com.br\/portal\/wp-content\/uploads\/2021\/09\/DIG.jpg?fit=1000%2C668&ssl=1","width":1000,"height":668,"caption":"O autor do crime se apresentou nesta quinta-feira na DIG, onde foi ouvido e liberado | Foto: Jornal Verdade"},{"@type":"BreadcrumbList","@id":"https:\/\/verdadeon.com.br\/portal\/2022\/01\/22\/suspeita-de-matar-jovem-esfaqueada-em-franca-e-identificada-pela-policia-civil\/#breadcrumb","itemListElement":[{"@type":"ListItem","position":1,"name":"In\u00edcio","item":"https:\/\/verdadeon.com.br\/portal\/"},{"@type":"ListItem","position":2,"name":"Suspeita de matar jovem esfaqueada em Franca \u00e9 identificada pela Pol\u00edcia Civil"}]},{"@type":"WebSite","@id":"https:\/\/verdadeon.com.br\/portal\/#website","url":"https:\/\/verdadeon.com.br\/portal\/","name":"VerdadeOn","description":"Not\u00edcias di\u00e1rias sobre Franca, Regi\u00e3o, Esporte, Cultura, Cotidiano, Colunas. Cobertura nos principais eventos da cidade \u00e9 aqui - Verdadeon Franca","potentialAction":[{"@type":"SearchAction","target":{"@type":"EntryPoint","urlTemplate":"https:\/\/verdadeon.com.br\/portal\/?s={search_term_string}"},"query-input":{"@type":"PropertyValueSpecification","valueRequired":true,"valueName":"search_term_string"}}],"inLanguage":"pt-BR"},{"@type":"Person","@id":"https:\/\/verdadeon.com.br\/portal\/#\/schema\/person\/cc32be22b8e8599387c480bc83e1d11a","name":"Fernando Lima","image":{"@type":"ImageObject","inLanguage":"pt-BR","@id":"https:\/\/verdadeon.com.br\/portal\/#\/schema\/person\/image\/","url":"https:\/\/secure.gravatar.com\/avatar\/df4c8e132080d2b3a4841d5d232045464e0eed11a1d6e43115ca0843d48768d3?s=96&d=mm&r=g","contentUrl":"https:\/\/secure.gravatar.com\/avatar\/df4c8e132080d2b3a4841d5d232045464e0eed11a1d6e43115ca0843d48768d3?s=96&d=mm&r=g","caption":"Fernando Lima"},"sameAs":["http:\/\/verdadeon.com.br\/"],"url":"https:\/\/verdadeon.com.br\/portal\/author\/fernando-lima\/"}]}},"jetpack_publicize_connections":[],"jetpack_featured_media_url":"https:\/\/i0.wp.com\/verdadeon.com.br\/portal\/wp-content\/uploads\/2021\/09\/DIG.jpg?fit=1000%2C668&ssl=1","jetpack_sharing_enabled":true,"_links":{"self":[{"href":"https:\/\/verdadeon.com.br\/portal\/wp-json\/wp\/v2\/posts\/22548","targetHints":{"allow":["GET"]}}],"collection":[{"href":"https:\/\/verdadeon.com.br\/portal\/wp-json\/wp\/v2\/posts"}],"about":[{"href":"https:\/\/verdadeon.com.br\/portal\/wp-json\/wp\/v2\/types\/post"}],"author":[{"embeddable":true,"href":"https:\/\/verdadeon.com.br\/portal\/wp-json\/wp\/v2\/users\/7"}],"replies":[{"embeddable":true,"href":"https:\/\/verdadeon.com.br\/portal\/wp-json\/wp\/v2\/comments?post=22548"}],"version-history":[{"count":1,"href":"https:\/\/verdadeon.com.br\/portal\/wp-json\/wp\/v2\/posts\/22548\/revisions"}],"predecessor-version":[{"id":22549,"href":"https:\/\/verdadeon.com.br\/portal\/wp-json\/wp\/v2\/posts\/22548\/revisions\/22549"}],"wp:featuredmedia":[{"embeddable":true,"href":"https:\/\/verdadeon.com.br\/portal\/wp-json\/wp\/v2\/media\/19520"}],"wp:attachment":[{"href":"https:\/\/verdadeon.com.br\/portal\/wp-json\/wp\/v2\/media?parent=22548"}],"wp:term":[{"taxonomy":"category","embeddable":true,"href":"https:\/\/verdadeon.com.br\/portal\/wp-json\/wp\/v2\/categories?post=22548"},{"taxonomy":"post_tag","embeddable":true,"href":"https:\/\/verdadeon.com.br\/portal\/wp-json\/wp\/v2\/tags?post=22548"}],"curies":[{"name":"wp","href":"https:\/\/api.w.org\/{rel}","templated":true}]}}