{"id":22546,"date":"2022-01-22T13:00:20","date_gmt":"2022-01-22T16:00:20","guid":{"rendered":"https:\/\/verdadeon.com.br\/portal\/?p=22546"},"modified":"2022-01-22T10:57:21","modified_gmt":"2022-01-22T13:57:21","slug":"mais-de-80-da-populacao-de-sao-paulo-completa-ciclo-vacinal-contra-a-covid","status":"publish","type":"post","link":"https:\/\/verdadeon.com.br\/portal\/2022\/01\/22\/mais-de-80-da-populacao-de-sao-paulo-completa-ciclo-vacinal-contra-a-covid\/","title":{"rendered":"Mais de 80% da popula\u00e7\u00e3o de S\u00e3o Paulo completa ciclo vacinal contra a Covid"},"content":{"rendered":"<h2>Mais 90 milh\u00f5es de doses foram aplicadas; somente 3 pa\u00edses no mundo alcan\u00e7aram a mesma cobertura vacinal<\/h2>\n<p>O Estado de S\u00e3o Paulo ultrapassou a marca de 80,1% da popula\u00e7\u00e3o com esquema vacinal completo contra COVID-19. Mais de 90 milh\u00f5es de doses foram aplicadas neste \u00faltimo ano de campanha nos 645 munic\u00edpios do estado, se tornando o Estado que mais vacinou no Brasil, em n\u00fameros absolutos e percentualmente.<\/p>\n<p>Nesta semana foi ampliada a campanha de imuniza\u00e7\u00e3o para as crian\u00e7as com a distribui\u00e7\u00e3o de 4 milh\u00f5es de doses da Coronavac, liberada para uso no p\u00fablico infantil.<\/p>\n<p>O Vacin\u00f4metro chegou a marca de 90.000.069 doses aplicadas. Entre o total absoluto de vacinas at\u00e9 o momento, 38.532.929 milh\u00f5es s\u00e3o referentes \u00e0 primeira dose, 35.922.911 milh\u00f5es de segunda, 1.198.202 milh\u00e3o de dose \u00fanica e 14.346.027 dose adicional.\u00a0Somente tr\u00eas pa\u00edses no mundo, que tem a popula\u00e7\u00e3o igual ou maior do que SP, alcan\u00e7aram este \u00edndice de cobertura vacinal, sendo eles China, Espanha e Coreia do Sul.<\/p>\n<p>\u201cOs profissionais de sa\u00fade dos munic\u00edpios tem trabalhado intensamente para ampliar a cobertura vacinal e imunizar o quanto antes as crian\u00e7as de 5 a 11 anos. Fundamental que os pais levem seus filhos para se vacinar, pois as vacinas dispon\u00edveis s\u00e3o seguras e eficazes. Um alerta tamb\u00e9m para os jovens e adultos que ainda n\u00e3o tomaram a segunda dose para retornar aos postos de vacina\u00e7\u00e3o para completar o esquema vacinal\u201d, destacou a coordenadora do Plano Estadual de Imuniza\u00e7\u00e3o (PEI), Regiane de Paula.<\/p>\n<h4>Segunda dose e dose adicional<\/h4>\n<p>O Estado de S\u00e3o Paulo registrou queda de 5% no n\u00famero de faltosos da segunda dose da vacina contra Covid-19 em uma semana, e est\u00e1 convocando 2,3 milh\u00f5es de pessoas que ainda n\u00e3o tomaram a segunda dose da vacina de Covid-19 para que busquem os postos para se imunizar e, assim, concluir o esquema vacinal.<\/p>\n<p>O balan\u00e7o contabiliza 634,5 mil pessoas que ainda precisam completar o esquema vacinal com o imunizante do Butantan\/Coronavac, outras 602,6 mil da Fiocruz\/AstraZeneca\/Oxford e 1,1 milh\u00f5es da Pfizer\/BioNTech.<\/p>\n<p>Para completar o esquema vacinal contra Covid-19, s\u00e3o necess\u00e1rias duas doses para a vacina do Butantan (intervalo de 28 dias), da Fiocruz (8 semanas) e Pfizer (21 dias). Caso o prazo seja ultrapassado, \u00e9 fundamental que o cidad\u00e3o procure um posto assim que poss\u00edvel para orienta\u00e7\u00f5es e para completar a imuniza\u00e7\u00e3o. O esquema vacinal da Janssen prev\u00ea apenas uma dose.<\/p>\n<p>Com rela\u00e7\u00e3o a dose adicional, SP avan\u00e7ou com a vacina\u00e7\u00e3o e j\u00e1 aplicou mais de 14 milh\u00f5es de doses adicionais. Com o objetivo de obter o esquema vacinal completo de toda a popula\u00e7\u00e3o, o Estado reduziu o intervalo de 5 para 4 meses o intervalo de aplica\u00e7\u00e3o da dose adicional com base nas recomenda\u00e7\u00f5es do Comit\u00ea Cient\u00edfico e de estudos internacionais.<\/p>\n<h4>Vacina\u00e7\u00e3o de 5 a 11 anos<\/h4>\n<p>O Governo de S\u00e3o Paulo iniciou a imuniza\u00e7\u00e3o de menores de 12 anos no \u00faltimo dia 14 de janeiro, em evento no Instituto da Crian\u00e7a do Hospital das Cl\u00ednicas da Faculdade de Medicina da USP, na capital paulista. A expectativa \u00e9 vacinar 4,3 milh\u00f5es de crian\u00e7as de 5 a 11 anos com pelo menos uma dose em tr\u00eas semanas.<\/p>\n<p>Foi apresentado o calend\u00e1rio detalhado de vacina\u00e7\u00e3o infantil contra a Covid-19. At\u00e9 o dia 10 de fevereiro, 850 mil crian\u00e7as com comorbidades e defici\u00eancias, al\u00e9m de ind\u00edgenas e quilombolas de 5 a 11 anos podem tomar a primeira dose.<\/p>\n<p>Paralelamente, as Prefeituras tamb\u00e9m poder\u00e3o imunizar outras 3,4 milh\u00f5es de crian\u00e7as por faixa et\u00e1ria. De 20 a 30 de janeiro ser\u00e1 a vez das com idade entre 9 a 11 anos. Entre 31 de janeiro e 10 de fevereiro, a campanha vai priorizar aquelas de 5 a 8 anos. \u00c9 importante salientar que as crian\u00e7as de 5 anos s\u00f3 podem receber o imunizante da Pfizer, enquanto as demais poder\u00e3o ser protegidas pela Coronavac.<\/p>\n<p style=\"font-weight: 400;\">O cronograma completo da vacina\u00e7\u00e3o infantil est\u00e1 dispon\u00edvel no site\u00a0<a href=\"http:\/\/www.vacinaja.sp.gov.br\/\" data-saferedirecturl=\"https:\/\/www.google.com\/url?q=http:\/\/www.vacinaja.sp.gov.br&amp;source=gmail&amp;ust=1642938503664000&amp;usg=AOvVaw2rZVR8tlUwmeF0SfemtseK\">www.vacinaja.sp.gov.br<\/a>. A p\u00e1gina tamb\u00e9m oferece servi\u00e7o de pr\u00e9-cadastro para que pais e respons\u00e1veis agilizem o atendimento das crian\u00e7as em todo o estado.<\/p>\n","protected":false},"excerpt":{"rendered":"<p>Mais 90 milh\u00f5es de doses foram aplicadas; somente 3 pa\u00edses no mundo alcan\u00e7aram a mesma cobertura vacinal O Estado de S\u00e3o Paulo ultrapassou a marca de<span class=\"excerpt-hellip\"> [\u2026]<\/span><\/p>\n","protected":false},"author":7,"featured_media":22368,"comment_status":"open","ping_status":"open","sticky":false,"template":"","format":"standard","meta":{"_jetpack_memberships_contains_paid_content":false,"footnotes":"","jetpack_publicize_message":"","jetpack_publicize_feature_enabled":true,"jetpack_social_post_already_shared":false,"jetpack_social_options":{"image_generator_settings":{"template":"highway","default_image_id":0,"enabled":false},"version":2}},"categories":[28,44],"tags":[],"class_list":["post-22546","post","type-post","status-publish","format-standard","has-post-thumbnail","hentry","category-cotidiano","category-noticias"],"yoast_head":"<!-- This site is optimized with the Yoast SEO plugin v25.6 - https:\/\/yoast.com\/wordpress\/plugins\/seo\/ -->\n<title>Mais de 80% da popula\u00e7\u00e3o de S\u00e3o Paulo completa ciclo vacinal contra a Covid - VerdadeOn<\/title>\n<meta name=\"robots\" content=\"index, follow, max-snippet:-1, max-image-preview:large, max-video-preview:-1\" \/>\n<link rel=\"canonical\" href=\"https:\/\/verdadeon.com.br\/portal\/2022\/01\/22\/mais-de-80-da-populacao-de-sao-paulo-completa-ciclo-vacinal-contra-a-covid\/\" \/>\n<meta property=\"og:locale\" content=\"pt_BR\" \/>\n<meta property=\"og:type\" content=\"article\" \/>\n<meta property=\"og:title\" content=\"Mais de 80% da popula\u00e7\u00e3o de S\u00e3o Paulo completa ciclo vacinal contra a Covid - VerdadeOn\" \/>\n<meta property=\"og:description\" content=\"Mais 90 milh\u00f5es de doses foram aplicadas; somente 3 pa\u00edses no mundo alcan\u00e7aram a mesma cobertura vacinal O Estado de S\u00e3o Paulo ultrapassou a marca de [\u2026]\" \/>\n<meta property=\"og:url\" content=\"https:\/\/verdadeon.com.br\/portal\/2022\/01\/22\/mais-de-80-da-populacao-de-sao-paulo-completa-ciclo-vacinal-contra-a-covid\/\" \/>\n<meta property=\"og:site_name\" content=\"VerdadeOn\" \/>\n<meta property=\"article:published_time\" content=\"2022-01-22T16:00:20+00:00\" \/>\n<meta property=\"og:image\" content=\"https:\/\/verdadeon.com.br\/portal\/wp-content\/uploads\/2022\/01\/Vacinacao-infantil-1024x677.png\" \/>\n\t<meta property=\"og:image:width\" content=\"1024\" \/>\n\t<meta property=\"og:image:height\" content=\"677\" \/>\n\t<meta property=\"og:image:type\" content=\"image\/png\" \/>\n<meta name=\"author\" content=\"Fernando Lima\" \/>\n<meta name=\"twitter:card\" content=\"summary_large_image\" \/>\n<meta name=\"twitter:label1\" content=\"Escrito por\" \/>\n\t<meta name=\"twitter:data1\" content=\"Fernando Lima\" \/>\n\t<meta name=\"twitter:label2\" content=\"Est. tempo de leitura\" \/>\n\t<meta name=\"twitter:data2\" content=\"4 minutos\" \/>\n<script type=\"application\/ld+json\" class=\"yoast-schema-graph\">{\"@context\":\"https:\/\/schema.org\",\"@graph\":[{\"@type\":\"WebPage\",\"@id\":\"https:\/\/verdadeon.com.br\/portal\/2022\/01\/22\/mais-de-80-da-populacao-de-sao-paulo-completa-ciclo-vacinal-contra-a-covid\/\",\"url\":\"https:\/\/verdadeon.com.br\/portal\/2022\/01\/22\/mais-de-80-da-populacao-de-sao-paulo-completa-ciclo-vacinal-contra-a-covid\/\",\"name\":\"Mais de 80% da popula\u00e7\u00e3o de S\u00e3o Paulo completa ciclo vacinal contra a Covid - VerdadeOn\",\"isPartOf\":{\"@id\":\"https:\/\/verdadeon.com.br\/portal\/#website\"},\"primaryImageOfPage\":{\"@id\":\"https:\/\/verdadeon.com.br\/portal\/2022\/01\/22\/mais-de-80-da-populacao-de-sao-paulo-completa-ciclo-vacinal-contra-a-covid\/#primaryimage\"},\"image\":{\"@id\":\"https:\/\/verdadeon.com.br\/portal\/2022\/01\/22\/mais-de-80-da-populacao-de-sao-paulo-completa-ciclo-vacinal-contra-a-covid\/#primaryimage\"},\"thumbnailUrl\":\"https:\/\/i0.wp.com\/verdadeon.com.br\/portal\/wp-content\/uploads\/2022\/01\/Vacinacao-infantil.png?fit=2588%2C1712&ssl=1\",\"datePublished\":\"2022-01-22T16:00:20+00:00\",\"author\":{\"@id\":\"https:\/\/verdadeon.com.br\/portal\/#\/schema\/person\/cc32be22b8e8599387c480bc83e1d11a\"},\"breadcrumb\":{\"@id\":\"https:\/\/verdadeon.com.br\/portal\/2022\/01\/22\/mais-de-80-da-populacao-de-sao-paulo-completa-ciclo-vacinal-contra-a-covid\/#breadcrumb\"},\"inLanguage\":\"pt-BR\",\"potentialAction\":[{\"@type\":\"ReadAction\",\"target\":[\"https:\/\/verdadeon.com.br\/portal\/2022\/01\/22\/mais-de-80-da-populacao-de-sao-paulo-completa-ciclo-vacinal-contra-a-covid\/\"]}]},{\"@type\":\"ImageObject\",\"inLanguage\":\"pt-BR\",\"@id\":\"https:\/\/verdadeon.com.br\/portal\/2022\/01\/22\/mais-de-80-da-populacao-de-sao-paulo-completa-ciclo-vacinal-contra-a-covid\/#primaryimage\",\"url\":\"https:\/\/i0.wp.com\/verdadeon.com.br\/portal\/wp-content\/uploads\/2022\/01\/Vacinacao-infantil.png?fit=2588%2C1712&ssl=1\",\"contentUrl\":\"https:\/\/i0.wp.com\/verdadeon.com.br\/portal\/wp-content\/uploads\/2022\/01\/Vacinacao-infantil.png?fit=2588%2C1712&ssl=1\",\"width\":2588,\"height\":1712,\"caption\":\"Vacina\u00e7\u00e3o segue sendo a melhor arma contra a Covid-19| Foto: Divulga\u00e7\u00e3o\"},{\"@type\":\"BreadcrumbList\",\"@id\":\"https:\/\/verdadeon.com.br\/portal\/2022\/01\/22\/mais-de-80-da-populacao-de-sao-paulo-completa-ciclo-vacinal-contra-a-covid\/#breadcrumb\",\"itemListElement\":[{\"@type\":\"ListItem\",\"position\":1,\"name\":\"In\u00edcio\",\"item\":\"https:\/\/verdadeon.com.br\/portal\/\"},{\"@type\":\"ListItem\",\"position\":2,\"name\":\"Mais de 80% da popula\u00e7\u00e3o de S\u00e3o Paulo completa ciclo vacinal contra a Covid\"}]},{\"@type\":\"WebSite\",\"@id\":\"https:\/\/verdadeon.com.br\/portal\/#website\",\"url\":\"https:\/\/verdadeon.com.br\/portal\/\",\"name\":\"VerdadeOn\",\"description\":\"Not\u00edcias di\u00e1rias sobre Franca, Regi\u00e3o, Esporte, Cultura, Cotidiano, Colunas. Cobertura nos principais eventos da cidade \u00e9 aqui - Verdadeon Franca\",\"potentialAction\":[{\"@type\":\"SearchAction\",\"target\":{\"@type\":\"EntryPoint\",\"urlTemplate\":\"https:\/\/verdadeon.com.br\/portal\/?s={search_term_string}\"},\"query-input\":{\"@type\":\"PropertyValueSpecification\",\"valueRequired\":true,\"valueName\":\"search_term_string\"}}],\"inLanguage\":\"pt-BR\"},{\"@type\":\"Person\",\"@id\":\"https:\/\/verdadeon.com.br\/portal\/#\/schema\/person\/cc32be22b8e8599387c480bc83e1d11a\",\"name\":\"Fernando Lima\",\"image\":{\"@type\":\"ImageObject\",\"inLanguage\":\"pt-BR\",\"@id\":\"https:\/\/verdadeon.com.br\/portal\/#\/schema\/person\/image\/\",\"url\":\"https:\/\/secure.gravatar.com\/avatar\/df4c8e132080d2b3a4841d5d232045464e0eed11a1d6e43115ca0843d48768d3?s=96&d=mm&r=g\",\"contentUrl\":\"https:\/\/secure.gravatar.com\/avatar\/df4c8e132080d2b3a4841d5d232045464e0eed11a1d6e43115ca0843d48768d3?s=96&d=mm&r=g\",\"caption\":\"Fernando Lima\"},\"sameAs\":[\"http:\/\/verdadeon.com.br\/\"],\"url\":\"https:\/\/verdadeon.com.br\/portal\/author\/fernando-lima\/\"}]}<\/script>\n<!-- \/ Yoast SEO plugin. -->","yoast_head_json":{"title":"Mais de 80% da popula\u00e7\u00e3o de S\u00e3o Paulo completa ciclo vacinal contra a Covid - VerdadeOn","robots":{"index":"index","follow":"follow","max-snippet":"max-snippet:-1","max-image-preview":"max-image-preview:large","max-video-preview":"max-video-preview:-1"},"canonical":"https:\/\/verdadeon.com.br\/portal\/2022\/01\/22\/mais-de-80-da-populacao-de-sao-paulo-completa-ciclo-vacinal-contra-a-covid\/","og_locale":"pt_BR","og_type":"article","og_title":"Mais de 80% da popula\u00e7\u00e3o de S\u00e3o Paulo completa ciclo vacinal contra a Covid - VerdadeOn","og_description":"Mais 90 milh\u00f5es de doses foram aplicadas; somente 3 pa\u00edses no mundo alcan\u00e7aram a mesma cobertura vacinal O Estado de S\u00e3o Paulo ultrapassou a marca de [\u2026]","og_url":"https:\/\/verdadeon.com.br\/portal\/2022\/01\/22\/mais-de-80-da-populacao-de-sao-paulo-completa-ciclo-vacinal-contra-a-covid\/","og_site_name":"VerdadeOn","article_published_time":"2022-01-22T16:00:20+00:00","og_image":[{"width":1024,"height":677,"url":"https:\/\/verdadeon.com.br\/portal\/wp-content\/uploads\/2022\/01\/Vacinacao-infantil-1024x677.png","type":"image\/png"}],"author":"Fernando Lima","twitter_card":"summary_large_image","twitter_misc":{"Escrito por":"Fernando Lima","Est. tempo de leitura":"4 minutos"},"schema":{"@context":"https:\/\/schema.org","@graph":[{"@type":"WebPage","@id":"https:\/\/verdadeon.com.br\/portal\/2022\/01\/22\/mais-de-80-da-populacao-de-sao-paulo-completa-ciclo-vacinal-contra-a-covid\/","url":"https:\/\/verdadeon.com.br\/portal\/2022\/01\/22\/mais-de-80-da-populacao-de-sao-paulo-completa-ciclo-vacinal-contra-a-covid\/","name":"Mais de 80% da popula\u00e7\u00e3o de S\u00e3o Paulo completa ciclo vacinal contra a Covid - VerdadeOn","isPartOf":{"@id":"https:\/\/verdadeon.com.br\/portal\/#website"},"primaryImageOfPage":{"@id":"https:\/\/verdadeon.com.br\/portal\/2022\/01\/22\/mais-de-80-da-populacao-de-sao-paulo-completa-ciclo-vacinal-contra-a-covid\/#primaryimage"},"image":{"@id":"https:\/\/verdadeon.com.br\/portal\/2022\/01\/22\/mais-de-80-da-populacao-de-sao-paulo-completa-ciclo-vacinal-contra-a-covid\/#primaryimage"},"thumbnailUrl":"https:\/\/i0.wp.com\/verdadeon.com.br\/portal\/wp-content\/uploads\/2022\/01\/Vacinacao-infantil.png?fit=2588%2C1712&ssl=1","datePublished":"2022-01-22T16:00:20+00:00","author":{"@id":"https:\/\/verdadeon.com.br\/portal\/#\/schema\/person\/cc32be22b8e8599387c480bc83e1d11a"},"breadcrumb":{"@id":"https:\/\/verdadeon.com.br\/portal\/2022\/01\/22\/mais-de-80-da-populacao-de-sao-paulo-completa-ciclo-vacinal-contra-a-covid\/#breadcrumb"},"inLanguage":"pt-BR","potentialAction":[{"@type":"ReadAction","target":["https:\/\/verdadeon.com.br\/portal\/2022\/01\/22\/mais-de-80-da-populacao-de-sao-paulo-completa-ciclo-vacinal-contra-a-covid\/"]}]},{"@type":"ImageObject","inLanguage":"pt-BR","@id":"https:\/\/verdadeon.com.br\/portal\/2022\/01\/22\/mais-de-80-da-populacao-de-sao-paulo-completa-ciclo-vacinal-contra-a-covid\/#primaryimage","url":"https:\/\/i0.wp.com\/verdadeon.com.br\/portal\/wp-content\/uploads\/2022\/01\/Vacinacao-infantil.png?fit=2588%2C1712&ssl=1","contentUrl":"https:\/\/i0.wp.com\/verdadeon.com.br\/portal\/wp-content\/uploads\/2022\/01\/Vacinacao-infantil.png?fit=2588%2C1712&ssl=1","width":2588,"height":1712,"caption":"Vacina\u00e7\u00e3o segue sendo a melhor arma contra a Covid-19| Foto: Divulga\u00e7\u00e3o"},{"@type":"BreadcrumbList","@id":"https:\/\/verdadeon.com.br\/portal\/2022\/01\/22\/mais-de-80-da-populacao-de-sao-paulo-completa-ciclo-vacinal-contra-a-covid\/#breadcrumb","itemListElement":[{"@type":"ListItem","position":1,"name":"In\u00edcio","item":"https:\/\/verdadeon.com.br\/portal\/"},{"@type":"ListItem","position":2,"name":"Mais de 80% da popula\u00e7\u00e3o de S\u00e3o Paulo completa ciclo vacinal contra a Covid"}]},{"@type":"WebSite","@id":"https:\/\/verdadeon.com.br\/portal\/#website","url":"https:\/\/verdadeon.com.br\/portal\/","name":"VerdadeOn","description":"Not\u00edcias di\u00e1rias sobre Franca, Regi\u00e3o, Esporte, Cultura, Cotidiano, Colunas. Cobertura nos principais eventos da cidade \u00e9 aqui - Verdadeon Franca","potentialAction":[{"@type":"SearchAction","target":{"@type":"EntryPoint","urlTemplate":"https:\/\/verdadeon.com.br\/portal\/?s={search_term_string}"},"query-input":{"@type":"PropertyValueSpecification","valueRequired":true,"valueName":"search_term_string"}}],"inLanguage":"pt-BR"},{"@type":"Person","@id":"https:\/\/verdadeon.com.br\/portal\/#\/schema\/person\/cc32be22b8e8599387c480bc83e1d11a","name":"Fernando Lima","image":{"@type":"ImageObject","inLanguage":"pt-BR","@id":"https:\/\/verdadeon.com.br\/portal\/#\/schema\/person\/image\/","url":"https:\/\/secure.gravatar.com\/avatar\/df4c8e132080d2b3a4841d5d232045464e0eed11a1d6e43115ca0843d48768d3?s=96&d=mm&r=g","contentUrl":"https:\/\/secure.gravatar.com\/avatar\/df4c8e132080d2b3a4841d5d232045464e0eed11a1d6e43115ca0843d48768d3?s=96&d=mm&r=g","caption":"Fernando Lima"},"sameAs":["http:\/\/verdadeon.com.br\/"],"url":"https:\/\/verdadeon.com.br\/portal\/author\/fernando-lima\/"}]}},"jetpack_publicize_connections":[],"jetpack_featured_media_url":"https:\/\/i0.wp.com\/verdadeon.com.br\/portal\/wp-content\/uploads\/2022\/01\/Vacinacao-infantil.png?fit=2588%2C1712&ssl=1","jetpack_sharing_enabled":true,"_links":{"self":[{"href":"https:\/\/verdadeon.com.br\/portal\/wp-json\/wp\/v2\/posts\/22546","targetHints":{"allow":["GET"]}}],"collection":[{"href":"https:\/\/verdadeon.com.br\/portal\/wp-json\/wp\/v2\/posts"}],"about":[{"href":"https:\/\/verdadeon.com.br\/portal\/wp-json\/wp\/v2\/types\/post"}],"author":[{"embeddable":true,"href":"https:\/\/verdadeon.com.br\/portal\/wp-json\/wp\/v2\/users\/7"}],"replies":[{"embeddable":true,"href":"https:\/\/verdadeon.com.br\/portal\/wp-json\/wp\/v2\/comments?post=22546"}],"version-history":[{"count":1,"href":"https:\/\/verdadeon.com.br\/portal\/wp-json\/wp\/v2\/posts\/22546\/revisions"}],"predecessor-version":[{"id":22547,"href":"https:\/\/verdadeon.com.br\/portal\/wp-json\/wp\/v2\/posts\/22546\/revisions\/22547"}],"wp:featuredmedia":[{"embeddable":true,"href":"https:\/\/verdadeon.com.br\/portal\/wp-json\/wp\/v2\/media\/22368"}],"wp:attachment":[{"href":"https:\/\/verdadeon.com.br\/portal\/wp-json\/wp\/v2\/media?parent=22546"}],"wp:term":[{"taxonomy":"category","embeddable":true,"href":"https:\/\/verdadeon.com.br\/portal\/wp-json\/wp\/v2\/categories?post=22546"},{"taxonomy":"post_tag","embeddable":true,"href":"https:\/\/verdadeon.com.br\/portal\/wp-json\/wp\/v2\/tags?post=22546"}],"curies":[{"name":"wp","href":"https:\/\/api.w.org\/{rel}","templated":true}]}}