{"id":22544,"date":"2022-01-22T10:39:46","date_gmt":"2022-01-22T13:39:46","guid":{"rendered":"https:\/\/verdadeon.com.br\/portal\/?p=22544"},"modified":"2022-01-22T10:39:46","modified_gmt":"2022-01-22T13:39:46","slug":"aeroporto-de-franca-pode-deixar-de-receber-voos-ainda-este-ano","status":"publish","type":"post","link":"https:\/\/verdadeon.com.br\/portal\/2022\/01\/22\/aeroporto-de-franca-pode-deixar-de-receber-voos-ainda-este-ano\/","title":{"rendered":"Aeroporto de Franca pode deixar de receber voos ainda este ano"},"content":{"rendered":"<h2>Atualmente o aeroporto da cidade realiza apenas pousos e decolagens de aeronaves particulares<\/h2>\n<p>O Aeroporto Tenente Lund Pressoto em Franca, pode ser fechado ainda este ano, o an\u00fancio foi feito pela Ag\u00eancia Nacional de Avia\u00e7\u00e3o Civil (Anac), caso isso aconte\u00e7a nem mesmo os avi\u00f5es particulares, hoje as \u00fanicas demandas do aeroporto, poder\u00e3o pousar na cidade.<\/p>\n<p>O principal motivo para a decis\u00e3o foi por conta da falta de cumprimento de requisitos m\u00ednimos exigidos, como seguran\u00e7a da pista, cercas, estrutura, qualidade do asfalto, entre v\u00e1rios outros itens especificados no documento, que aguarda resposta do departamento Estadual.<\/p>\n<p>No ano passado o aeroporto de Franca foi leiloado em um pacote de vendas do estado, junto com Ribeir\u00e3o Preto por mais de R$ 14 milh\u00f5es, a partir deste ano a empresa vencedora do lote assume a administra\u00e7\u00e3o do mesmo. Os contratos t\u00eam dura\u00e7\u00e3o de 30 anos, e na \u00e9poca o governo do Estado informou que vai economizar at\u00e9 R$ 2 bilh\u00f5es ao repassar os mesmos para a iniciativa privada.<\/p>\n<div class=\"mc-column content-text active-extra-styles \" data-block-type=\"unstyled\" data-block-weight=\"28\" data-block-id=\"9\">\n<p class=\"content-text__container \" data-track-category=\"Link no Texto\" data-track-links=\"\">A empresa vencedora ter\u00e1 que revitalizar os espa\u00e7os do pr\u00e9dio e tamb\u00e9m da pista de voo, em troca da explora\u00e7\u00e3o das tarifas.<\/p>\n<\/div>\n<div class=\"mc-column content-text active-extra-styles \" data-block-type=\"unstyled\" data-block-weight=\"34\" data-block-id=\"10\"><\/div>\n<div class=\"mc-column content-text active-extra-styles \" data-block-type=\"unstyled\" data-block-weight=\"23\" data-block-id=\"11\">\n<p class=\"content-text__container \" data-track-category=\"Link no Texto\" data-track-links=\"\">Os pedidos de documenta\u00e7\u00e3o que comprovem os requisitos do aeroporto tiveram in\u00edcio ainda no ano passado, mas segundo a Anac, sem resposta por parte do aeroporto, o que implicou ent\u00e3o no poss\u00edvel encerramento das atividades.<\/p>\n<\/div>\n<p>O deputado federal Luiz Carlos Motta (PL), em um v\u00eddeo nas redes sociais alertou sobre o poss\u00edvel fechamento do aeroporto, o parlamentar est\u00e1 a frente da Federa\u00e7\u00e3o dos Comerci\u00e1rios do Estado de S\u00e3o Paulo, e destacou que o mesmo tem fundamental import\u00e2ncia no desenvolvimento de Franca, que \u00e9 um polo de gera\u00e7\u00e3o de empregos para a regi\u00e3o.<\/p>\n","protected":false},"excerpt":{"rendered":"<p>Atualmente o aeroporto da cidade realiza apenas pousos e decolagens de aeronaves particulares O Aeroporto Tenente Lund Pressoto em Franca, pode ser fechado ainda este ano,<span class=\"excerpt-hellip\"> [\u2026]<\/span><\/p>\n","protected":false},"author":7,"featured_media":3151,"comment_status":"open","ping_status":"open","sticky":false,"template":"","format":"standard","meta":{"_jetpack_memberships_contains_paid_content":false,"footnotes":"","jetpack_publicize_message":"","jetpack_publicize_feature_enabled":true,"jetpack_social_post_already_shared":false,"jetpack_social_options":{"image_generator_settings":{"template":"highway","default_image_id":0,"enabled":false},"version":2}},"categories":[28,81],"tags":[],"class_list":["post-22544","post","type-post","status-publish","format-standard","has-post-thumbnail","hentry","category-cotidiano","category-manchete"],"yoast_head":"<!-- This site is optimized with the Yoast SEO plugin v25.6 - https:\/\/yoast.com\/wordpress\/plugins\/seo\/ -->\n<title>Aeroporto de Franca pode deixar de receber voos ainda este ano - VerdadeOn<\/title>\n<meta name=\"robots\" content=\"index, follow, max-snippet:-1, max-image-preview:large, max-video-preview:-1\" \/>\n<link rel=\"canonical\" href=\"https:\/\/verdadeon.com.br\/portal\/2022\/01\/22\/aeroporto-de-franca-pode-deixar-de-receber-voos-ainda-este-ano\/\" \/>\n<meta property=\"og:locale\" content=\"pt_BR\" \/>\n<meta property=\"og:type\" content=\"article\" \/>\n<meta property=\"og:title\" content=\"Aeroporto de Franca pode deixar de receber voos ainda este ano - VerdadeOn\" \/>\n<meta property=\"og:description\" content=\"Atualmente o aeroporto da cidade realiza apenas pousos e decolagens de aeronaves particulares O Aeroporto Tenente Lund Pressoto em Franca, pode ser fechado ainda este ano, [\u2026]\" \/>\n<meta property=\"og:url\" content=\"https:\/\/verdadeon.com.br\/portal\/2022\/01\/22\/aeroporto-de-franca-pode-deixar-de-receber-voos-ainda-este-ano\/\" \/>\n<meta property=\"og:site_name\" content=\"VerdadeOn\" \/>\n<meta property=\"article:published_time\" content=\"2022-01-22T13:39:46+00:00\" \/>\n<meta property=\"og:image\" content=\"https:\/\/verdadeon.com.br\/portal\/wp-content\/uploads\/2020\/02\/Aeroporto-primeiro-voo-para-Franca-foto-Lindomar-Cailton-2.jpg\" \/>\n\t<meta property=\"og:image:width\" content=\"1000\" \/>\n\t<meta property=\"og:image:height\" content=\"668\" \/>\n\t<meta property=\"og:image:type\" content=\"image\/jpeg\" \/>\n<meta name=\"author\" content=\"Fernando Lima\" \/>\n<meta name=\"twitter:card\" content=\"summary_large_image\" \/>\n<meta name=\"twitter:label1\" content=\"Escrito por\" \/>\n\t<meta name=\"twitter:data1\" content=\"Fernando Lima\" \/>\n\t<meta name=\"twitter:label2\" content=\"Est. tempo de leitura\" \/>\n\t<meta name=\"twitter:data2\" content=\"2 minutos\" \/>\n<script type=\"application\/ld+json\" class=\"yoast-schema-graph\">{\"@context\":\"https:\/\/schema.org\",\"@graph\":[{\"@type\":\"WebPage\",\"@id\":\"https:\/\/verdadeon.com.br\/portal\/2022\/01\/22\/aeroporto-de-franca-pode-deixar-de-receber-voos-ainda-este-ano\/\",\"url\":\"https:\/\/verdadeon.com.br\/portal\/2022\/01\/22\/aeroporto-de-franca-pode-deixar-de-receber-voos-ainda-este-ano\/\",\"name\":\"Aeroporto de Franca pode deixar de receber voos ainda este ano - VerdadeOn\",\"isPartOf\":{\"@id\":\"https:\/\/verdadeon.com.br\/portal\/#website\"},\"primaryImageOfPage\":{\"@id\":\"https:\/\/verdadeon.com.br\/portal\/2022\/01\/22\/aeroporto-de-franca-pode-deixar-de-receber-voos-ainda-este-ano\/#primaryimage\"},\"image\":{\"@id\":\"https:\/\/verdadeon.com.br\/portal\/2022\/01\/22\/aeroporto-de-franca-pode-deixar-de-receber-voos-ainda-este-ano\/#primaryimage\"},\"thumbnailUrl\":\"https:\/\/i0.wp.com\/verdadeon.com.br\/portal\/wp-content\/uploads\/2020\/02\/Aeroporto-primeiro-voo-para-Franca-foto-Lindomar-Cailton-2.jpg?fit=1000%2C668&ssl=1\",\"datePublished\":\"2022-01-22T13:39:46+00:00\",\"author\":{\"@id\":\"https:\/\/verdadeon.com.br\/portal\/#\/schema\/person\/cc32be22b8e8599387c480bc83e1d11a\"},\"breadcrumb\":{\"@id\":\"https:\/\/verdadeon.com.br\/portal\/2022\/01\/22\/aeroporto-de-franca-pode-deixar-de-receber-voos-ainda-este-ano\/#breadcrumb\"},\"inLanguage\":\"pt-BR\",\"potentialAction\":[{\"@type\":\"ReadAction\",\"target\":[\"https:\/\/verdadeon.com.br\/portal\/2022\/01\/22\/aeroporto-de-franca-pode-deixar-de-receber-voos-ainda-este-ano\/\"]}]},{\"@type\":\"ImageObject\",\"inLanguage\":\"pt-BR\",\"@id\":\"https:\/\/verdadeon.com.br\/portal\/2022\/01\/22\/aeroporto-de-franca-pode-deixar-de-receber-voos-ainda-este-ano\/#primaryimage\",\"url\":\"https:\/\/i0.wp.com\/verdadeon.com.br\/portal\/wp-content\/uploads\/2020\/02\/Aeroporto-primeiro-voo-para-Franca-foto-Lindomar-Cailton-2.jpg?fit=1000%2C668&ssl=1\",\"contentUrl\":\"https:\/\/i0.wp.com\/verdadeon.com.br\/portal\/wp-content\/uploads\/2020\/02\/Aeroporto-primeiro-voo-para-Franca-foto-Lindomar-Cailton-2.jpg?fit=1000%2C668&ssl=1\",\"width\":1000,\"height\":668,\"caption\":\"Aeroporto de Franca foi vendido em pacote de leil\u00e3o no ano passado, nova administra\u00e7\u00e3o deve assumir em 2022 | Foto: Jornal Verdade\"},{\"@type\":\"BreadcrumbList\",\"@id\":\"https:\/\/verdadeon.com.br\/portal\/2022\/01\/22\/aeroporto-de-franca-pode-deixar-de-receber-voos-ainda-este-ano\/#breadcrumb\",\"itemListElement\":[{\"@type\":\"ListItem\",\"position\":1,\"name\":\"In\u00edcio\",\"item\":\"https:\/\/verdadeon.com.br\/portal\/\"},{\"@type\":\"ListItem\",\"position\":2,\"name\":\"Aeroporto de Franca pode deixar de receber voos ainda este ano\"}]},{\"@type\":\"WebSite\",\"@id\":\"https:\/\/verdadeon.com.br\/portal\/#website\",\"url\":\"https:\/\/verdadeon.com.br\/portal\/\",\"name\":\"VerdadeOn\",\"description\":\"Not\u00edcias di\u00e1rias sobre Franca, Regi\u00e3o, Esporte, Cultura, Cotidiano, Colunas. Cobertura nos principais eventos da cidade \u00e9 aqui - Verdadeon Franca\",\"potentialAction\":[{\"@type\":\"SearchAction\",\"target\":{\"@type\":\"EntryPoint\",\"urlTemplate\":\"https:\/\/verdadeon.com.br\/portal\/?s={search_term_string}\"},\"query-input\":{\"@type\":\"PropertyValueSpecification\",\"valueRequired\":true,\"valueName\":\"search_term_string\"}}],\"inLanguage\":\"pt-BR\"},{\"@type\":\"Person\",\"@id\":\"https:\/\/verdadeon.com.br\/portal\/#\/schema\/person\/cc32be22b8e8599387c480bc83e1d11a\",\"name\":\"Fernando Lima\",\"image\":{\"@type\":\"ImageObject\",\"inLanguage\":\"pt-BR\",\"@id\":\"https:\/\/verdadeon.com.br\/portal\/#\/schema\/person\/image\/\",\"url\":\"https:\/\/secure.gravatar.com\/avatar\/df4c8e132080d2b3a4841d5d232045464e0eed11a1d6e43115ca0843d48768d3?s=96&d=mm&r=g\",\"contentUrl\":\"https:\/\/secure.gravatar.com\/avatar\/df4c8e132080d2b3a4841d5d232045464e0eed11a1d6e43115ca0843d48768d3?s=96&d=mm&r=g\",\"caption\":\"Fernando Lima\"},\"sameAs\":[\"http:\/\/verdadeon.com.br\/\"],\"url\":\"https:\/\/verdadeon.com.br\/portal\/author\/fernando-lima\/\"}]}<\/script>\n<!-- \/ Yoast SEO plugin. -->","yoast_head_json":{"title":"Aeroporto de Franca pode deixar de receber voos ainda este ano - VerdadeOn","robots":{"index":"index","follow":"follow","max-snippet":"max-snippet:-1","max-image-preview":"max-image-preview:large","max-video-preview":"max-video-preview:-1"},"canonical":"https:\/\/verdadeon.com.br\/portal\/2022\/01\/22\/aeroporto-de-franca-pode-deixar-de-receber-voos-ainda-este-ano\/","og_locale":"pt_BR","og_type":"article","og_title":"Aeroporto de Franca pode deixar de receber voos ainda este ano - VerdadeOn","og_description":"Atualmente o aeroporto da cidade realiza apenas pousos e decolagens de aeronaves particulares O Aeroporto Tenente Lund Pressoto em Franca, pode ser fechado ainda este ano, [\u2026]","og_url":"https:\/\/verdadeon.com.br\/portal\/2022\/01\/22\/aeroporto-de-franca-pode-deixar-de-receber-voos-ainda-este-ano\/","og_site_name":"VerdadeOn","article_published_time":"2022-01-22T13:39:46+00:00","og_image":[{"width":1000,"height":668,"url":"https:\/\/verdadeon.com.br\/portal\/wp-content\/uploads\/2020\/02\/Aeroporto-primeiro-voo-para-Franca-foto-Lindomar-Cailton-2.jpg","type":"image\/jpeg"}],"author":"Fernando Lima","twitter_card":"summary_large_image","twitter_misc":{"Escrito por":"Fernando Lima","Est. tempo de leitura":"2 minutos"},"schema":{"@context":"https:\/\/schema.org","@graph":[{"@type":"WebPage","@id":"https:\/\/verdadeon.com.br\/portal\/2022\/01\/22\/aeroporto-de-franca-pode-deixar-de-receber-voos-ainda-este-ano\/","url":"https:\/\/verdadeon.com.br\/portal\/2022\/01\/22\/aeroporto-de-franca-pode-deixar-de-receber-voos-ainda-este-ano\/","name":"Aeroporto de Franca pode deixar de receber voos ainda este ano - VerdadeOn","isPartOf":{"@id":"https:\/\/verdadeon.com.br\/portal\/#website"},"primaryImageOfPage":{"@id":"https:\/\/verdadeon.com.br\/portal\/2022\/01\/22\/aeroporto-de-franca-pode-deixar-de-receber-voos-ainda-este-ano\/#primaryimage"},"image":{"@id":"https:\/\/verdadeon.com.br\/portal\/2022\/01\/22\/aeroporto-de-franca-pode-deixar-de-receber-voos-ainda-este-ano\/#primaryimage"},"thumbnailUrl":"https:\/\/i0.wp.com\/verdadeon.com.br\/portal\/wp-content\/uploads\/2020\/02\/Aeroporto-primeiro-voo-para-Franca-foto-Lindomar-Cailton-2.jpg?fit=1000%2C668&ssl=1","datePublished":"2022-01-22T13:39:46+00:00","author":{"@id":"https:\/\/verdadeon.com.br\/portal\/#\/schema\/person\/cc32be22b8e8599387c480bc83e1d11a"},"breadcrumb":{"@id":"https:\/\/verdadeon.com.br\/portal\/2022\/01\/22\/aeroporto-de-franca-pode-deixar-de-receber-voos-ainda-este-ano\/#breadcrumb"},"inLanguage":"pt-BR","potentialAction":[{"@type":"ReadAction","target":["https:\/\/verdadeon.com.br\/portal\/2022\/01\/22\/aeroporto-de-franca-pode-deixar-de-receber-voos-ainda-este-ano\/"]}]},{"@type":"ImageObject","inLanguage":"pt-BR","@id":"https:\/\/verdadeon.com.br\/portal\/2022\/01\/22\/aeroporto-de-franca-pode-deixar-de-receber-voos-ainda-este-ano\/#primaryimage","url":"https:\/\/i0.wp.com\/verdadeon.com.br\/portal\/wp-content\/uploads\/2020\/02\/Aeroporto-primeiro-voo-para-Franca-foto-Lindomar-Cailton-2.jpg?fit=1000%2C668&ssl=1","contentUrl":"https:\/\/i0.wp.com\/verdadeon.com.br\/portal\/wp-content\/uploads\/2020\/02\/Aeroporto-primeiro-voo-para-Franca-foto-Lindomar-Cailton-2.jpg?fit=1000%2C668&ssl=1","width":1000,"height":668,"caption":"Aeroporto de Franca foi vendido em pacote de leil\u00e3o no ano passado, nova administra\u00e7\u00e3o deve assumir em 2022 | Foto: Jornal Verdade"},{"@type":"BreadcrumbList","@id":"https:\/\/verdadeon.com.br\/portal\/2022\/01\/22\/aeroporto-de-franca-pode-deixar-de-receber-voos-ainda-este-ano\/#breadcrumb","itemListElement":[{"@type":"ListItem","position":1,"name":"In\u00edcio","item":"https:\/\/verdadeon.com.br\/portal\/"},{"@type":"ListItem","position":2,"name":"Aeroporto de Franca pode deixar de receber voos ainda este ano"}]},{"@type":"WebSite","@id":"https:\/\/verdadeon.com.br\/portal\/#website","url":"https:\/\/verdadeon.com.br\/portal\/","name":"VerdadeOn","description":"Not\u00edcias di\u00e1rias sobre Franca, Regi\u00e3o, Esporte, Cultura, Cotidiano, Colunas. Cobertura nos principais eventos da cidade \u00e9 aqui - Verdadeon Franca","potentialAction":[{"@type":"SearchAction","target":{"@type":"EntryPoint","urlTemplate":"https:\/\/verdadeon.com.br\/portal\/?s={search_term_string}"},"query-input":{"@type":"PropertyValueSpecification","valueRequired":true,"valueName":"search_term_string"}}],"inLanguage":"pt-BR"},{"@type":"Person","@id":"https:\/\/verdadeon.com.br\/portal\/#\/schema\/person\/cc32be22b8e8599387c480bc83e1d11a","name":"Fernando Lima","image":{"@type":"ImageObject","inLanguage":"pt-BR","@id":"https:\/\/verdadeon.com.br\/portal\/#\/schema\/person\/image\/","url":"https:\/\/secure.gravatar.com\/avatar\/df4c8e132080d2b3a4841d5d232045464e0eed11a1d6e43115ca0843d48768d3?s=96&d=mm&r=g","contentUrl":"https:\/\/secure.gravatar.com\/avatar\/df4c8e132080d2b3a4841d5d232045464e0eed11a1d6e43115ca0843d48768d3?s=96&d=mm&r=g","caption":"Fernando Lima"},"sameAs":["http:\/\/verdadeon.com.br\/"],"url":"https:\/\/verdadeon.com.br\/portal\/author\/fernando-lima\/"}]}},"jetpack_publicize_connections":[],"jetpack_featured_media_url":"https:\/\/i0.wp.com\/verdadeon.com.br\/portal\/wp-content\/uploads\/2020\/02\/Aeroporto-primeiro-voo-para-Franca-foto-Lindomar-Cailton-2.jpg?fit=1000%2C668&ssl=1","jetpack_sharing_enabled":true,"_links":{"self":[{"href":"https:\/\/verdadeon.com.br\/portal\/wp-json\/wp\/v2\/posts\/22544","targetHints":{"allow":["GET"]}}],"collection":[{"href":"https:\/\/verdadeon.com.br\/portal\/wp-json\/wp\/v2\/posts"}],"about":[{"href":"https:\/\/verdadeon.com.br\/portal\/wp-json\/wp\/v2\/types\/post"}],"author":[{"embeddable":true,"href":"https:\/\/verdadeon.com.br\/portal\/wp-json\/wp\/v2\/users\/7"}],"replies":[{"embeddable":true,"href":"https:\/\/verdadeon.com.br\/portal\/wp-json\/wp\/v2\/comments?post=22544"}],"version-history":[{"count":1,"href":"https:\/\/verdadeon.com.br\/portal\/wp-json\/wp\/v2\/posts\/22544\/revisions"}],"predecessor-version":[{"id":22545,"href":"https:\/\/verdadeon.com.br\/portal\/wp-json\/wp\/v2\/posts\/22544\/revisions\/22545"}],"wp:featuredmedia":[{"embeddable":true,"href":"https:\/\/verdadeon.com.br\/portal\/wp-json\/wp\/v2\/media\/3151"}],"wp:attachment":[{"href":"https:\/\/verdadeon.com.br\/portal\/wp-json\/wp\/v2\/media?parent=22544"}],"wp:term":[{"taxonomy":"category","embeddable":true,"href":"https:\/\/verdadeon.com.br\/portal\/wp-json\/wp\/v2\/categories?post=22544"},{"taxonomy":"post_tag","embeddable":true,"href":"https:\/\/verdadeon.com.br\/portal\/wp-json\/wp\/v2\/tags?post=22544"}],"curies":[{"name":"wp","href":"https:\/\/api.w.org\/{rel}","templated":true}]}}